{"id":2667,"date":"2021-12-23T19:51:50","date_gmt":"2021-12-23T22:51:50","guid":{"rendered":"http:\/\/nativainfo.com\/?p=2667"},"modified":"2021-12-23T19:51:53","modified_gmt":"2021-12-23T22:51:53","slug":"messi-llego-a-rosario-para-celebrar-las-fiestas-de-fin-de-ano","status":"publish","type":"post","link":"https:\/\/nativainfo.com\/?p=2667","title":{"rendered":"Messi lleg\u00f3 a Rosario para celebrar las fiestas de fin de a\u00f1o"},"content":{"rendered":"\n<p>El capit\u00e1n del seleccionado argentino<strong>&nbsp;Lionel Messi&nbsp;<\/strong>lleg\u00f3 hoy a&nbsp;<strong>Rosario<\/strong>, su ciudad natal, para celebrar en familia la&nbsp;<strong>Navidad y el A\u00f1o Nuevo.<\/strong><\/p>\n\n\n\n<figure class=\"wp-block-image size-large\"><img fetchpriority=\"high\" decoding=\"async\" width=\"862\" height=\"485\" src=\"http:\/\/nativainfo.com\/wp-content\/uploads\/2021\/12\/imagen_2021-12-23_195135.png\" alt=\"\" class=\"wp-image-2669\" srcset=\"https:\/\/nativainfo.com\/wp-content\/uploads\/2021\/12\/imagen_2021-12-23_195135.png 862w, https:\/\/nativainfo.com\/wp-content\/uploads\/2021\/12\/imagen_2021-12-23_195135-300x169.png 300w, https:\/\/nativainfo.com\/wp-content\/uploads\/2021\/12\/imagen_2021-12-23_195135-768x432.png 768w, https:\/\/nativainfo.com\/wp-content\/uploads\/2021\/12\/imagen_2021-12-23_195135-622x350.png 622w, https:\/\/nativainfo.com\/wp-content\/uploads\/2021\/12\/imagen_2021-12-23_195135-150x84.png 150w\" sizes=\"(max-width: 862px) 100vw, 862px\" \/><\/figure>\n\n\n\n<p>La aeronave de su propiedad, modelo Gulfstream G600, aterriz\u00f3 a las 10.06 en el Aeropuerto Internacional Islas Malvinas, situado en la localidad santafesina de\u00a0<strong>Fisherton<\/strong>, procedente de\u00a0<strong>Par\u00eds<\/strong>.<\/p>\n\n\n\n<p>La esposa de&nbsp;<strong>Messi, Antonela Roccuzzo<\/strong>, y sus tres hijos&nbsp;<strong>Thiago, Mateo y Ciro llegaron a Rosario<\/strong>&nbsp;con anterioridad.<\/p>\n\n\n\n<p>El astro hab\u00eda estado por \u00faltima vez en su tierra natal en julio pasado, despu\u00e9s de la consagraci\u00f3n del seleccionado argentino en la<strong>&nbsp;Copa Am\u00e9rica<\/strong>. En aquella ocasi\u00f3n,&nbsp;<strong>Leo&nbsp;<\/strong>se reencontr\u00f3 con su familia un d\u00eda despu\u00e9s de la final ganada a&nbsp;<strong>Brasil&nbsp;<\/strong>(1-0) en el&nbsp;<strong>Maracan\u00e1&nbsp;<\/strong><strong>de&nbsp;<\/strong><strong>R\u00edo de Janeiro,<\/strong>&nbsp;pasaron unos d\u00edas juntos y luego partieron de vacaciones a&nbsp;<strong>Miami y Rep\u00fablica Dominicana.<\/strong><\/p>\n","protected":false},"excerpt":{"rendered":"<p>El capit\u00e1n del seleccionado argentino&nbsp;Lionel Messi&nbsp;lleg\u00f3 hoy a&nbsp;Rosario, su ciudad natal, para celebrar en familia la&nbsp;Navidad y el A\u00f1o Nuevo&#8230;. <a class=\"continue-reading-link\" href=\"https:\/\/nativainfo.com\/?p=2667\">Continue reading<\/a><\/p>\n","protected":false},"author":1,"featured_media":0,"comment_status":"open","ping_status":"open","sticky":false,"template":"","format":"standard","meta":{"rop_custom_images_group":[],"rop_custom_messages_group":[],"rop_publish_now":"initial","rop_publish_now_accounts":[],"rop_publish_now_history":[],"rop_publish_now_status":"pending","footnotes":"","jetpack_publicize_message":"","jetpack_publicize_feature_enabled":true,"jetpack_social_post_already_shared":false,"jetpack_social_options":{"image_generator_settings":{"template":"highway","default_image_id":0,"font":"","enabled":false},"version":2}},"categories":[8],"tags":[],"class_list":["post-2667","post","type-post","status-publish","format-standard","hentry","category-noticias"],"yoast_head":"<!-- This site is optimized with the Yoast SEO plugin v25.6 - https:\/\/yoast.com\/wordpress\/plugins\/seo\/ -->\n<title>Messi lleg\u00f3 a Rosario para celebrar las fiestas de fin de a\u00f1o - Nativa Info<\/title>\n<meta name=\"robots\" content=\"index, follow, max-snippet:-1, max-image-preview:large, max-video-preview:-1\" \/>\n<link rel=\"canonical\" href=\"https:\/\/nativainfo.com\/?p=2667\" \/>\n<meta property=\"og:locale\" content=\"es_ES\" \/>\n<meta property=\"og:type\" content=\"article\" \/>\n<meta property=\"og:title\" content=\"Messi lleg\u00f3 a Rosario para celebrar las fiestas de fin de a\u00f1o - Nativa Info\" \/>\n<meta property=\"og:description\" content=\"El capit\u00e1n del seleccionado argentino&nbsp;Lionel Messi&nbsp;lleg\u00f3 hoy a&nbsp;Rosario, su ciudad natal, para celebrar en familia la&nbsp;Navidad y el A\u00f1o Nuevo.... Continue reading\" \/>\n<meta property=\"og:url\" content=\"https:\/\/nativainfo.com\/?p=2667\" \/>\n<meta property=\"og:site_name\" content=\"Nativa Info\" \/>\n<meta property=\"article:publisher\" content=\"https:\/\/www.facebook.com\/profile.php?id=61578881597564\" \/>\n<meta property=\"article:published_time\" content=\"2021-12-23T22:51:50+00:00\" \/>\n<meta property=\"article:modified_time\" content=\"2021-12-23T22:51:53+00:00\" \/>\n<meta property=\"og:image\" content=\"http:\/\/nativainfo.com\/wp-content\/uploads\/2021\/12\/imagen_2021-12-23_195135.png\" \/>\n<meta name=\"author\" content=\"Nativa Info\" \/>\n<meta name=\"twitter:card\" content=\"summary_large_image\" \/>\n<meta name=\"twitter:label1\" content=\"Escrito por\" \/>\n\t<meta name=\"twitter:data1\" content=\"Nativa Info\" \/>\n\t<meta name=\"twitter:label2\" content=\"Tiempo de lectura\" \/>\n\t<meta name=\"twitter:data2\" content=\"1 minuto\" \/>\n<script type=\"application\/ld+json\" class=\"yoast-schema-graph\">{\"@context\":\"https:\/\/schema.org\",\"@graph\":[{\"@type\":\"Article\",\"@id\":\"https:\/\/nativainfo.com\/?p=2667#article\",\"isPartOf\":{\"@id\":\"https:\/\/nativainfo.com\/?p=2667\"},\"author\":{\"name\":\"Nativa Info\",\"@id\":\"https:\/\/nativainfo.com\/#\/schema\/person\/24893b64a9cd564ddb5d102d36eb4b5c\"},\"headline\":\"Messi lleg\u00f3 a Rosario para celebrar las fiestas de fin de a\u00f1o\",\"datePublished\":\"2021-12-23T22:51:50+00:00\",\"dateModified\":\"2021-12-23T22:51:53+00:00\",\"mainEntityOfPage\":{\"@id\":\"https:\/\/nativainfo.com\/?p=2667\"},\"wordCount\":178,\"commentCount\":0,\"publisher\":{\"@id\":\"https:\/\/nativainfo.com\/#organization\"},\"image\":{\"@id\":\"https:\/\/nativainfo.com\/?p=2667#primaryimage\"},\"thumbnailUrl\":\"http:\/\/nativainfo.com\/wp-content\/uploads\/2021\/12\/imagen_2021-12-23_195135.png\",\"articleSection\":[\"Noticias\"],\"inLanguage\":\"es-AR\",\"potentialAction\":[{\"@type\":\"CommentAction\",\"name\":\"Comment\",\"target\":[\"https:\/\/nativainfo.com\/?p=2667#respond\"]}]},{\"@type\":\"WebPage\",\"@id\":\"https:\/\/nativainfo.com\/?p=2667\",\"url\":\"https:\/\/nativainfo.com\/?p=2667\",\"name\":\"Messi lleg\u00f3 a Rosario para celebrar las fiestas de fin de a\u00f1o - Nativa Info\",\"isPartOf\":{\"@id\":\"https:\/\/nativainfo.com\/#website\"},\"primaryImageOfPage\":{\"@id\":\"https:\/\/nativainfo.com\/?p=2667#primaryimage\"},\"image\":{\"@id\":\"https:\/\/nativainfo.com\/?p=2667#primaryimage\"},\"thumbnailUrl\":\"http:\/\/nativainfo.com\/wp-content\/uploads\/2021\/12\/imagen_2021-12-23_195135.png\",\"datePublished\":\"2021-12-23T22:51:50+00:00\",\"dateModified\":\"2021-12-23T22:51:53+00:00\",\"breadcrumb\":{\"@id\":\"https:\/\/nativainfo.com\/?p=2667#breadcrumb\"},\"inLanguage\":\"es-AR\",\"potentialAction\":[{\"@type\":\"ReadAction\",\"target\":[\"https:\/\/nativainfo.com\/?p=2667\"]}]},{\"@type\":\"ImageObject\",\"inLanguage\":\"es-AR\",\"@id\":\"https:\/\/nativainfo.com\/?p=2667#primaryimage\",\"url\":\"https:\/\/nativainfo.com\/wp-content\/uploads\/2021\/12\/imagen_2021-12-23_195135.png\",\"contentUrl\":\"https:\/\/nativainfo.com\/wp-content\/uploads\/2021\/12\/imagen_2021-12-23_195135.png\",\"width\":862,\"height\":485},{\"@type\":\"BreadcrumbList\",\"@id\":\"https:\/\/nativainfo.com\/?p=2667#breadcrumb\",\"itemListElement\":[{\"@type\":\"ListItem\",\"position\":1,\"name\":\"Inicio\",\"item\":\"https:\/\/nativainfo.com\/\"},{\"@type\":\"ListItem\",\"position\":2,\"name\":\"Messi lleg\u00f3 a Rosario para celebrar las fiestas de fin de a\u00f1o\"}]},{\"@type\":\"WebSite\",\"@id\":\"https:\/\/nativainfo.com\/#website\",\"url\":\"https:\/\/nativainfo.com\/\",\"name\":\"Nativa Info\",\"description\":\"Diario Digital\",\"publisher\":{\"@id\":\"https:\/\/nativainfo.com\/#organization\"},\"potentialAction\":[{\"@type\":\"SearchAction\",\"target\":{\"@type\":\"EntryPoint\",\"urlTemplate\":\"https:\/\/nativainfo.com\/?s={search_term_string}\"},\"query-input\":{\"@type\":\"PropertyValueSpecification\",\"valueRequired\":true,\"valueName\":\"search_term_string\"}}],\"inLanguage\":\"es-AR\"},{\"@type\":\"Organization\",\"@id\":\"https:\/\/nativainfo.com\/#organization\",\"name\":\"Nativa Info\",\"url\":\"https:\/\/nativainfo.com\/\",\"logo\":{\"@type\":\"ImageObject\",\"inLanguage\":\"es-AR\",\"@id\":\"https:\/\/nativainfo.com\/#\/schema\/logo\/image\/\",\"url\":\"https:\/\/nativainfo.com\/wp-content\/uploads\/2025\/08\/LOGO-NATIVA-FACE.jpg\",\"contentUrl\":\"https:\/\/nativainfo.com\/wp-content\/uploads\/2025\/08\/LOGO-NATIVA-FACE.jpg\",\"width\":400,\"height\":400,\"caption\":\"Nativa Info\"},\"image\":{\"@id\":\"https:\/\/nativainfo.com\/#\/schema\/logo\/image\/\"},\"sameAs\":[\"https:\/\/www.facebook.com\/profile.php?id=61578881597564\"]},{\"@type\":\"Person\",\"@id\":\"https:\/\/nativainfo.com\/#\/schema\/person\/24893b64a9cd564ddb5d102d36eb4b5c\",\"name\":\"Nativa Info\",\"image\":{\"@type\":\"ImageObject\",\"inLanguage\":\"es-AR\",\"@id\":\"https:\/\/nativainfo.com\/#\/schema\/person\/image\/\",\"url\":\"https:\/\/secure.gravatar.com\/avatar\/016fa1cf068d85136d938e1507b9b619cb766e2565cbb1faa1e571762460c785?s=96&d=mm&r=g\",\"contentUrl\":\"https:\/\/secure.gravatar.com\/avatar\/016fa1cf068d85136d938e1507b9b619cb766e2565cbb1faa1e571762460c785?s=96&d=mm&r=g\",\"caption\":\"Nativa Info\"},\"sameAs\":[\"http:\/\/nativainfo.com\"],\"url\":\"https:\/\/nativainfo.com\/?author=1\"}]}<\/script>\n<!-- \/ Yoast SEO plugin. -->","yoast_head_json":{"title":"Messi lleg\u00f3 a Rosario para celebrar las fiestas de fin de a\u00f1o - Nativa Info","robots":{"index":"index","follow":"follow","max-snippet":"max-snippet:-1","max-image-preview":"max-image-preview:large","max-video-preview":"max-video-preview:-1"},"canonical":"https:\/\/nativainfo.com\/?p=2667","og_locale":"es_ES","og_type":"article","og_title":"Messi lleg\u00f3 a Rosario para celebrar las fiestas de fin de a\u00f1o - Nativa Info","og_description":"El capit\u00e1n del seleccionado argentino&nbsp;Lionel Messi&nbsp;lleg\u00f3 hoy a&nbsp;Rosario, su ciudad natal, para celebrar en familia la&nbsp;Navidad y el A\u00f1o Nuevo.... Continue reading","og_url":"https:\/\/nativainfo.com\/?p=2667","og_site_name":"Nativa Info","article_publisher":"https:\/\/www.facebook.com\/profile.php?id=61578881597564","article_published_time":"2021-12-23T22:51:50+00:00","article_modified_time":"2021-12-23T22:51:53+00:00","og_image":[{"url":"http:\/\/nativainfo.com\/wp-content\/uploads\/2021\/12\/imagen_2021-12-23_195135.png","type":"","width":"","height":""}],"author":"Nativa Info","twitter_card":"summary_large_image","twitter_misc":{"Escrito por":"Nativa Info","Tiempo de lectura":"1 minuto"},"schema":{"@context":"https:\/\/schema.org","@graph":[{"@type":"Article","@id":"https:\/\/nativainfo.com\/?p=2667#article","isPartOf":{"@id":"https:\/\/nativainfo.com\/?p=2667"},"author":{"name":"Nativa Info","@id":"https:\/\/nativainfo.com\/#\/schema\/person\/24893b64a9cd564ddb5d102d36eb4b5c"},"headline":"Messi lleg\u00f3 a Rosario para celebrar las fiestas de fin de a\u00f1o","datePublished":"2021-12-23T22:51:50+00:00","dateModified":"2021-12-23T22:51:53+00:00","mainEntityOfPage":{"@id":"https:\/\/nativainfo.com\/?p=2667"},"wordCount":178,"commentCount":0,"publisher":{"@id":"https:\/\/nativainfo.com\/#organization"},"image":{"@id":"https:\/\/nativainfo.com\/?p=2667#primaryimage"},"thumbnailUrl":"http:\/\/nativainfo.com\/wp-content\/uploads\/2021\/12\/imagen_2021-12-23_195135.png","articleSection":["Noticias"],"inLanguage":"es-AR","potentialAction":[{"@type":"CommentAction","name":"Comment","target":["https:\/\/nativainfo.com\/?p=2667#respond"]}]},{"@type":"WebPage","@id":"https:\/\/nativainfo.com\/?p=2667","url":"https:\/\/nativainfo.com\/?p=2667","name":"Messi lleg\u00f3 a Rosario para celebrar las fiestas de fin de a\u00f1o - Nativa Info","isPartOf":{"@id":"https:\/\/nativainfo.com\/#website"},"primaryImageOfPage":{"@id":"https:\/\/nativainfo.com\/?p=2667#primaryimage"},"image":{"@id":"https:\/\/nativainfo.com\/?p=2667#primaryimage"},"thumbnailUrl":"http:\/\/nativainfo.com\/wp-content\/uploads\/2021\/12\/imagen_2021-12-23_195135.png","datePublished":"2021-12-23T22:51:50+00:00","dateModified":"2021-12-23T22:51:53+00:00","breadcrumb":{"@id":"https:\/\/nativainfo.com\/?p=2667#breadcrumb"},"inLanguage":"es-AR","potentialAction":[{"@type":"ReadAction","target":["https:\/\/nativainfo.com\/?p=2667"]}]},{"@type":"ImageObject","inLanguage":"es-AR","@id":"https:\/\/nativainfo.com\/?p=2667#primaryimage","url":"https:\/\/nativainfo.com\/wp-content\/uploads\/2021\/12\/imagen_2021-12-23_195135.png","contentUrl":"https:\/\/nativainfo.com\/wp-content\/uploads\/2021\/12\/imagen_2021-12-23_195135.png","width":862,"height":485},{"@type":"BreadcrumbList","@id":"https:\/\/nativainfo.com\/?p=2667#breadcrumb","itemListElement":[{"@type":"ListItem","position":1,"name":"Inicio","item":"https:\/\/nativainfo.com\/"},{"@type":"ListItem","position":2,"name":"Messi lleg\u00f3 a Rosario para celebrar las fiestas de fin de a\u00f1o"}]},{"@type":"WebSite","@id":"https:\/\/nativainfo.com\/#website","url":"https:\/\/nativainfo.com\/","name":"Nativa Info","description":"Diario Digital","publisher":{"@id":"https:\/\/nativainfo.com\/#organization"},"potentialAction":[{"@type":"SearchAction","target":{"@type":"EntryPoint","urlTemplate":"https:\/\/nativainfo.com\/?s={search_term_string}"},"query-input":{"@type":"PropertyValueSpecification","valueRequired":true,"valueName":"search_term_string"}}],"inLanguage":"es-AR"},{"@type":"Organization","@id":"https:\/\/nativainfo.com\/#organization","name":"Nativa Info","url":"https:\/\/nativainfo.com\/","logo":{"@type":"ImageObject","inLanguage":"es-AR","@id":"https:\/\/nativainfo.com\/#\/schema\/logo\/image\/","url":"https:\/\/nativainfo.com\/wp-content\/uploads\/2025\/08\/LOGO-NATIVA-FACE.jpg","contentUrl":"https:\/\/nativainfo.com\/wp-content\/uploads\/2025\/08\/LOGO-NATIVA-FACE.jpg","width":400,"height":400,"caption":"Nativa Info"},"image":{"@id":"https:\/\/nativainfo.com\/#\/schema\/logo\/image\/"},"sameAs":["https:\/\/www.facebook.com\/profile.php?id=61578881597564"]},{"@type":"Person","@id":"https:\/\/nativainfo.com\/#\/schema\/person\/24893b64a9cd564ddb5d102d36eb4b5c","name":"Nativa Info","image":{"@type":"ImageObject","inLanguage":"es-AR","@id":"https:\/\/nativainfo.com\/#\/schema\/person\/image\/","url":"https:\/\/secure.gravatar.com\/avatar\/016fa1cf068d85136d938e1507b9b619cb766e2565cbb1faa1e571762460c785?s=96&d=mm&r=g","contentUrl":"https:\/\/secure.gravatar.com\/avatar\/016fa1cf068d85136d938e1507b9b619cb766e2565cbb1faa1e571762460c785?s=96&d=mm&r=g","caption":"Nativa Info"},"sameAs":["http:\/\/nativainfo.com"],"url":"https:\/\/nativainfo.com\/?author=1"}]}},"jetpack_publicize_connections":[],"_links":{"self":[{"href":"https:\/\/nativainfo.com\/index.php?rest_route=\/wp\/v2\/posts\/2667","targetHints":{"allow":["GET"]}}],"collection":[{"href":"https:\/\/nativainfo.com\/index.php?rest_route=\/wp\/v2\/posts"}],"about":[{"href":"https:\/\/nativainfo.com\/index.php?rest_route=\/wp\/v2\/types\/post"}],"author":[{"embeddable":true,"href":"https:\/\/nativainfo.com\/index.php?rest_route=\/wp\/v2\/users\/1"}],"replies":[{"embeddable":true,"href":"https:\/\/nativainfo.com\/index.php?rest_route=%2Fwp%2Fv2%2Fcomments&post=2667"}],"version-history":[{"count":2,"href":"https:\/\/nativainfo.com\/index.php?rest_route=\/wp\/v2\/posts\/2667\/revisions"}],"predecessor-version":[{"id":2677,"href":"https:\/\/nativainfo.com\/index.php?rest_route=\/wp\/v2\/posts\/2667\/revisions\/2677"}],"wp:attachment":[{"href":"https:\/\/nativainfo.com\/index.php?rest_route=%2Fwp%2Fv2%2Fmedia&parent=2667"}],"wp:term":[{"taxonomy":"category","embeddable":true,"href":"https:\/\/nativainfo.com\/index.php?rest_route=%2Fwp%2Fv2%2Fcategories&post=2667"},{"taxonomy":"post_tag","embeddable":true,"href":"https:\/\/nativainfo.com\/index.php?rest_route=%2Fwp%2Fv2%2Ftags&post=2667"}],"curies":[{"name":"wp","href":"https:\/\/api.w.org\/{rel}","templated":true}]}}