{"id":2650,"date":"2021-12-16T23:31:20","date_gmt":"2021-12-17T02:31:20","guid":{"rendered":"http:\/\/nativainfo.com\/?p=2650"},"modified":"2021-12-16T23:31:21","modified_gmt":"2021-12-17T02:31:21","slug":"mirolo-firmo-un-convenio-para-la-refaccion-integral-de-la-terminal-de-omnibus-de-la-banda","status":"publish","type":"post","link":"https:\/\/nativainfo.com\/?p=2650","title":{"rendered":"Mirolo firm\u00f3 un convenio para la refacci\u00f3n integral de la terminal de \u00f3mnibus de La Banda"},"content":{"rendered":"\n<figure class=\"wp-block-image size-large\"><img fetchpriority=\"high\" decoding=\"async\" width=\"1024\" height=\"768\" src=\"http:\/\/nativainfo.com\/wp-content\/uploads\/2021\/12\/imagen_2021-12-16_233101.png\" alt=\"\" class=\"wp-image-2653\" srcset=\"https:\/\/nativainfo.com\/wp-content\/uploads\/2021\/12\/imagen_2021-12-16_233101.png 1024w, https:\/\/nativainfo.com\/wp-content\/uploads\/2021\/12\/imagen_2021-12-16_233101-300x225.png 300w, https:\/\/nativainfo.com\/wp-content\/uploads\/2021\/12\/imagen_2021-12-16_233101-768x576.png 768w, https:\/\/nativainfo.com\/wp-content\/uploads\/2021\/12\/imagen_2021-12-16_233101-467x350.png 467w, https:\/\/nativainfo.com\/wp-content\/uploads\/2021\/12\/imagen_2021-12-16_233101-150x113.png 150w\" sizes=\"(max-width: 1024px) 100vw, 1024px\" \/><\/figure>\n\n\n\n<p>El intendente Pablo Mirolo mantuvo una importante reuni\u00f3n con el ministro de Trasporte, Alexis Guerrera, y el director de Desarrollo de Obras del Ministerio de Transporte, Francisco Echarren, donde firmaron un convenio para la refacci\u00f3n de la terminal de \u00f3mnibus de la ciudad de La Banda.<\/p>\n\n\n\n<p><br>El mejoramiento integral de la terminal de \u00f3mnibus se llevar\u00e1 adelante con la asistencia t\u00e9cnica y econ\u00f3mica del Ministerio de Transporte de la Naci\u00f3n y tiene como objetivo brindar mayor conectividad y mejorar el servicio a cada pasajero y pasajera que utiliza el transporte p\u00fablico.<br>La obra forma parte del Plan de Modernizaci\u00f3n del Transporte que impulsa el Gobierno Nacional e incluye una visi\u00f3n sustentable que genere nuevos puestos de trabajo, fomente el turismo y brinde mayor conectividad a todos los ciudadanos y ciudadanas de la regi\u00f3n.<br>El municipio de La Banda ser\u00e1 entonces el encargado de adjudicar y contratar la ejecuci\u00f3n del proyecto en los pr\u00f3ximos 90 d\u00edas. Por su parte, el Ministerio de Transporte de la Naci\u00f3n asistir\u00e1 econ\u00f3micamente con un monto de $101.671.346, a trav\u00e9s de la Direcci\u00f3n Nacional de Desarrollo de Obras de la cartera nacional.<\/p>\n\n\n\n<p>Fuente: <a href=\"http:\/\/exclusiva.com.ar\" data-type=\"URL\" data-id=\"exclusiva.com.ar\">exclusiva.com.ar<\/a><\/p>\n","protected":false},"excerpt":{"rendered":"<p>El intendente Pablo Mirolo mantuvo una importante reuni\u00f3n con el ministro de Trasporte, Alexis Guerrera, y el director de Desarrollo&#8230; <a class=\"continue-reading-link\" href=\"https:\/\/nativainfo.com\/?p=2650\">Continue reading<\/a><\/p>\n","protected":false},"author":1,"featured_media":0,"comment_status":"open","ping_status":"open","sticky":false,"template":"","format":"standard","meta":{"rop_custom_images_group":[],"rop_custom_messages_group":[],"rop_publish_now":"initial","rop_publish_now_accounts":[],"rop_publish_now_history":[],"rop_publish_now_status":"pending","footnotes":"","jetpack_publicize_message":"","jetpack_publicize_feature_enabled":true,"jetpack_social_post_already_shared":false,"jetpack_social_options":{"image_generator_settings":{"template":"highway","default_image_id":0,"font":"","enabled":false},"version":2}},"categories":[67,8],"tags":[],"class_list":["post-2650","post","type-post","status-publish","format-standard","hentry","category-la-banda","category-noticias"],"yoast_head":"<!-- This site is optimized with the Yoast SEO plugin v25.6 - https:\/\/yoast.com\/wordpress\/plugins\/seo\/ -->\n<title>Mirolo firm\u00f3 un convenio para la refacci\u00f3n integral de la terminal de \u00f3mnibus de La Banda - Nativa Info<\/title>\n<meta name=\"robots\" content=\"index, follow, max-snippet:-1, max-image-preview:large, max-video-preview:-1\" \/>\n<link rel=\"canonical\" href=\"https:\/\/nativainfo.com\/?p=2650\" \/>\n<meta property=\"og:locale\" content=\"es_ES\" \/>\n<meta property=\"og:type\" content=\"article\" \/>\n<meta property=\"og:title\" content=\"Mirolo firm\u00f3 un convenio para la refacci\u00f3n integral de la terminal de \u00f3mnibus de La Banda - Nativa Info\" \/>\n<meta property=\"og:description\" content=\"El intendente Pablo Mirolo mantuvo una importante reuni\u00f3n con el ministro de Trasporte, Alexis Guerrera, y el director de Desarrollo... Continue reading\" \/>\n<meta property=\"og:url\" content=\"https:\/\/nativainfo.com\/?p=2650\" \/>\n<meta property=\"og:site_name\" content=\"Nativa Info\" \/>\n<meta property=\"article:publisher\" content=\"https:\/\/www.facebook.com\/profile.php?id=61578881597564\" \/>\n<meta property=\"article:published_time\" content=\"2021-12-17T02:31:20+00:00\" \/>\n<meta property=\"article:modified_time\" content=\"2021-12-17T02:31:21+00:00\" \/>\n<meta property=\"og:image\" content=\"http:\/\/nativainfo.com\/wp-content\/uploads\/2021\/12\/imagen_2021-12-16_233101.png\" \/>\n<meta name=\"author\" content=\"Nativa Info\" \/>\n<meta name=\"twitter:card\" content=\"summary_large_image\" \/>\n<meta name=\"twitter:label1\" content=\"Escrito por\" \/>\n\t<meta name=\"twitter:data1\" content=\"Nativa Info\" \/>\n\t<meta name=\"twitter:label2\" content=\"Tiempo de lectura\" \/>\n\t<meta name=\"twitter:data2\" content=\"1 minuto\" \/>\n<script type=\"application\/ld+json\" class=\"yoast-schema-graph\">{\"@context\":\"https:\/\/schema.org\",\"@graph\":[{\"@type\":\"Article\",\"@id\":\"https:\/\/nativainfo.com\/?p=2650#article\",\"isPartOf\":{\"@id\":\"https:\/\/nativainfo.com\/?p=2650\"},\"author\":{\"name\":\"Nativa Info\",\"@id\":\"https:\/\/nativainfo.com\/#\/schema\/person\/24893b64a9cd564ddb5d102d36eb4b5c\"},\"headline\":\"Mirolo firm\u00f3 un convenio para la refacci\u00f3n integral de la terminal de \u00f3mnibus de La Banda\",\"datePublished\":\"2021-12-17T02:31:20+00:00\",\"dateModified\":\"2021-12-17T02:31:21+00:00\",\"mainEntityOfPage\":{\"@id\":\"https:\/\/nativainfo.com\/?p=2650\"},\"wordCount\":221,\"commentCount\":0,\"publisher\":{\"@id\":\"https:\/\/nativainfo.com\/#organization\"},\"image\":{\"@id\":\"https:\/\/nativainfo.com\/?p=2650#primaryimage\"},\"thumbnailUrl\":\"http:\/\/nativainfo.com\/wp-content\/uploads\/2021\/12\/imagen_2021-12-16_233101.png\",\"articleSection\":[\"La Banda\",\"Noticias\"],\"inLanguage\":\"es-AR\",\"potentialAction\":[{\"@type\":\"CommentAction\",\"name\":\"Comment\",\"target\":[\"https:\/\/nativainfo.com\/?p=2650#respond\"]}]},{\"@type\":\"WebPage\",\"@id\":\"https:\/\/nativainfo.com\/?p=2650\",\"url\":\"https:\/\/nativainfo.com\/?p=2650\",\"name\":\"Mirolo firm\u00f3 un convenio para la refacci\u00f3n integral de la terminal de \u00f3mnibus de La Banda - Nativa Info\",\"isPartOf\":{\"@id\":\"https:\/\/nativainfo.com\/#website\"},\"primaryImageOfPage\":{\"@id\":\"https:\/\/nativainfo.com\/?p=2650#primaryimage\"},\"image\":{\"@id\":\"https:\/\/nativainfo.com\/?p=2650#primaryimage\"},\"thumbnailUrl\":\"http:\/\/nativainfo.com\/wp-content\/uploads\/2021\/12\/imagen_2021-12-16_233101.png\",\"datePublished\":\"2021-12-17T02:31:20+00:00\",\"dateModified\":\"2021-12-17T02:31:21+00:00\",\"breadcrumb\":{\"@id\":\"https:\/\/nativainfo.com\/?p=2650#breadcrumb\"},\"inLanguage\":\"es-AR\",\"potentialAction\":[{\"@type\":\"ReadAction\",\"target\":[\"https:\/\/nativainfo.com\/?p=2650\"]}]},{\"@type\":\"ImageObject\",\"inLanguage\":\"es-AR\",\"@id\":\"https:\/\/nativainfo.com\/?p=2650#primaryimage\",\"url\":\"https:\/\/nativainfo.com\/wp-content\/uploads\/2021\/12\/imagen_2021-12-16_233101.png\",\"contentUrl\":\"https:\/\/nativainfo.com\/wp-content\/uploads\/2021\/12\/imagen_2021-12-16_233101.png\",\"width\":1024,\"height\":768},{\"@type\":\"BreadcrumbList\",\"@id\":\"https:\/\/nativainfo.com\/?p=2650#breadcrumb\",\"itemListElement\":[{\"@type\":\"ListItem\",\"position\":1,\"name\":\"Inicio\",\"item\":\"https:\/\/nativainfo.com\/\"},{\"@type\":\"ListItem\",\"position\":2,\"name\":\"Mirolo firm\u00f3 un convenio para la refacci\u00f3n integral de la terminal de \u00f3mnibus de La Banda\"}]},{\"@type\":\"WebSite\",\"@id\":\"https:\/\/nativainfo.com\/#website\",\"url\":\"https:\/\/nativainfo.com\/\",\"name\":\"Nativa Info\",\"description\":\"Diario Digital\",\"publisher\":{\"@id\":\"https:\/\/nativainfo.com\/#organization\"},\"potentialAction\":[{\"@type\":\"SearchAction\",\"target\":{\"@type\":\"EntryPoint\",\"urlTemplate\":\"https:\/\/nativainfo.com\/?s={search_term_string}\"},\"query-input\":{\"@type\":\"PropertyValueSpecification\",\"valueRequired\":true,\"valueName\":\"search_term_string\"}}],\"inLanguage\":\"es-AR\"},{\"@type\":\"Organization\",\"@id\":\"https:\/\/nativainfo.com\/#organization\",\"name\":\"Nativa Info\",\"url\":\"https:\/\/nativainfo.com\/\",\"logo\":{\"@type\":\"ImageObject\",\"inLanguage\":\"es-AR\",\"@id\":\"https:\/\/nativainfo.com\/#\/schema\/logo\/image\/\",\"url\":\"https:\/\/nativainfo.com\/wp-content\/uploads\/2025\/08\/LOGO-NATIVA-FACE.jpg\",\"contentUrl\":\"https:\/\/nativainfo.com\/wp-content\/uploads\/2025\/08\/LOGO-NATIVA-FACE.jpg\",\"width\":400,\"height\":400,\"caption\":\"Nativa Info\"},\"image\":{\"@id\":\"https:\/\/nativainfo.com\/#\/schema\/logo\/image\/\"},\"sameAs\":[\"https:\/\/www.facebook.com\/profile.php?id=61578881597564\"]},{\"@type\":\"Person\",\"@id\":\"https:\/\/nativainfo.com\/#\/schema\/person\/24893b64a9cd564ddb5d102d36eb4b5c\",\"name\":\"Nativa Info\",\"image\":{\"@type\":\"ImageObject\",\"inLanguage\":\"es-AR\",\"@id\":\"https:\/\/nativainfo.com\/#\/schema\/person\/image\/\",\"url\":\"https:\/\/secure.gravatar.com\/avatar\/016fa1cf068d85136d938e1507b9b619cb766e2565cbb1faa1e571762460c785?s=96&d=mm&r=g\",\"contentUrl\":\"https:\/\/secure.gravatar.com\/avatar\/016fa1cf068d85136d938e1507b9b619cb766e2565cbb1faa1e571762460c785?s=96&d=mm&r=g\",\"caption\":\"Nativa Info\"},\"sameAs\":[\"http:\/\/nativainfo.com\"],\"url\":\"https:\/\/nativainfo.com\/?author=1\"}]}<\/script>\n<!-- \/ Yoast SEO plugin. -->","yoast_head_json":{"title":"Mirolo firm\u00f3 un convenio para la refacci\u00f3n integral de la terminal de \u00f3mnibus de La Banda - Nativa Info","robots":{"index":"index","follow":"follow","max-snippet":"max-snippet:-1","max-image-preview":"max-image-preview:large","max-video-preview":"max-video-preview:-1"},"canonical":"https:\/\/nativainfo.com\/?p=2650","og_locale":"es_ES","og_type":"article","og_title":"Mirolo firm\u00f3 un convenio para la refacci\u00f3n integral de la terminal de \u00f3mnibus de La Banda - Nativa Info","og_description":"El intendente Pablo Mirolo mantuvo una importante reuni\u00f3n con el ministro de Trasporte, Alexis Guerrera, y el director de Desarrollo... Continue reading","og_url":"https:\/\/nativainfo.com\/?p=2650","og_site_name":"Nativa Info","article_publisher":"https:\/\/www.facebook.com\/profile.php?id=61578881597564","article_published_time":"2021-12-17T02:31:20+00:00","article_modified_time":"2021-12-17T02:31:21+00:00","og_image":[{"url":"http:\/\/nativainfo.com\/wp-content\/uploads\/2021\/12\/imagen_2021-12-16_233101.png","type":"","width":"","height":""}],"author":"Nativa Info","twitter_card":"summary_large_image","twitter_misc":{"Escrito por":"Nativa Info","Tiempo de lectura":"1 minuto"},"schema":{"@context":"https:\/\/schema.org","@graph":[{"@type":"Article","@id":"https:\/\/nativainfo.com\/?p=2650#article","isPartOf":{"@id":"https:\/\/nativainfo.com\/?p=2650"},"author":{"name":"Nativa Info","@id":"https:\/\/nativainfo.com\/#\/schema\/person\/24893b64a9cd564ddb5d102d36eb4b5c"},"headline":"Mirolo firm\u00f3 un convenio para la refacci\u00f3n integral de la terminal de \u00f3mnibus de La Banda","datePublished":"2021-12-17T02:31:20+00:00","dateModified":"2021-12-17T02:31:21+00:00","mainEntityOfPage":{"@id":"https:\/\/nativainfo.com\/?p=2650"},"wordCount":221,"commentCount":0,"publisher":{"@id":"https:\/\/nativainfo.com\/#organization"},"image":{"@id":"https:\/\/nativainfo.com\/?p=2650#primaryimage"},"thumbnailUrl":"http:\/\/nativainfo.com\/wp-content\/uploads\/2021\/12\/imagen_2021-12-16_233101.png","articleSection":["La Banda","Noticias"],"inLanguage":"es-AR","potentialAction":[{"@type":"CommentAction","name":"Comment","target":["https:\/\/nativainfo.com\/?p=2650#respond"]}]},{"@type":"WebPage","@id":"https:\/\/nativainfo.com\/?p=2650","url":"https:\/\/nativainfo.com\/?p=2650","name":"Mirolo firm\u00f3 un convenio para la refacci\u00f3n integral de la terminal de \u00f3mnibus de La Banda - Nativa Info","isPartOf":{"@id":"https:\/\/nativainfo.com\/#website"},"primaryImageOfPage":{"@id":"https:\/\/nativainfo.com\/?p=2650#primaryimage"},"image":{"@id":"https:\/\/nativainfo.com\/?p=2650#primaryimage"},"thumbnailUrl":"http:\/\/nativainfo.com\/wp-content\/uploads\/2021\/12\/imagen_2021-12-16_233101.png","datePublished":"2021-12-17T02:31:20+00:00","dateModified":"2021-12-17T02:31:21+00:00","breadcrumb":{"@id":"https:\/\/nativainfo.com\/?p=2650#breadcrumb"},"inLanguage":"es-AR","potentialAction":[{"@type":"ReadAction","target":["https:\/\/nativainfo.com\/?p=2650"]}]},{"@type":"ImageObject","inLanguage":"es-AR","@id":"https:\/\/nativainfo.com\/?p=2650#primaryimage","url":"https:\/\/nativainfo.com\/wp-content\/uploads\/2021\/12\/imagen_2021-12-16_233101.png","contentUrl":"https:\/\/nativainfo.com\/wp-content\/uploads\/2021\/12\/imagen_2021-12-16_233101.png","width":1024,"height":768},{"@type":"BreadcrumbList","@id":"https:\/\/nativainfo.com\/?p=2650#breadcrumb","itemListElement":[{"@type":"ListItem","position":1,"name":"Inicio","item":"https:\/\/nativainfo.com\/"},{"@type":"ListItem","position":2,"name":"Mirolo firm\u00f3 un convenio para la refacci\u00f3n integral de la terminal de \u00f3mnibus de La Banda"}]},{"@type":"WebSite","@id":"https:\/\/nativainfo.com\/#website","url":"https:\/\/nativainfo.com\/","name":"Nativa Info","description":"Diario Digital","publisher":{"@id":"https:\/\/nativainfo.com\/#organization"},"potentialAction":[{"@type":"SearchAction","target":{"@type":"EntryPoint","urlTemplate":"https:\/\/nativainfo.com\/?s={search_term_string}"},"query-input":{"@type":"PropertyValueSpecification","valueRequired":true,"valueName":"search_term_string"}}],"inLanguage":"es-AR"},{"@type":"Organization","@id":"https:\/\/nativainfo.com\/#organization","name":"Nativa Info","url":"https:\/\/nativainfo.com\/","logo":{"@type":"ImageObject","inLanguage":"es-AR","@id":"https:\/\/nativainfo.com\/#\/schema\/logo\/image\/","url":"https:\/\/nativainfo.com\/wp-content\/uploads\/2025\/08\/LOGO-NATIVA-FACE.jpg","contentUrl":"https:\/\/nativainfo.com\/wp-content\/uploads\/2025\/08\/LOGO-NATIVA-FACE.jpg","width":400,"height":400,"caption":"Nativa Info"},"image":{"@id":"https:\/\/nativainfo.com\/#\/schema\/logo\/image\/"},"sameAs":["https:\/\/www.facebook.com\/profile.php?id=61578881597564"]},{"@type":"Person","@id":"https:\/\/nativainfo.com\/#\/schema\/person\/24893b64a9cd564ddb5d102d36eb4b5c","name":"Nativa Info","image":{"@type":"ImageObject","inLanguage":"es-AR","@id":"https:\/\/nativainfo.com\/#\/schema\/person\/image\/","url":"https:\/\/secure.gravatar.com\/avatar\/016fa1cf068d85136d938e1507b9b619cb766e2565cbb1faa1e571762460c785?s=96&d=mm&r=g","contentUrl":"https:\/\/secure.gravatar.com\/avatar\/016fa1cf068d85136d938e1507b9b619cb766e2565cbb1faa1e571762460c785?s=96&d=mm&r=g","caption":"Nativa Info"},"sameAs":["http:\/\/nativainfo.com"],"url":"https:\/\/nativainfo.com\/?author=1"}]}},"jetpack_publicize_connections":[],"_links":{"self":[{"href":"https:\/\/nativainfo.com\/index.php?rest_route=\/wp\/v2\/posts\/2650","targetHints":{"allow":["GET"]}}],"collection":[{"href":"https:\/\/nativainfo.com\/index.php?rest_route=\/wp\/v2\/posts"}],"about":[{"href":"https:\/\/nativainfo.com\/index.php?rest_route=\/wp\/v2\/types\/post"}],"author":[{"embeddable":true,"href":"https:\/\/nativainfo.com\/index.php?rest_route=\/wp\/v2\/users\/1"}],"replies":[{"embeddable":true,"href":"https:\/\/nativainfo.com\/index.php?rest_route=%2Fwp%2Fv2%2Fcomments&post=2650"}],"version-history":[{"count":1,"href":"https:\/\/nativainfo.com\/index.php?rest_route=\/wp\/v2\/posts\/2650\/revisions"}],"predecessor-version":[{"id":2654,"href":"https:\/\/nativainfo.com\/index.php?rest_route=\/wp\/v2\/posts\/2650\/revisions\/2654"}],"wp:attachment":[{"href":"https:\/\/nativainfo.com\/index.php?rest_route=%2Fwp%2Fv2%2Fmedia&parent=2650"}],"wp:term":[{"taxonomy":"category","embeddable":true,"href":"https:\/\/nativainfo.com\/index.php?rest_route=%2Fwp%2Fv2%2Fcategories&post=2650"},{"taxonomy":"post_tag","embeddable":true,"href":"https:\/\/nativainfo.com\/index.php?rest_route=%2Fwp%2Fv2%2Ftags&post=2650"}],"curies":[{"name":"wp","href":"https:\/\/api.w.org\/{rel}","templated":true}]}}