{"id":2637,"date":"2021-12-13T01:30:51","date_gmt":"2021-12-13T04:30:51","guid":{"rendered":"http:\/\/nativainfo.com\/?p=2637"},"modified":"2021-12-13T01:30:53","modified_gmt":"2021-12-13T04:30:53","slug":"a-partir-del-21-de-diciembre-se-implementara-el-pase-sanitario-en-santiago-del-estero","status":"publish","type":"post","link":"https:\/\/nativainfo.com\/?p=2637","title":{"rendered":"A partir del 21 de diciembre se implementar\u00e1 el Pase Sanitario en Santiago del Estero"},"content":{"rendered":"\n<p>As\u00ed lo inform\u00f3 la ministra de Salud Natividad Nassif. La medida rige para mayores de 13 a\u00f1os y ser\u00e1 obligatorio en boliches, teatros, hoteles, entre otros lugares.<\/p>\n\n\n\n<figure class=\"wp-block-image size-large\"><img fetchpriority=\"high\" decoding=\"async\" width=\"1010\" height=\"567\" src=\"http:\/\/nativainfo.com\/wp-content\/uploads\/2021\/12\/imagen_2021-12-13_013031.png\" alt=\"\" class=\"wp-image-2640\" srcset=\"https:\/\/nativainfo.com\/wp-content\/uploads\/2021\/12\/imagen_2021-12-13_013031.png 1010w, https:\/\/nativainfo.com\/wp-content\/uploads\/2021\/12\/imagen_2021-12-13_013031-300x168.png 300w, https:\/\/nativainfo.com\/wp-content\/uploads\/2021\/12\/imagen_2021-12-13_013031-768x431.png 768w, https:\/\/nativainfo.com\/wp-content\/uploads\/2021\/12\/imagen_2021-12-13_013031-623x350.png 623w, https:\/\/nativainfo.com\/wp-content\/uploads\/2021\/12\/imagen_2021-12-13_013031-150x84.png 150w\" sizes=\"(max-width: 1010px) 100vw, 1010px\" \/><\/figure>\n\n\n\n<p>Con el objetivo de generar condiciones seguras y cuidadas de acceso a diferentes actividades y eventos masivos tanto p\u00fablico como privados, en espacios abiertos y cerrados, el Gobierno Provincial implementar\u00e1 el Pase Sanitario, consiste en la acreditaci\u00f3n del esquema completo de vacunaci\u00f3n contra Covid-19 y que entrar\u00e1 en vigencia el pr\u00f3ximo 21 de diciembre.<\/p>\n\n\n\n<p>En ese sentido, detallaron que se considera calendario completo de vacunaci\u00f3n a la acreditaci\u00f3n de 2 dosis de cualquiera de las vacunas; 1 dosis de Cancinos; y las 3 dosis para mayores de 50 a\u00f1os vacunados con Sinophram.<\/p>\n\n\n\n<p>La acreditaci\u00f3n se podr\u00e1 certificar mediante la presentaci\u00f3n del carnet oficial de vacunaci\u00f3n junto al DNI; con la credencial digital disponible en la aplicaci\u00f3n \u201cMi Argentina\u201d; y a trav\u00e9s de la credencial de la aplicaci\u00f3n VacunarSE, que estar\u00e1 disponible en la semana entrante.<\/p>\n","protected":false},"excerpt":{"rendered":"<p>As\u00ed lo inform\u00f3 la ministra de Salud Natividad Nassif. La medida rige para mayores de 13 a\u00f1os y ser\u00e1 obligatorio&#8230; <a class=\"continue-reading-link\" href=\"https:\/\/nativainfo.com\/?p=2637\">Continue reading<\/a><\/p>\n","protected":false},"author":1,"featured_media":0,"comment_status":"open","ping_status":"open","sticky":false,"template":"","format":"standard","meta":{"rop_custom_images_group":[],"rop_custom_messages_group":[],"rop_publish_now":"initial","rop_publish_now_accounts":[],"rop_publish_now_history":[],"rop_publish_now_status":"pending","footnotes":"","jetpack_publicize_message":"","jetpack_publicize_feature_enabled":true,"jetpack_social_post_already_shared":false,"jetpack_social_options":{"image_generator_settings":{"template":"highway","default_image_id":0,"font":"","enabled":false},"version":2}},"categories":[15,40],"tags":[],"class_list":["post-2637","post","type-post","status-publish","format-standard","hentry","category-salud","category-santiago-del-estero"],"yoast_head":"<!-- This site is optimized with the Yoast SEO plugin v25.6 - https:\/\/yoast.com\/wordpress\/plugins\/seo\/ -->\n<title>A partir del 21 de diciembre se implementar\u00e1 el Pase Sanitario en Santiago del Estero - Nativa Info<\/title>\n<meta name=\"robots\" content=\"index, follow, max-snippet:-1, max-image-preview:large, max-video-preview:-1\" \/>\n<link rel=\"canonical\" href=\"https:\/\/nativainfo.com\/?p=2637\" \/>\n<meta property=\"og:locale\" content=\"es_ES\" \/>\n<meta property=\"og:type\" content=\"article\" \/>\n<meta property=\"og:title\" content=\"A partir del 21 de diciembre se implementar\u00e1 el Pase Sanitario en Santiago del Estero - Nativa Info\" \/>\n<meta property=\"og:description\" content=\"As\u00ed lo inform\u00f3 la ministra de Salud Natividad Nassif. La medida rige para mayores de 13 a\u00f1os y ser\u00e1 obligatorio... Continue reading\" \/>\n<meta property=\"og:url\" content=\"https:\/\/nativainfo.com\/?p=2637\" \/>\n<meta property=\"og:site_name\" content=\"Nativa Info\" \/>\n<meta property=\"article:publisher\" content=\"https:\/\/www.facebook.com\/profile.php?id=61578881597564\" \/>\n<meta property=\"article:published_time\" content=\"2021-12-13T04:30:51+00:00\" \/>\n<meta property=\"article:modified_time\" content=\"2021-12-13T04:30:53+00:00\" \/>\n<meta property=\"og:image\" content=\"http:\/\/nativainfo.com\/wp-content\/uploads\/2021\/12\/imagen_2021-12-13_013031.png\" \/>\n<meta name=\"author\" content=\"Nativa Info\" \/>\n<meta name=\"twitter:card\" content=\"summary_large_image\" \/>\n<meta name=\"twitter:label1\" content=\"Escrito por\" \/>\n\t<meta name=\"twitter:data1\" content=\"Nativa Info\" \/>\n\t<meta name=\"twitter:label2\" content=\"Tiempo de lectura\" \/>\n\t<meta name=\"twitter:data2\" content=\"1 minuto\" \/>\n<script type=\"application\/ld+json\" class=\"yoast-schema-graph\">{\"@context\":\"https:\/\/schema.org\",\"@graph\":[{\"@type\":\"Article\",\"@id\":\"https:\/\/nativainfo.com\/?p=2637#article\",\"isPartOf\":{\"@id\":\"https:\/\/nativainfo.com\/?p=2637\"},\"author\":{\"name\":\"Nativa Info\",\"@id\":\"https:\/\/nativainfo.com\/#\/schema\/person\/24893b64a9cd564ddb5d102d36eb4b5c\"},\"headline\":\"A partir del 21 de diciembre se implementar\u00e1 el Pase Sanitario en Santiago del Estero\",\"datePublished\":\"2021-12-13T04:30:51+00:00\",\"dateModified\":\"2021-12-13T04:30:53+00:00\",\"mainEntityOfPage\":{\"@id\":\"https:\/\/nativainfo.com\/?p=2637\"},\"wordCount\":184,\"commentCount\":0,\"publisher\":{\"@id\":\"https:\/\/nativainfo.com\/#organization\"},\"image\":{\"@id\":\"https:\/\/nativainfo.com\/?p=2637#primaryimage\"},\"thumbnailUrl\":\"http:\/\/nativainfo.com\/wp-content\/uploads\/2021\/12\/imagen_2021-12-13_013031.png\",\"articleSection\":[\"Salud\",\"Santiago del Estero\"],\"inLanguage\":\"es-AR\",\"potentialAction\":[{\"@type\":\"CommentAction\",\"name\":\"Comment\",\"target\":[\"https:\/\/nativainfo.com\/?p=2637#respond\"]}]},{\"@type\":\"WebPage\",\"@id\":\"https:\/\/nativainfo.com\/?p=2637\",\"url\":\"https:\/\/nativainfo.com\/?p=2637\",\"name\":\"A partir del 21 de diciembre se implementar\u00e1 el Pase Sanitario en Santiago del Estero - Nativa Info\",\"isPartOf\":{\"@id\":\"https:\/\/nativainfo.com\/#website\"},\"primaryImageOfPage\":{\"@id\":\"https:\/\/nativainfo.com\/?p=2637#primaryimage\"},\"image\":{\"@id\":\"https:\/\/nativainfo.com\/?p=2637#primaryimage\"},\"thumbnailUrl\":\"http:\/\/nativainfo.com\/wp-content\/uploads\/2021\/12\/imagen_2021-12-13_013031.png\",\"datePublished\":\"2021-12-13T04:30:51+00:00\",\"dateModified\":\"2021-12-13T04:30:53+00:00\",\"breadcrumb\":{\"@id\":\"https:\/\/nativainfo.com\/?p=2637#breadcrumb\"},\"inLanguage\":\"es-AR\",\"potentialAction\":[{\"@type\":\"ReadAction\",\"target\":[\"https:\/\/nativainfo.com\/?p=2637\"]}]},{\"@type\":\"ImageObject\",\"inLanguage\":\"es-AR\",\"@id\":\"https:\/\/nativainfo.com\/?p=2637#primaryimage\",\"url\":\"https:\/\/nativainfo.com\/wp-content\/uploads\/2021\/12\/imagen_2021-12-13_013031.png\",\"contentUrl\":\"https:\/\/nativainfo.com\/wp-content\/uploads\/2021\/12\/imagen_2021-12-13_013031.png\",\"width\":1010,\"height\":567},{\"@type\":\"BreadcrumbList\",\"@id\":\"https:\/\/nativainfo.com\/?p=2637#breadcrumb\",\"itemListElement\":[{\"@type\":\"ListItem\",\"position\":1,\"name\":\"Inicio\",\"item\":\"https:\/\/nativainfo.com\/\"},{\"@type\":\"ListItem\",\"position\":2,\"name\":\"A partir del 21 de diciembre se implementar\u00e1 el Pase Sanitario en Santiago del Estero\"}]},{\"@type\":\"WebSite\",\"@id\":\"https:\/\/nativainfo.com\/#website\",\"url\":\"https:\/\/nativainfo.com\/\",\"name\":\"Nativa Info\",\"description\":\"Diario Digital\",\"publisher\":{\"@id\":\"https:\/\/nativainfo.com\/#organization\"},\"potentialAction\":[{\"@type\":\"SearchAction\",\"target\":{\"@type\":\"EntryPoint\",\"urlTemplate\":\"https:\/\/nativainfo.com\/?s={search_term_string}\"},\"query-input\":{\"@type\":\"PropertyValueSpecification\",\"valueRequired\":true,\"valueName\":\"search_term_string\"}}],\"inLanguage\":\"es-AR\"},{\"@type\":\"Organization\",\"@id\":\"https:\/\/nativainfo.com\/#organization\",\"name\":\"Nativa Info\",\"url\":\"https:\/\/nativainfo.com\/\",\"logo\":{\"@type\":\"ImageObject\",\"inLanguage\":\"es-AR\",\"@id\":\"https:\/\/nativainfo.com\/#\/schema\/logo\/image\/\",\"url\":\"https:\/\/nativainfo.com\/wp-content\/uploads\/2025\/08\/LOGO-NATIVA-FACE.jpg\",\"contentUrl\":\"https:\/\/nativainfo.com\/wp-content\/uploads\/2025\/08\/LOGO-NATIVA-FACE.jpg\",\"width\":400,\"height\":400,\"caption\":\"Nativa Info\"},\"image\":{\"@id\":\"https:\/\/nativainfo.com\/#\/schema\/logo\/image\/\"},\"sameAs\":[\"https:\/\/www.facebook.com\/profile.php?id=61578881597564\"]},{\"@type\":\"Person\",\"@id\":\"https:\/\/nativainfo.com\/#\/schema\/person\/24893b64a9cd564ddb5d102d36eb4b5c\",\"name\":\"Nativa Info\",\"image\":{\"@type\":\"ImageObject\",\"inLanguage\":\"es-AR\",\"@id\":\"https:\/\/nativainfo.com\/#\/schema\/person\/image\/\",\"url\":\"https:\/\/secure.gravatar.com\/avatar\/016fa1cf068d85136d938e1507b9b619cb766e2565cbb1faa1e571762460c785?s=96&d=mm&r=g\",\"contentUrl\":\"https:\/\/secure.gravatar.com\/avatar\/016fa1cf068d85136d938e1507b9b619cb766e2565cbb1faa1e571762460c785?s=96&d=mm&r=g\",\"caption\":\"Nativa Info\"},\"sameAs\":[\"http:\/\/nativainfo.com\"],\"url\":\"https:\/\/nativainfo.com\/?author=1\"}]}<\/script>\n<!-- \/ Yoast SEO plugin. -->","yoast_head_json":{"title":"A partir del 21 de diciembre se implementar\u00e1 el Pase Sanitario en Santiago del Estero - Nativa Info","robots":{"index":"index","follow":"follow","max-snippet":"max-snippet:-1","max-image-preview":"max-image-preview:large","max-video-preview":"max-video-preview:-1"},"canonical":"https:\/\/nativainfo.com\/?p=2637","og_locale":"es_ES","og_type":"article","og_title":"A partir del 21 de diciembre se implementar\u00e1 el Pase Sanitario en Santiago del Estero - Nativa Info","og_description":"As\u00ed lo inform\u00f3 la ministra de Salud Natividad Nassif. La medida rige para mayores de 13 a\u00f1os y ser\u00e1 obligatorio... Continue reading","og_url":"https:\/\/nativainfo.com\/?p=2637","og_site_name":"Nativa Info","article_publisher":"https:\/\/www.facebook.com\/profile.php?id=61578881597564","article_published_time":"2021-12-13T04:30:51+00:00","article_modified_time":"2021-12-13T04:30:53+00:00","og_image":[{"url":"http:\/\/nativainfo.com\/wp-content\/uploads\/2021\/12\/imagen_2021-12-13_013031.png","type":"","width":"","height":""}],"author":"Nativa Info","twitter_card":"summary_large_image","twitter_misc":{"Escrito por":"Nativa Info","Tiempo de lectura":"1 minuto"},"schema":{"@context":"https:\/\/schema.org","@graph":[{"@type":"Article","@id":"https:\/\/nativainfo.com\/?p=2637#article","isPartOf":{"@id":"https:\/\/nativainfo.com\/?p=2637"},"author":{"name":"Nativa Info","@id":"https:\/\/nativainfo.com\/#\/schema\/person\/24893b64a9cd564ddb5d102d36eb4b5c"},"headline":"A partir del 21 de diciembre se implementar\u00e1 el Pase Sanitario en Santiago del Estero","datePublished":"2021-12-13T04:30:51+00:00","dateModified":"2021-12-13T04:30:53+00:00","mainEntityOfPage":{"@id":"https:\/\/nativainfo.com\/?p=2637"},"wordCount":184,"commentCount":0,"publisher":{"@id":"https:\/\/nativainfo.com\/#organization"},"image":{"@id":"https:\/\/nativainfo.com\/?p=2637#primaryimage"},"thumbnailUrl":"http:\/\/nativainfo.com\/wp-content\/uploads\/2021\/12\/imagen_2021-12-13_013031.png","articleSection":["Salud","Santiago del Estero"],"inLanguage":"es-AR","potentialAction":[{"@type":"CommentAction","name":"Comment","target":["https:\/\/nativainfo.com\/?p=2637#respond"]}]},{"@type":"WebPage","@id":"https:\/\/nativainfo.com\/?p=2637","url":"https:\/\/nativainfo.com\/?p=2637","name":"A partir del 21 de diciembre se implementar\u00e1 el Pase Sanitario en Santiago del Estero - Nativa Info","isPartOf":{"@id":"https:\/\/nativainfo.com\/#website"},"primaryImageOfPage":{"@id":"https:\/\/nativainfo.com\/?p=2637#primaryimage"},"image":{"@id":"https:\/\/nativainfo.com\/?p=2637#primaryimage"},"thumbnailUrl":"http:\/\/nativainfo.com\/wp-content\/uploads\/2021\/12\/imagen_2021-12-13_013031.png","datePublished":"2021-12-13T04:30:51+00:00","dateModified":"2021-12-13T04:30:53+00:00","breadcrumb":{"@id":"https:\/\/nativainfo.com\/?p=2637#breadcrumb"},"inLanguage":"es-AR","potentialAction":[{"@type":"ReadAction","target":["https:\/\/nativainfo.com\/?p=2637"]}]},{"@type":"ImageObject","inLanguage":"es-AR","@id":"https:\/\/nativainfo.com\/?p=2637#primaryimage","url":"https:\/\/nativainfo.com\/wp-content\/uploads\/2021\/12\/imagen_2021-12-13_013031.png","contentUrl":"https:\/\/nativainfo.com\/wp-content\/uploads\/2021\/12\/imagen_2021-12-13_013031.png","width":1010,"height":567},{"@type":"BreadcrumbList","@id":"https:\/\/nativainfo.com\/?p=2637#breadcrumb","itemListElement":[{"@type":"ListItem","position":1,"name":"Inicio","item":"https:\/\/nativainfo.com\/"},{"@type":"ListItem","position":2,"name":"A partir del 21 de diciembre se implementar\u00e1 el Pase Sanitario en Santiago del Estero"}]},{"@type":"WebSite","@id":"https:\/\/nativainfo.com\/#website","url":"https:\/\/nativainfo.com\/","name":"Nativa Info","description":"Diario Digital","publisher":{"@id":"https:\/\/nativainfo.com\/#organization"},"potentialAction":[{"@type":"SearchAction","target":{"@type":"EntryPoint","urlTemplate":"https:\/\/nativainfo.com\/?s={search_term_string}"},"query-input":{"@type":"PropertyValueSpecification","valueRequired":true,"valueName":"search_term_string"}}],"inLanguage":"es-AR"},{"@type":"Organization","@id":"https:\/\/nativainfo.com\/#organization","name":"Nativa Info","url":"https:\/\/nativainfo.com\/","logo":{"@type":"ImageObject","inLanguage":"es-AR","@id":"https:\/\/nativainfo.com\/#\/schema\/logo\/image\/","url":"https:\/\/nativainfo.com\/wp-content\/uploads\/2025\/08\/LOGO-NATIVA-FACE.jpg","contentUrl":"https:\/\/nativainfo.com\/wp-content\/uploads\/2025\/08\/LOGO-NATIVA-FACE.jpg","width":400,"height":400,"caption":"Nativa Info"},"image":{"@id":"https:\/\/nativainfo.com\/#\/schema\/logo\/image\/"},"sameAs":["https:\/\/www.facebook.com\/profile.php?id=61578881597564"]},{"@type":"Person","@id":"https:\/\/nativainfo.com\/#\/schema\/person\/24893b64a9cd564ddb5d102d36eb4b5c","name":"Nativa Info","image":{"@type":"ImageObject","inLanguage":"es-AR","@id":"https:\/\/nativainfo.com\/#\/schema\/person\/image\/","url":"https:\/\/secure.gravatar.com\/avatar\/016fa1cf068d85136d938e1507b9b619cb766e2565cbb1faa1e571762460c785?s=96&d=mm&r=g","contentUrl":"https:\/\/secure.gravatar.com\/avatar\/016fa1cf068d85136d938e1507b9b619cb766e2565cbb1faa1e571762460c785?s=96&d=mm&r=g","caption":"Nativa Info"},"sameAs":["http:\/\/nativainfo.com"],"url":"https:\/\/nativainfo.com\/?author=1"}]}},"jetpack_publicize_connections":[],"_links":{"self":[{"href":"https:\/\/nativainfo.com\/index.php?rest_route=\/wp\/v2\/posts\/2637","targetHints":{"allow":["GET"]}}],"collection":[{"href":"https:\/\/nativainfo.com\/index.php?rest_route=\/wp\/v2\/posts"}],"about":[{"href":"https:\/\/nativainfo.com\/index.php?rest_route=\/wp\/v2\/types\/post"}],"author":[{"embeddable":true,"href":"https:\/\/nativainfo.com\/index.php?rest_route=\/wp\/v2\/users\/1"}],"replies":[{"embeddable":true,"href":"https:\/\/nativainfo.com\/index.php?rest_route=%2Fwp%2Fv2%2Fcomments&post=2637"}],"version-history":[{"count":2,"href":"https:\/\/nativainfo.com\/index.php?rest_route=\/wp\/v2\/posts\/2637\/revisions"}],"predecessor-version":[{"id":2692,"href":"https:\/\/nativainfo.com\/index.php?rest_route=\/wp\/v2\/posts\/2637\/revisions\/2692"}],"wp:attachment":[{"href":"https:\/\/nativainfo.com\/index.php?rest_route=%2Fwp%2Fv2%2Fmedia&parent=2637"}],"wp:term":[{"taxonomy":"category","embeddable":true,"href":"https:\/\/nativainfo.com\/index.php?rest_route=%2Fwp%2Fv2%2Fcategories&post=2637"},{"taxonomy":"post_tag","embeddable":true,"href":"https:\/\/nativainfo.com\/index.php?rest_route=%2Fwp%2Fv2%2Ftags&post=2637"}],"curies":[{"name":"wp","href":"https:\/\/api.w.org\/{rel}","templated":true}]}}