{"id":2636,"date":"2021-12-13T01:30:42","date_gmt":"2021-12-13T04:30:42","guid":{"rendered":"http:\/\/nativainfo.com\/?p=2636"},"modified":"2021-12-13T01:30:45","modified_gmt":"2021-12-13T04:30:45","slug":"fallecio-la-diputada-silvia-sayago","status":"publish","type":"post","link":"https:\/\/nativainfo.com\/?p=2636","title":{"rendered":"Falleci\u00f3 la diputada Silvia Sayago"},"content":{"rendered":"\n<p><strong>Fuentes del entorno confirmaron que la diputada nacional falleci\u00f3 durante la madrugada de este domingo. Hab\u00eda sido internada en la noche del s\u00e1bado.<\/strong><\/p>\n\n\n\n<figure class=\"wp-block-image size-large\"><img fetchpriority=\"high\" decoding=\"async\" width=\"646\" height=\"445\" src=\"http:\/\/nativainfo.com\/wp-content\/uploads\/2021\/12\/imagen_2021-12-13_012934.png\" alt=\"\" class=\"wp-image-2638\" srcset=\"https:\/\/nativainfo.com\/wp-content\/uploads\/2021\/12\/imagen_2021-12-13_012934.png 646w, https:\/\/nativainfo.com\/wp-content\/uploads\/2021\/12\/imagen_2021-12-13_012934-300x207.png 300w, https:\/\/nativainfo.com\/wp-content\/uploads\/2021\/12\/imagen_2021-12-13_012934-508x350.png 508w, https:\/\/nativainfo.com\/wp-content\/uploads\/2021\/12\/imagen_2021-12-13_012934-150x103.png 150w\" sizes=\"(max-width: 646px) 100vw, 646px\" \/><\/figure>\n\n\n\n<p>La legisladora nacional Silvia Sayago se encontraba internada a causa de una falla multiorg\u00e1nica y su pron\u00f3stico era reservado, indicaron fuentes del entorno a<strong>&nbsp;Diario Panorama<\/strong>.<\/p>\n\n\n\n<p>Seg\u00fan se inform\u00f3, el cuerpo m\u00e9dico que asist\u00eda a la legisladora realiz\u00f3 diversos estudios para determinar fehacientemente los motivos de su descompensaci\u00f3n, que obligaron su internaci\u00f3n, aunque los esfuerzos m\u00e9dicos no lograron salvarla de su cuadro.&nbsp;<\/p>\n\n\n\n<p>En redes sociales, diversas personas comenzaron a hacerse eco del desafortunado desenlace en la salud de la diputada Sayago y manifestaron sus condolencias a la familia.<\/p>\n\n\n\n<p>Cabe mencionar que en la \u00faltima semana, Sayago hab\u00eda realizado su juramento en la C\u00e1mara Baja tras haber sido electa en los comicios del pasado 14 de noviembre.<\/p>\n","protected":false},"excerpt":{"rendered":"<p>Fuentes del entorno confirmaron que la diputada nacional falleci\u00f3 durante la madrugada de este domingo. Hab\u00eda sido internada en la&#8230; <a class=\"continue-reading-link\" href=\"https:\/\/nativainfo.com\/?p=2636\">Continue reading<\/a><\/p>\n","protected":false},"author":1,"featured_media":0,"comment_status":"open","ping_status":"open","sticky":false,"template":"","format":"standard","meta":{"rop_custom_images_group":[],"rop_custom_messages_group":[],"rop_publish_now":"initial","rop_publish_now_accounts":[],"rop_publish_now_history":[],"rop_publish_now_status":"pending","footnotes":"","jetpack_publicize_message":"","jetpack_publicize_feature_enabled":true,"jetpack_social_post_already_shared":false,"jetpack_social_options":{"image_generator_settings":{"template":"highway","default_image_id":0,"font":"","enabled":false},"version":2}},"categories":[8],"tags":[],"class_list":["post-2636","post","type-post","status-publish","format-standard","hentry","category-noticias"],"yoast_head":"<!-- This site is optimized with the Yoast SEO plugin v25.6 - https:\/\/yoast.com\/wordpress\/plugins\/seo\/ -->\n<title>Falleci\u00f3 la diputada Silvia Sayago - Nativa Info<\/title>\n<meta name=\"robots\" content=\"index, follow, max-snippet:-1, max-image-preview:large, max-video-preview:-1\" \/>\n<link rel=\"canonical\" href=\"https:\/\/nativainfo.com\/?p=2636\" \/>\n<meta property=\"og:locale\" content=\"es_ES\" \/>\n<meta property=\"og:type\" content=\"article\" \/>\n<meta property=\"og:title\" content=\"Falleci\u00f3 la diputada Silvia Sayago - Nativa Info\" \/>\n<meta property=\"og:description\" content=\"Fuentes del entorno confirmaron que la diputada nacional falleci\u00f3 durante la madrugada de este domingo. Hab\u00eda sido internada en la... Continue reading\" \/>\n<meta property=\"og:url\" content=\"https:\/\/nativainfo.com\/?p=2636\" \/>\n<meta property=\"og:site_name\" content=\"Nativa Info\" \/>\n<meta property=\"article:publisher\" content=\"https:\/\/www.facebook.com\/profile.php?id=61578881597564\" \/>\n<meta property=\"article:published_time\" content=\"2021-12-13T04:30:42+00:00\" \/>\n<meta property=\"article:modified_time\" content=\"2021-12-13T04:30:45+00:00\" \/>\n<meta property=\"og:image\" content=\"http:\/\/nativainfo.com\/wp-content\/uploads\/2021\/12\/imagen_2021-12-13_012934.png\" \/>\n<meta name=\"author\" content=\"Nativa Info\" \/>\n<meta name=\"twitter:card\" content=\"summary_large_image\" \/>\n<meta name=\"twitter:label1\" content=\"Escrito por\" \/>\n\t<meta name=\"twitter:data1\" content=\"Nativa Info\" \/>\n\t<meta name=\"twitter:label2\" content=\"Tiempo de lectura\" \/>\n\t<meta name=\"twitter:data2\" content=\"1 minuto\" \/>\n<script type=\"application\/ld+json\" class=\"yoast-schema-graph\">{\"@context\":\"https:\/\/schema.org\",\"@graph\":[{\"@type\":\"Article\",\"@id\":\"https:\/\/nativainfo.com\/?p=2636#article\",\"isPartOf\":{\"@id\":\"https:\/\/nativainfo.com\/?p=2636\"},\"author\":{\"name\":\"Nativa Info\",\"@id\":\"https:\/\/nativainfo.com\/#\/schema\/person\/24893b64a9cd564ddb5d102d36eb4b5c\"},\"headline\":\"Falleci\u00f3 la diputada Silvia Sayago\",\"datePublished\":\"2021-12-13T04:30:42+00:00\",\"dateModified\":\"2021-12-13T04:30:45+00:00\",\"mainEntityOfPage\":{\"@id\":\"https:\/\/nativainfo.com\/?p=2636\"},\"wordCount\":157,\"commentCount\":0,\"publisher\":{\"@id\":\"https:\/\/nativainfo.com\/#organization\"},\"image\":{\"@id\":\"https:\/\/nativainfo.com\/?p=2636#primaryimage\"},\"thumbnailUrl\":\"http:\/\/nativainfo.com\/wp-content\/uploads\/2021\/12\/imagen_2021-12-13_012934.png\",\"articleSection\":[\"Noticias\"],\"inLanguage\":\"es-AR\",\"potentialAction\":[{\"@type\":\"CommentAction\",\"name\":\"Comment\",\"target\":[\"https:\/\/nativainfo.com\/?p=2636#respond\"]}]},{\"@type\":\"WebPage\",\"@id\":\"https:\/\/nativainfo.com\/?p=2636\",\"url\":\"https:\/\/nativainfo.com\/?p=2636\",\"name\":\"Falleci\u00f3 la diputada Silvia Sayago - Nativa Info\",\"isPartOf\":{\"@id\":\"https:\/\/nativainfo.com\/#website\"},\"primaryImageOfPage\":{\"@id\":\"https:\/\/nativainfo.com\/?p=2636#primaryimage\"},\"image\":{\"@id\":\"https:\/\/nativainfo.com\/?p=2636#primaryimage\"},\"thumbnailUrl\":\"http:\/\/nativainfo.com\/wp-content\/uploads\/2021\/12\/imagen_2021-12-13_012934.png\",\"datePublished\":\"2021-12-13T04:30:42+00:00\",\"dateModified\":\"2021-12-13T04:30:45+00:00\",\"breadcrumb\":{\"@id\":\"https:\/\/nativainfo.com\/?p=2636#breadcrumb\"},\"inLanguage\":\"es-AR\",\"potentialAction\":[{\"@type\":\"ReadAction\",\"target\":[\"https:\/\/nativainfo.com\/?p=2636\"]}]},{\"@type\":\"ImageObject\",\"inLanguage\":\"es-AR\",\"@id\":\"https:\/\/nativainfo.com\/?p=2636#primaryimage\",\"url\":\"https:\/\/nativainfo.com\/wp-content\/uploads\/2021\/12\/imagen_2021-12-13_012934.png\",\"contentUrl\":\"https:\/\/nativainfo.com\/wp-content\/uploads\/2021\/12\/imagen_2021-12-13_012934.png\",\"width\":646,\"height\":445},{\"@type\":\"BreadcrumbList\",\"@id\":\"https:\/\/nativainfo.com\/?p=2636#breadcrumb\",\"itemListElement\":[{\"@type\":\"ListItem\",\"position\":1,\"name\":\"Inicio\",\"item\":\"https:\/\/nativainfo.com\/\"},{\"@type\":\"ListItem\",\"position\":2,\"name\":\"Falleci\u00f3 la diputada Silvia Sayago\"}]},{\"@type\":\"WebSite\",\"@id\":\"https:\/\/nativainfo.com\/#website\",\"url\":\"https:\/\/nativainfo.com\/\",\"name\":\"Nativa Info\",\"description\":\"Diario Digital\",\"publisher\":{\"@id\":\"https:\/\/nativainfo.com\/#organization\"},\"potentialAction\":[{\"@type\":\"SearchAction\",\"target\":{\"@type\":\"EntryPoint\",\"urlTemplate\":\"https:\/\/nativainfo.com\/?s={search_term_string}\"},\"query-input\":{\"@type\":\"PropertyValueSpecification\",\"valueRequired\":true,\"valueName\":\"search_term_string\"}}],\"inLanguage\":\"es-AR\"},{\"@type\":\"Organization\",\"@id\":\"https:\/\/nativainfo.com\/#organization\",\"name\":\"Nativa Info\",\"url\":\"https:\/\/nativainfo.com\/\",\"logo\":{\"@type\":\"ImageObject\",\"inLanguage\":\"es-AR\",\"@id\":\"https:\/\/nativainfo.com\/#\/schema\/logo\/image\/\",\"url\":\"https:\/\/nativainfo.com\/wp-content\/uploads\/2025\/08\/LOGO-NATIVA-FACE.jpg\",\"contentUrl\":\"https:\/\/nativainfo.com\/wp-content\/uploads\/2025\/08\/LOGO-NATIVA-FACE.jpg\",\"width\":400,\"height\":400,\"caption\":\"Nativa Info\"},\"image\":{\"@id\":\"https:\/\/nativainfo.com\/#\/schema\/logo\/image\/\"},\"sameAs\":[\"https:\/\/www.facebook.com\/profile.php?id=61578881597564\"]},{\"@type\":\"Person\",\"@id\":\"https:\/\/nativainfo.com\/#\/schema\/person\/24893b64a9cd564ddb5d102d36eb4b5c\",\"name\":\"Nativa Info\",\"image\":{\"@type\":\"ImageObject\",\"inLanguage\":\"es-AR\",\"@id\":\"https:\/\/nativainfo.com\/#\/schema\/person\/image\/\",\"url\":\"https:\/\/secure.gravatar.com\/avatar\/016fa1cf068d85136d938e1507b9b619cb766e2565cbb1faa1e571762460c785?s=96&d=mm&r=g\",\"contentUrl\":\"https:\/\/secure.gravatar.com\/avatar\/016fa1cf068d85136d938e1507b9b619cb766e2565cbb1faa1e571762460c785?s=96&d=mm&r=g\",\"caption\":\"Nativa Info\"},\"sameAs\":[\"http:\/\/nativainfo.com\"],\"url\":\"https:\/\/nativainfo.com\/?author=1\"}]}<\/script>\n<!-- \/ Yoast SEO plugin. -->","yoast_head_json":{"title":"Falleci\u00f3 la diputada Silvia Sayago - Nativa Info","robots":{"index":"index","follow":"follow","max-snippet":"max-snippet:-1","max-image-preview":"max-image-preview:large","max-video-preview":"max-video-preview:-1"},"canonical":"https:\/\/nativainfo.com\/?p=2636","og_locale":"es_ES","og_type":"article","og_title":"Falleci\u00f3 la diputada Silvia Sayago - Nativa Info","og_description":"Fuentes del entorno confirmaron que la diputada nacional falleci\u00f3 durante la madrugada de este domingo. Hab\u00eda sido internada en la... Continue reading","og_url":"https:\/\/nativainfo.com\/?p=2636","og_site_name":"Nativa Info","article_publisher":"https:\/\/www.facebook.com\/profile.php?id=61578881597564","article_published_time":"2021-12-13T04:30:42+00:00","article_modified_time":"2021-12-13T04:30:45+00:00","og_image":[{"url":"http:\/\/nativainfo.com\/wp-content\/uploads\/2021\/12\/imagen_2021-12-13_012934.png","type":"","width":"","height":""}],"author":"Nativa Info","twitter_card":"summary_large_image","twitter_misc":{"Escrito por":"Nativa Info","Tiempo de lectura":"1 minuto"},"schema":{"@context":"https:\/\/schema.org","@graph":[{"@type":"Article","@id":"https:\/\/nativainfo.com\/?p=2636#article","isPartOf":{"@id":"https:\/\/nativainfo.com\/?p=2636"},"author":{"name":"Nativa Info","@id":"https:\/\/nativainfo.com\/#\/schema\/person\/24893b64a9cd564ddb5d102d36eb4b5c"},"headline":"Falleci\u00f3 la diputada Silvia Sayago","datePublished":"2021-12-13T04:30:42+00:00","dateModified":"2021-12-13T04:30:45+00:00","mainEntityOfPage":{"@id":"https:\/\/nativainfo.com\/?p=2636"},"wordCount":157,"commentCount":0,"publisher":{"@id":"https:\/\/nativainfo.com\/#organization"},"image":{"@id":"https:\/\/nativainfo.com\/?p=2636#primaryimage"},"thumbnailUrl":"http:\/\/nativainfo.com\/wp-content\/uploads\/2021\/12\/imagen_2021-12-13_012934.png","articleSection":["Noticias"],"inLanguage":"es-AR","potentialAction":[{"@type":"CommentAction","name":"Comment","target":["https:\/\/nativainfo.com\/?p=2636#respond"]}]},{"@type":"WebPage","@id":"https:\/\/nativainfo.com\/?p=2636","url":"https:\/\/nativainfo.com\/?p=2636","name":"Falleci\u00f3 la diputada Silvia Sayago - Nativa Info","isPartOf":{"@id":"https:\/\/nativainfo.com\/#website"},"primaryImageOfPage":{"@id":"https:\/\/nativainfo.com\/?p=2636#primaryimage"},"image":{"@id":"https:\/\/nativainfo.com\/?p=2636#primaryimage"},"thumbnailUrl":"http:\/\/nativainfo.com\/wp-content\/uploads\/2021\/12\/imagen_2021-12-13_012934.png","datePublished":"2021-12-13T04:30:42+00:00","dateModified":"2021-12-13T04:30:45+00:00","breadcrumb":{"@id":"https:\/\/nativainfo.com\/?p=2636#breadcrumb"},"inLanguage":"es-AR","potentialAction":[{"@type":"ReadAction","target":["https:\/\/nativainfo.com\/?p=2636"]}]},{"@type":"ImageObject","inLanguage":"es-AR","@id":"https:\/\/nativainfo.com\/?p=2636#primaryimage","url":"https:\/\/nativainfo.com\/wp-content\/uploads\/2021\/12\/imagen_2021-12-13_012934.png","contentUrl":"https:\/\/nativainfo.com\/wp-content\/uploads\/2021\/12\/imagen_2021-12-13_012934.png","width":646,"height":445},{"@type":"BreadcrumbList","@id":"https:\/\/nativainfo.com\/?p=2636#breadcrumb","itemListElement":[{"@type":"ListItem","position":1,"name":"Inicio","item":"https:\/\/nativainfo.com\/"},{"@type":"ListItem","position":2,"name":"Falleci\u00f3 la diputada Silvia Sayago"}]},{"@type":"WebSite","@id":"https:\/\/nativainfo.com\/#website","url":"https:\/\/nativainfo.com\/","name":"Nativa Info","description":"Diario Digital","publisher":{"@id":"https:\/\/nativainfo.com\/#organization"},"potentialAction":[{"@type":"SearchAction","target":{"@type":"EntryPoint","urlTemplate":"https:\/\/nativainfo.com\/?s={search_term_string}"},"query-input":{"@type":"PropertyValueSpecification","valueRequired":true,"valueName":"search_term_string"}}],"inLanguage":"es-AR"},{"@type":"Organization","@id":"https:\/\/nativainfo.com\/#organization","name":"Nativa Info","url":"https:\/\/nativainfo.com\/","logo":{"@type":"ImageObject","inLanguage":"es-AR","@id":"https:\/\/nativainfo.com\/#\/schema\/logo\/image\/","url":"https:\/\/nativainfo.com\/wp-content\/uploads\/2025\/08\/LOGO-NATIVA-FACE.jpg","contentUrl":"https:\/\/nativainfo.com\/wp-content\/uploads\/2025\/08\/LOGO-NATIVA-FACE.jpg","width":400,"height":400,"caption":"Nativa Info"},"image":{"@id":"https:\/\/nativainfo.com\/#\/schema\/logo\/image\/"},"sameAs":["https:\/\/www.facebook.com\/profile.php?id=61578881597564"]},{"@type":"Person","@id":"https:\/\/nativainfo.com\/#\/schema\/person\/24893b64a9cd564ddb5d102d36eb4b5c","name":"Nativa Info","image":{"@type":"ImageObject","inLanguage":"es-AR","@id":"https:\/\/nativainfo.com\/#\/schema\/person\/image\/","url":"https:\/\/secure.gravatar.com\/avatar\/016fa1cf068d85136d938e1507b9b619cb766e2565cbb1faa1e571762460c785?s=96&d=mm&r=g","contentUrl":"https:\/\/secure.gravatar.com\/avatar\/016fa1cf068d85136d938e1507b9b619cb766e2565cbb1faa1e571762460c785?s=96&d=mm&r=g","caption":"Nativa Info"},"sameAs":["http:\/\/nativainfo.com"],"url":"https:\/\/nativainfo.com\/?author=1"}]}},"jetpack_publicize_connections":[],"_links":{"self":[{"href":"https:\/\/nativainfo.com\/index.php?rest_route=\/wp\/v2\/posts\/2636","targetHints":{"allow":["GET"]}}],"collection":[{"href":"https:\/\/nativainfo.com\/index.php?rest_route=\/wp\/v2\/posts"}],"about":[{"href":"https:\/\/nativainfo.com\/index.php?rest_route=\/wp\/v2\/types\/post"}],"author":[{"embeddable":true,"href":"https:\/\/nativainfo.com\/index.php?rest_route=\/wp\/v2\/users\/1"}],"replies":[{"embeddable":true,"href":"https:\/\/nativainfo.com\/index.php?rest_route=%2Fwp%2Fv2%2Fcomments&post=2636"}],"version-history":[{"count":1,"href":"https:\/\/nativainfo.com\/index.php?rest_route=\/wp\/v2\/posts\/2636\/revisions"}],"predecessor-version":[{"id":2639,"href":"https:\/\/nativainfo.com\/index.php?rest_route=\/wp\/v2\/posts\/2636\/revisions\/2639"}],"wp:attachment":[{"href":"https:\/\/nativainfo.com\/index.php?rest_route=%2Fwp%2Fv2%2Fmedia&parent=2636"}],"wp:term":[{"taxonomy":"category","embeddable":true,"href":"https:\/\/nativainfo.com\/index.php?rest_route=%2Fwp%2Fv2%2Fcategories&post=2636"},{"taxonomy":"post_tag","embeddable":true,"href":"https:\/\/nativainfo.com\/index.php?rest_route=%2Fwp%2Fv2%2Ftags&post=2636"}],"curies":[{"name":"wp","href":"https:\/\/api.w.org\/{rel}","templated":true}]}}