{"id":2586,"date":"2021-12-01T00:00:22","date_gmt":"2021-12-01T03:00:22","guid":{"rendered":"http:\/\/nativainfo.com\/?p=2586"},"modified":"2021-12-01T00:00:25","modified_gmt":"2021-12-01T03:00:25","slug":"arranca-la-venta-de-entradas-para-el-ultimo-partido-de-central-cordoba-como-local-en-el-2021","status":"publish","type":"post","link":"https:\/\/nativainfo.com\/?p=2586","title":{"rendered":"Arranca la venta de entradas para el \u00faltimo partido de Central C\u00f3rdoba como local en el 2021"},"content":{"rendered":"\n<p><strong>Desde este mi\u00e9rcoles se podr\u00e1n adquirir los pases para el encuentro de este viernes ante Uni\u00f3n de Santa Fe.<\/strong><\/p>\n\n\n\n<figure class=\"wp-block-image size-large\"><img fetchpriority=\"high\" decoding=\"async\" width=\"1010\" height=\"567\" src=\"http:\/\/nativainfo.com\/wp-content\/uploads\/2021\/12\/imagen_2021-12-01_000006.png\" alt=\"\" class=\"wp-image-2591\" srcset=\"https:\/\/nativainfo.com\/wp-content\/uploads\/2021\/12\/imagen_2021-12-01_000006.png 1010w, https:\/\/nativainfo.com\/wp-content\/uploads\/2021\/12\/imagen_2021-12-01_000006-300x168.png 300w, https:\/\/nativainfo.com\/wp-content\/uploads\/2021\/12\/imagen_2021-12-01_000006-768x431.png 768w, https:\/\/nativainfo.com\/wp-content\/uploads\/2021\/12\/imagen_2021-12-01_000006-623x350.png 623w, https:\/\/nativainfo.com\/wp-content\/uploads\/2021\/12\/imagen_2021-12-01_000006-150x84.png 150w\" sizes=\"(max-width: 1010px) 100vw, 1010px\" \/><\/figure>\n\n\n\n<p><strong>Central C\u00f3rdoba<\/strong>&nbsp;recibir\u00e1 este viernes las 19.15 a&nbsp;<strong>Uni\u00f3n de Santa Fe<\/strong>&nbsp;en la apertura de la 24\u00aa fecha de la&nbsp;<strong>Liga Profesional de F\u00fatbol<\/strong>, en el \u00faltimo partido que disputar\u00e1 el equipo santiague\u00f1o como local en el 2021.<\/p>\n\n\n\n<p>Desde la instituci\u00f3n anunciaron que arranca la venta de entradas para este encuentro. La venta online comienza este mi\u00e9rcoles y se extender\u00e1 hasta el viernes a las 13. Para adquirir una pase deber\u00e1n ingresar al sitio web del club:&nbsp;<a href=\"https:\/\/www.cacentralcordoba.com\/\" rel=\"noreferrer noopener\" target=\"_blank\"><strong>www.cacentralcordoba.com<\/strong><\/a><strong>.<\/strong><\/p>\n\n\n\n<p>Por su parte, el jueves de 9 a 20 y el viernes de 9 a 13 se habilitar\u00e1n los puntos de asistencia en las boleter\u00edas de Granadero Saavedra y San Mart\u00edn.<\/p>\n","protected":false},"excerpt":{"rendered":"<p>Desde este mi\u00e9rcoles se podr\u00e1n adquirir los pases para el encuentro de este viernes ante Uni\u00f3n de Santa Fe. Central&#8230; <a class=\"continue-reading-link\" href=\"https:\/\/nativainfo.com\/?p=2586\">Continue reading<\/a><\/p>\n","protected":false},"author":1,"featured_media":0,"comment_status":"open","ping_status":"open","sticky":false,"template":"","format":"standard","meta":{"rop_custom_images_group":[],"rop_custom_messages_group":[],"rop_publish_now":"initial","rop_publish_now_accounts":[],"rop_publish_now_history":[],"rop_publish_now_status":"pending","footnotes":"","jetpack_publicize_message":"","jetpack_publicize_feature_enabled":true,"jetpack_social_post_already_shared":false,"jetpack_social_options":{"image_generator_settings":{"template":"highway","default_image_id":0,"font":"","enabled":false},"version":2}},"categories":[41],"tags":[],"class_list":["post-2586","post","type-post","status-publish","format-standard","hentry","category-futbol"],"yoast_head":"<!-- This site is optimized with the Yoast SEO plugin v25.6 - https:\/\/yoast.com\/wordpress\/plugins\/seo\/ -->\n<title>Arranca la venta de entradas para el \u00faltimo partido de Central C\u00f3rdoba como local en el 2021 - Nativa Info<\/title>\n<meta name=\"robots\" content=\"index, follow, max-snippet:-1, max-image-preview:large, max-video-preview:-1\" \/>\n<link rel=\"canonical\" href=\"https:\/\/nativainfo.com\/?p=2586\" \/>\n<meta property=\"og:locale\" content=\"es_ES\" \/>\n<meta property=\"og:type\" content=\"article\" \/>\n<meta property=\"og:title\" content=\"Arranca la venta de entradas para el \u00faltimo partido de Central C\u00f3rdoba como local en el 2021 - Nativa Info\" \/>\n<meta property=\"og:description\" content=\"Desde este mi\u00e9rcoles se podr\u00e1n adquirir los pases para el encuentro de este viernes ante Uni\u00f3n de Santa Fe. Central... Continue reading\" \/>\n<meta property=\"og:url\" content=\"https:\/\/nativainfo.com\/?p=2586\" \/>\n<meta property=\"og:site_name\" content=\"Nativa Info\" \/>\n<meta property=\"article:publisher\" content=\"https:\/\/www.facebook.com\/profile.php?id=61578881597564\" \/>\n<meta property=\"article:published_time\" content=\"2021-12-01T03:00:22+00:00\" \/>\n<meta property=\"article:modified_time\" content=\"2021-12-01T03:00:25+00:00\" \/>\n<meta property=\"og:image\" content=\"http:\/\/nativainfo.com\/wp-content\/uploads\/2021\/12\/imagen_2021-12-01_000006.png\" \/>\n<meta name=\"author\" content=\"Nativa Info\" \/>\n<meta name=\"twitter:card\" content=\"summary_large_image\" \/>\n<meta name=\"twitter:label1\" content=\"Escrito por\" \/>\n\t<meta name=\"twitter:data1\" content=\"Nativa Info\" \/>\n\t<meta name=\"twitter:label2\" content=\"Tiempo de lectura\" \/>\n\t<meta name=\"twitter:data2\" content=\"1 minuto\" \/>\n<script type=\"application\/ld+json\" class=\"yoast-schema-graph\">{\"@context\":\"https:\/\/schema.org\",\"@graph\":[{\"@type\":\"Article\",\"@id\":\"https:\/\/nativainfo.com\/?p=2586#article\",\"isPartOf\":{\"@id\":\"https:\/\/nativainfo.com\/?p=2586\"},\"author\":{\"name\":\"Nativa Info\",\"@id\":\"https:\/\/nativainfo.com\/#\/schema\/person\/24893b64a9cd564ddb5d102d36eb4b5c\"},\"headline\":\"Arranca la venta de entradas para el \u00faltimo partido de Central C\u00f3rdoba como local en el 2021\",\"datePublished\":\"2021-12-01T03:00:22+00:00\",\"dateModified\":\"2021-12-01T03:00:25+00:00\",\"mainEntityOfPage\":{\"@id\":\"https:\/\/nativainfo.com\/?p=2586\"},\"wordCount\":158,\"commentCount\":0,\"publisher\":{\"@id\":\"https:\/\/nativainfo.com\/#organization\"},\"image\":{\"@id\":\"https:\/\/nativainfo.com\/?p=2586#primaryimage\"},\"thumbnailUrl\":\"http:\/\/nativainfo.com\/wp-content\/uploads\/2021\/12\/imagen_2021-12-01_000006.png\",\"articleSection\":[\"F\u00fatbol\"],\"inLanguage\":\"es-AR\",\"potentialAction\":[{\"@type\":\"CommentAction\",\"name\":\"Comment\",\"target\":[\"https:\/\/nativainfo.com\/?p=2586#respond\"]}]},{\"@type\":\"WebPage\",\"@id\":\"https:\/\/nativainfo.com\/?p=2586\",\"url\":\"https:\/\/nativainfo.com\/?p=2586\",\"name\":\"Arranca la venta de entradas para el \u00faltimo partido de Central C\u00f3rdoba como local en el 2021 - Nativa Info\",\"isPartOf\":{\"@id\":\"https:\/\/nativainfo.com\/#website\"},\"primaryImageOfPage\":{\"@id\":\"https:\/\/nativainfo.com\/?p=2586#primaryimage\"},\"image\":{\"@id\":\"https:\/\/nativainfo.com\/?p=2586#primaryimage\"},\"thumbnailUrl\":\"http:\/\/nativainfo.com\/wp-content\/uploads\/2021\/12\/imagen_2021-12-01_000006.png\",\"datePublished\":\"2021-12-01T03:00:22+00:00\",\"dateModified\":\"2021-12-01T03:00:25+00:00\",\"breadcrumb\":{\"@id\":\"https:\/\/nativainfo.com\/?p=2586#breadcrumb\"},\"inLanguage\":\"es-AR\",\"potentialAction\":[{\"@type\":\"ReadAction\",\"target\":[\"https:\/\/nativainfo.com\/?p=2586\"]}]},{\"@type\":\"ImageObject\",\"inLanguage\":\"es-AR\",\"@id\":\"https:\/\/nativainfo.com\/?p=2586#primaryimage\",\"url\":\"https:\/\/nativainfo.com\/wp-content\/uploads\/2021\/12\/imagen_2021-12-01_000006.png\",\"contentUrl\":\"https:\/\/nativainfo.com\/wp-content\/uploads\/2021\/12\/imagen_2021-12-01_000006.png\",\"width\":1010,\"height\":567},{\"@type\":\"BreadcrumbList\",\"@id\":\"https:\/\/nativainfo.com\/?p=2586#breadcrumb\",\"itemListElement\":[{\"@type\":\"ListItem\",\"position\":1,\"name\":\"Inicio\",\"item\":\"https:\/\/nativainfo.com\/\"},{\"@type\":\"ListItem\",\"position\":2,\"name\":\"Arranca la venta de entradas para el \u00faltimo partido de Central C\u00f3rdoba como local en el 2021\"}]},{\"@type\":\"WebSite\",\"@id\":\"https:\/\/nativainfo.com\/#website\",\"url\":\"https:\/\/nativainfo.com\/\",\"name\":\"Nativa Info\",\"description\":\"Diario Digital\",\"publisher\":{\"@id\":\"https:\/\/nativainfo.com\/#organization\"},\"potentialAction\":[{\"@type\":\"SearchAction\",\"target\":{\"@type\":\"EntryPoint\",\"urlTemplate\":\"https:\/\/nativainfo.com\/?s={search_term_string}\"},\"query-input\":{\"@type\":\"PropertyValueSpecification\",\"valueRequired\":true,\"valueName\":\"search_term_string\"}}],\"inLanguage\":\"es-AR\"},{\"@type\":\"Organization\",\"@id\":\"https:\/\/nativainfo.com\/#organization\",\"name\":\"Nativa Info\",\"url\":\"https:\/\/nativainfo.com\/\",\"logo\":{\"@type\":\"ImageObject\",\"inLanguage\":\"es-AR\",\"@id\":\"https:\/\/nativainfo.com\/#\/schema\/logo\/image\/\",\"url\":\"https:\/\/nativainfo.com\/wp-content\/uploads\/2025\/08\/LOGO-NATIVA-FACE.jpg\",\"contentUrl\":\"https:\/\/nativainfo.com\/wp-content\/uploads\/2025\/08\/LOGO-NATIVA-FACE.jpg\",\"width\":400,\"height\":400,\"caption\":\"Nativa Info\"},\"image\":{\"@id\":\"https:\/\/nativainfo.com\/#\/schema\/logo\/image\/\"},\"sameAs\":[\"https:\/\/www.facebook.com\/profile.php?id=61578881597564\"]},{\"@type\":\"Person\",\"@id\":\"https:\/\/nativainfo.com\/#\/schema\/person\/24893b64a9cd564ddb5d102d36eb4b5c\",\"name\":\"Nativa Info\",\"image\":{\"@type\":\"ImageObject\",\"inLanguage\":\"es-AR\",\"@id\":\"https:\/\/nativainfo.com\/#\/schema\/person\/image\/\",\"url\":\"https:\/\/secure.gravatar.com\/avatar\/016fa1cf068d85136d938e1507b9b619cb766e2565cbb1faa1e571762460c785?s=96&d=mm&r=g\",\"contentUrl\":\"https:\/\/secure.gravatar.com\/avatar\/016fa1cf068d85136d938e1507b9b619cb766e2565cbb1faa1e571762460c785?s=96&d=mm&r=g\",\"caption\":\"Nativa Info\"},\"sameAs\":[\"http:\/\/nativainfo.com\"],\"url\":\"https:\/\/nativainfo.com\/?author=1\"}]}<\/script>\n<!-- \/ Yoast SEO plugin. -->","yoast_head_json":{"title":"Arranca la venta de entradas para el \u00faltimo partido de Central C\u00f3rdoba como local en el 2021 - Nativa Info","robots":{"index":"index","follow":"follow","max-snippet":"max-snippet:-1","max-image-preview":"max-image-preview:large","max-video-preview":"max-video-preview:-1"},"canonical":"https:\/\/nativainfo.com\/?p=2586","og_locale":"es_ES","og_type":"article","og_title":"Arranca la venta de entradas para el \u00faltimo partido de Central C\u00f3rdoba como local en el 2021 - Nativa Info","og_description":"Desde este mi\u00e9rcoles se podr\u00e1n adquirir los pases para el encuentro de este viernes ante Uni\u00f3n de Santa Fe. Central... Continue reading","og_url":"https:\/\/nativainfo.com\/?p=2586","og_site_name":"Nativa Info","article_publisher":"https:\/\/www.facebook.com\/profile.php?id=61578881597564","article_published_time":"2021-12-01T03:00:22+00:00","article_modified_time":"2021-12-01T03:00:25+00:00","og_image":[{"url":"http:\/\/nativainfo.com\/wp-content\/uploads\/2021\/12\/imagen_2021-12-01_000006.png","type":"","width":"","height":""}],"author":"Nativa Info","twitter_card":"summary_large_image","twitter_misc":{"Escrito por":"Nativa Info","Tiempo de lectura":"1 minuto"},"schema":{"@context":"https:\/\/schema.org","@graph":[{"@type":"Article","@id":"https:\/\/nativainfo.com\/?p=2586#article","isPartOf":{"@id":"https:\/\/nativainfo.com\/?p=2586"},"author":{"name":"Nativa Info","@id":"https:\/\/nativainfo.com\/#\/schema\/person\/24893b64a9cd564ddb5d102d36eb4b5c"},"headline":"Arranca la venta de entradas para el \u00faltimo partido de Central C\u00f3rdoba como local en el 2021","datePublished":"2021-12-01T03:00:22+00:00","dateModified":"2021-12-01T03:00:25+00:00","mainEntityOfPage":{"@id":"https:\/\/nativainfo.com\/?p=2586"},"wordCount":158,"commentCount":0,"publisher":{"@id":"https:\/\/nativainfo.com\/#organization"},"image":{"@id":"https:\/\/nativainfo.com\/?p=2586#primaryimage"},"thumbnailUrl":"http:\/\/nativainfo.com\/wp-content\/uploads\/2021\/12\/imagen_2021-12-01_000006.png","articleSection":["F\u00fatbol"],"inLanguage":"es-AR","potentialAction":[{"@type":"CommentAction","name":"Comment","target":["https:\/\/nativainfo.com\/?p=2586#respond"]}]},{"@type":"WebPage","@id":"https:\/\/nativainfo.com\/?p=2586","url":"https:\/\/nativainfo.com\/?p=2586","name":"Arranca la venta de entradas para el \u00faltimo partido de Central C\u00f3rdoba como local en el 2021 - Nativa Info","isPartOf":{"@id":"https:\/\/nativainfo.com\/#website"},"primaryImageOfPage":{"@id":"https:\/\/nativainfo.com\/?p=2586#primaryimage"},"image":{"@id":"https:\/\/nativainfo.com\/?p=2586#primaryimage"},"thumbnailUrl":"http:\/\/nativainfo.com\/wp-content\/uploads\/2021\/12\/imagen_2021-12-01_000006.png","datePublished":"2021-12-01T03:00:22+00:00","dateModified":"2021-12-01T03:00:25+00:00","breadcrumb":{"@id":"https:\/\/nativainfo.com\/?p=2586#breadcrumb"},"inLanguage":"es-AR","potentialAction":[{"@type":"ReadAction","target":["https:\/\/nativainfo.com\/?p=2586"]}]},{"@type":"ImageObject","inLanguage":"es-AR","@id":"https:\/\/nativainfo.com\/?p=2586#primaryimage","url":"https:\/\/nativainfo.com\/wp-content\/uploads\/2021\/12\/imagen_2021-12-01_000006.png","contentUrl":"https:\/\/nativainfo.com\/wp-content\/uploads\/2021\/12\/imagen_2021-12-01_000006.png","width":1010,"height":567},{"@type":"BreadcrumbList","@id":"https:\/\/nativainfo.com\/?p=2586#breadcrumb","itemListElement":[{"@type":"ListItem","position":1,"name":"Inicio","item":"https:\/\/nativainfo.com\/"},{"@type":"ListItem","position":2,"name":"Arranca la venta de entradas para el \u00faltimo partido de Central C\u00f3rdoba como local en el 2021"}]},{"@type":"WebSite","@id":"https:\/\/nativainfo.com\/#website","url":"https:\/\/nativainfo.com\/","name":"Nativa Info","description":"Diario Digital","publisher":{"@id":"https:\/\/nativainfo.com\/#organization"},"potentialAction":[{"@type":"SearchAction","target":{"@type":"EntryPoint","urlTemplate":"https:\/\/nativainfo.com\/?s={search_term_string}"},"query-input":{"@type":"PropertyValueSpecification","valueRequired":true,"valueName":"search_term_string"}}],"inLanguage":"es-AR"},{"@type":"Organization","@id":"https:\/\/nativainfo.com\/#organization","name":"Nativa Info","url":"https:\/\/nativainfo.com\/","logo":{"@type":"ImageObject","inLanguage":"es-AR","@id":"https:\/\/nativainfo.com\/#\/schema\/logo\/image\/","url":"https:\/\/nativainfo.com\/wp-content\/uploads\/2025\/08\/LOGO-NATIVA-FACE.jpg","contentUrl":"https:\/\/nativainfo.com\/wp-content\/uploads\/2025\/08\/LOGO-NATIVA-FACE.jpg","width":400,"height":400,"caption":"Nativa Info"},"image":{"@id":"https:\/\/nativainfo.com\/#\/schema\/logo\/image\/"},"sameAs":["https:\/\/www.facebook.com\/profile.php?id=61578881597564"]},{"@type":"Person","@id":"https:\/\/nativainfo.com\/#\/schema\/person\/24893b64a9cd564ddb5d102d36eb4b5c","name":"Nativa Info","image":{"@type":"ImageObject","inLanguage":"es-AR","@id":"https:\/\/nativainfo.com\/#\/schema\/person\/image\/","url":"https:\/\/secure.gravatar.com\/avatar\/016fa1cf068d85136d938e1507b9b619cb766e2565cbb1faa1e571762460c785?s=96&d=mm&r=g","contentUrl":"https:\/\/secure.gravatar.com\/avatar\/016fa1cf068d85136d938e1507b9b619cb766e2565cbb1faa1e571762460c785?s=96&d=mm&r=g","caption":"Nativa Info"},"sameAs":["http:\/\/nativainfo.com"],"url":"https:\/\/nativainfo.com\/?author=1"}]}},"jetpack_publicize_connections":[],"_links":{"self":[{"href":"https:\/\/nativainfo.com\/index.php?rest_route=\/wp\/v2\/posts\/2586","targetHints":{"allow":["GET"]}}],"collection":[{"href":"https:\/\/nativainfo.com\/index.php?rest_route=\/wp\/v2\/posts"}],"about":[{"href":"https:\/\/nativainfo.com\/index.php?rest_route=\/wp\/v2\/types\/post"}],"author":[{"embeddable":true,"href":"https:\/\/nativainfo.com\/index.php?rest_route=\/wp\/v2\/users\/1"}],"replies":[{"embeddable":true,"href":"https:\/\/nativainfo.com\/index.php?rest_route=%2Fwp%2Fv2%2Fcomments&post=2586"}],"version-history":[{"count":1,"href":"https:\/\/nativainfo.com\/index.php?rest_route=\/wp\/v2\/posts\/2586\/revisions"}],"predecessor-version":[{"id":2592,"href":"https:\/\/nativainfo.com\/index.php?rest_route=\/wp\/v2\/posts\/2586\/revisions\/2592"}],"wp:attachment":[{"href":"https:\/\/nativainfo.com\/index.php?rest_route=%2Fwp%2Fv2%2Fmedia&parent=2586"}],"wp:term":[{"taxonomy":"category","embeddable":true,"href":"https:\/\/nativainfo.com\/index.php?rest_route=%2Fwp%2Fv2%2Fcategories&post=2586"},{"taxonomy":"post_tag","embeddable":true,"href":"https:\/\/nativainfo.com\/index.php?rest_route=%2Fwp%2Fv2%2Ftags&post=2586"}],"curies":[{"name":"wp","href":"https:\/\/api.w.org\/{rel}","templated":true}]}}