{"id":2571,"date":"2021-11-24T01:29:29","date_gmt":"2021-11-24T04:29:29","guid":{"rendered":"http:\/\/nativainfo.com\/?p=2571"},"modified":"2021-11-24T01:29:33","modified_gmt":"2021-11-24T04:29:33","slug":"zamora-se-reunio-con-el-coordinador-de-las-naciones-unidas-en-argentina","status":"publish","type":"post","link":"https:\/\/nativainfo.com\/?p=2571","title":{"rendered":"Zamora se reuni\u00f3 con el coordinador de las Naciones Unidas en Argentina"},"content":{"rendered":"\n<figure class=\"wp-block-image size-large\"><img fetchpriority=\"high\" decoding=\"async\" width=\"372\" height=\"215\" src=\"http:\/\/nativainfo.com\/wp-content\/uploads\/2021\/11\/imagen_2021-11-24_012917.png\" alt=\"\" class=\"wp-image-2573\" srcset=\"https:\/\/nativainfo.com\/wp-content\/uploads\/2021\/11\/imagen_2021-11-24_012917.png 372w, https:\/\/nativainfo.com\/wp-content\/uploads\/2021\/11\/imagen_2021-11-24_012917-300x173.png 300w, https:\/\/nativainfo.com\/wp-content\/uploads\/2021\/11\/imagen_2021-11-24_012917-150x87.png 150w\" sizes=\"(max-width: 372px) 100vw, 372px\" \/><\/figure>\n\n\n\n<p>El gobernador de la provincia Dr. Gerardo Zamora y el Coordinador residente de las Naciones Unidas en Argentina, Roberto Valent, firmaron una carta de intenci\u00f3n de cooperaci\u00f3n mutua a fin de propiciar el desarrollo humano de toda la poblaci\u00f3n santiague\u00f1a.<\/p>\n\n\n\n<p>Con esta acci\u00f3n las partes se comprometen a colaborar rec\u00edprocamente y brindar sus mayores esfuerzos tendientes a analizar, planificar y\/o coordinar acciones conjuntas para lograr la seguridad alimentaria, garantizar una vida sana y una educaci\u00f3n de calidad, lograr la igualdad de g\u00e9nero, asegurar el acceso al agua y la energ\u00eda sustentable, promover el crecimiento econ\u00f3mico sostenido, la paz, facilitar el acceso a la justicia y fortalecer una alianza mundial para el desarrollo sostenible.<\/p>\n\n\n\n<p>El referente de la ONU, Valent manifest\u00f3 su \u201cagradecimiento por estas acciones que enfatizan las pol\u00edticas de un Estado presente en la comunidad. Quiero felicitarlo gobernador por el gran trabajo que llevan adelante con un dise\u00f1o y ejecuci\u00f3n de acciones integrales e interdisciplinarias necesarias para que la sociedad santiague\u00f1a avance en todos los aspectos\u201d.<\/p>\n","protected":false},"excerpt":{"rendered":"<p>El gobernador de la provincia Dr. Gerardo Zamora y el Coordinador residente de las Naciones Unidas en Argentina, Roberto Valent,&#8230; <a class=\"continue-reading-link\" href=\"https:\/\/nativainfo.com\/?p=2571\">Continue reading<\/a><\/p>\n","protected":false},"author":1,"featured_media":0,"comment_status":"open","ping_status":"open","sticky":false,"template":"","format":"standard","meta":{"rop_custom_images_group":[],"rop_custom_messages_group":[],"rop_publish_now":"initial","rop_publish_now_accounts":[],"rop_publish_now_history":[],"rop_publish_now_status":"pending","footnotes":"","jetpack_publicize_message":"","jetpack_publicize_feature_enabled":true,"jetpack_social_post_already_shared":false,"jetpack_social_options":{"image_generator_settings":{"template":"highway","default_image_id":0,"font":"","enabled":false},"version":2}},"categories":[8],"tags":[],"class_list":["post-2571","post","type-post","status-publish","format-standard","hentry","category-noticias"],"yoast_head":"<!-- This site is optimized with the Yoast SEO plugin v25.6 - https:\/\/yoast.com\/wordpress\/plugins\/seo\/ -->\n<title>Zamora se reuni\u00f3 con el coordinador de las Naciones Unidas en Argentina - Nativa Info<\/title>\n<meta name=\"robots\" content=\"index, follow, max-snippet:-1, max-image-preview:large, max-video-preview:-1\" \/>\n<link rel=\"canonical\" href=\"https:\/\/nativainfo.com\/?p=2571\" \/>\n<meta property=\"og:locale\" content=\"es_ES\" \/>\n<meta property=\"og:type\" content=\"article\" \/>\n<meta property=\"og:title\" content=\"Zamora se reuni\u00f3 con el coordinador de las Naciones Unidas en Argentina - Nativa Info\" \/>\n<meta property=\"og:description\" content=\"El gobernador de la provincia Dr. Gerardo Zamora y el Coordinador residente de las Naciones Unidas en Argentina, Roberto Valent,... Continue reading\" \/>\n<meta property=\"og:url\" content=\"https:\/\/nativainfo.com\/?p=2571\" \/>\n<meta property=\"og:site_name\" content=\"Nativa Info\" \/>\n<meta property=\"article:publisher\" content=\"https:\/\/www.facebook.com\/profile.php?id=61578881597564\" \/>\n<meta property=\"article:published_time\" content=\"2021-11-24T04:29:29+00:00\" \/>\n<meta property=\"article:modified_time\" content=\"2021-11-24T04:29:33+00:00\" \/>\n<meta property=\"og:image\" content=\"http:\/\/nativainfo.com\/wp-content\/uploads\/2021\/11\/imagen_2021-11-24_012917.png\" \/>\n<meta name=\"author\" content=\"Nativa Info\" \/>\n<meta name=\"twitter:card\" content=\"summary_large_image\" \/>\n<meta name=\"twitter:label1\" content=\"Escrito por\" \/>\n\t<meta name=\"twitter:data1\" content=\"Nativa Info\" \/>\n\t<meta name=\"twitter:label2\" content=\"Tiempo de lectura\" \/>\n\t<meta name=\"twitter:data2\" content=\"1 minuto\" \/>\n<script type=\"application\/ld+json\" class=\"yoast-schema-graph\">{\"@context\":\"https:\/\/schema.org\",\"@graph\":[{\"@type\":\"Article\",\"@id\":\"https:\/\/nativainfo.com\/?p=2571#article\",\"isPartOf\":{\"@id\":\"https:\/\/nativainfo.com\/?p=2571\"},\"author\":{\"name\":\"Nativa Info\",\"@id\":\"https:\/\/nativainfo.com\/#\/schema\/person\/24893b64a9cd564ddb5d102d36eb4b5c\"},\"headline\":\"Zamora se reuni\u00f3 con el coordinador de las Naciones Unidas en Argentina\",\"datePublished\":\"2021-11-24T04:29:29+00:00\",\"dateModified\":\"2021-11-24T04:29:33+00:00\",\"mainEntityOfPage\":{\"@id\":\"https:\/\/nativainfo.com\/?p=2571\"},\"wordCount\":194,\"commentCount\":0,\"publisher\":{\"@id\":\"https:\/\/nativainfo.com\/#organization\"},\"image\":{\"@id\":\"https:\/\/nativainfo.com\/?p=2571#primaryimage\"},\"thumbnailUrl\":\"http:\/\/nativainfo.com\/wp-content\/uploads\/2021\/11\/imagen_2021-11-24_012917.png\",\"articleSection\":[\"Noticias\"],\"inLanguage\":\"es-AR\",\"potentialAction\":[{\"@type\":\"CommentAction\",\"name\":\"Comment\",\"target\":[\"https:\/\/nativainfo.com\/?p=2571#respond\"]}]},{\"@type\":\"WebPage\",\"@id\":\"https:\/\/nativainfo.com\/?p=2571\",\"url\":\"https:\/\/nativainfo.com\/?p=2571\",\"name\":\"Zamora se reuni\u00f3 con el coordinador de las Naciones Unidas en Argentina - Nativa Info\",\"isPartOf\":{\"@id\":\"https:\/\/nativainfo.com\/#website\"},\"primaryImageOfPage\":{\"@id\":\"https:\/\/nativainfo.com\/?p=2571#primaryimage\"},\"image\":{\"@id\":\"https:\/\/nativainfo.com\/?p=2571#primaryimage\"},\"thumbnailUrl\":\"http:\/\/nativainfo.com\/wp-content\/uploads\/2021\/11\/imagen_2021-11-24_012917.png\",\"datePublished\":\"2021-11-24T04:29:29+00:00\",\"dateModified\":\"2021-11-24T04:29:33+00:00\",\"breadcrumb\":{\"@id\":\"https:\/\/nativainfo.com\/?p=2571#breadcrumb\"},\"inLanguage\":\"es-AR\",\"potentialAction\":[{\"@type\":\"ReadAction\",\"target\":[\"https:\/\/nativainfo.com\/?p=2571\"]}]},{\"@type\":\"ImageObject\",\"inLanguage\":\"es-AR\",\"@id\":\"https:\/\/nativainfo.com\/?p=2571#primaryimage\",\"url\":\"https:\/\/nativainfo.com\/wp-content\/uploads\/2021\/11\/imagen_2021-11-24_012917.png\",\"contentUrl\":\"https:\/\/nativainfo.com\/wp-content\/uploads\/2021\/11\/imagen_2021-11-24_012917.png\",\"width\":372,\"height\":215},{\"@type\":\"BreadcrumbList\",\"@id\":\"https:\/\/nativainfo.com\/?p=2571#breadcrumb\",\"itemListElement\":[{\"@type\":\"ListItem\",\"position\":1,\"name\":\"Inicio\",\"item\":\"https:\/\/nativainfo.com\/\"},{\"@type\":\"ListItem\",\"position\":2,\"name\":\"Zamora se reuni\u00f3 con el coordinador de las Naciones Unidas en Argentina\"}]},{\"@type\":\"WebSite\",\"@id\":\"https:\/\/nativainfo.com\/#website\",\"url\":\"https:\/\/nativainfo.com\/\",\"name\":\"Nativa Info\",\"description\":\"Diario Digital\",\"publisher\":{\"@id\":\"https:\/\/nativainfo.com\/#organization\"},\"potentialAction\":[{\"@type\":\"SearchAction\",\"target\":{\"@type\":\"EntryPoint\",\"urlTemplate\":\"https:\/\/nativainfo.com\/?s={search_term_string}\"},\"query-input\":{\"@type\":\"PropertyValueSpecification\",\"valueRequired\":true,\"valueName\":\"search_term_string\"}}],\"inLanguage\":\"es-AR\"},{\"@type\":\"Organization\",\"@id\":\"https:\/\/nativainfo.com\/#organization\",\"name\":\"Nativa Info\",\"url\":\"https:\/\/nativainfo.com\/\",\"logo\":{\"@type\":\"ImageObject\",\"inLanguage\":\"es-AR\",\"@id\":\"https:\/\/nativainfo.com\/#\/schema\/logo\/image\/\",\"url\":\"https:\/\/nativainfo.com\/wp-content\/uploads\/2025\/08\/LOGO-NATIVA-FACE.jpg\",\"contentUrl\":\"https:\/\/nativainfo.com\/wp-content\/uploads\/2025\/08\/LOGO-NATIVA-FACE.jpg\",\"width\":400,\"height\":400,\"caption\":\"Nativa Info\"},\"image\":{\"@id\":\"https:\/\/nativainfo.com\/#\/schema\/logo\/image\/\"},\"sameAs\":[\"https:\/\/www.facebook.com\/profile.php?id=61578881597564\"]},{\"@type\":\"Person\",\"@id\":\"https:\/\/nativainfo.com\/#\/schema\/person\/24893b64a9cd564ddb5d102d36eb4b5c\",\"name\":\"Nativa Info\",\"image\":{\"@type\":\"ImageObject\",\"inLanguage\":\"es-AR\",\"@id\":\"https:\/\/nativainfo.com\/#\/schema\/person\/image\/\",\"url\":\"https:\/\/secure.gravatar.com\/avatar\/016fa1cf068d85136d938e1507b9b619cb766e2565cbb1faa1e571762460c785?s=96&d=mm&r=g\",\"contentUrl\":\"https:\/\/secure.gravatar.com\/avatar\/016fa1cf068d85136d938e1507b9b619cb766e2565cbb1faa1e571762460c785?s=96&d=mm&r=g\",\"caption\":\"Nativa Info\"},\"sameAs\":[\"http:\/\/nativainfo.com\"],\"url\":\"https:\/\/nativainfo.com\/?author=1\"}]}<\/script>\n<!-- \/ Yoast SEO plugin. -->","yoast_head_json":{"title":"Zamora se reuni\u00f3 con el coordinador de las Naciones Unidas en Argentina - Nativa Info","robots":{"index":"index","follow":"follow","max-snippet":"max-snippet:-1","max-image-preview":"max-image-preview:large","max-video-preview":"max-video-preview:-1"},"canonical":"https:\/\/nativainfo.com\/?p=2571","og_locale":"es_ES","og_type":"article","og_title":"Zamora se reuni\u00f3 con el coordinador de las Naciones Unidas en Argentina - Nativa Info","og_description":"El gobernador de la provincia Dr. Gerardo Zamora y el Coordinador residente de las Naciones Unidas en Argentina, Roberto Valent,... Continue reading","og_url":"https:\/\/nativainfo.com\/?p=2571","og_site_name":"Nativa Info","article_publisher":"https:\/\/www.facebook.com\/profile.php?id=61578881597564","article_published_time":"2021-11-24T04:29:29+00:00","article_modified_time":"2021-11-24T04:29:33+00:00","og_image":[{"url":"http:\/\/nativainfo.com\/wp-content\/uploads\/2021\/11\/imagen_2021-11-24_012917.png","type":"","width":"","height":""}],"author":"Nativa Info","twitter_card":"summary_large_image","twitter_misc":{"Escrito por":"Nativa Info","Tiempo de lectura":"1 minuto"},"schema":{"@context":"https:\/\/schema.org","@graph":[{"@type":"Article","@id":"https:\/\/nativainfo.com\/?p=2571#article","isPartOf":{"@id":"https:\/\/nativainfo.com\/?p=2571"},"author":{"name":"Nativa Info","@id":"https:\/\/nativainfo.com\/#\/schema\/person\/24893b64a9cd564ddb5d102d36eb4b5c"},"headline":"Zamora se reuni\u00f3 con el coordinador de las Naciones Unidas en Argentina","datePublished":"2021-11-24T04:29:29+00:00","dateModified":"2021-11-24T04:29:33+00:00","mainEntityOfPage":{"@id":"https:\/\/nativainfo.com\/?p=2571"},"wordCount":194,"commentCount":0,"publisher":{"@id":"https:\/\/nativainfo.com\/#organization"},"image":{"@id":"https:\/\/nativainfo.com\/?p=2571#primaryimage"},"thumbnailUrl":"http:\/\/nativainfo.com\/wp-content\/uploads\/2021\/11\/imagen_2021-11-24_012917.png","articleSection":["Noticias"],"inLanguage":"es-AR","potentialAction":[{"@type":"CommentAction","name":"Comment","target":["https:\/\/nativainfo.com\/?p=2571#respond"]}]},{"@type":"WebPage","@id":"https:\/\/nativainfo.com\/?p=2571","url":"https:\/\/nativainfo.com\/?p=2571","name":"Zamora se reuni\u00f3 con el coordinador de las Naciones Unidas en Argentina - Nativa Info","isPartOf":{"@id":"https:\/\/nativainfo.com\/#website"},"primaryImageOfPage":{"@id":"https:\/\/nativainfo.com\/?p=2571#primaryimage"},"image":{"@id":"https:\/\/nativainfo.com\/?p=2571#primaryimage"},"thumbnailUrl":"http:\/\/nativainfo.com\/wp-content\/uploads\/2021\/11\/imagen_2021-11-24_012917.png","datePublished":"2021-11-24T04:29:29+00:00","dateModified":"2021-11-24T04:29:33+00:00","breadcrumb":{"@id":"https:\/\/nativainfo.com\/?p=2571#breadcrumb"},"inLanguage":"es-AR","potentialAction":[{"@type":"ReadAction","target":["https:\/\/nativainfo.com\/?p=2571"]}]},{"@type":"ImageObject","inLanguage":"es-AR","@id":"https:\/\/nativainfo.com\/?p=2571#primaryimage","url":"https:\/\/nativainfo.com\/wp-content\/uploads\/2021\/11\/imagen_2021-11-24_012917.png","contentUrl":"https:\/\/nativainfo.com\/wp-content\/uploads\/2021\/11\/imagen_2021-11-24_012917.png","width":372,"height":215},{"@type":"BreadcrumbList","@id":"https:\/\/nativainfo.com\/?p=2571#breadcrumb","itemListElement":[{"@type":"ListItem","position":1,"name":"Inicio","item":"https:\/\/nativainfo.com\/"},{"@type":"ListItem","position":2,"name":"Zamora se reuni\u00f3 con el coordinador de las Naciones Unidas en Argentina"}]},{"@type":"WebSite","@id":"https:\/\/nativainfo.com\/#website","url":"https:\/\/nativainfo.com\/","name":"Nativa Info","description":"Diario Digital","publisher":{"@id":"https:\/\/nativainfo.com\/#organization"},"potentialAction":[{"@type":"SearchAction","target":{"@type":"EntryPoint","urlTemplate":"https:\/\/nativainfo.com\/?s={search_term_string}"},"query-input":{"@type":"PropertyValueSpecification","valueRequired":true,"valueName":"search_term_string"}}],"inLanguage":"es-AR"},{"@type":"Organization","@id":"https:\/\/nativainfo.com\/#organization","name":"Nativa Info","url":"https:\/\/nativainfo.com\/","logo":{"@type":"ImageObject","inLanguage":"es-AR","@id":"https:\/\/nativainfo.com\/#\/schema\/logo\/image\/","url":"https:\/\/nativainfo.com\/wp-content\/uploads\/2025\/08\/LOGO-NATIVA-FACE.jpg","contentUrl":"https:\/\/nativainfo.com\/wp-content\/uploads\/2025\/08\/LOGO-NATIVA-FACE.jpg","width":400,"height":400,"caption":"Nativa Info"},"image":{"@id":"https:\/\/nativainfo.com\/#\/schema\/logo\/image\/"},"sameAs":["https:\/\/www.facebook.com\/profile.php?id=61578881597564"]},{"@type":"Person","@id":"https:\/\/nativainfo.com\/#\/schema\/person\/24893b64a9cd564ddb5d102d36eb4b5c","name":"Nativa Info","image":{"@type":"ImageObject","inLanguage":"es-AR","@id":"https:\/\/nativainfo.com\/#\/schema\/person\/image\/","url":"https:\/\/secure.gravatar.com\/avatar\/016fa1cf068d85136d938e1507b9b619cb766e2565cbb1faa1e571762460c785?s=96&d=mm&r=g","contentUrl":"https:\/\/secure.gravatar.com\/avatar\/016fa1cf068d85136d938e1507b9b619cb766e2565cbb1faa1e571762460c785?s=96&d=mm&r=g","caption":"Nativa Info"},"sameAs":["http:\/\/nativainfo.com"],"url":"https:\/\/nativainfo.com\/?author=1"}]}},"jetpack_publicize_connections":[],"_links":{"self":[{"href":"https:\/\/nativainfo.com\/index.php?rest_route=\/wp\/v2\/posts\/2571","targetHints":{"allow":["GET"]}}],"collection":[{"href":"https:\/\/nativainfo.com\/index.php?rest_route=\/wp\/v2\/posts"}],"about":[{"href":"https:\/\/nativainfo.com\/index.php?rest_route=\/wp\/v2\/types\/post"}],"author":[{"embeddable":true,"href":"https:\/\/nativainfo.com\/index.php?rest_route=\/wp\/v2\/users\/1"}],"replies":[{"embeddable":true,"href":"https:\/\/nativainfo.com\/index.php?rest_route=%2Fwp%2Fv2%2Fcomments&post=2571"}],"version-history":[{"count":1,"href":"https:\/\/nativainfo.com\/index.php?rest_route=\/wp\/v2\/posts\/2571\/revisions"}],"predecessor-version":[{"id":2574,"href":"https:\/\/nativainfo.com\/index.php?rest_route=\/wp\/v2\/posts\/2571\/revisions\/2574"}],"wp:attachment":[{"href":"https:\/\/nativainfo.com\/index.php?rest_route=%2Fwp%2Fv2%2Fmedia&parent=2571"}],"wp:term":[{"taxonomy":"category","embeddable":true,"href":"https:\/\/nativainfo.com\/index.php?rest_route=%2Fwp%2Fv2%2Fcategories&post=2571"},{"taxonomy":"post_tag","embeddable":true,"href":"https:\/\/nativainfo.com\/index.php?rest_route=%2Fwp%2Fv2%2Ftags&post=2571"}],"curies":[{"name":"wp","href":"https:\/\/api.w.org\/{rel}","templated":true}]}}