{"id":2523,"date":"2021-11-06T02:59:44","date_gmt":"2021-11-06T05:59:44","guid":{"rendered":"http:\/\/nativainfo.com\/?p=2523"},"modified":"2021-11-06T02:59:47","modified_gmt":"2021-11-06T05:59:47","slug":"barcelona-oficializo-a-xavi-hernandez-como-su-nuevo-entrenador","status":"publish","type":"post","link":"https:\/\/nativainfo.com\/?p=2523","title":{"rendered":"Barcelona oficializ\u00f3 a Xavi Hern\u00e1ndez como su nuevo entrenador"},"content":{"rendered":"\n<p><strong>\u201cEs momento de volver a casa\u201d, public\u00f3 el club catal\u00e1n en sus redes sociales.<\/strong><\/p>\n\n\n\n<figure class=\"wp-block-image size-large\"><img fetchpriority=\"high\" decoding=\"async\" width=\"580\" height=\"330\" src=\"http:\/\/nativainfo.com\/wp-content\/uploads\/2021\/11\/imagen_2021-11-06_025930.png\" alt=\"\" class=\"wp-image-2526\" srcset=\"https:\/\/nativainfo.com\/wp-content\/uploads\/2021\/11\/imagen_2021-11-06_025930.png 580w, https:\/\/nativainfo.com\/wp-content\/uploads\/2021\/11\/imagen_2021-11-06_025930-300x171.png 300w, https:\/\/nativainfo.com\/wp-content\/uploads\/2021\/11\/imagen_2021-11-06_025930-150x85.png 150w\" sizes=\"(max-width: 580px) 100vw, 580px\" \/><\/figure>\n\n\n\n<p><strong>Barcelona, de Espa\u00f1a, oficializ\u00f3 hoy la llegada de Xavi Hern\u00e1ndez<\/strong>&nbsp;como su nuevo entrenador &#8220;por lo que queda de esta temporada y otras dos&#8221;, tras acordar su salida de&nbsp;<strong>Al Sadd, de Qatar.<\/strong><\/p>\n\n\n\n<p>&#8220;El FC Barcelona ha llegado a un acuerdo con Xavi Hern\u00e1ndez para que se convierta en entrenador del primer equipo lo que queda de esta temporada y otras dos. Xavi se ha desvinculado de Al Sadd despu\u00e9s de conversaciones mantenidas estos \u00faltimos d\u00edas&#8221;, inform\u00f3 el club en un comunicado.<\/p>\n\n\n\n<p>&#8220;Est\u00e1 previsto que Xavi llegue este fin de semana a Barcelona y que el lunes 8 de noviembre al mediod\u00eda se celebre su presentaci\u00f3n como nuevo t\u00e9cnico del primer equipo en un acto abierto al p\u00fablico en el Camp Nou. Tras el acto atender\u00e1 a los medios de comunicaci\u00f3n&#8221;, agreg\u00f3 la instituci\u00f3n catalana.<\/p>\n","protected":false},"excerpt":{"rendered":"<p>\u201cEs momento de volver a casa\u201d, public\u00f3 el club catal\u00e1n en sus redes sociales. Barcelona, de Espa\u00f1a, oficializ\u00f3 hoy la&#8230; <a class=\"continue-reading-link\" href=\"https:\/\/nativainfo.com\/?p=2523\">Continue reading<\/a><\/p>\n","protected":false},"author":1,"featured_media":0,"comment_status":"open","ping_status":"open","sticky":false,"template":"","format":"standard","meta":{"rop_custom_images_group":[],"rop_custom_messages_group":[],"rop_publish_now":"initial","rop_publish_now_accounts":[],"rop_publish_now_history":[],"rop_publish_now_status":"pending","footnotes":"","jetpack_publicize_message":"","jetpack_publicize_feature_enabled":true,"jetpack_social_post_already_shared":false,"jetpack_social_options":{"image_generator_settings":{"template":"highway","default_image_id":0,"font":"","enabled":false},"version":2}},"categories":[35],"tags":[],"class_list":["post-2523","post","type-post","status-publish","format-standard","hentry","category-futbol-internacional"],"yoast_head":"<!-- This site is optimized with the Yoast SEO plugin v25.6 - https:\/\/yoast.com\/wordpress\/plugins\/seo\/ -->\n<title>Barcelona oficializ\u00f3 a Xavi Hern\u00e1ndez como su nuevo entrenador - Nativa Info<\/title>\n<meta name=\"robots\" content=\"index, follow, max-snippet:-1, max-image-preview:large, max-video-preview:-1\" \/>\n<link rel=\"canonical\" href=\"https:\/\/nativainfo.com\/?p=2523\" \/>\n<meta property=\"og:locale\" content=\"es_ES\" \/>\n<meta property=\"og:type\" content=\"article\" \/>\n<meta property=\"og:title\" content=\"Barcelona oficializ\u00f3 a Xavi Hern\u00e1ndez como su nuevo entrenador - Nativa Info\" \/>\n<meta property=\"og:description\" content=\"\u201cEs momento de volver a casa\u201d, public\u00f3 el club catal\u00e1n en sus redes sociales. Barcelona, de Espa\u00f1a, oficializ\u00f3 hoy la... Continue reading\" \/>\n<meta property=\"og:url\" content=\"https:\/\/nativainfo.com\/?p=2523\" \/>\n<meta property=\"og:site_name\" content=\"Nativa Info\" \/>\n<meta property=\"article:publisher\" content=\"https:\/\/www.facebook.com\/profile.php?id=61578881597564\" \/>\n<meta property=\"article:published_time\" content=\"2021-11-06T05:59:44+00:00\" \/>\n<meta property=\"article:modified_time\" content=\"2021-11-06T05:59:47+00:00\" \/>\n<meta property=\"og:image\" content=\"http:\/\/nativainfo.com\/wp-content\/uploads\/2021\/11\/imagen_2021-11-06_025930.png\" \/>\n<meta name=\"author\" content=\"Nativa Info\" \/>\n<meta name=\"twitter:card\" content=\"summary_large_image\" \/>\n<meta name=\"twitter:label1\" content=\"Escrito por\" \/>\n\t<meta name=\"twitter:data1\" content=\"Nativa Info\" \/>\n\t<meta name=\"twitter:label2\" content=\"Tiempo de lectura\" \/>\n\t<meta name=\"twitter:data2\" content=\"1 minuto\" \/>\n<script type=\"application\/ld+json\" class=\"yoast-schema-graph\">{\"@context\":\"https:\/\/schema.org\",\"@graph\":[{\"@type\":\"Article\",\"@id\":\"https:\/\/nativainfo.com\/?p=2523#article\",\"isPartOf\":{\"@id\":\"https:\/\/nativainfo.com\/?p=2523\"},\"author\":{\"name\":\"Nativa Info\",\"@id\":\"https:\/\/nativainfo.com\/#\/schema\/person\/24893b64a9cd564ddb5d102d36eb4b5c\"},\"headline\":\"Barcelona oficializ\u00f3 a Xavi Hern\u00e1ndez como su nuevo entrenador\",\"datePublished\":\"2021-11-06T05:59:44+00:00\",\"dateModified\":\"2021-11-06T05:59:47+00:00\",\"mainEntityOfPage\":{\"@id\":\"https:\/\/nativainfo.com\/?p=2523\"},\"wordCount\":172,\"commentCount\":0,\"publisher\":{\"@id\":\"https:\/\/nativainfo.com\/#organization\"},\"image\":{\"@id\":\"https:\/\/nativainfo.com\/?p=2523#primaryimage\"},\"thumbnailUrl\":\"http:\/\/nativainfo.com\/wp-content\/uploads\/2021\/11\/imagen_2021-11-06_025930.png\",\"articleSection\":[\"F\u00fatbol Internacional\"],\"inLanguage\":\"es-AR\",\"potentialAction\":[{\"@type\":\"CommentAction\",\"name\":\"Comment\",\"target\":[\"https:\/\/nativainfo.com\/?p=2523#respond\"]}]},{\"@type\":\"WebPage\",\"@id\":\"https:\/\/nativainfo.com\/?p=2523\",\"url\":\"https:\/\/nativainfo.com\/?p=2523\",\"name\":\"Barcelona oficializ\u00f3 a Xavi Hern\u00e1ndez como su nuevo entrenador - Nativa Info\",\"isPartOf\":{\"@id\":\"https:\/\/nativainfo.com\/#website\"},\"primaryImageOfPage\":{\"@id\":\"https:\/\/nativainfo.com\/?p=2523#primaryimage\"},\"image\":{\"@id\":\"https:\/\/nativainfo.com\/?p=2523#primaryimage\"},\"thumbnailUrl\":\"http:\/\/nativainfo.com\/wp-content\/uploads\/2021\/11\/imagen_2021-11-06_025930.png\",\"datePublished\":\"2021-11-06T05:59:44+00:00\",\"dateModified\":\"2021-11-06T05:59:47+00:00\",\"breadcrumb\":{\"@id\":\"https:\/\/nativainfo.com\/?p=2523#breadcrumb\"},\"inLanguage\":\"es-AR\",\"potentialAction\":[{\"@type\":\"ReadAction\",\"target\":[\"https:\/\/nativainfo.com\/?p=2523\"]}]},{\"@type\":\"ImageObject\",\"inLanguage\":\"es-AR\",\"@id\":\"https:\/\/nativainfo.com\/?p=2523#primaryimage\",\"url\":\"https:\/\/nativainfo.com\/wp-content\/uploads\/2021\/11\/imagen_2021-11-06_025930.png\",\"contentUrl\":\"https:\/\/nativainfo.com\/wp-content\/uploads\/2021\/11\/imagen_2021-11-06_025930.png\",\"width\":580,\"height\":330},{\"@type\":\"BreadcrumbList\",\"@id\":\"https:\/\/nativainfo.com\/?p=2523#breadcrumb\",\"itemListElement\":[{\"@type\":\"ListItem\",\"position\":1,\"name\":\"Inicio\",\"item\":\"https:\/\/nativainfo.com\/\"},{\"@type\":\"ListItem\",\"position\":2,\"name\":\"Barcelona oficializ\u00f3 a Xavi Hern\u00e1ndez como su nuevo entrenador\"}]},{\"@type\":\"WebSite\",\"@id\":\"https:\/\/nativainfo.com\/#website\",\"url\":\"https:\/\/nativainfo.com\/\",\"name\":\"Nativa Info\",\"description\":\"Diario Digital\",\"publisher\":{\"@id\":\"https:\/\/nativainfo.com\/#organization\"},\"potentialAction\":[{\"@type\":\"SearchAction\",\"target\":{\"@type\":\"EntryPoint\",\"urlTemplate\":\"https:\/\/nativainfo.com\/?s={search_term_string}\"},\"query-input\":{\"@type\":\"PropertyValueSpecification\",\"valueRequired\":true,\"valueName\":\"search_term_string\"}}],\"inLanguage\":\"es-AR\"},{\"@type\":\"Organization\",\"@id\":\"https:\/\/nativainfo.com\/#organization\",\"name\":\"Nativa Info\",\"url\":\"https:\/\/nativainfo.com\/\",\"logo\":{\"@type\":\"ImageObject\",\"inLanguage\":\"es-AR\",\"@id\":\"https:\/\/nativainfo.com\/#\/schema\/logo\/image\/\",\"url\":\"https:\/\/nativainfo.com\/wp-content\/uploads\/2025\/08\/LOGO-NATIVA-FACE.jpg\",\"contentUrl\":\"https:\/\/nativainfo.com\/wp-content\/uploads\/2025\/08\/LOGO-NATIVA-FACE.jpg\",\"width\":400,\"height\":400,\"caption\":\"Nativa Info\"},\"image\":{\"@id\":\"https:\/\/nativainfo.com\/#\/schema\/logo\/image\/\"},\"sameAs\":[\"https:\/\/www.facebook.com\/profile.php?id=61578881597564\"]},{\"@type\":\"Person\",\"@id\":\"https:\/\/nativainfo.com\/#\/schema\/person\/24893b64a9cd564ddb5d102d36eb4b5c\",\"name\":\"Nativa Info\",\"image\":{\"@type\":\"ImageObject\",\"inLanguage\":\"es-AR\",\"@id\":\"https:\/\/nativainfo.com\/#\/schema\/person\/image\/\",\"url\":\"https:\/\/secure.gravatar.com\/avatar\/016fa1cf068d85136d938e1507b9b619cb766e2565cbb1faa1e571762460c785?s=96&d=mm&r=g\",\"contentUrl\":\"https:\/\/secure.gravatar.com\/avatar\/016fa1cf068d85136d938e1507b9b619cb766e2565cbb1faa1e571762460c785?s=96&d=mm&r=g\",\"caption\":\"Nativa Info\"},\"sameAs\":[\"http:\/\/nativainfo.com\"],\"url\":\"https:\/\/nativainfo.com\/?author=1\"}]}<\/script>\n<!-- \/ Yoast SEO plugin. -->","yoast_head_json":{"title":"Barcelona oficializ\u00f3 a Xavi Hern\u00e1ndez como su nuevo entrenador - Nativa Info","robots":{"index":"index","follow":"follow","max-snippet":"max-snippet:-1","max-image-preview":"max-image-preview:large","max-video-preview":"max-video-preview:-1"},"canonical":"https:\/\/nativainfo.com\/?p=2523","og_locale":"es_ES","og_type":"article","og_title":"Barcelona oficializ\u00f3 a Xavi Hern\u00e1ndez como su nuevo entrenador - Nativa Info","og_description":"\u201cEs momento de volver a casa\u201d, public\u00f3 el club catal\u00e1n en sus redes sociales. Barcelona, de Espa\u00f1a, oficializ\u00f3 hoy la... Continue reading","og_url":"https:\/\/nativainfo.com\/?p=2523","og_site_name":"Nativa Info","article_publisher":"https:\/\/www.facebook.com\/profile.php?id=61578881597564","article_published_time":"2021-11-06T05:59:44+00:00","article_modified_time":"2021-11-06T05:59:47+00:00","og_image":[{"url":"http:\/\/nativainfo.com\/wp-content\/uploads\/2021\/11\/imagen_2021-11-06_025930.png","type":"","width":"","height":""}],"author":"Nativa Info","twitter_card":"summary_large_image","twitter_misc":{"Escrito por":"Nativa Info","Tiempo de lectura":"1 minuto"},"schema":{"@context":"https:\/\/schema.org","@graph":[{"@type":"Article","@id":"https:\/\/nativainfo.com\/?p=2523#article","isPartOf":{"@id":"https:\/\/nativainfo.com\/?p=2523"},"author":{"name":"Nativa Info","@id":"https:\/\/nativainfo.com\/#\/schema\/person\/24893b64a9cd564ddb5d102d36eb4b5c"},"headline":"Barcelona oficializ\u00f3 a Xavi Hern\u00e1ndez como su nuevo entrenador","datePublished":"2021-11-06T05:59:44+00:00","dateModified":"2021-11-06T05:59:47+00:00","mainEntityOfPage":{"@id":"https:\/\/nativainfo.com\/?p=2523"},"wordCount":172,"commentCount":0,"publisher":{"@id":"https:\/\/nativainfo.com\/#organization"},"image":{"@id":"https:\/\/nativainfo.com\/?p=2523#primaryimage"},"thumbnailUrl":"http:\/\/nativainfo.com\/wp-content\/uploads\/2021\/11\/imagen_2021-11-06_025930.png","articleSection":["F\u00fatbol Internacional"],"inLanguage":"es-AR","potentialAction":[{"@type":"CommentAction","name":"Comment","target":["https:\/\/nativainfo.com\/?p=2523#respond"]}]},{"@type":"WebPage","@id":"https:\/\/nativainfo.com\/?p=2523","url":"https:\/\/nativainfo.com\/?p=2523","name":"Barcelona oficializ\u00f3 a Xavi Hern\u00e1ndez como su nuevo entrenador - Nativa Info","isPartOf":{"@id":"https:\/\/nativainfo.com\/#website"},"primaryImageOfPage":{"@id":"https:\/\/nativainfo.com\/?p=2523#primaryimage"},"image":{"@id":"https:\/\/nativainfo.com\/?p=2523#primaryimage"},"thumbnailUrl":"http:\/\/nativainfo.com\/wp-content\/uploads\/2021\/11\/imagen_2021-11-06_025930.png","datePublished":"2021-11-06T05:59:44+00:00","dateModified":"2021-11-06T05:59:47+00:00","breadcrumb":{"@id":"https:\/\/nativainfo.com\/?p=2523#breadcrumb"},"inLanguage":"es-AR","potentialAction":[{"@type":"ReadAction","target":["https:\/\/nativainfo.com\/?p=2523"]}]},{"@type":"ImageObject","inLanguage":"es-AR","@id":"https:\/\/nativainfo.com\/?p=2523#primaryimage","url":"https:\/\/nativainfo.com\/wp-content\/uploads\/2021\/11\/imagen_2021-11-06_025930.png","contentUrl":"https:\/\/nativainfo.com\/wp-content\/uploads\/2021\/11\/imagen_2021-11-06_025930.png","width":580,"height":330},{"@type":"BreadcrumbList","@id":"https:\/\/nativainfo.com\/?p=2523#breadcrumb","itemListElement":[{"@type":"ListItem","position":1,"name":"Inicio","item":"https:\/\/nativainfo.com\/"},{"@type":"ListItem","position":2,"name":"Barcelona oficializ\u00f3 a Xavi Hern\u00e1ndez como su nuevo entrenador"}]},{"@type":"WebSite","@id":"https:\/\/nativainfo.com\/#website","url":"https:\/\/nativainfo.com\/","name":"Nativa Info","description":"Diario Digital","publisher":{"@id":"https:\/\/nativainfo.com\/#organization"},"potentialAction":[{"@type":"SearchAction","target":{"@type":"EntryPoint","urlTemplate":"https:\/\/nativainfo.com\/?s={search_term_string}"},"query-input":{"@type":"PropertyValueSpecification","valueRequired":true,"valueName":"search_term_string"}}],"inLanguage":"es-AR"},{"@type":"Organization","@id":"https:\/\/nativainfo.com\/#organization","name":"Nativa Info","url":"https:\/\/nativainfo.com\/","logo":{"@type":"ImageObject","inLanguage":"es-AR","@id":"https:\/\/nativainfo.com\/#\/schema\/logo\/image\/","url":"https:\/\/nativainfo.com\/wp-content\/uploads\/2025\/08\/LOGO-NATIVA-FACE.jpg","contentUrl":"https:\/\/nativainfo.com\/wp-content\/uploads\/2025\/08\/LOGO-NATIVA-FACE.jpg","width":400,"height":400,"caption":"Nativa Info"},"image":{"@id":"https:\/\/nativainfo.com\/#\/schema\/logo\/image\/"},"sameAs":["https:\/\/www.facebook.com\/profile.php?id=61578881597564"]},{"@type":"Person","@id":"https:\/\/nativainfo.com\/#\/schema\/person\/24893b64a9cd564ddb5d102d36eb4b5c","name":"Nativa Info","image":{"@type":"ImageObject","inLanguage":"es-AR","@id":"https:\/\/nativainfo.com\/#\/schema\/person\/image\/","url":"https:\/\/secure.gravatar.com\/avatar\/016fa1cf068d85136d938e1507b9b619cb766e2565cbb1faa1e571762460c785?s=96&d=mm&r=g","contentUrl":"https:\/\/secure.gravatar.com\/avatar\/016fa1cf068d85136d938e1507b9b619cb766e2565cbb1faa1e571762460c785?s=96&d=mm&r=g","caption":"Nativa Info"},"sameAs":["http:\/\/nativainfo.com"],"url":"https:\/\/nativainfo.com\/?author=1"}]}},"jetpack_publicize_connections":[],"_links":{"self":[{"href":"https:\/\/nativainfo.com\/index.php?rest_route=\/wp\/v2\/posts\/2523","targetHints":{"allow":["GET"]}}],"collection":[{"href":"https:\/\/nativainfo.com\/index.php?rest_route=\/wp\/v2\/posts"}],"about":[{"href":"https:\/\/nativainfo.com\/index.php?rest_route=\/wp\/v2\/types\/post"}],"author":[{"embeddable":true,"href":"https:\/\/nativainfo.com\/index.php?rest_route=\/wp\/v2\/users\/1"}],"replies":[{"embeddable":true,"href":"https:\/\/nativainfo.com\/index.php?rest_route=%2Fwp%2Fv2%2Fcomments&post=2523"}],"version-history":[{"count":1,"href":"https:\/\/nativainfo.com\/index.php?rest_route=\/wp\/v2\/posts\/2523\/revisions"}],"predecessor-version":[{"id":2527,"href":"https:\/\/nativainfo.com\/index.php?rest_route=\/wp\/v2\/posts\/2523\/revisions\/2527"}],"wp:attachment":[{"href":"https:\/\/nativainfo.com\/index.php?rest_route=%2Fwp%2Fv2%2Fmedia&parent=2523"}],"wp:term":[{"taxonomy":"category","embeddable":true,"href":"https:\/\/nativainfo.com\/index.php?rest_route=%2Fwp%2Fv2%2Fcategories&post=2523"},{"taxonomy":"post_tag","embeddable":true,"href":"https:\/\/nativainfo.com\/index.php?rest_route=%2Fwp%2Fv2%2Ftags&post=2523"}],"curies":[{"name":"wp","href":"https:\/\/api.w.org\/{rel}","templated":true}]}}