{"id":2505,"date":"2021-11-01T01:23:22","date_gmt":"2021-11-01T04:23:22","guid":{"rendered":"http:\/\/nativainfo.com\/?p=2505"},"modified":"2021-11-01T01:23:26","modified_gmt":"2021-11-01T04:23:26","slug":"las-actividades-culturales-tuvieron-una-destacada-participacion-de-publico","status":"publish","type":"post","link":"https:\/\/nativainfo.com\/?p=2505","title":{"rendered":"Las actividades culturales tuvieron una destacada participaci\u00f3n de p\u00fablico"},"content":{"rendered":"\n<p>Las actividades culturales libres y gratuitas organizadas por la Capital durante el fin de semana en distintos barrios tuvieron un importante acompa\u00f1amiento de p\u00fablico.<\/p>\n\n\n\n<figure class=\"wp-block-image size-large\"><img fetchpriority=\"high\" decoding=\"async\" width=\"372\" height=\"215\" src=\"http:\/\/nativainfo.com\/wp-content\/uploads\/2021\/11\/imagen_2021-11-01_012309.png\" alt=\"\" class=\"wp-image-2507\" srcset=\"https:\/\/nativainfo.com\/wp-content\/uploads\/2021\/11\/imagen_2021-11-01_012309.png 372w, https:\/\/nativainfo.com\/wp-content\/uploads\/2021\/11\/imagen_2021-11-01_012309-300x173.png 300w, https:\/\/nativainfo.com\/wp-content\/uploads\/2021\/11\/imagen_2021-11-01_012309-150x87.png 150w\" sizes=\"(max-width: 372px) 100vw, 372px\" \/><\/figure>\n\n\n\n<p>Con el prop\u00f3sito de impulsar la diversidad art\u00edstica que caracteriza a los santiague\u00f1os y localizarlos en diferentes lugares, comenzaron una serie de shows para mostrar el talento y la creatividad de referentes locales.<\/p>\n\n\n\n<p>Entre ellos, se destacaron actividades en la explanada del municipio en donde se present\u00f3 La Pesada Santiague\u00f1a; en la plaza del Ingenio del barrio Saint Germes en donde la formaci\u00f3n teatral Sombras y Trapos hizo un show con t\u00edteres y en el flamante Ovalo del Parque Sur actu\u00f3 el grupo Ultravioleta.<\/p>\n\n\n\n<p>A ello se sum\u00f3, el cierre del Noveno Festival de Jazz que tuvo como escenario el Parque del Encuentro del Parque Aguirre, en el cual participaron Sabrina Gallegos, Leonel De Francisco con un tributo a Louis Armstrong y Carlos Lastra Cuarteto.<\/p>\n","protected":false},"excerpt":{"rendered":"<p>Las actividades culturales libres y gratuitas organizadas por la Capital durante el fin de semana en distintos barrios tuvieron un&#8230; <a class=\"continue-reading-link\" href=\"https:\/\/nativainfo.com\/?p=2505\">Continue reading<\/a><\/p>\n","protected":false},"author":1,"featured_media":0,"comment_status":"open","ping_status":"open","sticky":false,"template":"","format":"standard","meta":{"rop_custom_images_group":[],"rop_custom_messages_group":[],"rop_publish_now":"initial","rop_publish_now_accounts":[],"rop_publish_now_history":[],"rop_publish_now_status":"pending","footnotes":"","jetpack_publicize_message":"","jetpack_publicize_feature_enabled":true,"jetpack_social_post_already_shared":false,"jetpack_social_options":{"image_generator_settings":{"template":"highway","default_image_id":0,"font":"","enabled":false},"version":2}},"categories":[25,40],"tags":[],"class_list":["post-2505","post","type-post","status-publish","format-standard","hentry","category-cultura","category-santiago-del-estero"],"yoast_head":"<!-- This site is optimized with the Yoast SEO plugin v25.6 - https:\/\/yoast.com\/wordpress\/plugins\/seo\/ -->\n<title>Las actividades culturales tuvieron una destacada participaci\u00f3n de p\u00fablico - Nativa Info<\/title>\n<meta name=\"robots\" content=\"index, follow, max-snippet:-1, max-image-preview:large, max-video-preview:-1\" \/>\n<link rel=\"canonical\" href=\"https:\/\/nativainfo.com\/?p=2505\" \/>\n<meta property=\"og:locale\" content=\"es_ES\" \/>\n<meta property=\"og:type\" content=\"article\" \/>\n<meta property=\"og:title\" content=\"Las actividades culturales tuvieron una destacada participaci\u00f3n de p\u00fablico - Nativa Info\" \/>\n<meta property=\"og:description\" content=\"Las actividades culturales libres y gratuitas organizadas por la Capital durante el fin de semana en distintos barrios tuvieron un... Continue reading\" \/>\n<meta property=\"og:url\" content=\"https:\/\/nativainfo.com\/?p=2505\" \/>\n<meta property=\"og:site_name\" content=\"Nativa Info\" \/>\n<meta property=\"article:publisher\" content=\"https:\/\/www.facebook.com\/profile.php?id=61578881597564\" \/>\n<meta property=\"article:published_time\" content=\"2021-11-01T04:23:22+00:00\" \/>\n<meta property=\"article:modified_time\" content=\"2021-11-01T04:23:26+00:00\" \/>\n<meta property=\"og:image\" content=\"http:\/\/nativainfo.com\/wp-content\/uploads\/2021\/11\/imagen_2021-11-01_012309.png\" \/>\n<meta name=\"author\" content=\"Nativa Info\" \/>\n<meta name=\"twitter:card\" content=\"summary_large_image\" \/>\n<meta name=\"twitter:label1\" content=\"Escrito por\" \/>\n\t<meta name=\"twitter:data1\" content=\"Nativa Info\" \/>\n\t<meta name=\"twitter:label2\" content=\"Tiempo de lectura\" \/>\n\t<meta name=\"twitter:data2\" content=\"1 minuto\" \/>\n<script type=\"application\/ld+json\" class=\"yoast-schema-graph\">{\"@context\":\"https:\/\/schema.org\",\"@graph\":[{\"@type\":\"Article\",\"@id\":\"https:\/\/nativainfo.com\/?p=2505#article\",\"isPartOf\":{\"@id\":\"https:\/\/nativainfo.com\/?p=2505\"},\"author\":{\"name\":\"Nativa Info\",\"@id\":\"https:\/\/nativainfo.com\/#\/schema\/person\/24893b64a9cd564ddb5d102d36eb4b5c\"},\"headline\":\"Las actividades culturales tuvieron una destacada participaci\u00f3n de p\u00fablico\",\"datePublished\":\"2021-11-01T04:23:22+00:00\",\"dateModified\":\"2021-11-01T04:23:26+00:00\",\"mainEntityOfPage\":{\"@id\":\"https:\/\/nativainfo.com\/?p=2505\"},\"wordCount\":168,\"commentCount\":0,\"publisher\":{\"@id\":\"https:\/\/nativainfo.com\/#organization\"},\"image\":{\"@id\":\"https:\/\/nativainfo.com\/?p=2505#primaryimage\"},\"thumbnailUrl\":\"http:\/\/nativainfo.com\/wp-content\/uploads\/2021\/11\/imagen_2021-11-01_012309.png\",\"articleSection\":[\"Cultura\",\"Santiago del Estero\"],\"inLanguage\":\"es-AR\",\"potentialAction\":[{\"@type\":\"CommentAction\",\"name\":\"Comment\",\"target\":[\"https:\/\/nativainfo.com\/?p=2505#respond\"]}]},{\"@type\":\"WebPage\",\"@id\":\"https:\/\/nativainfo.com\/?p=2505\",\"url\":\"https:\/\/nativainfo.com\/?p=2505\",\"name\":\"Las actividades culturales tuvieron una destacada participaci\u00f3n de p\u00fablico - Nativa Info\",\"isPartOf\":{\"@id\":\"https:\/\/nativainfo.com\/#website\"},\"primaryImageOfPage\":{\"@id\":\"https:\/\/nativainfo.com\/?p=2505#primaryimage\"},\"image\":{\"@id\":\"https:\/\/nativainfo.com\/?p=2505#primaryimage\"},\"thumbnailUrl\":\"http:\/\/nativainfo.com\/wp-content\/uploads\/2021\/11\/imagen_2021-11-01_012309.png\",\"datePublished\":\"2021-11-01T04:23:22+00:00\",\"dateModified\":\"2021-11-01T04:23:26+00:00\",\"breadcrumb\":{\"@id\":\"https:\/\/nativainfo.com\/?p=2505#breadcrumb\"},\"inLanguage\":\"es-AR\",\"potentialAction\":[{\"@type\":\"ReadAction\",\"target\":[\"https:\/\/nativainfo.com\/?p=2505\"]}]},{\"@type\":\"ImageObject\",\"inLanguage\":\"es-AR\",\"@id\":\"https:\/\/nativainfo.com\/?p=2505#primaryimage\",\"url\":\"https:\/\/nativainfo.com\/wp-content\/uploads\/2021\/11\/imagen_2021-11-01_012309.png\",\"contentUrl\":\"https:\/\/nativainfo.com\/wp-content\/uploads\/2021\/11\/imagen_2021-11-01_012309.png\",\"width\":372,\"height\":215},{\"@type\":\"BreadcrumbList\",\"@id\":\"https:\/\/nativainfo.com\/?p=2505#breadcrumb\",\"itemListElement\":[{\"@type\":\"ListItem\",\"position\":1,\"name\":\"Inicio\",\"item\":\"https:\/\/nativainfo.com\/\"},{\"@type\":\"ListItem\",\"position\":2,\"name\":\"Las actividades culturales tuvieron una destacada participaci\u00f3n de p\u00fablico\"}]},{\"@type\":\"WebSite\",\"@id\":\"https:\/\/nativainfo.com\/#website\",\"url\":\"https:\/\/nativainfo.com\/\",\"name\":\"Nativa Info\",\"description\":\"Diario Digital\",\"publisher\":{\"@id\":\"https:\/\/nativainfo.com\/#organization\"},\"potentialAction\":[{\"@type\":\"SearchAction\",\"target\":{\"@type\":\"EntryPoint\",\"urlTemplate\":\"https:\/\/nativainfo.com\/?s={search_term_string}\"},\"query-input\":{\"@type\":\"PropertyValueSpecification\",\"valueRequired\":true,\"valueName\":\"search_term_string\"}}],\"inLanguage\":\"es-AR\"},{\"@type\":\"Organization\",\"@id\":\"https:\/\/nativainfo.com\/#organization\",\"name\":\"Nativa Info\",\"url\":\"https:\/\/nativainfo.com\/\",\"logo\":{\"@type\":\"ImageObject\",\"inLanguage\":\"es-AR\",\"@id\":\"https:\/\/nativainfo.com\/#\/schema\/logo\/image\/\",\"url\":\"https:\/\/nativainfo.com\/wp-content\/uploads\/2025\/08\/LOGO-NATIVA-FACE.jpg\",\"contentUrl\":\"https:\/\/nativainfo.com\/wp-content\/uploads\/2025\/08\/LOGO-NATIVA-FACE.jpg\",\"width\":400,\"height\":400,\"caption\":\"Nativa Info\"},\"image\":{\"@id\":\"https:\/\/nativainfo.com\/#\/schema\/logo\/image\/\"},\"sameAs\":[\"https:\/\/www.facebook.com\/profile.php?id=61578881597564\"]},{\"@type\":\"Person\",\"@id\":\"https:\/\/nativainfo.com\/#\/schema\/person\/24893b64a9cd564ddb5d102d36eb4b5c\",\"name\":\"Nativa Info\",\"image\":{\"@type\":\"ImageObject\",\"inLanguage\":\"es-AR\",\"@id\":\"https:\/\/nativainfo.com\/#\/schema\/person\/image\/\",\"url\":\"https:\/\/secure.gravatar.com\/avatar\/016fa1cf068d85136d938e1507b9b619cb766e2565cbb1faa1e571762460c785?s=96&d=mm&r=g\",\"contentUrl\":\"https:\/\/secure.gravatar.com\/avatar\/016fa1cf068d85136d938e1507b9b619cb766e2565cbb1faa1e571762460c785?s=96&d=mm&r=g\",\"caption\":\"Nativa Info\"},\"sameAs\":[\"http:\/\/nativainfo.com\"],\"url\":\"https:\/\/nativainfo.com\/?author=1\"}]}<\/script>\n<!-- \/ Yoast SEO plugin. -->","yoast_head_json":{"title":"Las actividades culturales tuvieron una destacada participaci\u00f3n de p\u00fablico - Nativa Info","robots":{"index":"index","follow":"follow","max-snippet":"max-snippet:-1","max-image-preview":"max-image-preview:large","max-video-preview":"max-video-preview:-1"},"canonical":"https:\/\/nativainfo.com\/?p=2505","og_locale":"es_ES","og_type":"article","og_title":"Las actividades culturales tuvieron una destacada participaci\u00f3n de p\u00fablico - Nativa Info","og_description":"Las actividades culturales libres y gratuitas organizadas por la Capital durante el fin de semana en distintos barrios tuvieron un... Continue reading","og_url":"https:\/\/nativainfo.com\/?p=2505","og_site_name":"Nativa Info","article_publisher":"https:\/\/www.facebook.com\/profile.php?id=61578881597564","article_published_time":"2021-11-01T04:23:22+00:00","article_modified_time":"2021-11-01T04:23:26+00:00","og_image":[{"url":"http:\/\/nativainfo.com\/wp-content\/uploads\/2021\/11\/imagen_2021-11-01_012309.png","type":"","width":"","height":""}],"author":"Nativa Info","twitter_card":"summary_large_image","twitter_misc":{"Escrito por":"Nativa Info","Tiempo de lectura":"1 minuto"},"schema":{"@context":"https:\/\/schema.org","@graph":[{"@type":"Article","@id":"https:\/\/nativainfo.com\/?p=2505#article","isPartOf":{"@id":"https:\/\/nativainfo.com\/?p=2505"},"author":{"name":"Nativa Info","@id":"https:\/\/nativainfo.com\/#\/schema\/person\/24893b64a9cd564ddb5d102d36eb4b5c"},"headline":"Las actividades culturales tuvieron una destacada participaci\u00f3n de p\u00fablico","datePublished":"2021-11-01T04:23:22+00:00","dateModified":"2021-11-01T04:23:26+00:00","mainEntityOfPage":{"@id":"https:\/\/nativainfo.com\/?p=2505"},"wordCount":168,"commentCount":0,"publisher":{"@id":"https:\/\/nativainfo.com\/#organization"},"image":{"@id":"https:\/\/nativainfo.com\/?p=2505#primaryimage"},"thumbnailUrl":"http:\/\/nativainfo.com\/wp-content\/uploads\/2021\/11\/imagen_2021-11-01_012309.png","articleSection":["Cultura","Santiago del Estero"],"inLanguage":"es-AR","potentialAction":[{"@type":"CommentAction","name":"Comment","target":["https:\/\/nativainfo.com\/?p=2505#respond"]}]},{"@type":"WebPage","@id":"https:\/\/nativainfo.com\/?p=2505","url":"https:\/\/nativainfo.com\/?p=2505","name":"Las actividades culturales tuvieron una destacada participaci\u00f3n de p\u00fablico - Nativa Info","isPartOf":{"@id":"https:\/\/nativainfo.com\/#website"},"primaryImageOfPage":{"@id":"https:\/\/nativainfo.com\/?p=2505#primaryimage"},"image":{"@id":"https:\/\/nativainfo.com\/?p=2505#primaryimage"},"thumbnailUrl":"http:\/\/nativainfo.com\/wp-content\/uploads\/2021\/11\/imagen_2021-11-01_012309.png","datePublished":"2021-11-01T04:23:22+00:00","dateModified":"2021-11-01T04:23:26+00:00","breadcrumb":{"@id":"https:\/\/nativainfo.com\/?p=2505#breadcrumb"},"inLanguage":"es-AR","potentialAction":[{"@type":"ReadAction","target":["https:\/\/nativainfo.com\/?p=2505"]}]},{"@type":"ImageObject","inLanguage":"es-AR","@id":"https:\/\/nativainfo.com\/?p=2505#primaryimage","url":"https:\/\/nativainfo.com\/wp-content\/uploads\/2021\/11\/imagen_2021-11-01_012309.png","contentUrl":"https:\/\/nativainfo.com\/wp-content\/uploads\/2021\/11\/imagen_2021-11-01_012309.png","width":372,"height":215},{"@type":"BreadcrumbList","@id":"https:\/\/nativainfo.com\/?p=2505#breadcrumb","itemListElement":[{"@type":"ListItem","position":1,"name":"Inicio","item":"https:\/\/nativainfo.com\/"},{"@type":"ListItem","position":2,"name":"Las actividades culturales tuvieron una destacada participaci\u00f3n de p\u00fablico"}]},{"@type":"WebSite","@id":"https:\/\/nativainfo.com\/#website","url":"https:\/\/nativainfo.com\/","name":"Nativa Info","description":"Diario Digital","publisher":{"@id":"https:\/\/nativainfo.com\/#organization"},"potentialAction":[{"@type":"SearchAction","target":{"@type":"EntryPoint","urlTemplate":"https:\/\/nativainfo.com\/?s={search_term_string}"},"query-input":{"@type":"PropertyValueSpecification","valueRequired":true,"valueName":"search_term_string"}}],"inLanguage":"es-AR"},{"@type":"Organization","@id":"https:\/\/nativainfo.com\/#organization","name":"Nativa Info","url":"https:\/\/nativainfo.com\/","logo":{"@type":"ImageObject","inLanguage":"es-AR","@id":"https:\/\/nativainfo.com\/#\/schema\/logo\/image\/","url":"https:\/\/nativainfo.com\/wp-content\/uploads\/2025\/08\/LOGO-NATIVA-FACE.jpg","contentUrl":"https:\/\/nativainfo.com\/wp-content\/uploads\/2025\/08\/LOGO-NATIVA-FACE.jpg","width":400,"height":400,"caption":"Nativa Info"},"image":{"@id":"https:\/\/nativainfo.com\/#\/schema\/logo\/image\/"},"sameAs":["https:\/\/www.facebook.com\/profile.php?id=61578881597564"]},{"@type":"Person","@id":"https:\/\/nativainfo.com\/#\/schema\/person\/24893b64a9cd564ddb5d102d36eb4b5c","name":"Nativa Info","image":{"@type":"ImageObject","inLanguage":"es-AR","@id":"https:\/\/nativainfo.com\/#\/schema\/person\/image\/","url":"https:\/\/secure.gravatar.com\/avatar\/016fa1cf068d85136d938e1507b9b619cb766e2565cbb1faa1e571762460c785?s=96&d=mm&r=g","contentUrl":"https:\/\/secure.gravatar.com\/avatar\/016fa1cf068d85136d938e1507b9b619cb766e2565cbb1faa1e571762460c785?s=96&d=mm&r=g","caption":"Nativa Info"},"sameAs":["http:\/\/nativainfo.com"],"url":"https:\/\/nativainfo.com\/?author=1"}]}},"jetpack_publicize_connections":[],"_links":{"self":[{"href":"https:\/\/nativainfo.com\/index.php?rest_route=\/wp\/v2\/posts\/2505","targetHints":{"allow":["GET"]}}],"collection":[{"href":"https:\/\/nativainfo.com\/index.php?rest_route=\/wp\/v2\/posts"}],"about":[{"href":"https:\/\/nativainfo.com\/index.php?rest_route=\/wp\/v2\/types\/post"}],"author":[{"embeddable":true,"href":"https:\/\/nativainfo.com\/index.php?rest_route=\/wp\/v2\/users\/1"}],"replies":[{"embeddable":true,"href":"https:\/\/nativainfo.com\/index.php?rest_route=%2Fwp%2Fv2%2Fcomments&post=2505"}],"version-history":[{"count":1,"href":"https:\/\/nativainfo.com\/index.php?rest_route=\/wp\/v2\/posts\/2505\/revisions"}],"predecessor-version":[{"id":2508,"href":"https:\/\/nativainfo.com\/index.php?rest_route=\/wp\/v2\/posts\/2505\/revisions\/2508"}],"wp:attachment":[{"href":"https:\/\/nativainfo.com\/index.php?rest_route=%2Fwp%2Fv2%2Fmedia&parent=2505"}],"wp:term":[{"taxonomy":"category","embeddable":true,"href":"https:\/\/nativainfo.com\/index.php?rest_route=%2Fwp%2Fv2%2Fcategories&post=2505"},{"taxonomy":"post_tag","embeddable":true,"href":"https:\/\/nativainfo.com\/index.php?rest_route=%2Fwp%2Fv2%2Ftags&post=2505"}],"curies":[{"name":"wp","href":"https:\/\/api.w.org\/{rel}","templated":true}]}}