{"id":2497,"date":"2021-10-30T01:04:39","date_gmt":"2021-10-30T04:04:39","guid":{"rendered":"http:\/\/nativainfo.com\/?p=2497"},"modified":"2021-10-30T01:04:43","modified_gmt":"2021-10-30T04:04:43","slug":"el-presidente-inicia-manana-su-participacion-en-la-cumbre-de-lideres-de-g20","status":"publish","type":"post","link":"https:\/\/nativainfo.com\/?p=2497","title":{"rendered":"El Presidente inicia ma\u00f1ana su participaci\u00f3n en la Cumbre de L\u00edderes de G20"},"content":{"rendered":"\n<p><strong>El mandatario estar\u00e1 presente en primer lugar, a las 5:30, hora argentina, en la ceremonia de bienvenida a los jefes de Estado y de Gobierno del G20 en Roma.<\/strong><\/p>\n\n\n\n<figure class=\"wp-block-image size-large\"><img fetchpriority=\"high\" decoding=\"async\" width=\"540\" height=\"405\" src=\"http:\/\/nativainfo.com\/wp-content\/uploads\/2021\/10\/imagen_2021-10-30_010427.png\" alt=\"\" class=\"wp-image-2503\" srcset=\"https:\/\/nativainfo.com\/wp-content\/uploads\/2021\/10\/imagen_2021-10-30_010427.png 540w, https:\/\/nativainfo.com\/wp-content\/uploads\/2021\/10\/imagen_2021-10-30_010427-300x225.png 300w, https:\/\/nativainfo.com\/wp-content\/uploads\/2021\/10\/imagen_2021-10-30_010427-467x350.png 467w, https:\/\/nativainfo.com\/wp-content\/uploads\/2021\/10\/imagen_2021-10-30_010427-150x113.png 150w\" sizes=\"(max-width: 540px) 100vw, 540px\" \/><\/figure>\n\n\n\n<p>El presidente Alberto Fern\u00e1ndez participar\u00e1 ma\u00f1ana de la Cumbre de L\u00edderes del G20, en Roma, Italia, cuyo eje principal se centrar\u00e1 en el an\u00e1lisis de la situaci\u00f3n econ\u00f3mica y sanitaria global post pandemia, as\u00ed como en la crisis del cambio clim\u00e1tico.<\/p>\n\n\n\n<p>El mandatario estar\u00e1 presente en primer lugar, a las 5:30, hora argentina, de la ceremonia de bienvenida a los jefes de Estado y de Gobierno del G20 que encabezar\u00e1 el presidente del Consejo de Ministros de Italia, Mario Draghi, y que se desarrollar\u00e1 en el Centro de Convenciones La Nuvola de Roma.<\/p>\n\n\n\n<p>A continuaci\u00f3n, luego de la tradicional foto de familia, los l\u00edderes se trasladar\u00e1n al sal\u00f3n donde tendr\u00e1 lugar la primera sesi\u00f3n plenaria bajo la tem\u00e1tica \u201cEconom\u00eda global y salud global\u201d y donde el mandatario argentino tendr\u00e1 su primer intervenci\u00f3n.<\/p>\n\n\n\n<p>En tanto, desde las 9:00, el presidente Fern\u00e1ndez comenzar\u00e1 sus reuniones bilaterales con la canciller Federal de Alemania, Angela Merkel, para luego mantener un encuentro con el presidente del Consejo Europeo, Charles Michel.<\/p>\n","protected":false},"excerpt":{"rendered":"<p>El mandatario estar\u00e1 presente en primer lugar, a las 5:30, hora argentina, en la ceremonia de bienvenida a los jefes&#8230; <a class=\"continue-reading-link\" href=\"https:\/\/nativainfo.com\/?p=2497\">Continue reading<\/a><\/p>\n","protected":false},"author":1,"featured_media":0,"comment_status":"open","ping_status":"open","sticky":false,"template":"","format":"standard","meta":{"rop_custom_images_group":[],"rop_custom_messages_group":[],"rop_publish_now":"initial","rop_publish_now_accounts":[],"rop_publish_now_history":[],"rop_publish_now_status":"pending","footnotes":"","jetpack_publicize_message":"","jetpack_publicize_feature_enabled":true,"jetpack_social_post_already_shared":false,"jetpack_social_options":{"image_generator_settings":{"template":"highway","default_image_id":0,"font":"","enabled":false},"version":2}},"categories":[9,36],"tags":[],"class_list":["post-2497","post","type-post","status-publish","format-standard","hentry","category-pais","category-politica"],"yoast_head":"<!-- This site is optimized with the Yoast SEO plugin v25.6 - https:\/\/yoast.com\/wordpress\/plugins\/seo\/ -->\n<title>El Presidente inicia ma\u00f1ana su participaci\u00f3n en la Cumbre de L\u00edderes de G20 - Nativa Info<\/title>\n<meta name=\"robots\" content=\"index, follow, max-snippet:-1, max-image-preview:large, max-video-preview:-1\" \/>\n<link rel=\"canonical\" href=\"https:\/\/nativainfo.com\/?p=2497\" \/>\n<meta property=\"og:locale\" content=\"es_ES\" \/>\n<meta property=\"og:type\" content=\"article\" \/>\n<meta property=\"og:title\" content=\"El Presidente inicia ma\u00f1ana su participaci\u00f3n en la Cumbre de L\u00edderes de G20 - Nativa Info\" \/>\n<meta property=\"og:description\" content=\"El mandatario estar\u00e1 presente en primer lugar, a las 5:30, hora argentina, en la ceremonia de bienvenida a los jefes... Continue reading\" \/>\n<meta property=\"og:url\" content=\"https:\/\/nativainfo.com\/?p=2497\" \/>\n<meta property=\"og:site_name\" content=\"Nativa Info\" \/>\n<meta property=\"article:publisher\" content=\"https:\/\/www.facebook.com\/profile.php?id=61578881597564\" \/>\n<meta property=\"article:published_time\" content=\"2021-10-30T04:04:39+00:00\" \/>\n<meta property=\"article:modified_time\" content=\"2021-10-30T04:04:43+00:00\" \/>\n<meta property=\"og:image\" content=\"http:\/\/nativainfo.com\/wp-content\/uploads\/2021\/10\/imagen_2021-10-30_010427.png\" \/>\n<meta name=\"author\" content=\"Nativa Info\" \/>\n<meta name=\"twitter:card\" content=\"summary_large_image\" \/>\n<meta name=\"twitter:label1\" content=\"Escrito por\" \/>\n\t<meta name=\"twitter:data1\" content=\"Nativa Info\" \/>\n\t<meta name=\"twitter:label2\" content=\"Tiempo de lectura\" \/>\n\t<meta name=\"twitter:data2\" content=\"1 minuto\" \/>\n<script type=\"application\/ld+json\" class=\"yoast-schema-graph\">{\"@context\":\"https:\/\/schema.org\",\"@graph\":[{\"@type\":\"Article\",\"@id\":\"https:\/\/nativainfo.com\/?p=2497#article\",\"isPartOf\":{\"@id\":\"https:\/\/nativainfo.com\/?p=2497\"},\"author\":{\"name\":\"Nativa Info\",\"@id\":\"https:\/\/nativainfo.com\/#\/schema\/person\/24893b64a9cd564ddb5d102d36eb4b5c\"},\"headline\":\"El Presidente inicia ma\u00f1ana su participaci\u00f3n en la Cumbre de L\u00edderes de G20\",\"datePublished\":\"2021-10-30T04:04:39+00:00\",\"dateModified\":\"2021-10-30T04:04:43+00:00\",\"mainEntityOfPage\":{\"@id\":\"https:\/\/nativainfo.com\/?p=2497\"},\"wordCount\":223,\"commentCount\":0,\"publisher\":{\"@id\":\"https:\/\/nativainfo.com\/#organization\"},\"image\":{\"@id\":\"https:\/\/nativainfo.com\/?p=2497#primaryimage\"},\"thumbnailUrl\":\"http:\/\/nativainfo.com\/wp-content\/uploads\/2021\/10\/imagen_2021-10-30_010427.png\",\"articleSection\":[\"Pa\u00eds\",\"Pol\u00edtica\"],\"inLanguage\":\"es-AR\",\"potentialAction\":[{\"@type\":\"CommentAction\",\"name\":\"Comment\",\"target\":[\"https:\/\/nativainfo.com\/?p=2497#respond\"]}]},{\"@type\":\"WebPage\",\"@id\":\"https:\/\/nativainfo.com\/?p=2497\",\"url\":\"https:\/\/nativainfo.com\/?p=2497\",\"name\":\"El Presidente inicia ma\u00f1ana su participaci\u00f3n en la Cumbre de L\u00edderes de G20 - Nativa Info\",\"isPartOf\":{\"@id\":\"https:\/\/nativainfo.com\/#website\"},\"primaryImageOfPage\":{\"@id\":\"https:\/\/nativainfo.com\/?p=2497#primaryimage\"},\"image\":{\"@id\":\"https:\/\/nativainfo.com\/?p=2497#primaryimage\"},\"thumbnailUrl\":\"http:\/\/nativainfo.com\/wp-content\/uploads\/2021\/10\/imagen_2021-10-30_010427.png\",\"datePublished\":\"2021-10-30T04:04:39+00:00\",\"dateModified\":\"2021-10-30T04:04:43+00:00\",\"breadcrumb\":{\"@id\":\"https:\/\/nativainfo.com\/?p=2497#breadcrumb\"},\"inLanguage\":\"es-AR\",\"potentialAction\":[{\"@type\":\"ReadAction\",\"target\":[\"https:\/\/nativainfo.com\/?p=2497\"]}]},{\"@type\":\"ImageObject\",\"inLanguage\":\"es-AR\",\"@id\":\"https:\/\/nativainfo.com\/?p=2497#primaryimage\",\"url\":\"https:\/\/nativainfo.com\/wp-content\/uploads\/2021\/10\/imagen_2021-10-30_010427.png\",\"contentUrl\":\"https:\/\/nativainfo.com\/wp-content\/uploads\/2021\/10\/imagen_2021-10-30_010427.png\",\"width\":540,\"height\":405},{\"@type\":\"BreadcrumbList\",\"@id\":\"https:\/\/nativainfo.com\/?p=2497#breadcrumb\",\"itemListElement\":[{\"@type\":\"ListItem\",\"position\":1,\"name\":\"Inicio\",\"item\":\"https:\/\/nativainfo.com\/\"},{\"@type\":\"ListItem\",\"position\":2,\"name\":\"El Presidente inicia ma\u00f1ana su participaci\u00f3n en la Cumbre de L\u00edderes de G20\"}]},{\"@type\":\"WebSite\",\"@id\":\"https:\/\/nativainfo.com\/#website\",\"url\":\"https:\/\/nativainfo.com\/\",\"name\":\"Nativa Info\",\"description\":\"Diario Digital\",\"publisher\":{\"@id\":\"https:\/\/nativainfo.com\/#organization\"},\"potentialAction\":[{\"@type\":\"SearchAction\",\"target\":{\"@type\":\"EntryPoint\",\"urlTemplate\":\"https:\/\/nativainfo.com\/?s={search_term_string}\"},\"query-input\":{\"@type\":\"PropertyValueSpecification\",\"valueRequired\":true,\"valueName\":\"search_term_string\"}}],\"inLanguage\":\"es-AR\"},{\"@type\":\"Organization\",\"@id\":\"https:\/\/nativainfo.com\/#organization\",\"name\":\"Nativa Info\",\"url\":\"https:\/\/nativainfo.com\/\",\"logo\":{\"@type\":\"ImageObject\",\"inLanguage\":\"es-AR\",\"@id\":\"https:\/\/nativainfo.com\/#\/schema\/logo\/image\/\",\"url\":\"https:\/\/nativainfo.com\/wp-content\/uploads\/2025\/08\/LOGO-NATIVA-FACE.jpg\",\"contentUrl\":\"https:\/\/nativainfo.com\/wp-content\/uploads\/2025\/08\/LOGO-NATIVA-FACE.jpg\",\"width\":400,\"height\":400,\"caption\":\"Nativa Info\"},\"image\":{\"@id\":\"https:\/\/nativainfo.com\/#\/schema\/logo\/image\/\"},\"sameAs\":[\"https:\/\/www.facebook.com\/profile.php?id=61578881597564\"]},{\"@type\":\"Person\",\"@id\":\"https:\/\/nativainfo.com\/#\/schema\/person\/24893b64a9cd564ddb5d102d36eb4b5c\",\"name\":\"Nativa Info\",\"image\":{\"@type\":\"ImageObject\",\"inLanguage\":\"es-AR\",\"@id\":\"https:\/\/nativainfo.com\/#\/schema\/person\/image\/\",\"url\":\"https:\/\/secure.gravatar.com\/avatar\/016fa1cf068d85136d938e1507b9b619cb766e2565cbb1faa1e571762460c785?s=96&d=mm&r=g\",\"contentUrl\":\"https:\/\/secure.gravatar.com\/avatar\/016fa1cf068d85136d938e1507b9b619cb766e2565cbb1faa1e571762460c785?s=96&d=mm&r=g\",\"caption\":\"Nativa Info\"},\"sameAs\":[\"http:\/\/nativainfo.com\"],\"url\":\"https:\/\/nativainfo.com\/?author=1\"}]}<\/script>\n<!-- \/ Yoast SEO plugin. -->","yoast_head_json":{"title":"El Presidente inicia ma\u00f1ana su participaci\u00f3n en la Cumbre de L\u00edderes de G20 - Nativa Info","robots":{"index":"index","follow":"follow","max-snippet":"max-snippet:-1","max-image-preview":"max-image-preview:large","max-video-preview":"max-video-preview:-1"},"canonical":"https:\/\/nativainfo.com\/?p=2497","og_locale":"es_ES","og_type":"article","og_title":"El Presidente inicia ma\u00f1ana su participaci\u00f3n en la Cumbre de L\u00edderes de G20 - Nativa Info","og_description":"El mandatario estar\u00e1 presente en primer lugar, a las 5:30, hora argentina, en la ceremonia de bienvenida a los jefes... Continue reading","og_url":"https:\/\/nativainfo.com\/?p=2497","og_site_name":"Nativa Info","article_publisher":"https:\/\/www.facebook.com\/profile.php?id=61578881597564","article_published_time":"2021-10-30T04:04:39+00:00","article_modified_time":"2021-10-30T04:04:43+00:00","og_image":[{"url":"http:\/\/nativainfo.com\/wp-content\/uploads\/2021\/10\/imagen_2021-10-30_010427.png","type":"","width":"","height":""}],"author":"Nativa Info","twitter_card":"summary_large_image","twitter_misc":{"Escrito por":"Nativa Info","Tiempo de lectura":"1 minuto"},"schema":{"@context":"https:\/\/schema.org","@graph":[{"@type":"Article","@id":"https:\/\/nativainfo.com\/?p=2497#article","isPartOf":{"@id":"https:\/\/nativainfo.com\/?p=2497"},"author":{"name":"Nativa Info","@id":"https:\/\/nativainfo.com\/#\/schema\/person\/24893b64a9cd564ddb5d102d36eb4b5c"},"headline":"El Presidente inicia ma\u00f1ana su participaci\u00f3n en la Cumbre de L\u00edderes de G20","datePublished":"2021-10-30T04:04:39+00:00","dateModified":"2021-10-30T04:04:43+00:00","mainEntityOfPage":{"@id":"https:\/\/nativainfo.com\/?p=2497"},"wordCount":223,"commentCount":0,"publisher":{"@id":"https:\/\/nativainfo.com\/#organization"},"image":{"@id":"https:\/\/nativainfo.com\/?p=2497#primaryimage"},"thumbnailUrl":"http:\/\/nativainfo.com\/wp-content\/uploads\/2021\/10\/imagen_2021-10-30_010427.png","articleSection":["Pa\u00eds","Pol\u00edtica"],"inLanguage":"es-AR","potentialAction":[{"@type":"CommentAction","name":"Comment","target":["https:\/\/nativainfo.com\/?p=2497#respond"]}]},{"@type":"WebPage","@id":"https:\/\/nativainfo.com\/?p=2497","url":"https:\/\/nativainfo.com\/?p=2497","name":"El Presidente inicia ma\u00f1ana su participaci\u00f3n en la Cumbre de L\u00edderes de G20 - Nativa Info","isPartOf":{"@id":"https:\/\/nativainfo.com\/#website"},"primaryImageOfPage":{"@id":"https:\/\/nativainfo.com\/?p=2497#primaryimage"},"image":{"@id":"https:\/\/nativainfo.com\/?p=2497#primaryimage"},"thumbnailUrl":"http:\/\/nativainfo.com\/wp-content\/uploads\/2021\/10\/imagen_2021-10-30_010427.png","datePublished":"2021-10-30T04:04:39+00:00","dateModified":"2021-10-30T04:04:43+00:00","breadcrumb":{"@id":"https:\/\/nativainfo.com\/?p=2497#breadcrumb"},"inLanguage":"es-AR","potentialAction":[{"@type":"ReadAction","target":["https:\/\/nativainfo.com\/?p=2497"]}]},{"@type":"ImageObject","inLanguage":"es-AR","@id":"https:\/\/nativainfo.com\/?p=2497#primaryimage","url":"https:\/\/nativainfo.com\/wp-content\/uploads\/2021\/10\/imagen_2021-10-30_010427.png","contentUrl":"https:\/\/nativainfo.com\/wp-content\/uploads\/2021\/10\/imagen_2021-10-30_010427.png","width":540,"height":405},{"@type":"BreadcrumbList","@id":"https:\/\/nativainfo.com\/?p=2497#breadcrumb","itemListElement":[{"@type":"ListItem","position":1,"name":"Inicio","item":"https:\/\/nativainfo.com\/"},{"@type":"ListItem","position":2,"name":"El Presidente inicia ma\u00f1ana su participaci\u00f3n en la Cumbre de L\u00edderes de G20"}]},{"@type":"WebSite","@id":"https:\/\/nativainfo.com\/#website","url":"https:\/\/nativainfo.com\/","name":"Nativa Info","description":"Diario Digital","publisher":{"@id":"https:\/\/nativainfo.com\/#organization"},"potentialAction":[{"@type":"SearchAction","target":{"@type":"EntryPoint","urlTemplate":"https:\/\/nativainfo.com\/?s={search_term_string}"},"query-input":{"@type":"PropertyValueSpecification","valueRequired":true,"valueName":"search_term_string"}}],"inLanguage":"es-AR"},{"@type":"Organization","@id":"https:\/\/nativainfo.com\/#organization","name":"Nativa Info","url":"https:\/\/nativainfo.com\/","logo":{"@type":"ImageObject","inLanguage":"es-AR","@id":"https:\/\/nativainfo.com\/#\/schema\/logo\/image\/","url":"https:\/\/nativainfo.com\/wp-content\/uploads\/2025\/08\/LOGO-NATIVA-FACE.jpg","contentUrl":"https:\/\/nativainfo.com\/wp-content\/uploads\/2025\/08\/LOGO-NATIVA-FACE.jpg","width":400,"height":400,"caption":"Nativa Info"},"image":{"@id":"https:\/\/nativainfo.com\/#\/schema\/logo\/image\/"},"sameAs":["https:\/\/www.facebook.com\/profile.php?id=61578881597564"]},{"@type":"Person","@id":"https:\/\/nativainfo.com\/#\/schema\/person\/24893b64a9cd564ddb5d102d36eb4b5c","name":"Nativa Info","image":{"@type":"ImageObject","inLanguage":"es-AR","@id":"https:\/\/nativainfo.com\/#\/schema\/person\/image\/","url":"https:\/\/secure.gravatar.com\/avatar\/016fa1cf068d85136d938e1507b9b619cb766e2565cbb1faa1e571762460c785?s=96&d=mm&r=g","contentUrl":"https:\/\/secure.gravatar.com\/avatar\/016fa1cf068d85136d938e1507b9b619cb766e2565cbb1faa1e571762460c785?s=96&d=mm&r=g","caption":"Nativa Info"},"sameAs":["http:\/\/nativainfo.com"],"url":"https:\/\/nativainfo.com\/?author=1"}]}},"jetpack_publicize_connections":[],"_links":{"self":[{"href":"https:\/\/nativainfo.com\/index.php?rest_route=\/wp\/v2\/posts\/2497","targetHints":{"allow":["GET"]}}],"collection":[{"href":"https:\/\/nativainfo.com\/index.php?rest_route=\/wp\/v2\/posts"}],"about":[{"href":"https:\/\/nativainfo.com\/index.php?rest_route=\/wp\/v2\/types\/post"}],"author":[{"embeddable":true,"href":"https:\/\/nativainfo.com\/index.php?rest_route=\/wp\/v2\/users\/1"}],"replies":[{"embeddable":true,"href":"https:\/\/nativainfo.com\/index.php?rest_route=%2Fwp%2Fv2%2Fcomments&post=2497"}],"version-history":[{"count":2,"href":"https:\/\/nativainfo.com\/index.php?rest_route=\/wp\/v2\/posts\/2497\/revisions"}],"predecessor-version":[{"id":2518,"href":"https:\/\/nativainfo.com\/index.php?rest_route=\/wp\/v2\/posts\/2497\/revisions\/2518"}],"wp:attachment":[{"href":"https:\/\/nativainfo.com\/index.php?rest_route=%2Fwp%2Fv2%2Fmedia&parent=2497"}],"wp:term":[{"taxonomy":"category","embeddable":true,"href":"https:\/\/nativainfo.com\/index.php?rest_route=%2Fwp%2Fv2%2Fcategories&post=2497"},{"taxonomy":"post_tag","embeddable":true,"href":"https:\/\/nativainfo.com\/index.php?rest_route=%2Fwp%2Fv2%2Ftags&post=2497"}],"curies":[{"name":"wp","href":"https:\/\/api.w.org\/{rel}","templated":true}]}}