{"id":2496,"date":"2021-10-30T01:04:06","date_gmt":"2021-10-30T04:04:06","guid":{"rendered":"http:\/\/nativainfo.com\/?p=2496"},"modified":"2021-10-30T01:04:21","modified_gmt":"2021-10-30T04:04:21","slug":"gobierno-anuncio-el-aforo-completo-en-los-estadios-a-partir-del-16-de-noviembre","status":"publish","type":"post","link":"https:\/\/nativainfo.com\/?p=2496","title":{"rendered":"Gobierno anunci\u00f3 el aforo completo en los estadios a partir del 16 de noviembre"},"content":{"rendered":"\n<p><strong>Lo confirm\u00f3 Carla Vizzotti, ministra de Salud de la Naci\u00f3n. La medida contempla al partido entre Argentina y Brasil por las Eliminatorias.<\/strong><\/p>\n\n\n\n<figure class=\"wp-block-image size-large\"><img fetchpriority=\"high\" decoding=\"async\" width=\"1010\" height=\"567\" src=\"http:\/\/nativainfo.com\/wp-content\/uploads\/2021\/10\/imagen_2021-10-30_010318.png\" alt=\"\" class=\"wp-image-2500\" srcset=\"https:\/\/nativainfo.com\/wp-content\/uploads\/2021\/10\/imagen_2021-10-30_010318.png 1010w, https:\/\/nativainfo.com\/wp-content\/uploads\/2021\/10\/imagen_2021-10-30_010318-300x168.png 300w, https:\/\/nativainfo.com\/wp-content\/uploads\/2021\/10\/imagen_2021-10-30_010318-768x431.png 768w, https:\/\/nativainfo.com\/wp-content\/uploads\/2021\/10\/imagen_2021-10-30_010318-623x350.png 623w, https:\/\/nativainfo.com\/wp-content\/uploads\/2021\/10\/imagen_2021-10-30_010318-150x84.png 150w\" sizes=\"(max-width: 1010px) 100vw, 1010px\" \/><\/figure>\n\n\n\n<p>La ministra de Salud,&nbsp;<strong>Carla Vizzotti<\/strong>, anunci\u00f3 en conferencia de prensa que&nbsp;<strong>vuelve el 100% de aforo del p\u00fablico en los estadios a partir del pr\u00f3ximo 16 de noviembre<\/strong>. La medida contempla el partido entre&nbsp;<strong>Argentina&nbsp;<\/strong>y&nbsp;<strong>Brasil&nbsp;<\/strong>por las&nbsp;<strong>Eliminatorias rumbo al Mundial de Qatar 2022<\/strong>.<\/p>\n\n\n\n<p>La titular de la cartera sanitaria, de forma imprevista, brind\u00f3 una conferencia de prensa para dar anuncios sanitarios vinculados a la vacunaci\u00f3n, el calendario y las \u00faltimas flexibilizaciones que recomend\u00f3 la&nbsp;<strong>Uni\u00f3n Europea<\/strong>&nbsp;que beneficia a viajeros de&nbsp;<strong>Argentina<\/strong>.<\/p>\n\n\n\n<p>Sin embargo, al ser consultada por el f\u00fatbol, respondi\u00f3:&nbsp;<em>&#8220;Lo que se anuncia a partir del 16 de noviembre es el 100% en todos los espect\u00e1culos masivos. En el DNU vigente se requiere al menos una dosis y tambi\u00e9n, en funci\u00f3n de la situaci\u00f3n epidemiol\u00f3gica, se van a ir revisando los requisitos&#8221;<\/em>.<\/p>\n\n\n\n<p>&#8220;<em>La informaci\u00f3n es que&nbsp;<strong>a partir del 16 de noviembre<\/strong>&nbsp;no es s\u00f3lo el partido de&nbsp;<strong>Argentina&nbsp;<\/strong>&#8211;&nbsp;<strong>Brasil<\/strong>, sino el aforo en todos los espect\u00e1culos&nbsp;masivos que se lleven en adelante en&nbsp;<strong>Argentina<\/strong>&#8220;<\/em>, confirm\u00f3 la ministra.<\/p>\n","protected":false},"excerpt":{"rendered":"<p>Lo confirm\u00f3 Carla Vizzotti, ministra de Salud de la Naci\u00f3n. La medida contempla al partido entre Argentina y Brasil por&#8230; <a class=\"continue-reading-link\" href=\"https:\/\/nativainfo.com\/?p=2496\">Continue reading<\/a><\/p>\n","protected":false},"author":1,"featured_media":0,"comment_status":"open","ping_status":"open","sticky":false,"template":"","format":"standard","meta":{"rop_custom_images_group":[],"rop_custom_messages_group":[],"rop_publish_now":"initial","rop_publish_now_accounts":[],"rop_publish_now_history":[],"rop_publish_now_status":"pending","footnotes":"","jetpack_publicize_message":"","jetpack_publicize_feature_enabled":true,"jetpack_social_post_already_shared":false,"jetpack_social_options":{"image_generator_settings":{"template":"highway","default_image_id":0,"font":"","enabled":false},"version":2}},"categories":[41,9],"tags":[],"class_list":["post-2496","post","type-post","status-publish","format-standard","hentry","category-futbol","category-pais"],"yoast_head":"<!-- This site is optimized with the Yoast SEO plugin v25.6 - https:\/\/yoast.com\/wordpress\/plugins\/seo\/ -->\n<title>Gobierno anunci\u00f3 el aforo completo en los estadios a partir del 16 de noviembre - Nativa Info<\/title>\n<meta name=\"robots\" content=\"index, follow, max-snippet:-1, max-image-preview:large, max-video-preview:-1\" \/>\n<link rel=\"canonical\" href=\"https:\/\/nativainfo.com\/?p=2496\" \/>\n<meta property=\"og:locale\" content=\"es_ES\" \/>\n<meta property=\"og:type\" content=\"article\" \/>\n<meta property=\"og:title\" content=\"Gobierno anunci\u00f3 el aforo completo en los estadios a partir del 16 de noviembre - Nativa Info\" \/>\n<meta property=\"og:description\" content=\"Lo confirm\u00f3 Carla Vizzotti, ministra de Salud de la Naci\u00f3n. La medida contempla al partido entre Argentina y Brasil por... Continue reading\" \/>\n<meta property=\"og:url\" content=\"https:\/\/nativainfo.com\/?p=2496\" \/>\n<meta property=\"og:site_name\" content=\"Nativa Info\" \/>\n<meta property=\"article:publisher\" content=\"https:\/\/www.facebook.com\/profile.php?id=61578881597564\" \/>\n<meta property=\"article:published_time\" content=\"2021-10-30T04:04:06+00:00\" \/>\n<meta property=\"article:modified_time\" content=\"2021-10-30T04:04:21+00:00\" \/>\n<meta property=\"og:image\" content=\"http:\/\/nativainfo.com\/wp-content\/uploads\/2021\/10\/imagen_2021-10-30_010318.png\" \/>\n<meta name=\"author\" content=\"Nativa Info\" \/>\n<meta name=\"twitter:card\" content=\"summary_large_image\" \/>\n<meta name=\"twitter:label1\" content=\"Escrito por\" \/>\n\t<meta name=\"twitter:data1\" content=\"Nativa Info\" \/>\n\t<meta name=\"twitter:label2\" content=\"Tiempo de lectura\" \/>\n\t<meta name=\"twitter:data2\" content=\"1 minuto\" \/>\n<script type=\"application\/ld+json\" class=\"yoast-schema-graph\">{\"@context\":\"https:\/\/schema.org\",\"@graph\":[{\"@type\":\"Article\",\"@id\":\"https:\/\/nativainfo.com\/?p=2496#article\",\"isPartOf\":{\"@id\":\"https:\/\/nativainfo.com\/?p=2496\"},\"author\":{\"name\":\"Nativa Info\",\"@id\":\"https:\/\/nativainfo.com\/#\/schema\/person\/24893b64a9cd564ddb5d102d36eb4b5c\"},\"headline\":\"Gobierno anunci\u00f3 el aforo completo en los estadios a partir del 16 de noviembre\",\"datePublished\":\"2021-10-30T04:04:06+00:00\",\"dateModified\":\"2021-10-30T04:04:21+00:00\",\"mainEntityOfPage\":{\"@id\":\"https:\/\/nativainfo.com\/?p=2496\"},\"wordCount\":236,\"commentCount\":0,\"publisher\":{\"@id\":\"https:\/\/nativainfo.com\/#organization\"},\"image\":{\"@id\":\"https:\/\/nativainfo.com\/?p=2496#primaryimage\"},\"thumbnailUrl\":\"http:\/\/nativainfo.com\/wp-content\/uploads\/2021\/10\/imagen_2021-10-30_010318.png\",\"articleSection\":[\"F\u00fatbol\",\"Pa\u00eds\"],\"inLanguage\":\"es-AR\",\"potentialAction\":[{\"@type\":\"CommentAction\",\"name\":\"Comment\",\"target\":[\"https:\/\/nativainfo.com\/?p=2496#respond\"]}]},{\"@type\":\"WebPage\",\"@id\":\"https:\/\/nativainfo.com\/?p=2496\",\"url\":\"https:\/\/nativainfo.com\/?p=2496\",\"name\":\"Gobierno anunci\u00f3 el aforo completo en los estadios a partir del 16 de noviembre - Nativa Info\",\"isPartOf\":{\"@id\":\"https:\/\/nativainfo.com\/#website\"},\"primaryImageOfPage\":{\"@id\":\"https:\/\/nativainfo.com\/?p=2496#primaryimage\"},\"image\":{\"@id\":\"https:\/\/nativainfo.com\/?p=2496#primaryimage\"},\"thumbnailUrl\":\"http:\/\/nativainfo.com\/wp-content\/uploads\/2021\/10\/imagen_2021-10-30_010318.png\",\"datePublished\":\"2021-10-30T04:04:06+00:00\",\"dateModified\":\"2021-10-30T04:04:21+00:00\",\"breadcrumb\":{\"@id\":\"https:\/\/nativainfo.com\/?p=2496#breadcrumb\"},\"inLanguage\":\"es-AR\",\"potentialAction\":[{\"@type\":\"ReadAction\",\"target\":[\"https:\/\/nativainfo.com\/?p=2496\"]}]},{\"@type\":\"ImageObject\",\"inLanguage\":\"es-AR\",\"@id\":\"https:\/\/nativainfo.com\/?p=2496#primaryimage\",\"url\":\"https:\/\/nativainfo.com\/wp-content\/uploads\/2021\/10\/imagen_2021-10-30_010318.png\",\"contentUrl\":\"https:\/\/nativainfo.com\/wp-content\/uploads\/2021\/10\/imagen_2021-10-30_010318.png\",\"width\":1010,\"height\":567},{\"@type\":\"BreadcrumbList\",\"@id\":\"https:\/\/nativainfo.com\/?p=2496#breadcrumb\",\"itemListElement\":[{\"@type\":\"ListItem\",\"position\":1,\"name\":\"Inicio\",\"item\":\"https:\/\/nativainfo.com\/\"},{\"@type\":\"ListItem\",\"position\":2,\"name\":\"Gobierno anunci\u00f3 el aforo completo en los estadios a partir del 16 de noviembre\"}]},{\"@type\":\"WebSite\",\"@id\":\"https:\/\/nativainfo.com\/#website\",\"url\":\"https:\/\/nativainfo.com\/\",\"name\":\"Nativa Info\",\"description\":\"Diario Digital\",\"publisher\":{\"@id\":\"https:\/\/nativainfo.com\/#organization\"},\"potentialAction\":[{\"@type\":\"SearchAction\",\"target\":{\"@type\":\"EntryPoint\",\"urlTemplate\":\"https:\/\/nativainfo.com\/?s={search_term_string}\"},\"query-input\":{\"@type\":\"PropertyValueSpecification\",\"valueRequired\":true,\"valueName\":\"search_term_string\"}}],\"inLanguage\":\"es-AR\"},{\"@type\":\"Organization\",\"@id\":\"https:\/\/nativainfo.com\/#organization\",\"name\":\"Nativa Info\",\"url\":\"https:\/\/nativainfo.com\/\",\"logo\":{\"@type\":\"ImageObject\",\"inLanguage\":\"es-AR\",\"@id\":\"https:\/\/nativainfo.com\/#\/schema\/logo\/image\/\",\"url\":\"https:\/\/nativainfo.com\/wp-content\/uploads\/2025\/08\/LOGO-NATIVA-FACE.jpg\",\"contentUrl\":\"https:\/\/nativainfo.com\/wp-content\/uploads\/2025\/08\/LOGO-NATIVA-FACE.jpg\",\"width\":400,\"height\":400,\"caption\":\"Nativa Info\"},\"image\":{\"@id\":\"https:\/\/nativainfo.com\/#\/schema\/logo\/image\/\"},\"sameAs\":[\"https:\/\/www.facebook.com\/profile.php?id=61578881597564\"]},{\"@type\":\"Person\",\"@id\":\"https:\/\/nativainfo.com\/#\/schema\/person\/24893b64a9cd564ddb5d102d36eb4b5c\",\"name\":\"Nativa Info\",\"image\":{\"@type\":\"ImageObject\",\"inLanguage\":\"es-AR\",\"@id\":\"https:\/\/nativainfo.com\/#\/schema\/person\/image\/\",\"url\":\"https:\/\/secure.gravatar.com\/avatar\/016fa1cf068d85136d938e1507b9b619cb766e2565cbb1faa1e571762460c785?s=96&d=mm&r=g\",\"contentUrl\":\"https:\/\/secure.gravatar.com\/avatar\/016fa1cf068d85136d938e1507b9b619cb766e2565cbb1faa1e571762460c785?s=96&d=mm&r=g\",\"caption\":\"Nativa Info\"},\"sameAs\":[\"http:\/\/nativainfo.com\"],\"url\":\"https:\/\/nativainfo.com\/?author=1\"}]}<\/script>\n<!-- \/ Yoast SEO plugin. -->","yoast_head_json":{"title":"Gobierno anunci\u00f3 el aforo completo en los estadios a partir del 16 de noviembre - Nativa Info","robots":{"index":"index","follow":"follow","max-snippet":"max-snippet:-1","max-image-preview":"max-image-preview:large","max-video-preview":"max-video-preview:-1"},"canonical":"https:\/\/nativainfo.com\/?p=2496","og_locale":"es_ES","og_type":"article","og_title":"Gobierno anunci\u00f3 el aforo completo en los estadios a partir del 16 de noviembre - Nativa Info","og_description":"Lo confirm\u00f3 Carla Vizzotti, ministra de Salud de la Naci\u00f3n. La medida contempla al partido entre Argentina y Brasil por... Continue reading","og_url":"https:\/\/nativainfo.com\/?p=2496","og_site_name":"Nativa Info","article_publisher":"https:\/\/www.facebook.com\/profile.php?id=61578881597564","article_published_time":"2021-10-30T04:04:06+00:00","article_modified_time":"2021-10-30T04:04:21+00:00","og_image":[{"url":"http:\/\/nativainfo.com\/wp-content\/uploads\/2021\/10\/imagen_2021-10-30_010318.png","type":"","width":"","height":""}],"author":"Nativa Info","twitter_card":"summary_large_image","twitter_misc":{"Escrito por":"Nativa Info","Tiempo de lectura":"1 minuto"},"schema":{"@context":"https:\/\/schema.org","@graph":[{"@type":"Article","@id":"https:\/\/nativainfo.com\/?p=2496#article","isPartOf":{"@id":"https:\/\/nativainfo.com\/?p=2496"},"author":{"name":"Nativa Info","@id":"https:\/\/nativainfo.com\/#\/schema\/person\/24893b64a9cd564ddb5d102d36eb4b5c"},"headline":"Gobierno anunci\u00f3 el aforo completo en los estadios a partir del 16 de noviembre","datePublished":"2021-10-30T04:04:06+00:00","dateModified":"2021-10-30T04:04:21+00:00","mainEntityOfPage":{"@id":"https:\/\/nativainfo.com\/?p=2496"},"wordCount":236,"commentCount":0,"publisher":{"@id":"https:\/\/nativainfo.com\/#organization"},"image":{"@id":"https:\/\/nativainfo.com\/?p=2496#primaryimage"},"thumbnailUrl":"http:\/\/nativainfo.com\/wp-content\/uploads\/2021\/10\/imagen_2021-10-30_010318.png","articleSection":["F\u00fatbol","Pa\u00eds"],"inLanguage":"es-AR","potentialAction":[{"@type":"CommentAction","name":"Comment","target":["https:\/\/nativainfo.com\/?p=2496#respond"]}]},{"@type":"WebPage","@id":"https:\/\/nativainfo.com\/?p=2496","url":"https:\/\/nativainfo.com\/?p=2496","name":"Gobierno anunci\u00f3 el aforo completo en los estadios a partir del 16 de noviembre - Nativa Info","isPartOf":{"@id":"https:\/\/nativainfo.com\/#website"},"primaryImageOfPage":{"@id":"https:\/\/nativainfo.com\/?p=2496#primaryimage"},"image":{"@id":"https:\/\/nativainfo.com\/?p=2496#primaryimage"},"thumbnailUrl":"http:\/\/nativainfo.com\/wp-content\/uploads\/2021\/10\/imagen_2021-10-30_010318.png","datePublished":"2021-10-30T04:04:06+00:00","dateModified":"2021-10-30T04:04:21+00:00","breadcrumb":{"@id":"https:\/\/nativainfo.com\/?p=2496#breadcrumb"},"inLanguage":"es-AR","potentialAction":[{"@type":"ReadAction","target":["https:\/\/nativainfo.com\/?p=2496"]}]},{"@type":"ImageObject","inLanguage":"es-AR","@id":"https:\/\/nativainfo.com\/?p=2496#primaryimage","url":"https:\/\/nativainfo.com\/wp-content\/uploads\/2021\/10\/imagen_2021-10-30_010318.png","contentUrl":"https:\/\/nativainfo.com\/wp-content\/uploads\/2021\/10\/imagen_2021-10-30_010318.png","width":1010,"height":567},{"@type":"BreadcrumbList","@id":"https:\/\/nativainfo.com\/?p=2496#breadcrumb","itemListElement":[{"@type":"ListItem","position":1,"name":"Inicio","item":"https:\/\/nativainfo.com\/"},{"@type":"ListItem","position":2,"name":"Gobierno anunci\u00f3 el aforo completo en los estadios a partir del 16 de noviembre"}]},{"@type":"WebSite","@id":"https:\/\/nativainfo.com\/#website","url":"https:\/\/nativainfo.com\/","name":"Nativa Info","description":"Diario Digital","publisher":{"@id":"https:\/\/nativainfo.com\/#organization"},"potentialAction":[{"@type":"SearchAction","target":{"@type":"EntryPoint","urlTemplate":"https:\/\/nativainfo.com\/?s={search_term_string}"},"query-input":{"@type":"PropertyValueSpecification","valueRequired":true,"valueName":"search_term_string"}}],"inLanguage":"es-AR"},{"@type":"Organization","@id":"https:\/\/nativainfo.com\/#organization","name":"Nativa Info","url":"https:\/\/nativainfo.com\/","logo":{"@type":"ImageObject","inLanguage":"es-AR","@id":"https:\/\/nativainfo.com\/#\/schema\/logo\/image\/","url":"https:\/\/nativainfo.com\/wp-content\/uploads\/2025\/08\/LOGO-NATIVA-FACE.jpg","contentUrl":"https:\/\/nativainfo.com\/wp-content\/uploads\/2025\/08\/LOGO-NATIVA-FACE.jpg","width":400,"height":400,"caption":"Nativa Info"},"image":{"@id":"https:\/\/nativainfo.com\/#\/schema\/logo\/image\/"},"sameAs":["https:\/\/www.facebook.com\/profile.php?id=61578881597564"]},{"@type":"Person","@id":"https:\/\/nativainfo.com\/#\/schema\/person\/24893b64a9cd564ddb5d102d36eb4b5c","name":"Nativa Info","image":{"@type":"ImageObject","inLanguage":"es-AR","@id":"https:\/\/nativainfo.com\/#\/schema\/person\/image\/","url":"https:\/\/secure.gravatar.com\/avatar\/016fa1cf068d85136d938e1507b9b619cb766e2565cbb1faa1e571762460c785?s=96&d=mm&r=g","contentUrl":"https:\/\/secure.gravatar.com\/avatar\/016fa1cf068d85136d938e1507b9b619cb766e2565cbb1faa1e571762460c785?s=96&d=mm&r=g","caption":"Nativa Info"},"sameAs":["http:\/\/nativainfo.com"],"url":"https:\/\/nativainfo.com\/?author=1"}]}},"jetpack_publicize_connections":[],"_links":{"self":[{"href":"https:\/\/nativainfo.com\/index.php?rest_route=\/wp\/v2\/posts\/2496","targetHints":{"allow":["GET"]}}],"collection":[{"href":"https:\/\/nativainfo.com\/index.php?rest_route=\/wp\/v2\/posts"}],"about":[{"href":"https:\/\/nativainfo.com\/index.php?rest_route=\/wp\/v2\/types\/post"}],"author":[{"embeddable":true,"href":"https:\/\/nativainfo.com\/index.php?rest_route=\/wp\/v2\/users\/1"}],"replies":[{"embeddable":true,"href":"https:\/\/nativainfo.com\/index.php?rest_route=%2Fwp%2Fv2%2Fcomments&post=2496"}],"version-history":[{"count":1,"href":"https:\/\/nativainfo.com\/index.php?rest_route=\/wp\/v2\/posts\/2496\/revisions"}],"predecessor-version":[{"id":2502,"href":"https:\/\/nativainfo.com\/index.php?rest_route=\/wp\/v2\/posts\/2496\/revisions\/2502"}],"wp:attachment":[{"href":"https:\/\/nativainfo.com\/index.php?rest_route=%2Fwp%2Fv2%2Fmedia&parent=2496"}],"wp:term":[{"taxonomy":"category","embeddable":true,"href":"https:\/\/nativainfo.com\/index.php?rest_route=%2Fwp%2Fv2%2Fcategories&post=2496"},{"taxonomy":"post_tag","embeddable":true,"href":"https:\/\/nativainfo.com\/index.php?rest_route=%2Fwp%2Fv2%2Ftags&post=2496"}],"curies":[{"name":"wp","href":"https:\/\/api.w.org\/{rel}","templated":true}]}}