{"id":2461,"date":"2021-10-17T03:53:02","date_gmt":"2021-10-17T06:53:02","guid":{"rendered":"http:\/\/nativainfo.com\/?p=2461"},"modified":"2021-10-17T03:53:07","modified_gmt":"2021-10-17T06:53:07","slug":"gabriel-deck-fue-confirmado-en-el-plantel-de-oklahoma-city-thunder","status":"publish","type":"post","link":"https:\/\/nativainfo.com\/?p=2461","title":{"rendered":"Gabriel Deck fue confirmado en el plantel de Oklahoma City Thunder"},"content":{"rendered":"\n<p><strong>Tras el final de la pretemporada, el alero santiague\u00f1o qued\u00f3 en la plantilla del equipo del Oeste para esta campa\u00f1a en la NBA.<\/strong><\/p>\n\n\n\n<figure class=\"wp-block-image size-large\"><img fetchpriority=\"high\" decoding=\"async\" width=\"899\" height=\"590\" src=\"http:\/\/nativainfo.com\/wp-content\/uploads\/2021\/10\/imagen_2021-10-17_035057.png\" alt=\"\" class=\"wp-image-2462\" srcset=\"https:\/\/nativainfo.com\/wp-content\/uploads\/2021\/10\/imagen_2021-10-17_035057.png 899w, https:\/\/nativainfo.com\/wp-content\/uploads\/2021\/10\/imagen_2021-10-17_035057-300x197.png 300w, https:\/\/nativainfo.com\/wp-content\/uploads\/2021\/10\/imagen_2021-10-17_035057-768x504.png 768w, https:\/\/nativainfo.com\/wp-content\/uploads\/2021\/10\/imagen_2021-10-17_035057-533x350.png 533w, https:\/\/nativainfo.com\/wp-content\/uploads\/2021\/10\/imagen_2021-10-17_035057-150x98.png 150w\" sizes=\"(max-width: 899px) 100vw, 899px\" \/><\/figure>\n\n\n\n<p>El alero santiague\u00f1o&nbsp;<strong>Gabriel Deck<\/strong>&nbsp;fue confirmado entre los 15 jugadores que integrar\u00e1n el plantel de&nbsp;<strong>Oklahoma City Thunder<\/strong>&nbsp;en la temporada 2021\/22 de la&nbsp;<strong>NBA<\/strong>, en la que debutar\u00e1 el mi\u00e9rcoles pr\u00f3ximo con&nbsp;<strong>Utah Jazz<\/strong>.<\/p>\n\n\n\n<p><strong>Deck<\/strong>, que no tiene contrato garantizado, debi\u00f3 pelear por su lugar con otros jugadores durante la pretemporada, en la que estuvo en tres de los cuatro partidos y promedi\u00f3 18 minutos, seis puntos y seis rebotes, cifras m\u00e1s que aceptables.<\/p>\n\n\n\n<p>El \u00faltimo obst\u00e1culo para su confirmaci\u00f3n era la presencia del alero&nbsp;<strong>Mamadi Diakite<\/strong>, de&nbsp;<strong>Guinea<\/strong>, que sufri\u00f3 una fractura en la cadera y qued\u00f3 fuera de competencia.<\/p>\n","protected":false},"excerpt":{"rendered":"<p>Tras el final de la pretemporada, el alero santiague\u00f1o qued\u00f3 en la plantilla del equipo del Oeste para esta campa\u00f1a&#8230; <a class=\"continue-reading-link\" href=\"https:\/\/nativainfo.com\/?p=2461\">Continue reading<\/a><\/p>\n","protected":false},"author":1,"featured_media":0,"comment_status":"open","ping_status":"open","sticky":false,"template":"","format":"standard","meta":{"rop_custom_images_group":[],"rop_custom_messages_group":[],"rop_publish_now":"initial","rop_publish_now_accounts":[],"rop_publish_now_history":[],"rop_publish_now_status":"pending","footnotes":"","jetpack_publicize_message":"","jetpack_publicize_feature_enabled":true,"jetpack_social_post_already_shared":false,"jetpack_social_options":{"image_generator_settings":{"template":"highway","default_image_id":0,"font":"","enabled":false},"version":2}},"categories":[32],"tags":[],"class_list":["post-2461","post","type-post","status-publish","format-standard","hentry","category-nba"],"yoast_head":"<!-- This site is optimized with the Yoast SEO plugin v25.6 - https:\/\/yoast.com\/wordpress\/plugins\/seo\/ -->\n<title>Gabriel Deck fue confirmado en el plantel de Oklahoma City Thunder - Nativa Info<\/title>\n<meta name=\"robots\" content=\"index, follow, max-snippet:-1, max-image-preview:large, max-video-preview:-1\" \/>\n<link rel=\"canonical\" href=\"https:\/\/nativainfo.com\/?p=2461\" \/>\n<meta property=\"og:locale\" content=\"es_ES\" \/>\n<meta property=\"og:type\" content=\"article\" \/>\n<meta property=\"og:title\" content=\"Gabriel Deck fue confirmado en el plantel de Oklahoma City Thunder - Nativa Info\" \/>\n<meta property=\"og:description\" content=\"Tras el final de la pretemporada, el alero santiague\u00f1o qued\u00f3 en la plantilla del equipo del Oeste para esta campa\u00f1a... Continue reading\" \/>\n<meta property=\"og:url\" content=\"https:\/\/nativainfo.com\/?p=2461\" \/>\n<meta property=\"og:site_name\" content=\"Nativa Info\" \/>\n<meta property=\"article:publisher\" content=\"https:\/\/www.facebook.com\/profile.php?id=61578881597564\" \/>\n<meta property=\"article:published_time\" content=\"2021-10-17T06:53:02+00:00\" \/>\n<meta property=\"article:modified_time\" content=\"2021-10-17T06:53:07+00:00\" \/>\n<meta property=\"og:image\" content=\"http:\/\/nativainfo.com\/wp-content\/uploads\/2021\/10\/imagen_2021-10-17_035057.png\" \/>\n<meta name=\"author\" content=\"Nativa Info\" \/>\n<meta name=\"twitter:card\" content=\"summary_large_image\" \/>\n<meta name=\"twitter:label1\" content=\"Escrito por\" \/>\n\t<meta name=\"twitter:data1\" content=\"Nativa Info\" \/>\n\t<meta name=\"twitter:label2\" content=\"Tiempo de lectura\" \/>\n\t<meta name=\"twitter:data2\" content=\"1 minuto\" \/>\n<script type=\"application\/ld+json\" class=\"yoast-schema-graph\">{\"@context\":\"https:\/\/schema.org\",\"@graph\":[{\"@type\":\"Article\",\"@id\":\"https:\/\/nativainfo.com\/?p=2461#article\",\"isPartOf\":{\"@id\":\"https:\/\/nativainfo.com\/?p=2461\"},\"author\":{\"name\":\"Nativa Info\",\"@id\":\"https:\/\/nativainfo.com\/#\/schema\/person\/24893b64a9cd564ddb5d102d36eb4b5c\"},\"headline\":\"Gabriel Deck fue confirmado en el plantel de Oklahoma City Thunder\",\"datePublished\":\"2021-10-17T06:53:02+00:00\",\"dateModified\":\"2021-10-17T06:53:07+00:00\",\"mainEntityOfPage\":{\"@id\":\"https:\/\/nativainfo.com\/?p=2461\"},\"wordCount\":151,\"commentCount\":0,\"publisher\":{\"@id\":\"https:\/\/nativainfo.com\/#organization\"},\"image\":{\"@id\":\"https:\/\/nativainfo.com\/?p=2461#primaryimage\"},\"thumbnailUrl\":\"http:\/\/nativainfo.com\/wp-content\/uploads\/2021\/10\/imagen_2021-10-17_035057.png\",\"articleSection\":[\"NBA\"],\"inLanguage\":\"es-AR\",\"potentialAction\":[{\"@type\":\"CommentAction\",\"name\":\"Comment\",\"target\":[\"https:\/\/nativainfo.com\/?p=2461#respond\"]}]},{\"@type\":\"WebPage\",\"@id\":\"https:\/\/nativainfo.com\/?p=2461\",\"url\":\"https:\/\/nativainfo.com\/?p=2461\",\"name\":\"Gabriel Deck fue confirmado en el plantel de Oklahoma City Thunder - Nativa Info\",\"isPartOf\":{\"@id\":\"https:\/\/nativainfo.com\/#website\"},\"primaryImageOfPage\":{\"@id\":\"https:\/\/nativainfo.com\/?p=2461#primaryimage\"},\"image\":{\"@id\":\"https:\/\/nativainfo.com\/?p=2461#primaryimage\"},\"thumbnailUrl\":\"http:\/\/nativainfo.com\/wp-content\/uploads\/2021\/10\/imagen_2021-10-17_035057.png\",\"datePublished\":\"2021-10-17T06:53:02+00:00\",\"dateModified\":\"2021-10-17T06:53:07+00:00\",\"breadcrumb\":{\"@id\":\"https:\/\/nativainfo.com\/?p=2461#breadcrumb\"},\"inLanguage\":\"es-AR\",\"potentialAction\":[{\"@type\":\"ReadAction\",\"target\":[\"https:\/\/nativainfo.com\/?p=2461\"]}]},{\"@type\":\"ImageObject\",\"inLanguage\":\"es-AR\",\"@id\":\"https:\/\/nativainfo.com\/?p=2461#primaryimage\",\"url\":\"https:\/\/nativainfo.com\/wp-content\/uploads\/2021\/10\/imagen_2021-10-17_035057.png\",\"contentUrl\":\"https:\/\/nativainfo.com\/wp-content\/uploads\/2021\/10\/imagen_2021-10-17_035057.png\",\"width\":899,\"height\":590},{\"@type\":\"BreadcrumbList\",\"@id\":\"https:\/\/nativainfo.com\/?p=2461#breadcrumb\",\"itemListElement\":[{\"@type\":\"ListItem\",\"position\":1,\"name\":\"Inicio\",\"item\":\"https:\/\/nativainfo.com\/\"},{\"@type\":\"ListItem\",\"position\":2,\"name\":\"Gabriel Deck fue confirmado en el plantel de Oklahoma City Thunder\"}]},{\"@type\":\"WebSite\",\"@id\":\"https:\/\/nativainfo.com\/#website\",\"url\":\"https:\/\/nativainfo.com\/\",\"name\":\"Nativa Info\",\"description\":\"Diario Digital\",\"publisher\":{\"@id\":\"https:\/\/nativainfo.com\/#organization\"},\"potentialAction\":[{\"@type\":\"SearchAction\",\"target\":{\"@type\":\"EntryPoint\",\"urlTemplate\":\"https:\/\/nativainfo.com\/?s={search_term_string}\"},\"query-input\":{\"@type\":\"PropertyValueSpecification\",\"valueRequired\":true,\"valueName\":\"search_term_string\"}}],\"inLanguage\":\"es-AR\"},{\"@type\":\"Organization\",\"@id\":\"https:\/\/nativainfo.com\/#organization\",\"name\":\"Nativa Info\",\"url\":\"https:\/\/nativainfo.com\/\",\"logo\":{\"@type\":\"ImageObject\",\"inLanguage\":\"es-AR\",\"@id\":\"https:\/\/nativainfo.com\/#\/schema\/logo\/image\/\",\"url\":\"https:\/\/nativainfo.com\/wp-content\/uploads\/2025\/08\/LOGO-NATIVA-FACE.jpg\",\"contentUrl\":\"https:\/\/nativainfo.com\/wp-content\/uploads\/2025\/08\/LOGO-NATIVA-FACE.jpg\",\"width\":400,\"height\":400,\"caption\":\"Nativa Info\"},\"image\":{\"@id\":\"https:\/\/nativainfo.com\/#\/schema\/logo\/image\/\"},\"sameAs\":[\"https:\/\/www.facebook.com\/profile.php?id=61578881597564\"]},{\"@type\":\"Person\",\"@id\":\"https:\/\/nativainfo.com\/#\/schema\/person\/24893b64a9cd564ddb5d102d36eb4b5c\",\"name\":\"Nativa Info\",\"image\":{\"@type\":\"ImageObject\",\"inLanguage\":\"es-AR\",\"@id\":\"https:\/\/nativainfo.com\/#\/schema\/person\/image\/\",\"url\":\"https:\/\/secure.gravatar.com\/avatar\/016fa1cf068d85136d938e1507b9b619cb766e2565cbb1faa1e571762460c785?s=96&d=mm&r=g\",\"contentUrl\":\"https:\/\/secure.gravatar.com\/avatar\/016fa1cf068d85136d938e1507b9b619cb766e2565cbb1faa1e571762460c785?s=96&d=mm&r=g\",\"caption\":\"Nativa Info\"},\"sameAs\":[\"http:\/\/nativainfo.com\"],\"url\":\"https:\/\/nativainfo.com\/?author=1\"}]}<\/script>\n<!-- \/ Yoast SEO plugin. -->","yoast_head_json":{"title":"Gabriel Deck fue confirmado en el plantel de Oklahoma City Thunder - Nativa Info","robots":{"index":"index","follow":"follow","max-snippet":"max-snippet:-1","max-image-preview":"max-image-preview:large","max-video-preview":"max-video-preview:-1"},"canonical":"https:\/\/nativainfo.com\/?p=2461","og_locale":"es_ES","og_type":"article","og_title":"Gabriel Deck fue confirmado en el plantel de Oklahoma City Thunder - Nativa Info","og_description":"Tras el final de la pretemporada, el alero santiague\u00f1o qued\u00f3 en la plantilla del equipo del Oeste para esta campa\u00f1a... Continue reading","og_url":"https:\/\/nativainfo.com\/?p=2461","og_site_name":"Nativa Info","article_publisher":"https:\/\/www.facebook.com\/profile.php?id=61578881597564","article_published_time":"2021-10-17T06:53:02+00:00","article_modified_time":"2021-10-17T06:53:07+00:00","og_image":[{"url":"http:\/\/nativainfo.com\/wp-content\/uploads\/2021\/10\/imagen_2021-10-17_035057.png","type":"","width":"","height":""}],"author":"Nativa Info","twitter_card":"summary_large_image","twitter_misc":{"Escrito por":"Nativa Info","Tiempo de lectura":"1 minuto"},"schema":{"@context":"https:\/\/schema.org","@graph":[{"@type":"Article","@id":"https:\/\/nativainfo.com\/?p=2461#article","isPartOf":{"@id":"https:\/\/nativainfo.com\/?p=2461"},"author":{"name":"Nativa Info","@id":"https:\/\/nativainfo.com\/#\/schema\/person\/24893b64a9cd564ddb5d102d36eb4b5c"},"headline":"Gabriel Deck fue confirmado en el plantel de Oklahoma City Thunder","datePublished":"2021-10-17T06:53:02+00:00","dateModified":"2021-10-17T06:53:07+00:00","mainEntityOfPage":{"@id":"https:\/\/nativainfo.com\/?p=2461"},"wordCount":151,"commentCount":0,"publisher":{"@id":"https:\/\/nativainfo.com\/#organization"},"image":{"@id":"https:\/\/nativainfo.com\/?p=2461#primaryimage"},"thumbnailUrl":"http:\/\/nativainfo.com\/wp-content\/uploads\/2021\/10\/imagen_2021-10-17_035057.png","articleSection":["NBA"],"inLanguage":"es-AR","potentialAction":[{"@type":"CommentAction","name":"Comment","target":["https:\/\/nativainfo.com\/?p=2461#respond"]}]},{"@type":"WebPage","@id":"https:\/\/nativainfo.com\/?p=2461","url":"https:\/\/nativainfo.com\/?p=2461","name":"Gabriel Deck fue confirmado en el plantel de Oklahoma City Thunder - Nativa Info","isPartOf":{"@id":"https:\/\/nativainfo.com\/#website"},"primaryImageOfPage":{"@id":"https:\/\/nativainfo.com\/?p=2461#primaryimage"},"image":{"@id":"https:\/\/nativainfo.com\/?p=2461#primaryimage"},"thumbnailUrl":"http:\/\/nativainfo.com\/wp-content\/uploads\/2021\/10\/imagen_2021-10-17_035057.png","datePublished":"2021-10-17T06:53:02+00:00","dateModified":"2021-10-17T06:53:07+00:00","breadcrumb":{"@id":"https:\/\/nativainfo.com\/?p=2461#breadcrumb"},"inLanguage":"es-AR","potentialAction":[{"@type":"ReadAction","target":["https:\/\/nativainfo.com\/?p=2461"]}]},{"@type":"ImageObject","inLanguage":"es-AR","@id":"https:\/\/nativainfo.com\/?p=2461#primaryimage","url":"https:\/\/nativainfo.com\/wp-content\/uploads\/2021\/10\/imagen_2021-10-17_035057.png","contentUrl":"https:\/\/nativainfo.com\/wp-content\/uploads\/2021\/10\/imagen_2021-10-17_035057.png","width":899,"height":590},{"@type":"BreadcrumbList","@id":"https:\/\/nativainfo.com\/?p=2461#breadcrumb","itemListElement":[{"@type":"ListItem","position":1,"name":"Inicio","item":"https:\/\/nativainfo.com\/"},{"@type":"ListItem","position":2,"name":"Gabriel Deck fue confirmado en el plantel de Oklahoma City Thunder"}]},{"@type":"WebSite","@id":"https:\/\/nativainfo.com\/#website","url":"https:\/\/nativainfo.com\/","name":"Nativa Info","description":"Diario Digital","publisher":{"@id":"https:\/\/nativainfo.com\/#organization"},"potentialAction":[{"@type":"SearchAction","target":{"@type":"EntryPoint","urlTemplate":"https:\/\/nativainfo.com\/?s={search_term_string}"},"query-input":{"@type":"PropertyValueSpecification","valueRequired":true,"valueName":"search_term_string"}}],"inLanguage":"es-AR"},{"@type":"Organization","@id":"https:\/\/nativainfo.com\/#organization","name":"Nativa Info","url":"https:\/\/nativainfo.com\/","logo":{"@type":"ImageObject","inLanguage":"es-AR","@id":"https:\/\/nativainfo.com\/#\/schema\/logo\/image\/","url":"https:\/\/nativainfo.com\/wp-content\/uploads\/2025\/08\/LOGO-NATIVA-FACE.jpg","contentUrl":"https:\/\/nativainfo.com\/wp-content\/uploads\/2025\/08\/LOGO-NATIVA-FACE.jpg","width":400,"height":400,"caption":"Nativa Info"},"image":{"@id":"https:\/\/nativainfo.com\/#\/schema\/logo\/image\/"},"sameAs":["https:\/\/www.facebook.com\/profile.php?id=61578881597564"]},{"@type":"Person","@id":"https:\/\/nativainfo.com\/#\/schema\/person\/24893b64a9cd564ddb5d102d36eb4b5c","name":"Nativa Info","image":{"@type":"ImageObject","inLanguage":"es-AR","@id":"https:\/\/nativainfo.com\/#\/schema\/person\/image\/","url":"https:\/\/secure.gravatar.com\/avatar\/016fa1cf068d85136d938e1507b9b619cb766e2565cbb1faa1e571762460c785?s=96&d=mm&r=g","contentUrl":"https:\/\/secure.gravatar.com\/avatar\/016fa1cf068d85136d938e1507b9b619cb766e2565cbb1faa1e571762460c785?s=96&d=mm&r=g","caption":"Nativa Info"},"sameAs":["http:\/\/nativainfo.com"],"url":"https:\/\/nativainfo.com\/?author=1"}]}},"jetpack_publicize_connections":[],"_links":{"self":[{"href":"https:\/\/nativainfo.com\/index.php?rest_route=\/wp\/v2\/posts\/2461","targetHints":{"allow":["GET"]}}],"collection":[{"href":"https:\/\/nativainfo.com\/index.php?rest_route=\/wp\/v2\/posts"}],"about":[{"href":"https:\/\/nativainfo.com\/index.php?rest_route=\/wp\/v2\/types\/post"}],"author":[{"embeddable":true,"href":"https:\/\/nativainfo.com\/index.php?rest_route=\/wp\/v2\/users\/1"}],"replies":[{"embeddable":true,"href":"https:\/\/nativainfo.com\/index.php?rest_route=%2Fwp%2Fv2%2Fcomments&post=2461"}],"version-history":[{"count":1,"href":"https:\/\/nativainfo.com\/index.php?rest_route=\/wp\/v2\/posts\/2461\/revisions"}],"predecessor-version":[{"id":2463,"href":"https:\/\/nativainfo.com\/index.php?rest_route=\/wp\/v2\/posts\/2461\/revisions\/2463"}],"wp:attachment":[{"href":"https:\/\/nativainfo.com\/index.php?rest_route=%2Fwp%2Fv2%2Fmedia&parent=2461"}],"wp:term":[{"taxonomy":"category","embeddable":true,"href":"https:\/\/nativainfo.com\/index.php?rest_route=%2Fwp%2Fv2%2Fcategories&post=2461"},{"taxonomy":"post_tag","embeddable":true,"href":"https:\/\/nativainfo.com\/index.php?rest_route=%2Fwp%2Fv2%2Ftags&post=2461"}],"curies":[{"name":"wp","href":"https:\/\/api.w.org\/{rel}","templated":true}]}}