{"id":2405,"date":"2021-10-06T02:02:57","date_gmt":"2021-10-06T05:02:57","guid":{"rendered":"http:\/\/nativainfo.com\/?p=2405"},"modified":"2021-10-06T02:02:58","modified_gmt":"2021-10-06T05:02:58","slug":"alejandro-sanz-comienza-el-camino-a-su-nuevo-album-con-bio","status":"publish","type":"post","link":"https:\/\/nativainfo.com\/?p=2405","title":{"rendered":"Alejandro Sanz comienza el camino a su nuevo \u00e1lbum con \u201cBio\u201d"},"content":{"rendered":"\n<p>Este viernes comienza su gira por los Estados Unidos, en la que recorrer\u00e1 12 ciudades a lo largo del mes<\/p>\n\n\n\n<figure class=\"wp-block-image size-large\"><img fetchpriority=\"high\" decoding=\"async\" width=\"640\" height=\"455\" src=\"http:\/\/nativainfo.com\/wp-content\/uploads\/2021\/10\/unnamed-2.jpg\" alt=\"\" class=\"wp-image-2407\" srcset=\"https:\/\/nativainfo.com\/wp-content\/uploads\/2021\/10\/unnamed-2.jpg 640w, https:\/\/nativainfo.com\/wp-content\/uploads\/2021\/10\/unnamed-2-300x213.jpg 300w, https:\/\/nativainfo.com\/wp-content\/uploads\/2021\/10\/unnamed-2-492x350.jpg 492w, https:\/\/nativainfo.com\/wp-content\/uploads\/2021\/10\/unnamed-2-150x107.jpg 150w\" sizes=\"(max-width: 640px) 100vw, 640px\" \/><\/figure>\n\n\n\n<p>Reci\u00e9n homenajeado con una estrella en el\u00a0<strong>Paseo de la Fama de Hollywood<\/strong>,\u00a0<strong>Alejandro Sanz<\/strong>\u00a0regresa a los escenarios este 8 de octubre \u2013 es la fecha de inicio de una gira que le llevar\u00e1 por 12 ciudades de Estados Unidos durante todo el mes \u2013 y previo al inicio del viaje, el m\u00fasico espa\u00f1ol revel\u00f3 un nuevo single, \u201cBio\u201d.<\/p>\n\n\n\n<p>En palabras del propio Alejandro, \u2018<em>quiero agradecer al ni\u00f1o que fui, ese que pele\u00f3 y nunca se dio por vencido para poder hacer este sue\u00f1o realidad: dedicarme a la m\u00fasica. So\u00f1\u00e9 con vivir de la m\u00fasica, con estar encima del escenario, pero nunca imagin\u00e9 que alg\u00fan d\u00eda iba a tener el honor de conseguir una estrella en el Paseo de la Fama de Hollywood\u2019<\/em>.<\/p>\n\n\n\n<p>\u201c<em>So\u00f1\u00e9 con la m\u00fasica, con subirme a un escenario\u2026pero nunca so\u00f1\u00e9 con tener una estrella de la fama en Hollywood. Por eso, hace tan bello e inolvidable este momento. Recibir una estrella es el resultado de todo el cari\u00f1o acumulado por todxs vosotrxs a lo largo de mi carrera y de mi vida. Gracias por estar siempre, por no fallar&nbsp;&nbsp;Y gracias a la vida, que no deja de sorprenderme&nbsp;&nbsp;Nos vemos en los escenarios. Os quiero<\/em>\u201d, escribi\u00f3 el cantante en su Instagram donde comparti\u00f3 una foto de este importante momento en su carrera.<\/p>\n","protected":false},"excerpt":{"rendered":"<p>Este viernes comienza su gira por los Estados Unidos, en la que recorrer\u00e1 12 ciudades a lo largo del mes&#8230; <a class=\"continue-reading-link\" href=\"https:\/\/nativainfo.com\/?p=2405\">Continue reading<\/a><\/p>\n","protected":false},"author":1,"featured_media":0,"comment_status":"open","ping_status":"open","sticky":false,"template":"","format":"standard","meta":{"rop_custom_images_group":[],"rop_custom_messages_group":[],"rop_publish_now":"initial","rop_publish_now_accounts":[],"rop_publish_now_history":[],"rop_publish_now_status":"pending","footnotes":"","jetpack_publicize_message":"","jetpack_publicize_feature_enabled":true,"jetpack_social_post_already_shared":false,"jetpack_social_options":{"image_generator_settings":{"template":"highway","default_image_id":0,"font":"","enabled":false},"version":2}},"categories":[7],"tags":[],"class_list":["post-2405","post","type-post","status-publish","format-standard","hentry","category-musica"],"yoast_head":"<!-- This site is optimized with the Yoast SEO plugin v25.6 - https:\/\/yoast.com\/wordpress\/plugins\/seo\/ -->\n<title>Alejandro Sanz comienza el camino a su nuevo \u00e1lbum con \u201cBio\u201d - Nativa Info<\/title>\n<meta name=\"robots\" content=\"index, follow, max-snippet:-1, max-image-preview:large, max-video-preview:-1\" \/>\n<link rel=\"canonical\" href=\"https:\/\/nativainfo.com\/?p=2405\" \/>\n<meta property=\"og:locale\" content=\"es_ES\" \/>\n<meta property=\"og:type\" content=\"article\" \/>\n<meta property=\"og:title\" content=\"Alejandro Sanz comienza el camino a su nuevo \u00e1lbum con \u201cBio\u201d - Nativa Info\" \/>\n<meta property=\"og:description\" content=\"Este viernes comienza su gira por los Estados Unidos, en la que recorrer\u00e1 12 ciudades a lo largo del mes... Continue reading\" \/>\n<meta property=\"og:url\" content=\"https:\/\/nativainfo.com\/?p=2405\" \/>\n<meta property=\"og:site_name\" content=\"Nativa Info\" \/>\n<meta property=\"article:publisher\" content=\"https:\/\/www.facebook.com\/profile.php?id=61578881597564\" \/>\n<meta property=\"article:published_time\" content=\"2021-10-06T05:02:57+00:00\" \/>\n<meta property=\"article:modified_time\" content=\"2021-10-06T05:02:58+00:00\" \/>\n<meta property=\"og:image\" content=\"http:\/\/nativainfo.com\/wp-content\/uploads\/2021\/10\/unnamed-2.jpg\" \/>\n<meta name=\"author\" content=\"Nativa Info\" \/>\n<meta name=\"twitter:card\" content=\"summary_large_image\" \/>\n<meta name=\"twitter:label1\" content=\"Escrito por\" \/>\n\t<meta name=\"twitter:data1\" content=\"Nativa Info\" \/>\n\t<meta name=\"twitter:label2\" content=\"Tiempo de lectura\" \/>\n\t<meta name=\"twitter:data2\" content=\"1 minuto\" \/>\n<script type=\"application\/ld+json\" class=\"yoast-schema-graph\">{\"@context\":\"https:\/\/schema.org\",\"@graph\":[{\"@type\":\"Article\",\"@id\":\"https:\/\/nativainfo.com\/?p=2405#article\",\"isPartOf\":{\"@id\":\"https:\/\/nativainfo.com\/?p=2405\"},\"author\":{\"name\":\"Nativa Info\",\"@id\":\"https:\/\/nativainfo.com\/#\/schema\/person\/24893b64a9cd564ddb5d102d36eb4b5c\"},\"headline\":\"Alejandro Sanz comienza el camino a su nuevo \u00e1lbum con \u201cBio\u201d\",\"datePublished\":\"2021-10-06T05:02:57+00:00\",\"dateModified\":\"2021-10-06T05:02:58+00:00\",\"mainEntityOfPage\":{\"@id\":\"https:\/\/nativainfo.com\/?p=2405\"},\"wordCount\":260,\"commentCount\":0,\"publisher\":{\"@id\":\"https:\/\/nativainfo.com\/#organization\"},\"image\":{\"@id\":\"https:\/\/nativainfo.com\/?p=2405#primaryimage\"},\"thumbnailUrl\":\"http:\/\/nativainfo.com\/wp-content\/uploads\/2021\/10\/unnamed-2.jpg\",\"articleSection\":[\"M\u00fasica\"],\"inLanguage\":\"es-AR\",\"potentialAction\":[{\"@type\":\"CommentAction\",\"name\":\"Comment\",\"target\":[\"https:\/\/nativainfo.com\/?p=2405#respond\"]}]},{\"@type\":\"WebPage\",\"@id\":\"https:\/\/nativainfo.com\/?p=2405\",\"url\":\"https:\/\/nativainfo.com\/?p=2405\",\"name\":\"Alejandro Sanz comienza el camino a su nuevo \u00e1lbum con \u201cBio\u201d - Nativa Info\",\"isPartOf\":{\"@id\":\"https:\/\/nativainfo.com\/#website\"},\"primaryImageOfPage\":{\"@id\":\"https:\/\/nativainfo.com\/?p=2405#primaryimage\"},\"image\":{\"@id\":\"https:\/\/nativainfo.com\/?p=2405#primaryimage\"},\"thumbnailUrl\":\"http:\/\/nativainfo.com\/wp-content\/uploads\/2021\/10\/unnamed-2.jpg\",\"datePublished\":\"2021-10-06T05:02:57+00:00\",\"dateModified\":\"2021-10-06T05:02:58+00:00\",\"breadcrumb\":{\"@id\":\"https:\/\/nativainfo.com\/?p=2405#breadcrumb\"},\"inLanguage\":\"es-AR\",\"potentialAction\":[{\"@type\":\"ReadAction\",\"target\":[\"https:\/\/nativainfo.com\/?p=2405\"]}]},{\"@type\":\"ImageObject\",\"inLanguage\":\"es-AR\",\"@id\":\"https:\/\/nativainfo.com\/?p=2405#primaryimage\",\"url\":\"https:\/\/nativainfo.com\/wp-content\/uploads\/2021\/10\/unnamed-2.jpg\",\"contentUrl\":\"https:\/\/nativainfo.com\/wp-content\/uploads\/2021\/10\/unnamed-2.jpg\",\"width\":640,\"height\":455},{\"@type\":\"BreadcrumbList\",\"@id\":\"https:\/\/nativainfo.com\/?p=2405#breadcrumb\",\"itemListElement\":[{\"@type\":\"ListItem\",\"position\":1,\"name\":\"Inicio\",\"item\":\"https:\/\/nativainfo.com\/\"},{\"@type\":\"ListItem\",\"position\":2,\"name\":\"Alejandro Sanz comienza el camino a su nuevo \u00e1lbum con \u201cBio\u201d\"}]},{\"@type\":\"WebSite\",\"@id\":\"https:\/\/nativainfo.com\/#website\",\"url\":\"https:\/\/nativainfo.com\/\",\"name\":\"Nativa Info\",\"description\":\"Diario Digital\",\"publisher\":{\"@id\":\"https:\/\/nativainfo.com\/#organization\"},\"potentialAction\":[{\"@type\":\"SearchAction\",\"target\":{\"@type\":\"EntryPoint\",\"urlTemplate\":\"https:\/\/nativainfo.com\/?s={search_term_string}\"},\"query-input\":{\"@type\":\"PropertyValueSpecification\",\"valueRequired\":true,\"valueName\":\"search_term_string\"}}],\"inLanguage\":\"es-AR\"},{\"@type\":\"Organization\",\"@id\":\"https:\/\/nativainfo.com\/#organization\",\"name\":\"Nativa Info\",\"url\":\"https:\/\/nativainfo.com\/\",\"logo\":{\"@type\":\"ImageObject\",\"inLanguage\":\"es-AR\",\"@id\":\"https:\/\/nativainfo.com\/#\/schema\/logo\/image\/\",\"url\":\"https:\/\/nativainfo.com\/wp-content\/uploads\/2025\/08\/LOGO-NATIVA-FACE.jpg\",\"contentUrl\":\"https:\/\/nativainfo.com\/wp-content\/uploads\/2025\/08\/LOGO-NATIVA-FACE.jpg\",\"width\":400,\"height\":400,\"caption\":\"Nativa Info\"},\"image\":{\"@id\":\"https:\/\/nativainfo.com\/#\/schema\/logo\/image\/\"},\"sameAs\":[\"https:\/\/www.facebook.com\/profile.php?id=61578881597564\"]},{\"@type\":\"Person\",\"@id\":\"https:\/\/nativainfo.com\/#\/schema\/person\/24893b64a9cd564ddb5d102d36eb4b5c\",\"name\":\"Nativa Info\",\"image\":{\"@type\":\"ImageObject\",\"inLanguage\":\"es-AR\",\"@id\":\"https:\/\/nativainfo.com\/#\/schema\/person\/image\/\",\"url\":\"https:\/\/secure.gravatar.com\/avatar\/016fa1cf068d85136d938e1507b9b619cb766e2565cbb1faa1e571762460c785?s=96&d=mm&r=g\",\"contentUrl\":\"https:\/\/secure.gravatar.com\/avatar\/016fa1cf068d85136d938e1507b9b619cb766e2565cbb1faa1e571762460c785?s=96&d=mm&r=g\",\"caption\":\"Nativa Info\"},\"sameAs\":[\"http:\/\/nativainfo.com\"],\"url\":\"https:\/\/nativainfo.com\/?author=1\"}]}<\/script>\n<!-- \/ Yoast SEO plugin. -->","yoast_head_json":{"title":"Alejandro Sanz comienza el camino a su nuevo \u00e1lbum con \u201cBio\u201d - Nativa Info","robots":{"index":"index","follow":"follow","max-snippet":"max-snippet:-1","max-image-preview":"max-image-preview:large","max-video-preview":"max-video-preview:-1"},"canonical":"https:\/\/nativainfo.com\/?p=2405","og_locale":"es_ES","og_type":"article","og_title":"Alejandro Sanz comienza el camino a su nuevo \u00e1lbum con \u201cBio\u201d - Nativa Info","og_description":"Este viernes comienza su gira por los Estados Unidos, en la que recorrer\u00e1 12 ciudades a lo largo del mes... Continue reading","og_url":"https:\/\/nativainfo.com\/?p=2405","og_site_name":"Nativa Info","article_publisher":"https:\/\/www.facebook.com\/profile.php?id=61578881597564","article_published_time":"2021-10-06T05:02:57+00:00","article_modified_time":"2021-10-06T05:02:58+00:00","og_image":[{"url":"http:\/\/nativainfo.com\/wp-content\/uploads\/2021\/10\/unnamed-2.jpg","type":"","width":"","height":""}],"author":"Nativa Info","twitter_card":"summary_large_image","twitter_misc":{"Escrito por":"Nativa Info","Tiempo de lectura":"1 minuto"},"schema":{"@context":"https:\/\/schema.org","@graph":[{"@type":"Article","@id":"https:\/\/nativainfo.com\/?p=2405#article","isPartOf":{"@id":"https:\/\/nativainfo.com\/?p=2405"},"author":{"name":"Nativa Info","@id":"https:\/\/nativainfo.com\/#\/schema\/person\/24893b64a9cd564ddb5d102d36eb4b5c"},"headline":"Alejandro Sanz comienza el camino a su nuevo \u00e1lbum con \u201cBio\u201d","datePublished":"2021-10-06T05:02:57+00:00","dateModified":"2021-10-06T05:02:58+00:00","mainEntityOfPage":{"@id":"https:\/\/nativainfo.com\/?p=2405"},"wordCount":260,"commentCount":0,"publisher":{"@id":"https:\/\/nativainfo.com\/#organization"},"image":{"@id":"https:\/\/nativainfo.com\/?p=2405#primaryimage"},"thumbnailUrl":"http:\/\/nativainfo.com\/wp-content\/uploads\/2021\/10\/unnamed-2.jpg","articleSection":["M\u00fasica"],"inLanguage":"es-AR","potentialAction":[{"@type":"CommentAction","name":"Comment","target":["https:\/\/nativainfo.com\/?p=2405#respond"]}]},{"@type":"WebPage","@id":"https:\/\/nativainfo.com\/?p=2405","url":"https:\/\/nativainfo.com\/?p=2405","name":"Alejandro Sanz comienza el camino a su nuevo \u00e1lbum con \u201cBio\u201d - Nativa Info","isPartOf":{"@id":"https:\/\/nativainfo.com\/#website"},"primaryImageOfPage":{"@id":"https:\/\/nativainfo.com\/?p=2405#primaryimage"},"image":{"@id":"https:\/\/nativainfo.com\/?p=2405#primaryimage"},"thumbnailUrl":"http:\/\/nativainfo.com\/wp-content\/uploads\/2021\/10\/unnamed-2.jpg","datePublished":"2021-10-06T05:02:57+00:00","dateModified":"2021-10-06T05:02:58+00:00","breadcrumb":{"@id":"https:\/\/nativainfo.com\/?p=2405#breadcrumb"},"inLanguage":"es-AR","potentialAction":[{"@type":"ReadAction","target":["https:\/\/nativainfo.com\/?p=2405"]}]},{"@type":"ImageObject","inLanguage":"es-AR","@id":"https:\/\/nativainfo.com\/?p=2405#primaryimage","url":"https:\/\/nativainfo.com\/wp-content\/uploads\/2021\/10\/unnamed-2.jpg","contentUrl":"https:\/\/nativainfo.com\/wp-content\/uploads\/2021\/10\/unnamed-2.jpg","width":640,"height":455},{"@type":"BreadcrumbList","@id":"https:\/\/nativainfo.com\/?p=2405#breadcrumb","itemListElement":[{"@type":"ListItem","position":1,"name":"Inicio","item":"https:\/\/nativainfo.com\/"},{"@type":"ListItem","position":2,"name":"Alejandro Sanz comienza el camino a su nuevo \u00e1lbum con \u201cBio\u201d"}]},{"@type":"WebSite","@id":"https:\/\/nativainfo.com\/#website","url":"https:\/\/nativainfo.com\/","name":"Nativa Info","description":"Diario Digital","publisher":{"@id":"https:\/\/nativainfo.com\/#organization"},"potentialAction":[{"@type":"SearchAction","target":{"@type":"EntryPoint","urlTemplate":"https:\/\/nativainfo.com\/?s={search_term_string}"},"query-input":{"@type":"PropertyValueSpecification","valueRequired":true,"valueName":"search_term_string"}}],"inLanguage":"es-AR"},{"@type":"Organization","@id":"https:\/\/nativainfo.com\/#organization","name":"Nativa Info","url":"https:\/\/nativainfo.com\/","logo":{"@type":"ImageObject","inLanguage":"es-AR","@id":"https:\/\/nativainfo.com\/#\/schema\/logo\/image\/","url":"https:\/\/nativainfo.com\/wp-content\/uploads\/2025\/08\/LOGO-NATIVA-FACE.jpg","contentUrl":"https:\/\/nativainfo.com\/wp-content\/uploads\/2025\/08\/LOGO-NATIVA-FACE.jpg","width":400,"height":400,"caption":"Nativa Info"},"image":{"@id":"https:\/\/nativainfo.com\/#\/schema\/logo\/image\/"},"sameAs":["https:\/\/www.facebook.com\/profile.php?id=61578881597564"]},{"@type":"Person","@id":"https:\/\/nativainfo.com\/#\/schema\/person\/24893b64a9cd564ddb5d102d36eb4b5c","name":"Nativa Info","image":{"@type":"ImageObject","inLanguage":"es-AR","@id":"https:\/\/nativainfo.com\/#\/schema\/person\/image\/","url":"https:\/\/secure.gravatar.com\/avatar\/016fa1cf068d85136d938e1507b9b619cb766e2565cbb1faa1e571762460c785?s=96&d=mm&r=g","contentUrl":"https:\/\/secure.gravatar.com\/avatar\/016fa1cf068d85136d938e1507b9b619cb766e2565cbb1faa1e571762460c785?s=96&d=mm&r=g","caption":"Nativa Info"},"sameAs":["http:\/\/nativainfo.com"],"url":"https:\/\/nativainfo.com\/?author=1"}]}},"jetpack_publicize_connections":[],"_links":{"self":[{"href":"https:\/\/nativainfo.com\/index.php?rest_route=\/wp\/v2\/posts\/2405","targetHints":{"allow":["GET"]}}],"collection":[{"href":"https:\/\/nativainfo.com\/index.php?rest_route=\/wp\/v2\/posts"}],"about":[{"href":"https:\/\/nativainfo.com\/index.php?rest_route=\/wp\/v2\/types\/post"}],"author":[{"embeddable":true,"href":"https:\/\/nativainfo.com\/index.php?rest_route=\/wp\/v2\/users\/1"}],"replies":[{"embeddable":true,"href":"https:\/\/nativainfo.com\/index.php?rest_route=%2Fwp%2Fv2%2Fcomments&post=2405"}],"version-history":[{"count":1,"href":"https:\/\/nativainfo.com\/index.php?rest_route=\/wp\/v2\/posts\/2405\/revisions"}],"predecessor-version":[{"id":2408,"href":"https:\/\/nativainfo.com\/index.php?rest_route=\/wp\/v2\/posts\/2405\/revisions\/2408"}],"wp:attachment":[{"href":"https:\/\/nativainfo.com\/index.php?rest_route=%2Fwp%2Fv2%2Fmedia&parent=2405"}],"wp:term":[{"taxonomy":"category","embeddable":true,"href":"https:\/\/nativainfo.com\/index.php?rest_route=%2Fwp%2Fv2%2Fcategories&post=2405"},{"taxonomy":"post_tag","embeddable":true,"href":"https:\/\/nativainfo.com\/index.php?rest_route=%2Fwp%2Fv2%2Ftags&post=2405"}],"curies":[{"name":"wp","href":"https:\/\/api.w.org\/{rel}","templated":true}]}}