{"id":2346,"date":"2021-09-22T16:02:13","date_gmt":"2021-09-22T19:02:13","guid":{"rendered":"http:\/\/nativainfo.com\/?p=2346"},"modified":"2021-09-22T16:02:14","modified_gmt":"2021-09-22T19:02:14","slug":"el-gobierno-aclara-que-es-obligatorio-usar-el-barbijo-hasta-el-1o-de-octubre","status":"publish","type":"post","link":"https:\/\/nativainfo.com\/?p=2346","title":{"rendered":"El Gobierno aclara que es obligatorio usar el barbijo hasta el 1\u00ba de octubre"},"content":{"rendered":"\n<figure class=\"wp-block-image size-large\"><img fetchpriority=\"high\" decoding=\"async\" width=\"1024\" height=\"551\" src=\"http:\/\/nativainfo.com\/wp-content\/uploads\/2021\/09\/tapabocas1-1024x551.jpg\" alt=\"\" class=\"wp-image-2349\" srcset=\"https:\/\/nativainfo.com\/wp-content\/uploads\/2021\/09\/tapabocas1-1024x551.jpg 1024w, https:\/\/nativainfo.com\/wp-content\/uploads\/2021\/09\/tapabocas1-300x162.jpg 300w, https:\/\/nativainfo.com\/wp-content\/uploads\/2021\/09\/tapabocas1-768x414.jpg 768w, https:\/\/nativainfo.com\/wp-content\/uploads\/2021\/09\/tapabocas1-650x350.jpg 650w, https:\/\/nativainfo.com\/wp-content\/uploads\/2021\/09\/tapabocas1-150x81.jpg 150w, https:\/\/nativainfo.com\/wp-content\/uploads\/2021\/09\/tapabocas1.jpg 1170w\" sizes=\"(max-width: 1024px) 100vw, 1024px\" \/><\/figure>\n\n\n\n<p><strong>Desde Naci\u00f3n aclararon que ser\u00e1 reci\u00e9n a partir del 1\u00ba de octubre cuando se levantar\u00e1 la obligatoriedad del uso del tapaboca al aire libre, en forma individual o en burbuja, y cuando no haya aglomerado de personas.<\/strong><\/p>\n\n\n\n<p>Despu\u00e9s de la conferencia de prensa ofrecida en Casa Rosada por el jefe de Gabinete, Juan Manzur; y la ministra de Salud, Carla Vizzotti; voceros del Gobierno advirtieron que la utilizaci\u00f3n del barbijo continuar\u00e1 siendo obligatoria en lugares cerrados (aula, cine, teatro, \u00e1mbitos de trabajo, transporte p\u00fablico, espect\u00e1culos y eventos masivos) y al aire libre cuando hay aglomerados de personas; y recomiendan continuar utilizando tapaboca a las personas que presenten condiciones de riesgo.<\/p>\n\n\n\n<p>Las reuniones sociales ser\u00e1n sin l\u00edmites de personas, cumpliendo las medidas de prevenci\u00f3n, tapabocas, distancia y ventilaci\u00f3n.<\/p>\n","protected":false},"excerpt":{"rendered":"<p>Desde Naci\u00f3n aclararon que ser\u00e1 reci\u00e9n a partir del 1\u00ba de octubre cuando se levantar\u00e1 la obligatoriedad del uso del&#8230; <a class=\"continue-reading-link\" href=\"https:\/\/nativainfo.com\/?p=2346\">Continue reading<\/a><\/p>\n","protected":false},"author":1,"featured_media":0,"comment_status":"open","ping_status":"open","sticky":false,"template":"","format":"standard","meta":{"rop_custom_images_group":[],"rop_custom_messages_group":[],"rop_publish_now":"initial","rop_publish_now_accounts":[],"rop_publish_now_history":[],"rop_publish_now_status":"pending","footnotes":"","jetpack_publicize_message":"","jetpack_publicize_feature_enabled":true,"jetpack_social_post_already_shared":false,"jetpack_social_options":{"image_generator_settings":{"template":"highway","default_image_id":0,"font":"","enabled":false},"version":2}},"categories":[53],"tags":[],"class_list":["post-2346","post","type-post","status-publish","format-standard","hentry","category-nuevas-medidas"],"yoast_head":"<!-- This site is optimized with the Yoast SEO plugin v25.6 - https:\/\/yoast.com\/wordpress\/plugins\/seo\/ -->\n<title>El Gobierno aclara que es obligatorio usar el barbijo hasta el 1\u00ba de octubre - Nativa Info<\/title>\n<meta name=\"robots\" content=\"index, follow, max-snippet:-1, max-image-preview:large, max-video-preview:-1\" \/>\n<link rel=\"canonical\" href=\"https:\/\/nativainfo.com\/?p=2346\" \/>\n<meta property=\"og:locale\" content=\"es_ES\" \/>\n<meta property=\"og:type\" content=\"article\" \/>\n<meta property=\"og:title\" content=\"El Gobierno aclara que es obligatorio usar el barbijo hasta el 1\u00ba de octubre - Nativa Info\" \/>\n<meta property=\"og:description\" content=\"Desde Naci\u00f3n aclararon que ser\u00e1 reci\u00e9n a partir del 1\u00ba de octubre cuando se levantar\u00e1 la obligatoriedad del uso del... Continue reading\" \/>\n<meta property=\"og:url\" content=\"https:\/\/nativainfo.com\/?p=2346\" \/>\n<meta property=\"og:site_name\" content=\"Nativa Info\" \/>\n<meta property=\"article:publisher\" content=\"https:\/\/www.facebook.com\/profile.php?id=61578881597564\" \/>\n<meta property=\"article:published_time\" content=\"2021-09-22T19:02:13+00:00\" \/>\n<meta property=\"article:modified_time\" content=\"2021-09-22T19:02:14+00:00\" \/>\n<meta property=\"og:image\" content=\"http:\/\/nativainfo.com\/wp-content\/uploads\/2021\/09\/tapabocas1-1024x551.jpg\" \/>\n<meta name=\"author\" content=\"Nativa Info\" \/>\n<meta name=\"twitter:card\" content=\"summary_large_image\" \/>\n<meta name=\"twitter:label1\" content=\"Escrito por\" \/>\n\t<meta name=\"twitter:data1\" content=\"Nativa Info\" \/>\n\t<meta name=\"twitter:label2\" content=\"Tiempo de lectura\" \/>\n\t<meta name=\"twitter:data2\" content=\"1 minuto\" \/>\n<script type=\"application\/ld+json\" class=\"yoast-schema-graph\">{\"@context\":\"https:\/\/schema.org\",\"@graph\":[{\"@type\":\"Article\",\"@id\":\"https:\/\/nativainfo.com\/?p=2346#article\",\"isPartOf\":{\"@id\":\"https:\/\/nativainfo.com\/?p=2346\"},\"author\":{\"name\":\"Nativa Info\",\"@id\":\"https:\/\/nativainfo.com\/#\/schema\/person\/24893b64a9cd564ddb5d102d36eb4b5c\"},\"headline\":\"El Gobierno aclara que es obligatorio usar el barbijo hasta el 1\u00ba de octubre\",\"datePublished\":\"2021-09-22T19:02:13+00:00\",\"dateModified\":\"2021-09-22T19:02:14+00:00\",\"mainEntityOfPage\":{\"@id\":\"https:\/\/nativainfo.com\/?p=2346\"},\"wordCount\":149,\"commentCount\":0,\"publisher\":{\"@id\":\"https:\/\/nativainfo.com\/#organization\"},\"image\":{\"@id\":\"https:\/\/nativainfo.com\/?p=2346#primaryimage\"},\"thumbnailUrl\":\"http:\/\/nativainfo.com\/wp-content\/uploads\/2021\/09\/tapabocas1-1024x551.jpg\",\"articleSection\":[\"Nuevas Medidas\"],\"inLanguage\":\"es-AR\",\"potentialAction\":[{\"@type\":\"CommentAction\",\"name\":\"Comment\",\"target\":[\"https:\/\/nativainfo.com\/?p=2346#respond\"]}]},{\"@type\":\"WebPage\",\"@id\":\"https:\/\/nativainfo.com\/?p=2346\",\"url\":\"https:\/\/nativainfo.com\/?p=2346\",\"name\":\"El Gobierno aclara que es obligatorio usar el barbijo hasta el 1\u00ba de octubre - Nativa Info\",\"isPartOf\":{\"@id\":\"https:\/\/nativainfo.com\/#website\"},\"primaryImageOfPage\":{\"@id\":\"https:\/\/nativainfo.com\/?p=2346#primaryimage\"},\"image\":{\"@id\":\"https:\/\/nativainfo.com\/?p=2346#primaryimage\"},\"thumbnailUrl\":\"http:\/\/nativainfo.com\/wp-content\/uploads\/2021\/09\/tapabocas1-1024x551.jpg\",\"datePublished\":\"2021-09-22T19:02:13+00:00\",\"dateModified\":\"2021-09-22T19:02:14+00:00\",\"breadcrumb\":{\"@id\":\"https:\/\/nativainfo.com\/?p=2346#breadcrumb\"},\"inLanguage\":\"es-AR\",\"potentialAction\":[{\"@type\":\"ReadAction\",\"target\":[\"https:\/\/nativainfo.com\/?p=2346\"]}]},{\"@type\":\"ImageObject\",\"inLanguage\":\"es-AR\",\"@id\":\"https:\/\/nativainfo.com\/?p=2346#primaryimage\",\"url\":\"https:\/\/nativainfo.com\/wp-content\/uploads\/2021\/09\/tapabocas1.jpg\",\"contentUrl\":\"https:\/\/nativainfo.com\/wp-content\/uploads\/2021\/09\/tapabocas1.jpg\",\"width\":1170,\"height\":630},{\"@type\":\"BreadcrumbList\",\"@id\":\"https:\/\/nativainfo.com\/?p=2346#breadcrumb\",\"itemListElement\":[{\"@type\":\"ListItem\",\"position\":1,\"name\":\"Inicio\",\"item\":\"https:\/\/nativainfo.com\/\"},{\"@type\":\"ListItem\",\"position\":2,\"name\":\"El Gobierno aclara que es obligatorio usar el barbijo hasta el 1\u00ba de octubre\"}]},{\"@type\":\"WebSite\",\"@id\":\"https:\/\/nativainfo.com\/#website\",\"url\":\"https:\/\/nativainfo.com\/\",\"name\":\"Nativa Info\",\"description\":\"Diario Digital\",\"publisher\":{\"@id\":\"https:\/\/nativainfo.com\/#organization\"},\"potentialAction\":[{\"@type\":\"SearchAction\",\"target\":{\"@type\":\"EntryPoint\",\"urlTemplate\":\"https:\/\/nativainfo.com\/?s={search_term_string}\"},\"query-input\":{\"@type\":\"PropertyValueSpecification\",\"valueRequired\":true,\"valueName\":\"search_term_string\"}}],\"inLanguage\":\"es-AR\"},{\"@type\":\"Organization\",\"@id\":\"https:\/\/nativainfo.com\/#organization\",\"name\":\"Nativa Info\",\"url\":\"https:\/\/nativainfo.com\/\",\"logo\":{\"@type\":\"ImageObject\",\"inLanguage\":\"es-AR\",\"@id\":\"https:\/\/nativainfo.com\/#\/schema\/logo\/image\/\",\"url\":\"https:\/\/nativainfo.com\/wp-content\/uploads\/2025\/08\/LOGO-NATIVA-FACE.jpg\",\"contentUrl\":\"https:\/\/nativainfo.com\/wp-content\/uploads\/2025\/08\/LOGO-NATIVA-FACE.jpg\",\"width\":400,\"height\":400,\"caption\":\"Nativa Info\"},\"image\":{\"@id\":\"https:\/\/nativainfo.com\/#\/schema\/logo\/image\/\"},\"sameAs\":[\"https:\/\/www.facebook.com\/profile.php?id=61578881597564\"]},{\"@type\":\"Person\",\"@id\":\"https:\/\/nativainfo.com\/#\/schema\/person\/24893b64a9cd564ddb5d102d36eb4b5c\",\"name\":\"Nativa Info\",\"image\":{\"@type\":\"ImageObject\",\"inLanguage\":\"es-AR\",\"@id\":\"https:\/\/nativainfo.com\/#\/schema\/person\/image\/\",\"url\":\"https:\/\/secure.gravatar.com\/avatar\/016fa1cf068d85136d938e1507b9b619cb766e2565cbb1faa1e571762460c785?s=96&d=mm&r=g\",\"contentUrl\":\"https:\/\/secure.gravatar.com\/avatar\/016fa1cf068d85136d938e1507b9b619cb766e2565cbb1faa1e571762460c785?s=96&d=mm&r=g\",\"caption\":\"Nativa Info\"},\"sameAs\":[\"http:\/\/nativainfo.com\"],\"url\":\"https:\/\/nativainfo.com\/?author=1\"}]}<\/script>\n<!-- \/ Yoast SEO plugin. -->","yoast_head_json":{"title":"El Gobierno aclara que es obligatorio usar el barbijo hasta el 1\u00ba de octubre - Nativa Info","robots":{"index":"index","follow":"follow","max-snippet":"max-snippet:-1","max-image-preview":"max-image-preview:large","max-video-preview":"max-video-preview:-1"},"canonical":"https:\/\/nativainfo.com\/?p=2346","og_locale":"es_ES","og_type":"article","og_title":"El Gobierno aclara que es obligatorio usar el barbijo hasta el 1\u00ba de octubre - Nativa Info","og_description":"Desde Naci\u00f3n aclararon que ser\u00e1 reci\u00e9n a partir del 1\u00ba de octubre cuando se levantar\u00e1 la obligatoriedad del uso del... Continue reading","og_url":"https:\/\/nativainfo.com\/?p=2346","og_site_name":"Nativa Info","article_publisher":"https:\/\/www.facebook.com\/profile.php?id=61578881597564","article_published_time":"2021-09-22T19:02:13+00:00","article_modified_time":"2021-09-22T19:02:14+00:00","og_image":[{"url":"http:\/\/nativainfo.com\/wp-content\/uploads\/2021\/09\/tapabocas1-1024x551.jpg","type":"","width":"","height":""}],"author":"Nativa Info","twitter_card":"summary_large_image","twitter_misc":{"Escrito por":"Nativa Info","Tiempo de lectura":"1 minuto"},"schema":{"@context":"https:\/\/schema.org","@graph":[{"@type":"Article","@id":"https:\/\/nativainfo.com\/?p=2346#article","isPartOf":{"@id":"https:\/\/nativainfo.com\/?p=2346"},"author":{"name":"Nativa Info","@id":"https:\/\/nativainfo.com\/#\/schema\/person\/24893b64a9cd564ddb5d102d36eb4b5c"},"headline":"El Gobierno aclara que es obligatorio usar el barbijo hasta el 1\u00ba de octubre","datePublished":"2021-09-22T19:02:13+00:00","dateModified":"2021-09-22T19:02:14+00:00","mainEntityOfPage":{"@id":"https:\/\/nativainfo.com\/?p=2346"},"wordCount":149,"commentCount":0,"publisher":{"@id":"https:\/\/nativainfo.com\/#organization"},"image":{"@id":"https:\/\/nativainfo.com\/?p=2346#primaryimage"},"thumbnailUrl":"http:\/\/nativainfo.com\/wp-content\/uploads\/2021\/09\/tapabocas1-1024x551.jpg","articleSection":["Nuevas Medidas"],"inLanguage":"es-AR","potentialAction":[{"@type":"CommentAction","name":"Comment","target":["https:\/\/nativainfo.com\/?p=2346#respond"]}]},{"@type":"WebPage","@id":"https:\/\/nativainfo.com\/?p=2346","url":"https:\/\/nativainfo.com\/?p=2346","name":"El Gobierno aclara que es obligatorio usar el barbijo hasta el 1\u00ba de octubre - Nativa Info","isPartOf":{"@id":"https:\/\/nativainfo.com\/#website"},"primaryImageOfPage":{"@id":"https:\/\/nativainfo.com\/?p=2346#primaryimage"},"image":{"@id":"https:\/\/nativainfo.com\/?p=2346#primaryimage"},"thumbnailUrl":"http:\/\/nativainfo.com\/wp-content\/uploads\/2021\/09\/tapabocas1-1024x551.jpg","datePublished":"2021-09-22T19:02:13+00:00","dateModified":"2021-09-22T19:02:14+00:00","breadcrumb":{"@id":"https:\/\/nativainfo.com\/?p=2346#breadcrumb"},"inLanguage":"es-AR","potentialAction":[{"@type":"ReadAction","target":["https:\/\/nativainfo.com\/?p=2346"]}]},{"@type":"ImageObject","inLanguage":"es-AR","@id":"https:\/\/nativainfo.com\/?p=2346#primaryimage","url":"https:\/\/nativainfo.com\/wp-content\/uploads\/2021\/09\/tapabocas1.jpg","contentUrl":"https:\/\/nativainfo.com\/wp-content\/uploads\/2021\/09\/tapabocas1.jpg","width":1170,"height":630},{"@type":"BreadcrumbList","@id":"https:\/\/nativainfo.com\/?p=2346#breadcrumb","itemListElement":[{"@type":"ListItem","position":1,"name":"Inicio","item":"https:\/\/nativainfo.com\/"},{"@type":"ListItem","position":2,"name":"El Gobierno aclara que es obligatorio usar el barbijo hasta el 1\u00ba de octubre"}]},{"@type":"WebSite","@id":"https:\/\/nativainfo.com\/#website","url":"https:\/\/nativainfo.com\/","name":"Nativa Info","description":"Diario Digital","publisher":{"@id":"https:\/\/nativainfo.com\/#organization"},"potentialAction":[{"@type":"SearchAction","target":{"@type":"EntryPoint","urlTemplate":"https:\/\/nativainfo.com\/?s={search_term_string}"},"query-input":{"@type":"PropertyValueSpecification","valueRequired":true,"valueName":"search_term_string"}}],"inLanguage":"es-AR"},{"@type":"Organization","@id":"https:\/\/nativainfo.com\/#organization","name":"Nativa Info","url":"https:\/\/nativainfo.com\/","logo":{"@type":"ImageObject","inLanguage":"es-AR","@id":"https:\/\/nativainfo.com\/#\/schema\/logo\/image\/","url":"https:\/\/nativainfo.com\/wp-content\/uploads\/2025\/08\/LOGO-NATIVA-FACE.jpg","contentUrl":"https:\/\/nativainfo.com\/wp-content\/uploads\/2025\/08\/LOGO-NATIVA-FACE.jpg","width":400,"height":400,"caption":"Nativa Info"},"image":{"@id":"https:\/\/nativainfo.com\/#\/schema\/logo\/image\/"},"sameAs":["https:\/\/www.facebook.com\/profile.php?id=61578881597564"]},{"@type":"Person","@id":"https:\/\/nativainfo.com\/#\/schema\/person\/24893b64a9cd564ddb5d102d36eb4b5c","name":"Nativa Info","image":{"@type":"ImageObject","inLanguage":"es-AR","@id":"https:\/\/nativainfo.com\/#\/schema\/person\/image\/","url":"https:\/\/secure.gravatar.com\/avatar\/016fa1cf068d85136d938e1507b9b619cb766e2565cbb1faa1e571762460c785?s=96&d=mm&r=g","contentUrl":"https:\/\/secure.gravatar.com\/avatar\/016fa1cf068d85136d938e1507b9b619cb766e2565cbb1faa1e571762460c785?s=96&d=mm&r=g","caption":"Nativa Info"},"sameAs":["http:\/\/nativainfo.com"],"url":"https:\/\/nativainfo.com\/?author=1"}]}},"jetpack_publicize_connections":[],"_links":{"self":[{"href":"https:\/\/nativainfo.com\/index.php?rest_route=\/wp\/v2\/posts\/2346","targetHints":{"allow":["GET"]}}],"collection":[{"href":"https:\/\/nativainfo.com\/index.php?rest_route=\/wp\/v2\/posts"}],"about":[{"href":"https:\/\/nativainfo.com\/index.php?rest_route=\/wp\/v2\/types\/post"}],"author":[{"embeddable":true,"href":"https:\/\/nativainfo.com\/index.php?rest_route=\/wp\/v2\/users\/1"}],"replies":[{"embeddable":true,"href":"https:\/\/nativainfo.com\/index.php?rest_route=%2Fwp%2Fv2%2Fcomments&post=2346"}],"version-history":[{"count":1,"href":"https:\/\/nativainfo.com\/index.php?rest_route=\/wp\/v2\/posts\/2346\/revisions"}],"predecessor-version":[{"id":2350,"href":"https:\/\/nativainfo.com\/index.php?rest_route=\/wp\/v2\/posts\/2346\/revisions\/2350"}],"wp:attachment":[{"href":"https:\/\/nativainfo.com\/index.php?rest_route=%2Fwp%2Fv2%2Fmedia&parent=2346"}],"wp:term":[{"taxonomy":"category","embeddable":true,"href":"https:\/\/nativainfo.com\/index.php?rest_route=%2Fwp%2Fv2%2Fcategories&post=2346"},{"taxonomy":"post_tag","embeddable":true,"href":"https:\/\/nativainfo.com\/index.php?rest_route=%2Fwp%2Fv2%2Ftags&post=2346"}],"curies":[{"name":"wp","href":"https:\/\/api.w.org\/{rel}","templated":true}]}}