{"id":2338,"date":"2021-09-20T02:28:50","date_gmt":"2021-09-20T05:28:50","guid":{"rendered":"http:\/\/nativainfo.com\/?p=2338"},"modified":"2021-09-20T02:28:54","modified_gmt":"2021-09-20T05:28:54","slug":"central-cordoba-no-pudo-con-colon-de-santa-fe-y-quedo-con-las-manos-vacias","status":"publish","type":"post","link":"https:\/\/nativainfo.com\/?p=2338","title":{"rendered":"Central C\u00f3rdoba no pudo con Col\u00f3n de Santa Fe y qued\u00f3 con las manos vac\u00edas"},"content":{"rendered":"\n<p><strong>Central C\u00f3rdoba&nbsp;<\/strong>mereci\u00f3 algo m\u00e1s en su visita a&nbsp;<strong>Col\u00f3n de Santa Fe<\/strong>, pero termin\u00f3 cayendo por 1-0 en uno de los partidos correspondientes a la duod\u00e9cima fecha de la Liga Profesional.<\/p>\n\n\n\n<figure class=\"wp-block-image size-large\"><img fetchpriority=\"high\" decoding=\"async\" width=\"1024\" height=\"662\" src=\"http:\/\/nativainfo.com\/wp-content\/uploads\/2021\/09\/central-cordoba-colon-393462-163850-1024x662.jpg\" alt=\"\" class=\"wp-image-2340\" srcset=\"https:\/\/nativainfo.com\/wp-content\/uploads\/2021\/09\/central-cordoba-colon-393462-163850-1024x662.jpg 1024w, https:\/\/nativainfo.com\/wp-content\/uploads\/2021\/09\/central-cordoba-colon-393462-163850-300x194.jpg 300w, https:\/\/nativainfo.com\/wp-content\/uploads\/2021\/09\/central-cordoba-colon-393462-163850-768x497.jpg 768w, https:\/\/nativainfo.com\/wp-content\/uploads\/2021\/09\/central-cordoba-colon-393462-163850-541x350.jpg 541w, https:\/\/nativainfo.com\/wp-content\/uploads\/2021\/09\/central-cordoba-colon-393462-163850-150x97.jpg 150w, https:\/\/nativainfo.com\/wp-content\/uploads\/2021\/09\/central-cordoba-colon-393462-163850.jpg 1200w\" sizes=\"(max-width: 1024px) 100vw, 1024px\" \/><\/figure>\n\n\n\n<p>Un remate de&nbsp;<strong>Rodrigo Aliendro<\/strong>, que rebot\u00f3 en un defensor y descoloc\u00f3 al arquero&nbsp;<strong>C\u00e9sar Rigamonti,<\/strong>&nbsp;le permiti\u00f3 al&nbsp;<strong>Sabalero&nbsp;<\/strong>adelantarse en el tanteador y defender esa ventaja hasta el cierre.<\/p>\n\n\n\n<p>El elenco santafesino trat\u00f3 mejor el bal\u00f3n en los 45m. iniciales, aunque le cost\u00f3 plasmar ese mejor criterio en los metros finales.<\/p>\n\n\n\n<p><strong>Col\u00f3n&nbsp;<\/strong>pudo ponerse en ventaja, cuando se decidi\u00f3 a rematar al arco, en un intento de&nbsp;<strong>Aliendro<\/strong>, que gener\u00f3 un desvi\u00f3 en&nbsp;<strong>Oscar Salom\u00f3n<\/strong>&nbsp;y lleg\u00f3 hasta el fondo de la red (Pt. 32m.).<\/p>\n","protected":false},"excerpt":{"rendered":"<p>Central C\u00f3rdoba&nbsp;mereci\u00f3 algo m\u00e1s en su visita a&nbsp;Col\u00f3n de Santa Fe, pero termin\u00f3 cayendo por 1-0 en uno de los&#8230; <a class=\"continue-reading-link\" href=\"https:\/\/nativainfo.com\/?p=2338\">Continue reading<\/a><\/p>\n","protected":false},"author":1,"featured_media":0,"comment_status":"open","ping_status":"open","sticky":false,"template":"","format":"standard","meta":{"rop_custom_images_group":[],"rop_custom_messages_group":[],"rop_publish_now":"initial","rop_publish_now_accounts":[],"rop_publish_now_history":[],"rop_publish_now_status":"pending","footnotes":"","jetpack_publicize_message":"","jetpack_publicize_feature_enabled":true,"jetpack_social_post_already_shared":false,"jetpack_social_options":{"image_generator_settings":{"template":"highway","default_image_id":0,"font":"","enabled":false},"version":2}},"categories":[41],"tags":[],"class_list":["post-2338","post","type-post","status-publish","format-standard","hentry","category-futbol"],"yoast_head":"<!-- This site is optimized with the Yoast SEO plugin v25.6 - https:\/\/yoast.com\/wordpress\/plugins\/seo\/ -->\n<title>Central C\u00f3rdoba no pudo con Col\u00f3n de Santa Fe y qued\u00f3 con las manos vac\u00edas - Nativa Info<\/title>\n<meta name=\"robots\" content=\"index, follow, max-snippet:-1, max-image-preview:large, max-video-preview:-1\" \/>\n<link rel=\"canonical\" href=\"https:\/\/nativainfo.com\/?p=2338\" \/>\n<meta property=\"og:locale\" content=\"es_ES\" \/>\n<meta property=\"og:type\" content=\"article\" \/>\n<meta property=\"og:title\" content=\"Central C\u00f3rdoba no pudo con Col\u00f3n de Santa Fe y qued\u00f3 con las manos vac\u00edas - Nativa Info\" \/>\n<meta property=\"og:description\" content=\"Central C\u00f3rdoba&nbsp;mereci\u00f3 algo m\u00e1s en su visita a&nbsp;Col\u00f3n de Santa Fe, pero termin\u00f3 cayendo por 1-0 en uno de los... Continue reading\" \/>\n<meta property=\"og:url\" content=\"https:\/\/nativainfo.com\/?p=2338\" \/>\n<meta property=\"og:site_name\" content=\"Nativa Info\" \/>\n<meta property=\"article:publisher\" content=\"https:\/\/www.facebook.com\/profile.php?id=61578881597564\" \/>\n<meta property=\"article:published_time\" content=\"2021-09-20T05:28:50+00:00\" \/>\n<meta property=\"article:modified_time\" content=\"2021-09-20T05:28:54+00:00\" \/>\n<meta property=\"og:image\" content=\"http:\/\/nativainfo.com\/wp-content\/uploads\/2021\/09\/central-cordoba-colon-393462-163850-1024x662.jpg\" \/>\n<meta name=\"author\" content=\"Nativa Info\" \/>\n<meta name=\"twitter:card\" content=\"summary_large_image\" \/>\n<meta name=\"twitter:label1\" content=\"Escrito por\" \/>\n\t<meta name=\"twitter:data1\" content=\"Nativa Info\" \/>\n\t<meta name=\"twitter:label2\" content=\"Tiempo de lectura\" \/>\n\t<meta name=\"twitter:data2\" content=\"1 minuto\" \/>\n<script type=\"application\/ld+json\" class=\"yoast-schema-graph\">{\"@context\":\"https:\/\/schema.org\",\"@graph\":[{\"@type\":\"Article\",\"@id\":\"https:\/\/nativainfo.com\/?p=2338#article\",\"isPartOf\":{\"@id\":\"https:\/\/nativainfo.com\/?p=2338\"},\"author\":{\"name\":\"Nativa Info\",\"@id\":\"https:\/\/nativainfo.com\/#\/schema\/person\/24893b64a9cd564ddb5d102d36eb4b5c\"},\"headline\":\"Central C\u00f3rdoba no pudo con Col\u00f3n de Santa Fe y qued\u00f3 con las manos vac\u00edas\",\"datePublished\":\"2021-09-20T05:28:50+00:00\",\"dateModified\":\"2021-09-20T05:28:54+00:00\",\"mainEntityOfPage\":{\"@id\":\"https:\/\/nativainfo.com\/?p=2338\"},\"wordCount\":156,\"commentCount\":0,\"publisher\":{\"@id\":\"https:\/\/nativainfo.com\/#organization\"},\"image\":{\"@id\":\"https:\/\/nativainfo.com\/?p=2338#primaryimage\"},\"thumbnailUrl\":\"http:\/\/nativainfo.com\/wp-content\/uploads\/2021\/09\/central-cordoba-colon-393462-163850-1024x662.jpg\",\"articleSection\":[\"F\u00fatbol\"],\"inLanguage\":\"es-AR\",\"potentialAction\":[{\"@type\":\"CommentAction\",\"name\":\"Comment\",\"target\":[\"https:\/\/nativainfo.com\/?p=2338#respond\"]}]},{\"@type\":\"WebPage\",\"@id\":\"https:\/\/nativainfo.com\/?p=2338\",\"url\":\"https:\/\/nativainfo.com\/?p=2338\",\"name\":\"Central C\u00f3rdoba no pudo con Col\u00f3n de Santa Fe y qued\u00f3 con las manos vac\u00edas - Nativa Info\",\"isPartOf\":{\"@id\":\"https:\/\/nativainfo.com\/#website\"},\"primaryImageOfPage\":{\"@id\":\"https:\/\/nativainfo.com\/?p=2338#primaryimage\"},\"image\":{\"@id\":\"https:\/\/nativainfo.com\/?p=2338#primaryimage\"},\"thumbnailUrl\":\"http:\/\/nativainfo.com\/wp-content\/uploads\/2021\/09\/central-cordoba-colon-393462-163850-1024x662.jpg\",\"datePublished\":\"2021-09-20T05:28:50+00:00\",\"dateModified\":\"2021-09-20T05:28:54+00:00\",\"breadcrumb\":{\"@id\":\"https:\/\/nativainfo.com\/?p=2338#breadcrumb\"},\"inLanguage\":\"es-AR\",\"potentialAction\":[{\"@type\":\"ReadAction\",\"target\":[\"https:\/\/nativainfo.com\/?p=2338\"]}]},{\"@type\":\"ImageObject\",\"inLanguage\":\"es-AR\",\"@id\":\"https:\/\/nativainfo.com\/?p=2338#primaryimage\",\"url\":\"https:\/\/nativainfo.com\/wp-content\/uploads\/2021\/09\/central-cordoba-colon-393462-163850.jpg\",\"contentUrl\":\"https:\/\/nativainfo.com\/wp-content\/uploads\/2021\/09\/central-cordoba-colon-393462-163850.jpg\",\"width\":1200,\"height\":776},{\"@type\":\"BreadcrumbList\",\"@id\":\"https:\/\/nativainfo.com\/?p=2338#breadcrumb\",\"itemListElement\":[{\"@type\":\"ListItem\",\"position\":1,\"name\":\"Inicio\",\"item\":\"https:\/\/nativainfo.com\/\"},{\"@type\":\"ListItem\",\"position\":2,\"name\":\"Central C\u00f3rdoba no pudo con Col\u00f3n de Santa Fe y qued\u00f3 con las manos vac\u00edas\"}]},{\"@type\":\"WebSite\",\"@id\":\"https:\/\/nativainfo.com\/#website\",\"url\":\"https:\/\/nativainfo.com\/\",\"name\":\"Nativa Info\",\"description\":\"Diario Digital\",\"publisher\":{\"@id\":\"https:\/\/nativainfo.com\/#organization\"},\"potentialAction\":[{\"@type\":\"SearchAction\",\"target\":{\"@type\":\"EntryPoint\",\"urlTemplate\":\"https:\/\/nativainfo.com\/?s={search_term_string}\"},\"query-input\":{\"@type\":\"PropertyValueSpecification\",\"valueRequired\":true,\"valueName\":\"search_term_string\"}}],\"inLanguage\":\"es-AR\"},{\"@type\":\"Organization\",\"@id\":\"https:\/\/nativainfo.com\/#organization\",\"name\":\"Nativa Info\",\"url\":\"https:\/\/nativainfo.com\/\",\"logo\":{\"@type\":\"ImageObject\",\"inLanguage\":\"es-AR\",\"@id\":\"https:\/\/nativainfo.com\/#\/schema\/logo\/image\/\",\"url\":\"https:\/\/nativainfo.com\/wp-content\/uploads\/2025\/08\/LOGO-NATIVA-FACE.jpg\",\"contentUrl\":\"https:\/\/nativainfo.com\/wp-content\/uploads\/2025\/08\/LOGO-NATIVA-FACE.jpg\",\"width\":400,\"height\":400,\"caption\":\"Nativa Info\"},\"image\":{\"@id\":\"https:\/\/nativainfo.com\/#\/schema\/logo\/image\/\"},\"sameAs\":[\"https:\/\/www.facebook.com\/profile.php?id=61578881597564\"]},{\"@type\":\"Person\",\"@id\":\"https:\/\/nativainfo.com\/#\/schema\/person\/24893b64a9cd564ddb5d102d36eb4b5c\",\"name\":\"Nativa Info\",\"image\":{\"@type\":\"ImageObject\",\"inLanguage\":\"es-AR\",\"@id\":\"https:\/\/nativainfo.com\/#\/schema\/person\/image\/\",\"url\":\"https:\/\/secure.gravatar.com\/avatar\/016fa1cf068d85136d938e1507b9b619cb766e2565cbb1faa1e571762460c785?s=96&d=mm&r=g\",\"contentUrl\":\"https:\/\/secure.gravatar.com\/avatar\/016fa1cf068d85136d938e1507b9b619cb766e2565cbb1faa1e571762460c785?s=96&d=mm&r=g\",\"caption\":\"Nativa Info\"},\"sameAs\":[\"http:\/\/nativainfo.com\"],\"url\":\"https:\/\/nativainfo.com\/?author=1\"}]}<\/script>\n<!-- \/ Yoast SEO plugin. -->","yoast_head_json":{"title":"Central C\u00f3rdoba no pudo con Col\u00f3n de Santa Fe y qued\u00f3 con las manos vac\u00edas - Nativa Info","robots":{"index":"index","follow":"follow","max-snippet":"max-snippet:-1","max-image-preview":"max-image-preview:large","max-video-preview":"max-video-preview:-1"},"canonical":"https:\/\/nativainfo.com\/?p=2338","og_locale":"es_ES","og_type":"article","og_title":"Central C\u00f3rdoba no pudo con Col\u00f3n de Santa Fe y qued\u00f3 con las manos vac\u00edas - Nativa Info","og_description":"Central C\u00f3rdoba&nbsp;mereci\u00f3 algo m\u00e1s en su visita a&nbsp;Col\u00f3n de Santa Fe, pero termin\u00f3 cayendo por 1-0 en uno de los... Continue reading","og_url":"https:\/\/nativainfo.com\/?p=2338","og_site_name":"Nativa Info","article_publisher":"https:\/\/www.facebook.com\/profile.php?id=61578881597564","article_published_time":"2021-09-20T05:28:50+00:00","article_modified_time":"2021-09-20T05:28:54+00:00","og_image":[{"url":"http:\/\/nativainfo.com\/wp-content\/uploads\/2021\/09\/central-cordoba-colon-393462-163850-1024x662.jpg","type":"","width":"","height":""}],"author":"Nativa Info","twitter_card":"summary_large_image","twitter_misc":{"Escrito por":"Nativa Info","Tiempo de lectura":"1 minuto"},"schema":{"@context":"https:\/\/schema.org","@graph":[{"@type":"Article","@id":"https:\/\/nativainfo.com\/?p=2338#article","isPartOf":{"@id":"https:\/\/nativainfo.com\/?p=2338"},"author":{"name":"Nativa Info","@id":"https:\/\/nativainfo.com\/#\/schema\/person\/24893b64a9cd564ddb5d102d36eb4b5c"},"headline":"Central C\u00f3rdoba no pudo con Col\u00f3n de Santa Fe y qued\u00f3 con las manos vac\u00edas","datePublished":"2021-09-20T05:28:50+00:00","dateModified":"2021-09-20T05:28:54+00:00","mainEntityOfPage":{"@id":"https:\/\/nativainfo.com\/?p=2338"},"wordCount":156,"commentCount":0,"publisher":{"@id":"https:\/\/nativainfo.com\/#organization"},"image":{"@id":"https:\/\/nativainfo.com\/?p=2338#primaryimage"},"thumbnailUrl":"http:\/\/nativainfo.com\/wp-content\/uploads\/2021\/09\/central-cordoba-colon-393462-163850-1024x662.jpg","articleSection":["F\u00fatbol"],"inLanguage":"es-AR","potentialAction":[{"@type":"CommentAction","name":"Comment","target":["https:\/\/nativainfo.com\/?p=2338#respond"]}]},{"@type":"WebPage","@id":"https:\/\/nativainfo.com\/?p=2338","url":"https:\/\/nativainfo.com\/?p=2338","name":"Central C\u00f3rdoba no pudo con Col\u00f3n de Santa Fe y qued\u00f3 con las manos vac\u00edas - Nativa Info","isPartOf":{"@id":"https:\/\/nativainfo.com\/#website"},"primaryImageOfPage":{"@id":"https:\/\/nativainfo.com\/?p=2338#primaryimage"},"image":{"@id":"https:\/\/nativainfo.com\/?p=2338#primaryimage"},"thumbnailUrl":"http:\/\/nativainfo.com\/wp-content\/uploads\/2021\/09\/central-cordoba-colon-393462-163850-1024x662.jpg","datePublished":"2021-09-20T05:28:50+00:00","dateModified":"2021-09-20T05:28:54+00:00","breadcrumb":{"@id":"https:\/\/nativainfo.com\/?p=2338#breadcrumb"},"inLanguage":"es-AR","potentialAction":[{"@type":"ReadAction","target":["https:\/\/nativainfo.com\/?p=2338"]}]},{"@type":"ImageObject","inLanguage":"es-AR","@id":"https:\/\/nativainfo.com\/?p=2338#primaryimage","url":"https:\/\/nativainfo.com\/wp-content\/uploads\/2021\/09\/central-cordoba-colon-393462-163850.jpg","contentUrl":"https:\/\/nativainfo.com\/wp-content\/uploads\/2021\/09\/central-cordoba-colon-393462-163850.jpg","width":1200,"height":776},{"@type":"BreadcrumbList","@id":"https:\/\/nativainfo.com\/?p=2338#breadcrumb","itemListElement":[{"@type":"ListItem","position":1,"name":"Inicio","item":"https:\/\/nativainfo.com\/"},{"@type":"ListItem","position":2,"name":"Central C\u00f3rdoba no pudo con Col\u00f3n de Santa Fe y qued\u00f3 con las manos vac\u00edas"}]},{"@type":"WebSite","@id":"https:\/\/nativainfo.com\/#website","url":"https:\/\/nativainfo.com\/","name":"Nativa Info","description":"Diario Digital","publisher":{"@id":"https:\/\/nativainfo.com\/#organization"},"potentialAction":[{"@type":"SearchAction","target":{"@type":"EntryPoint","urlTemplate":"https:\/\/nativainfo.com\/?s={search_term_string}"},"query-input":{"@type":"PropertyValueSpecification","valueRequired":true,"valueName":"search_term_string"}}],"inLanguage":"es-AR"},{"@type":"Organization","@id":"https:\/\/nativainfo.com\/#organization","name":"Nativa Info","url":"https:\/\/nativainfo.com\/","logo":{"@type":"ImageObject","inLanguage":"es-AR","@id":"https:\/\/nativainfo.com\/#\/schema\/logo\/image\/","url":"https:\/\/nativainfo.com\/wp-content\/uploads\/2025\/08\/LOGO-NATIVA-FACE.jpg","contentUrl":"https:\/\/nativainfo.com\/wp-content\/uploads\/2025\/08\/LOGO-NATIVA-FACE.jpg","width":400,"height":400,"caption":"Nativa Info"},"image":{"@id":"https:\/\/nativainfo.com\/#\/schema\/logo\/image\/"},"sameAs":["https:\/\/www.facebook.com\/profile.php?id=61578881597564"]},{"@type":"Person","@id":"https:\/\/nativainfo.com\/#\/schema\/person\/24893b64a9cd564ddb5d102d36eb4b5c","name":"Nativa Info","image":{"@type":"ImageObject","inLanguage":"es-AR","@id":"https:\/\/nativainfo.com\/#\/schema\/person\/image\/","url":"https:\/\/secure.gravatar.com\/avatar\/016fa1cf068d85136d938e1507b9b619cb766e2565cbb1faa1e571762460c785?s=96&d=mm&r=g","contentUrl":"https:\/\/secure.gravatar.com\/avatar\/016fa1cf068d85136d938e1507b9b619cb766e2565cbb1faa1e571762460c785?s=96&d=mm&r=g","caption":"Nativa Info"},"sameAs":["http:\/\/nativainfo.com"],"url":"https:\/\/nativainfo.com\/?author=1"}]}},"jetpack_publicize_connections":[],"_links":{"self":[{"href":"https:\/\/nativainfo.com\/index.php?rest_route=\/wp\/v2\/posts\/2338","targetHints":{"allow":["GET"]}}],"collection":[{"href":"https:\/\/nativainfo.com\/index.php?rest_route=\/wp\/v2\/posts"}],"about":[{"href":"https:\/\/nativainfo.com\/index.php?rest_route=\/wp\/v2\/types\/post"}],"author":[{"embeddable":true,"href":"https:\/\/nativainfo.com\/index.php?rest_route=\/wp\/v2\/users\/1"}],"replies":[{"embeddable":true,"href":"https:\/\/nativainfo.com\/index.php?rest_route=%2Fwp%2Fv2%2Fcomments&post=2338"}],"version-history":[{"count":1,"href":"https:\/\/nativainfo.com\/index.php?rest_route=\/wp\/v2\/posts\/2338\/revisions"}],"predecessor-version":[{"id":2341,"href":"https:\/\/nativainfo.com\/index.php?rest_route=\/wp\/v2\/posts\/2338\/revisions\/2341"}],"wp:attachment":[{"href":"https:\/\/nativainfo.com\/index.php?rest_route=%2Fwp%2Fv2%2Fmedia&parent=2338"}],"wp:term":[{"taxonomy":"category","embeddable":true,"href":"https:\/\/nativainfo.com\/index.php?rest_route=%2Fwp%2Fv2%2Fcategories&post=2338"},{"taxonomy":"post_tag","embeddable":true,"href":"https:\/\/nativainfo.com\/index.php?rest_route=%2Fwp%2Fv2%2Ftags&post=2338"}],"curies":[{"name":"wp","href":"https:\/\/api.w.org\/{rel}","templated":true}]}}