{"id":232,"date":"2020-07-02T06:30:49","date_gmt":"2020-07-02T09:30:49","guid":{"rendered":"http:\/\/nativainfo.com\/?p=232"},"modified":"2020-07-02T00:09:42","modified_gmt":"2020-07-02T03:09:42","slug":"santiago-del-estero-avanza-en-su-apertura-al-turismo-y-planifica-un-corredor-con-catamarca","status":"publish","type":"post","link":"https:\/\/nativainfo.com\/?p=232","title":{"rendered":"Santiago del Estero avanza en su apertura al turismo y planifica un corredor con Catamarca"},"content":{"rendered":"\n<p>Santiago del Estero ya habilit\u00f3 casi todas las actividades, entre ellas bares y restaurantes, y Catamarca no presenta casos de coronavirus.<\/p>\n\n\n\n<figure class=\"wp-block-image size-large is-resized\"><img fetchpriority=\"high\" decoding=\"async\" src=\"http:\/\/nativainfo.com\/wp-content\/uploads\/2020\/07\/foto-termas-cat-sgo-1024x505.jpg\" alt=\"\" class=\"wp-image-234\" width=\"513\" height=\"253\" srcset=\"https:\/\/nativainfo.com\/wp-content\/uploads\/2020\/07\/foto-termas-cat-sgo-1024x505.jpg 1024w, https:\/\/nativainfo.com\/wp-content\/uploads\/2020\/07\/foto-termas-cat-sgo-300x148.jpg 300w, https:\/\/nativainfo.com\/wp-content\/uploads\/2020\/07\/foto-termas-cat-sgo-768x379.jpg 768w, https:\/\/nativainfo.com\/wp-content\/uploads\/2020\/07\/foto-termas-cat-sgo-709x350.jpg 709w, https:\/\/nativainfo.com\/wp-content\/uploads\/2020\/07\/foto-termas-cat-sgo-150x74.jpg 150w, https:\/\/nativainfo.com\/wp-content\/uploads\/2020\/07\/foto-termas-cat-sgo.jpg 1256w\" sizes=\"(max-width: 513px) 100vw, 513px\" \/><figcaption>La costanera de Termas de R\u00edo Hondo, el principal destino tur\u00edstico de Santiago del Estero (Roberto Ruiz)<\/figcaption><\/figure>\n\n\n\n<p>Santiago del Estero\u00a0culmin\u00f3 la etapa de elaboraci\u00f3n de los protocolos sanitarios para los hoteles y espera su aprobaci\u00f3n para habilitar la actividad tur\u00edstica s\u00f3lo para habitantes de esa provincia y quiz\u00e1s de\u00a0Catamarca, un\u00a0<strong>destino con el que trabaja para crear un corredor<\/strong>, inform\u00f3 la Subsecretar\u00eda de Turismo Santiague\u00f1a.<\/p>\n\n\n\n<p>-Fuente: Clar\u00edn-<\/p>\n","protected":false},"excerpt":{"rendered":"<p>Santiago del Estero ya habilit\u00f3 casi todas las actividades, entre ellas bares y restaurantes, y Catamarca no presenta casos de&#8230; <a class=\"continue-reading-link\" href=\"https:\/\/nativainfo.com\/?p=232\">Continue reading<\/a><\/p>\n","protected":false},"author":3,"featured_media":0,"comment_status":"open","ping_status":"open","sticky":false,"template":"","format":"standard","meta":{"rop_custom_images_group":[],"rop_custom_messages_group":[],"rop_publish_now":"initial","rop_publish_now_accounts":[],"rop_publish_now_history":[],"rop_publish_now_status":"pending","footnotes":"","jetpack_publicize_message":"","jetpack_publicize_feature_enabled":true,"jetpack_social_post_already_shared":false,"jetpack_social_options":{"image_generator_settings":{"template":"highway","default_image_id":0,"font":"","enabled":false},"version":2}},"categories":[8,12],"tags":[],"class_list":["post-232","post","type-post","status-publish","format-standard","hentry","category-noticias","category-provincia"],"yoast_head":"<!-- This site is optimized with the Yoast SEO plugin v25.6 - https:\/\/yoast.com\/wordpress\/plugins\/seo\/ -->\n<title>Santiago del Estero avanza en su apertura al turismo y planifica un corredor con Catamarca - Nativa Info<\/title>\n<meta name=\"robots\" content=\"index, follow, max-snippet:-1, max-image-preview:large, max-video-preview:-1\" \/>\n<link rel=\"canonical\" href=\"https:\/\/nativainfo.com\/?p=232\" \/>\n<meta property=\"og:locale\" content=\"es_ES\" \/>\n<meta property=\"og:type\" content=\"article\" \/>\n<meta property=\"og:title\" content=\"Santiago del Estero avanza en su apertura al turismo y planifica un corredor con Catamarca - Nativa Info\" \/>\n<meta property=\"og:description\" content=\"Santiago del Estero ya habilit\u00f3 casi todas las actividades, entre ellas bares y restaurantes, y Catamarca no presenta casos de... Continue reading\" \/>\n<meta property=\"og:url\" content=\"https:\/\/nativainfo.com\/?p=232\" \/>\n<meta property=\"og:site_name\" content=\"Nativa Info\" \/>\n<meta property=\"article:publisher\" content=\"https:\/\/www.facebook.com\/profile.php?id=61578881597564\" \/>\n<meta property=\"article:published_time\" content=\"2020-07-02T09:30:49+00:00\" \/>\n<meta property=\"og:image\" content=\"http:\/\/nativainfo.com\/wp-content\/uploads\/2020\/07\/foto-termas-cat-sgo-1024x505.jpg\" \/>\n<meta name=\"author\" content=\"Santiago Yocca\" \/>\n<meta name=\"twitter:card\" content=\"summary_large_image\" \/>\n<meta name=\"twitter:label1\" content=\"Escrito por\" \/>\n\t<meta name=\"twitter:data1\" content=\"Santiago Yocca\" \/>\n\t<meta name=\"twitter:label2\" content=\"Tiempo de lectura\" \/>\n\t<meta name=\"twitter:data2\" content=\"1 minuto\" \/>\n<script type=\"application\/ld+json\" class=\"yoast-schema-graph\">{\"@context\":\"https:\/\/schema.org\",\"@graph\":[{\"@type\":\"Article\",\"@id\":\"https:\/\/nativainfo.com\/?p=232#article\",\"isPartOf\":{\"@id\":\"https:\/\/nativainfo.com\/?p=232\"},\"author\":{\"name\":\"Santiago Yocca\",\"@id\":\"https:\/\/nativainfo.com\/#\/schema\/person\/290e0ad5981c54e50e456539865cc684\"},\"headline\":\"Santiago del Estero avanza en su apertura al turismo y planifica un corredor con Catamarca\",\"datePublished\":\"2020-07-02T09:30:49+00:00\",\"mainEntityOfPage\":{\"@id\":\"https:\/\/nativainfo.com\/?p=232\"},\"wordCount\":115,\"commentCount\":0,\"publisher\":{\"@id\":\"https:\/\/nativainfo.com\/#organization\"},\"image\":{\"@id\":\"https:\/\/nativainfo.com\/?p=232#primaryimage\"},\"thumbnailUrl\":\"http:\/\/nativainfo.com\/wp-content\/uploads\/2020\/07\/foto-termas-cat-sgo-1024x505.jpg\",\"articleSection\":[\"Noticias\",\"Provincia\"],\"inLanguage\":\"es-AR\",\"potentialAction\":[{\"@type\":\"CommentAction\",\"name\":\"Comment\",\"target\":[\"https:\/\/nativainfo.com\/?p=232#respond\"]}]},{\"@type\":\"WebPage\",\"@id\":\"https:\/\/nativainfo.com\/?p=232\",\"url\":\"https:\/\/nativainfo.com\/?p=232\",\"name\":\"Santiago del Estero avanza en su apertura al turismo y planifica un corredor con Catamarca - Nativa Info\",\"isPartOf\":{\"@id\":\"https:\/\/nativainfo.com\/#website\"},\"primaryImageOfPage\":{\"@id\":\"https:\/\/nativainfo.com\/?p=232#primaryimage\"},\"image\":{\"@id\":\"https:\/\/nativainfo.com\/?p=232#primaryimage\"},\"thumbnailUrl\":\"http:\/\/nativainfo.com\/wp-content\/uploads\/2020\/07\/foto-termas-cat-sgo-1024x505.jpg\",\"datePublished\":\"2020-07-02T09:30:49+00:00\",\"breadcrumb\":{\"@id\":\"https:\/\/nativainfo.com\/?p=232#breadcrumb\"},\"inLanguage\":\"es-AR\",\"potentialAction\":[{\"@type\":\"ReadAction\",\"target\":[\"https:\/\/nativainfo.com\/?p=232\"]}]},{\"@type\":\"ImageObject\",\"inLanguage\":\"es-AR\",\"@id\":\"https:\/\/nativainfo.com\/?p=232#primaryimage\",\"url\":\"https:\/\/nativainfo.com\/wp-content\/uploads\/2020\/07\/foto-termas-cat-sgo.jpg\",\"contentUrl\":\"https:\/\/nativainfo.com\/wp-content\/uploads\/2020\/07\/foto-termas-cat-sgo.jpg\",\"width\":1256,\"height\":620},{\"@type\":\"BreadcrumbList\",\"@id\":\"https:\/\/nativainfo.com\/?p=232#breadcrumb\",\"itemListElement\":[{\"@type\":\"ListItem\",\"position\":1,\"name\":\"Inicio\",\"item\":\"https:\/\/nativainfo.com\/\"},{\"@type\":\"ListItem\",\"position\":2,\"name\":\"Santiago del Estero avanza en su apertura al turismo y planifica un corredor con Catamarca\"}]},{\"@type\":\"WebSite\",\"@id\":\"https:\/\/nativainfo.com\/#website\",\"url\":\"https:\/\/nativainfo.com\/\",\"name\":\"Nativa Info\",\"description\":\"Diario Digital\",\"publisher\":{\"@id\":\"https:\/\/nativainfo.com\/#organization\"},\"potentialAction\":[{\"@type\":\"SearchAction\",\"target\":{\"@type\":\"EntryPoint\",\"urlTemplate\":\"https:\/\/nativainfo.com\/?s={search_term_string}\"},\"query-input\":{\"@type\":\"PropertyValueSpecification\",\"valueRequired\":true,\"valueName\":\"search_term_string\"}}],\"inLanguage\":\"es-AR\"},{\"@type\":\"Organization\",\"@id\":\"https:\/\/nativainfo.com\/#organization\",\"name\":\"Nativa Info\",\"url\":\"https:\/\/nativainfo.com\/\",\"logo\":{\"@type\":\"ImageObject\",\"inLanguage\":\"es-AR\",\"@id\":\"https:\/\/nativainfo.com\/#\/schema\/logo\/image\/\",\"url\":\"https:\/\/nativainfo.com\/wp-content\/uploads\/2025\/08\/LOGO-NATIVA-FACE.jpg\",\"contentUrl\":\"https:\/\/nativainfo.com\/wp-content\/uploads\/2025\/08\/LOGO-NATIVA-FACE.jpg\",\"width\":400,\"height\":400,\"caption\":\"Nativa Info\"},\"image\":{\"@id\":\"https:\/\/nativainfo.com\/#\/schema\/logo\/image\/\"},\"sameAs\":[\"https:\/\/www.facebook.com\/profile.php?id=61578881597564\"]},{\"@type\":\"Person\",\"@id\":\"https:\/\/nativainfo.com\/#\/schema\/person\/290e0ad5981c54e50e456539865cc684\",\"name\":\"Santiago Yocca\",\"image\":{\"@type\":\"ImageObject\",\"inLanguage\":\"es-AR\",\"@id\":\"https:\/\/nativainfo.com\/#\/schema\/person\/image\/\",\"url\":\"https:\/\/secure.gravatar.com\/avatar\/1094c9085fc74f328d93973860ca15199d7aa8dc3413fab05072a0d192bc70ec?s=96&d=mm&r=g\",\"contentUrl\":\"https:\/\/secure.gravatar.com\/avatar\/1094c9085fc74f328d93973860ca15199d7aa8dc3413fab05072a0d192bc70ec?s=96&d=mm&r=g\",\"caption\":\"Santiago Yocca\"},\"url\":\"https:\/\/nativainfo.com\/?author=3\"}]}<\/script>\n<!-- \/ Yoast SEO plugin. -->","yoast_head_json":{"title":"Santiago del Estero avanza en su apertura al turismo y planifica un corredor con Catamarca - Nativa Info","robots":{"index":"index","follow":"follow","max-snippet":"max-snippet:-1","max-image-preview":"max-image-preview:large","max-video-preview":"max-video-preview:-1"},"canonical":"https:\/\/nativainfo.com\/?p=232","og_locale":"es_ES","og_type":"article","og_title":"Santiago del Estero avanza en su apertura al turismo y planifica un corredor con Catamarca - Nativa Info","og_description":"Santiago del Estero ya habilit\u00f3 casi todas las actividades, entre ellas bares y restaurantes, y Catamarca no presenta casos de... Continue reading","og_url":"https:\/\/nativainfo.com\/?p=232","og_site_name":"Nativa Info","article_publisher":"https:\/\/www.facebook.com\/profile.php?id=61578881597564","article_published_time":"2020-07-02T09:30:49+00:00","og_image":[{"url":"http:\/\/nativainfo.com\/wp-content\/uploads\/2020\/07\/foto-termas-cat-sgo-1024x505.jpg","type":"","width":"","height":""}],"author":"Santiago Yocca","twitter_card":"summary_large_image","twitter_misc":{"Escrito por":"Santiago Yocca","Tiempo de lectura":"1 minuto"},"schema":{"@context":"https:\/\/schema.org","@graph":[{"@type":"Article","@id":"https:\/\/nativainfo.com\/?p=232#article","isPartOf":{"@id":"https:\/\/nativainfo.com\/?p=232"},"author":{"name":"Santiago Yocca","@id":"https:\/\/nativainfo.com\/#\/schema\/person\/290e0ad5981c54e50e456539865cc684"},"headline":"Santiago del Estero avanza en su apertura al turismo y planifica un corredor con Catamarca","datePublished":"2020-07-02T09:30:49+00:00","mainEntityOfPage":{"@id":"https:\/\/nativainfo.com\/?p=232"},"wordCount":115,"commentCount":0,"publisher":{"@id":"https:\/\/nativainfo.com\/#organization"},"image":{"@id":"https:\/\/nativainfo.com\/?p=232#primaryimage"},"thumbnailUrl":"http:\/\/nativainfo.com\/wp-content\/uploads\/2020\/07\/foto-termas-cat-sgo-1024x505.jpg","articleSection":["Noticias","Provincia"],"inLanguage":"es-AR","potentialAction":[{"@type":"CommentAction","name":"Comment","target":["https:\/\/nativainfo.com\/?p=232#respond"]}]},{"@type":"WebPage","@id":"https:\/\/nativainfo.com\/?p=232","url":"https:\/\/nativainfo.com\/?p=232","name":"Santiago del Estero avanza en su apertura al turismo y planifica un corredor con Catamarca - Nativa Info","isPartOf":{"@id":"https:\/\/nativainfo.com\/#website"},"primaryImageOfPage":{"@id":"https:\/\/nativainfo.com\/?p=232#primaryimage"},"image":{"@id":"https:\/\/nativainfo.com\/?p=232#primaryimage"},"thumbnailUrl":"http:\/\/nativainfo.com\/wp-content\/uploads\/2020\/07\/foto-termas-cat-sgo-1024x505.jpg","datePublished":"2020-07-02T09:30:49+00:00","breadcrumb":{"@id":"https:\/\/nativainfo.com\/?p=232#breadcrumb"},"inLanguage":"es-AR","potentialAction":[{"@type":"ReadAction","target":["https:\/\/nativainfo.com\/?p=232"]}]},{"@type":"ImageObject","inLanguage":"es-AR","@id":"https:\/\/nativainfo.com\/?p=232#primaryimage","url":"https:\/\/nativainfo.com\/wp-content\/uploads\/2020\/07\/foto-termas-cat-sgo.jpg","contentUrl":"https:\/\/nativainfo.com\/wp-content\/uploads\/2020\/07\/foto-termas-cat-sgo.jpg","width":1256,"height":620},{"@type":"BreadcrumbList","@id":"https:\/\/nativainfo.com\/?p=232#breadcrumb","itemListElement":[{"@type":"ListItem","position":1,"name":"Inicio","item":"https:\/\/nativainfo.com\/"},{"@type":"ListItem","position":2,"name":"Santiago del Estero avanza en su apertura al turismo y planifica un corredor con Catamarca"}]},{"@type":"WebSite","@id":"https:\/\/nativainfo.com\/#website","url":"https:\/\/nativainfo.com\/","name":"Nativa Info","description":"Diario Digital","publisher":{"@id":"https:\/\/nativainfo.com\/#organization"},"potentialAction":[{"@type":"SearchAction","target":{"@type":"EntryPoint","urlTemplate":"https:\/\/nativainfo.com\/?s={search_term_string}"},"query-input":{"@type":"PropertyValueSpecification","valueRequired":true,"valueName":"search_term_string"}}],"inLanguage":"es-AR"},{"@type":"Organization","@id":"https:\/\/nativainfo.com\/#organization","name":"Nativa Info","url":"https:\/\/nativainfo.com\/","logo":{"@type":"ImageObject","inLanguage":"es-AR","@id":"https:\/\/nativainfo.com\/#\/schema\/logo\/image\/","url":"https:\/\/nativainfo.com\/wp-content\/uploads\/2025\/08\/LOGO-NATIVA-FACE.jpg","contentUrl":"https:\/\/nativainfo.com\/wp-content\/uploads\/2025\/08\/LOGO-NATIVA-FACE.jpg","width":400,"height":400,"caption":"Nativa Info"},"image":{"@id":"https:\/\/nativainfo.com\/#\/schema\/logo\/image\/"},"sameAs":["https:\/\/www.facebook.com\/profile.php?id=61578881597564"]},{"@type":"Person","@id":"https:\/\/nativainfo.com\/#\/schema\/person\/290e0ad5981c54e50e456539865cc684","name":"Santiago Yocca","image":{"@type":"ImageObject","inLanguage":"es-AR","@id":"https:\/\/nativainfo.com\/#\/schema\/person\/image\/","url":"https:\/\/secure.gravatar.com\/avatar\/1094c9085fc74f328d93973860ca15199d7aa8dc3413fab05072a0d192bc70ec?s=96&d=mm&r=g","contentUrl":"https:\/\/secure.gravatar.com\/avatar\/1094c9085fc74f328d93973860ca15199d7aa8dc3413fab05072a0d192bc70ec?s=96&d=mm&r=g","caption":"Santiago Yocca"},"url":"https:\/\/nativainfo.com\/?author=3"}]}},"jetpack_publicize_connections":[],"_links":{"self":[{"href":"https:\/\/nativainfo.com\/index.php?rest_route=\/wp\/v2\/posts\/232","targetHints":{"allow":["GET"]}}],"collection":[{"href":"https:\/\/nativainfo.com\/index.php?rest_route=\/wp\/v2\/posts"}],"about":[{"href":"https:\/\/nativainfo.com\/index.php?rest_route=\/wp\/v2\/types\/post"}],"author":[{"embeddable":true,"href":"https:\/\/nativainfo.com\/index.php?rest_route=\/wp\/v2\/users\/3"}],"replies":[{"embeddable":true,"href":"https:\/\/nativainfo.com\/index.php?rest_route=%2Fwp%2Fv2%2Fcomments&post=232"}],"version-history":[{"count":1,"href":"https:\/\/nativainfo.com\/index.php?rest_route=\/wp\/v2\/posts\/232\/revisions"}],"predecessor-version":[{"id":235,"href":"https:\/\/nativainfo.com\/index.php?rest_route=\/wp\/v2\/posts\/232\/revisions\/235"}],"wp:attachment":[{"href":"https:\/\/nativainfo.com\/index.php?rest_route=%2Fwp%2Fv2%2Fmedia&parent=232"}],"wp:term":[{"taxonomy":"category","embeddable":true,"href":"https:\/\/nativainfo.com\/index.php?rest_route=%2Fwp%2Fv2%2Fcategories&post=232"},{"taxonomy":"post_tag","embeddable":true,"href":"https:\/\/nativainfo.com\/index.php?rest_route=%2Fwp%2Fv2%2Ftags&post=232"}],"curies":[{"name":"wp","href":"https:\/\/api.w.org\/{rel}","templated":true}]}}