{"id":2318,"date":"2021-09-14T00:56:08","date_gmt":"2021-09-14T03:56:08","guid":{"rendered":"http:\/\/nativainfo.com\/?p=2318"},"modified":"2021-09-14T00:56:11","modified_gmt":"2021-09-14T03:56:11","slug":"famosos-extravagancia-y-diseno-asi-es-la-edicion-2021-de-la-met-gala-en-nueva-york","status":"publish","type":"post","link":"https:\/\/nativainfo.com\/?p=2318","title":{"rendered":"Famosos, extravagancia y dise\u00f1o: as\u00ed es la edici\u00f3n 2021 de la Met Gala, en Nueva York"},"content":{"rendered":"\n<div class=\"wp-block-jetpack-slideshow aligncenter\" data-effect=\"slide\"><div class=\"wp-block-jetpack-slideshow_container swiper-container\"><ul class=\"wp-block-jetpack-slideshow_swiper-wrapper swiper-wrapper\"><li class=\"wp-block-jetpack-slideshow_slide swiper-slide\"><figure><img fetchpriority=\"high\" decoding=\"async\" width=\"879\" height=\"1319\" alt=\"\" class=\"wp-block-jetpack-slideshow_image wp-image-2322\" data-id=\"2322\" src=\"http:\/\/nativainfo.com\/wp-content\/uploads\/2021\/09\/GHAFSGRFCFAMREZ7Y47BJ6KPNI.jpg\" srcset=\"https:\/\/nativainfo.com\/wp-content\/uploads\/2021\/09\/GHAFSGRFCFAMREZ7Y47BJ6KPNI.jpg 879w, https:\/\/nativainfo.com\/wp-content\/uploads\/2021\/09\/GHAFSGRFCFAMREZ7Y47BJ6KPNI-200x300.jpg 200w, https:\/\/nativainfo.com\/wp-content\/uploads\/2021\/09\/GHAFSGRFCFAMREZ7Y47BJ6KPNI-682x1024.jpg 682w, https:\/\/nativainfo.com\/wp-content\/uploads\/2021\/09\/GHAFSGRFCFAMREZ7Y47BJ6KPNI-768x1152.jpg 768w, https:\/\/nativainfo.com\/wp-content\/uploads\/2021\/09\/GHAFSGRFCFAMREZ7Y47BJ6KPNI-233x350.jpg 233w, https:\/\/nativainfo.com\/wp-content\/uploads\/2021\/09\/GHAFSGRFCFAMREZ7Y47BJ6KPNI-100x150.jpg 100w\" sizes=\"(max-width: 879px) 100vw, 879px\" \/><figcaption class=\"wp-block-jetpack-slideshow_caption gallery-caption\">El rapero Lil Nax X<\/figcaption><\/figure><\/li><li class=\"wp-block-jetpack-slideshow_slide swiper-slide\"><figure><img decoding=\"async\" width=\"879\" height=\"1318\" alt=\"\" class=\"wp-block-jetpack-slideshow_image wp-image-2324\" data-id=\"2324\" src=\"http:\/\/nativainfo.com\/wp-content\/uploads\/2021\/09\/LMAOGZ4XJBGBFG5T3KTOY3KSEM.jpg\" srcset=\"https:\/\/nativainfo.com\/wp-content\/uploads\/2021\/09\/LMAOGZ4XJBGBFG5T3KTOY3KSEM.jpg 879w, https:\/\/nativainfo.com\/wp-content\/uploads\/2021\/09\/LMAOGZ4XJBGBFG5T3KTOY3KSEM-200x300.jpg 200w, https:\/\/nativainfo.com\/wp-content\/uploads\/2021\/09\/LMAOGZ4XJBGBFG5T3KTOY3KSEM-683x1024.jpg 683w, https:\/\/nativainfo.com\/wp-content\/uploads\/2021\/09\/LMAOGZ4XJBGBFG5T3KTOY3KSEM-768x1152.jpg 768w, https:\/\/nativainfo.com\/wp-content\/uploads\/2021\/09\/LMAOGZ4XJBGBFG5T3KTOY3KSEM-233x350.jpg 233w, https:\/\/nativainfo.com\/wp-content\/uploads\/2021\/09\/LMAOGZ4XJBGBFG5T3KTOY3KSEM-100x150.jpg 100w\" sizes=\"(max-width: 879px) 100vw, 879px\" \/><figcaption class=\"wp-block-jetpack-slideshow_caption gallery-caption\">Siempre contento con los looks audaces, Timoth\u00e9e Chalamet es otra de las celebridades que dicen presente este a\u00f1o<\/figcaption><\/figure><\/li><li class=\"wp-block-jetpack-slideshow_slide swiper-slide\"><figure><img decoding=\"async\" width=\"879\" height=\"586\" alt=\"\" class=\"wp-block-jetpack-slideshow_image wp-image-2323\" data-id=\"2323\" src=\"http:\/\/nativainfo.com\/wp-content\/uploads\/2021\/09\/RESLNTJNXRESLJIHZU5XYACHIQ.jpg\" srcset=\"https:\/\/nativainfo.com\/wp-content\/uploads\/2021\/09\/RESLNTJNXRESLJIHZU5XYACHIQ.jpg 879w, https:\/\/nativainfo.com\/wp-content\/uploads\/2021\/09\/RESLNTJNXRESLJIHZU5XYACHIQ-300x200.jpg 300w, https:\/\/nativainfo.com\/wp-content\/uploads\/2021\/09\/RESLNTJNXRESLJIHZU5XYACHIQ-768x512.jpg 768w, https:\/\/nativainfo.com\/wp-content\/uploads\/2021\/09\/RESLNTJNXRESLJIHZU5XYACHIQ-525x350.jpg 525w, https:\/\/nativainfo.com\/wp-content\/uploads\/2021\/09\/RESLNTJNXRESLJIHZU5XYACHIQ-150x100.jpg 150w\" sizes=\"(max-width: 879px) 100vw, 879px\" \/><figcaption class=\"wp-block-jetpack-slideshow_caption gallery-caption\">La actriz Megan Fox eligi\u00f3 el rojo para presentarse en la Gala Met 2021<\/figcaption><\/figure><\/li><li class=\"wp-block-jetpack-slideshow_slide swiper-slide\"><figure><img loading=\"lazy\" decoding=\"async\" width=\"879\" height=\"586\" alt=\"\" class=\"wp-block-jetpack-slideshow_image wp-image-2321\" data-id=\"2321\" src=\"http:\/\/nativainfo.com\/wp-content\/uploads\/2021\/09\/RKGAV2CBUJAXTGTYAQWYJXZQIM.jpg\" srcset=\"https:\/\/nativainfo.com\/wp-content\/uploads\/2021\/09\/RKGAV2CBUJAXTGTYAQWYJXZQIM.jpg 879w, https:\/\/nativainfo.com\/wp-content\/uploads\/2021\/09\/RKGAV2CBUJAXTGTYAQWYJXZQIM-300x200.jpg 300w, https:\/\/nativainfo.com\/wp-content\/uploads\/2021\/09\/RKGAV2CBUJAXTGTYAQWYJXZQIM-768x512.jpg 768w, https:\/\/nativainfo.com\/wp-content\/uploads\/2021\/09\/RKGAV2CBUJAXTGTYAQWYJXZQIM-525x350.jpg 525w, https:\/\/nativainfo.com\/wp-content\/uploads\/2021\/09\/RKGAV2CBUJAXTGTYAQWYJXZQIM-150x100.jpg 150w\" sizes=\"(max-width: 879px) 100vw, 879px\" \/><figcaption class=\"wp-block-jetpack-slideshow_caption gallery-caption\">La cantante Billie Eilish ingresa a la Gala Met 2021<\/figcaption><\/figure><\/li><\/ul><a class=\"wp-block-jetpack-slideshow_button-prev swiper-button-prev swiper-button-white\" role=\"button\"><\/a><a class=\"wp-block-jetpack-slideshow_button-next swiper-button-next swiper-button-white\" role=\"button\"><\/a><a aria-label=\"Pause Slideshow\" class=\"wp-block-jetpack-slideshow_button-pause\" role=\"button\"><\/a><div class=\"wp-block-jetpack-slideshow_pagination swiper-pagination swiper-pagination-white\"><\/div><\/div><\/div>\n\n\n\n<p>Despu\u00e9s de haber tenido que suspender su edici\u00f3n 2020 debido a la pandemia de Covid-19, el evento de moda m\u00e1s importante y exc\u00e9ntrico de Nueva York vuelve con m\u00e1s fuerza que nunca.\u00a0<strong>La gala del MET, organizada por el Museo Metropolitano de Arte de la ciudad, regres\u00f3 con una gala mucho m\u00e1s \u00edntima y privada, en donde no faltaron las grandes estrellas<\/strong>.<\/p>\n\n\n\n<p>El tema elegido para este a\u00f1o es la evoluci\u00f3n de la moda norteamericana. A trav\u00e9s de sus dise\u00f1os, los concurrentes celebran la historia del dise\u00f1o textil en el pa\u00eds del norte y a sus marcas m\u00e1s ic\u00f3nicas. Con estrictos protocolos para evitar los contagios, las celebridades se animaron a romper moldes y desfilar por la alfombra roja con atuendos nunca antes vistos.<\/p>\n","protected":false},"excerpt":{"rendered":"<p>Despu\u00e9s de haber tenido que suspender su edici\u00f3n 2020 debido a la pandemia de Covid-19, el evento de moda m\u00e1s&#8230; <a class=\"continue-reading-link\" href=\"https:\/\/nativainfo.com\/?p=2318\">Continue reading<\/a><\/p>\n","protected":false},"author":1,"featured_media":0,"comment_status":"open","ping_status":"open","sticky":false,"template":"","format":"standard","meta":{"rop_custom_images_group":[],"rop_custom_messages_group":[],"rop_publish_now":"initial","rop_publish_now_accounts":[],"rop_publish_now_history":[],"rop_publish_now_status":"pending","footnotes":"","jetpack_publicize_message":"","jetpack_publicize_feature_enabled":true,"jetpack_social_post_already_shared":false,"jetpack_social_options":{"image_generator_settings":{"template":"highway","default_image_id":0,"font":"","enabled":false},"version":2}},"categories":[42],"tags":[],"class_list":["post-2318","post","type-post","status-publish","format-standard","hentry","category-moda"],"yoast_head":"<!-- This site is optimized with the Yoast SEO plugin v25.6 - https:\/\/yoast.com\/wordpress\/plugins\/seo\/ -->\n<title>Famosos, extravagancia y dise\u00f1o: as\u00ed es la edici\u00f3n 2021 de la Met Gala, en Nueva York - Nativa Info<\/title>\n<meta name=\"robots\" content=\"index, follow, max-snippet:-1, max-image-preview:large, max-video-preview:-1\" \/>\n<link rel=\"canonical\" href=\"https:\/\/nativainfo.com\/?p=2318\" \/>\n<meta property=\"og:locale\" content=\"es_ES\" \/>\n<meta property=\"og:type\" content=\"article\" \/>\n<meta property=\"og:title\" content=\"Famosos, extravagancia y dise\u00f1o: as\u00ed es la edici\u00f3n 2021 de la Met Gala, en Nueva York - Nativa Info\" \/>\n<meta property=\"og:description\" content=\"Despu\u00e9s de haber tenido que suspender su edici\u00f3n 2020 debido a la pandemia de Covid-19, el evento de moda m\u00e1s... Continue reading\" \/>\n<meta property=\"og:url\" content=\"https:\/\/nativainfo.com\/?p=2318\" \/>\n<meta property=\"og:site_name\" content=\"Nativa Info\" \/>\n<meta property=\"article:publisher\" content=\"https:\/\/www.facebook.com\/profile.php?id=61578881597564\" \/>\n<meta property=\"article:published_time\" content=\"2021-09-14T03:56:08+00:00\" \/>\n<meta property=\"article:modified_time\" content=\"2021-09-14T03:56:11+00:00\" \/>\n<meta property=\"og:image\" content=\"http:\/\/nativainfo.com\/wp-content\/uploads\/2021\/09\/GHAFSGRFCFAMREZ7Y47BJ6KPNI.jpg\" \/>\n<meta name=\"author\" content=\"Nativa Info\" \/>\n<meta name=\"twitter:card\" content=\"summary_large_image\" \/>\n<meta name=\"twitter:label1\" content=\"Escrito por\" \/>\n\t<meta name=\"twitter:data1\" content=\"Nativa Info\" \/>\n\t<meta name=\"twitter:label2\" content=\"Tiempo de lectura\" \/>\n\t<meta name=\"twitter:data2\" content=\"1 minuto\" \/>\n<script type=\"application\/ld+json\" class=\"yoast-schema-graph\">{\"@context\":\"https:\/\/schema.org\",\"@graph\":[{\"@type\":\"Article\",\"@id\":\"https:\/\/nativainfo.com\/?p=2318#article\",\"isPartOf\":{\"@id\":\"https:\/\/nativainfo.com\/?p=2318\"},\"author\":{\"name\":\"Nativa Info\",\"@id\":\"https:\/\/nativainfo.com\/#\/schema\/person\/24893b64a9cd564ddb5d102d36eb4b5c\"},\"headline\":\"Famosos, extravagancia y dise\u00f1o: as\u00ed es la edici\u00f3n 2021 de la Met Gala, en Nueva York\",\"datePublished\":\"2021-09-14T03:56:08+00:00\",\"dateModified\":\"2021-09-14T03:56:11+00:00\",\"mainEntityOfPage\":{\"@id\":\"https:\/\/nativainfo.com\/?p=2318\"},\"wordCount\":201,\"commentCount\":0,\"publisher\":{\"@id\":\"https:\/\/nativainfo.com\/#organization\"},\"image\":{\"@id\":\"https:\/\/nativainfo.com\/?p=2318#primaryimage\"},\"thumbnailUrl\":\"http:\/\/nativainfo.com\/wp-content\/uploads\/2021\/09\/GHAFSGRFCFAMREZ7Y47BJ6KPNI.jpg\",\"articleSection\":[\"Moda\"],\"inLanguage\":\"es-AR\",\"potentialAction\":[{\"@type\":\"CommentAction\",\"name\":\"Comment\",\"target\":[\"https:\/\/nativainfo.com\/?p=2318#respond\"]}]},{\"@type\":\"WebPage\",\"@id\":\"https:\/\/nativainfo.com\/?p=2318\",\"url\":\"https:\/\/nativainfo.com\/?p=2318\",\"name\":\"Famosos, extravagancia y dise\u00f1o: as\u00ed es la edici\u00f3n 2021 de la Met Gala, en Nueva York - Nativa Info\",\"isPartOf\":{\"@id\":\"https:\/\/nativainfo.com\/#website\"},\"primaryImageOfPage\":{\"@id\":\"https:\/\/nativainfo.com\/?p=2318#primaryimage\"},\"image\":{\"@id\":\"https:\/\/nativainfo.com\/?p=2318#primaryimage\"},\"thumbnailUrl\":\"http:\/\/nativainfo.com\/wp-content\/uploads\/2021\/09\/GHAFSGRFCFAMREZ7Y47BJ6KPNI.jpg\",\"datePublished\":\"2021-09-14T03:56:08+00:00\",\"dateModified\":\"2021-09-14T03:56:11+00:00\",\"breadcrumb\":{\"@id\":\"https:\/\/nativainfo.com\/?p=2318#breadcrumb\"},\"inLanguage\":\"es-AR\",\"potentialAction\":[{\"@type\":\"ReadAction\",\"target\":[\"https:\/\/nativainfo.com\/?p=2318\"]}]},{\"@type\":\"ImageObject\",\"inLanguage\":\"es-AR\",\"@id\":\"https:\/\/nativainfo.com\/?p=2318#primaryimage\",\"url\":\"https:\/\/nativainfo.com\/wp-content\/uploads\/2021\/09\/GHAFSGRFCFAMREZ7Y47BJ6KPNI.jpg\",\"contentUrl\":\"https:\/\/nativainfo.com\/wp-content\/uploads\/2021\/09\/GHAFSGRFCFAMREZ7Y47BJ6KPNI.jpg\",\"width\":879,\"height\":1319},{\"@type\":\"BreadcrumbList\",\"@id\":\"https:\/\/nativainfo.com\/?p=2318#breadcrumb\",\"itemListElement\":[{\"@type\":\"ListItem\",\"position\":1,\"name\":\"Inicio\",\"item\":\"https:\/\/nativainfo.com\/\"},{\"@type\":\"ListItem\",\"position\":2,\"name\":\"Famosos, extravagancia y dise\u00f1o: as\u00ed es la edici\u00f3n 2021 de la Met Gala, en Nueva York\"}]},{\"@type\":\"WebSite\",\"@id\":\"https:\/\/nativainfo.com\/#website\",\"url\":\"https:\/\/nativainfo.com\/\",\"name\":\"Nativa Info\",\"description\":\"Diario Digital\",\"publisher\":{\"@id\":\"https:\/\/nativainfo.com\/#organization\"},\"potentialAction\":[{\"@type\":\"SearchAction\",\"target\":{\"@type\":\"EntryPoint\",\"urlTemplate\":\"https:\/\/nativainfo.com\/?s={search_term_string}\"},\"query-input\":{\"@type\":\"PropertyValueSpecification\",\"valueRequired\":true,\"valueName\":\"search_term_string\"}}],\"inLanguage\":\"es-AR\"},{\"@type\":\"Organization\",\"@id\":\"https:\/\/nativainfo.com\/#organization\",\"name\":\"Nativa Info\",\"url\":\"https:\/\/nativainfo.com\/\",\"logo\":{\"@type\":\"ImageObject\",\"inLanguage\":\"es-AR\",\"@id\":\"https:\/\/nativainfo.com\/#\/schema\/logo\/image\/\",\"url\":\"https:\/\/nativainfo.com\/wp-content\/uploads\/2025\/08\/LOGO-NATIVA-FACE.jpg\",\"contentUrl\":\"https:\/\/nativainfo.com\/wp-content\/uploads\/2025\/08\/LOGO-NATIVA-FACE.jpg\",\"width\":400,\"height\":400,\"caption\":\"Nativa Info\"},\"image\":{\"@id\":\"https:\/\/nativainfo.com\/#\/schema\/logo\/image\/\"},\"sameAs\":[\"https:\/\/www.facebook.com\/profile.php?id=61578881597564\"]},{\"@type\":\"Person\",\"@id\":\"https:\/\/nativainfo.com\/#\/schema\/person\/24893b64a9cd564ddb5d102d36eb4b5c\",\"name\":\"Nativa Info\",\"image\":{\"@type\":\"ImageObject\",\"inLanguage\":\"es-AR\",\"@id\":\"https:\/\/nativainfo.com\/#\/schema\/person\/image\/\",\"url\":\"https:\/\/secure.gravatar.com\/avatar\/016fa1cf068d85136d938e1507b9b619cb766e2565cbb1faa1e571762460c785?s=96&d=mm&r=g\",\"contentUrl\":\"https:\/\/secure.gravatar.com\/avatar\/016fa1cf068d85136d938e1507b9b619cb766e2565cbb1faa1e571762460c785?s=96&d=mm&r=g\",\"caption\":\"Nativa Info\"},\"sameAs\":[\"http:\/\/nativainfo.com\"],\"url\":\"https:\/\/nativainfo.com\/?author=1\"}]}<\/script>\n<!-- \/ Yoast SEO plugin. -->","yoast_head_json":{"title":"Famosos, extravagancia y dise\u00f1o: as\u00ed es la edici\u00f3n 2021 de la Met Gala, en Nueva York - Nativa Info","robots":{"index":"index","follow":"follow","max-snippet":"max-snippet:-1","max-image-preview":"max-image-preview:large","max-video-preview":"max-video-preview:-1"},"canonical":"https:\/\/nativainfo.com\/?p=2318","og_locale":"es_ES","og_type":"article","og_title":"Famosos, extravagancia y dise\u00f1o: as\u00ed es la edici\u00f3n 2021 de la Met Gala, en Nueva York - Nativa Info","og_description":"Despu\u00e9s de haber tenido que suspender su edici\u00f3n 2020 debido a la pandemia de Covid-19, el evento de moda m\u00e1s... Continue reading","og_url":"https:\/\/nativainfo.com\/?p=2318","og_site_name":"Nativa Info","article_publisher":"https:\/\/www.facebook.com\/profile.php?id=61578881597564","article_published_time":"2021-09-14T03:56:08+00:00","article_modified_time":"2021-09-14T03:56:11+00:00","og_image":[{"url":"http:\/\/nativainfo.com\/wp-content\/uploads\/2021\/09\/GHAFSGRFCFAMREZ7Y47BJ6KPNI.jpg","type":"","width":"","height":""}],"author":"Nativa Info","twitter_card":"summary_large_image","twitter_misc":{"Escrito por":"Nativa Info","Tiempo de lectura":"1 minuto"},"schema":{"@context":"https:\/\/schema.org","@graph":[{"@type":"Article","@id":"https:\/\/nativainfo.com\/?p=2318#article","isPartOf":{"@id":"https:\/\/nativainfo.com\/?p=2318"},"author":{"name":"Nativa Info","@id":"https:\/\/nativainfo.com\/#\/schema\/person\/24893b64a9cd564ddb5d102d36eb4b5c"},"headline":"Famosos, extravagancia y dise\u00f1o: as\u00ed es la edici\u00f3n 2021 de la Met Gala, en Nueva York","datePublished":"2021-09-14T03:56:08+00:00","dateModified":"2021-09-14T03:56:11+00:00","mainEntityOfPage":{"@id":"https:\/\/nativainfo.com\/?p=2318"},"wordCount":201,"commentCount":0,"publisher":{"@id":"https:\/\/nativainfo.com\/#organization"},"image":{"@id":"https:\/\/nativainfo.com\/?p=2318#primaryimage"},"thumbnailUrl":"http:\/\/nativainfo.com\/wp-content\/uploads\/2021\/09\/GHAFSGRFCFAMREZ7Y47BJ6KPNI.jpg","articleSection":["Moda"],"inLanguage":"es-AR","potentialAction":[{"@type":"CommentAction","name":"Comment","target":["https:\/\/nativainfo.com\/?p=2318#respond"]}]},{"@type":"WebPage","@id":"https:\/\/nativainfo.com\/?p=2318","url":"https:\/\/nativainfo.com\/?p=2318","name":"Famosos, extravagancia y dise\u00f1o: as\u00ed es la edici\u00f3n 2021 de la Met Gala, en Nueva York - Nativa Info","isPartOf":{"@id":"https:\/\/nativainfo.com\/#website"},"primaryImageOfPage":{"@id":"https:\/\/nativainfo.com\/?p=2318#primaryimage"},"image":{"@id":"https:\/\/nativainfo.com\/?p=2318#primaryimage"},"thumbnailUrl":"http:\/\/nativainfo.com\/wp-content\/uploads\/2021\/09\/GHAFSGRFCFAMREZ7Y47BJ6KPNI.jpg","datePublished":"2021-09-14T03:56:08+00:00","dateModified":"2021-09-14T03:56:11+00:00","breadcrumb":{"@id":"https:\/\/nativainfo.com\/?p=2318#breadcrumb"},"inLanguage":"es-AR","potentialAction":[{"@type":"ReadAction","target":["https:\/\/nativainfo.com\/?p=2318"]}]},{"@type":"ImageObject","inLanguage":"es-AR","@id":"https:\/\/nativainfo.com\/?p=2318#primaryimage","url":"https:\/\/nativainfo.com\/wp-content\/uploads\/2021\/09\/GHAFSGRFCFAMREZ7Y47BJ6KPNI.jpg","contentUrl":"https:\/\/nativainfo.com\/wp-content\/uploads\/2021\/09\/GHAFSGRFCFAMREZ7Y47BJ6KPNI.jpg","width":879,"height":1319},{"@type":"BreadcrumbList","@id":"https:\/\/nativainfo.com\/?p=2318#breadcrumb","itemListElement":[{"@type":"ListItem","position":1,"name":"Inicio","item":"https:\/\/nativainfo.com\/"},{"@type":"ListItem","position":2,"name":"Famosos, extravagancia y dise\u00f1o: as\u00ed es la edici\u00f3n 2021 de la Met Gala, en Nueva York"}]},{"@type":"WebSite","@id":"https:\/\/nativainfo.com\/#website","url":"https:\/\/nativainfo.com\/","name":"Nativa Info","description":"Diario Digital","publisher":{"@id":"https:\/\/nativainfo.com\/#organization"},"potentialAction":[{"@type":"SearchAction","target":{"@type":"EntryPoint","urlTemplate":"https:\/\/nativainfo.com\/?s={search_term_string}"},"query-input":{"@type":"PropertyValueSpecification","valueRequired":true,"valueName":"search_term_string"}}],"inLanguage":"es-AR"},{"@type":"Organization","@id":"https:\/\/nativainfo.com\/#organization","name":"Nativa Info","url":"https:\/\/nativainfo.com\/","logo":{"@type":"ImageObject","inLanguage":"es-AR","@id":"https:\/\/nativainfo.com\/#\/schema\/logo\/image\/","url":"https:\/\/nativainfo.com\/wp-content\/uploads\/2025\/08\/LOGO-NATIVA-FACE.jpg","contentUrl":"https:\/\/nativainfo.com\/wp-content\/uploads\/2025\/08\/LOGO-NATIVA-FACE.jpg","width":400,"height":400,"caption":"Nativa Info"},"image":{"@id":"https:\/\/nativainfo.com\/#\/schema\/logo\/image\/"},"sameAs":["https:\/\/www.facebook.com\/profile.php?id=61578881597564"]},{"@type":"Person","@id":"https:\/\/nativainfo.com\/#\/schema\/person\/24893b64a9cd564ddb5d102d36eb4b5c","name":"Nativa Info","image":{"@type":"ImageObject","inLanguage":"es-AR","@id":"https:\/\/nativainfo.com\/#\/schema\/person\/image\/","url":"https:\/\/secure.gravatar.com\/avatar\/016fa1cf068d85136d938e1507b9b619cb766e2565cbb1faa1e571762460c785?s=96&d=mm&r=g","contentUrl":"https:\/\/secure.gravatar.com\/avatar\/016fa1cf068d85136d938e1507b9b619cb766e2565cbb1faa1e571762460c785?s=96&d=mm&r=g","caption":"Nativa Info"},"sameAs":["http:\/\/nativainfo.com"],"url":"https:\/\/nativainfo.com\/?author=1"}]}},"jetpack_publicize_connections":[],"_links":{"self":[{"href":"https:\/\/nativainfo.com\/index.php?rest_route=\/wp\/v2\/posts\/2318","targetHints":{"allow":["GET"]}}],"collection":[{"href":"https:\/\/nativainfo.com\/index.php?rest_route=\/wp\/v2\/posts"}],"about":[{"href":"https:\/\/nativainfo.com\/index.php?rest_route=\/wp\/v2\/types\/post"}],"author":[{"embeddable":true,"href":"https:\/\/nativainfo.com\/index.php?rest_route=\/wp\/v2\/users\/1"}],"replies":[{"embeddable":true,"href":"https:\/\/nativainfo.com\/index.php?rest_route=%2Fwp%2Fv2%2Fcomments&post=2318"}],"version-history":[{"count":1,"href":"https:\/\/nativainfo.com\/index.php?rest_route=\/wp\/v2\/posts\/2318\/revisions"}],"predecessor-version":[{"id":2325,"href":"https:\/\/nativainfo.com\/index.php?rest_route=\/wp\/v2\/posts\/2318\/revisions\/2325"}],"wp:attachment":[{"href":"https:\/\/nativainfo.com\/index.php?rest_route=%2Fwp%2Fv2%2Fmedia&parent=2318"}],"wp:term":[{"taxonomy":"category","embeddable":true,"href":"https:\/\/nativainfo.com\/index.php?rest_route=%2Fwp%2Fv2%2Fcategories&post=2318"},{"taxonomy":"post_tag","embeddable":true,"href":"https:\/\/nativainfo.com\/index.php?rest_route=%2Fwp%2Fv2%2Ftags&post=2318"}],"curies":[{"name":"wp","href":"https:\/\/api.w.org\/{rel}","templated":true}]}}