{"id":2292,"date":"2021-09-08T11:00:16","date_gmt":"2021-09-08T14:00:16","guid":{"rendered":"http:\/\/nativainfo.com\/?p=2292"},"modified":"2021-09-08T11:00:20","modified_gmt":"2021-09-08T14:00:20","slug":"quedo-formalmente-inaugurado-el-paseo-capital-del-agro-en-la-ciudad-de-fernandez","status":"publish","type":"post","link":"https:\/\/nativainfo.com\/?p=2292","title":{"rendered":"Qued\u00f3 formalmente inaugurado el paseo \u201cCapital del Agro\u201d en la Ciudad de Fern\u00e1ndez"},"content":{"rendered":"\n<p><strong>El intendente de la Ciudad de Fern\u00e1ndez Dr. V\u00edctor Araujo, encabez\u00f3 el acto de inauguraci\u00f3n de un nuevo espacio de esparcimiento. Se trata del paseo \u201cCapital del Agro\u201d situado en la explanada del ferrocarril sobre la Avenida Belgrano.<\/strong><\/p>\n\n\n\n<figure class=\"wp-block-image size-large\"><img fetchpriority=\"high\" decoding=\"async\" width=\"967\" height=\"599\" src=\"http:\/\/nativainfo.com\/wp-content\/uploads\/2021\/09\/Screenshot_5.jpg\" alt=\"\" class=\"wp-image-2295\" srcset=\"https:\/\/nativainfo.com\/wp-content\/uploads\/2021\/09\/Screenshot_5.jpg 967w, https:\/\/nativainfo.com\/wp-content\/uploads\/2021\/09\/Screenshot_5-300x186.jpg 300w, https:\/\/nativainfo.com\/wp-content\/uploads\/2021\/09\/Screenshot_5-768x476.jpg 768w, https:\/\/nativainfo.com\/wp-content\/uploads\/2021\/09\/Screenshot_5-565x350.jpg 565w, https:\/\/nativainfo.com\/wp-content\/uploads\/2021\/09\/Screenshot_5-150x93.jpg 150w\" sizes=\"(max-width: 967px) 100vw, 967px\" \/><\/figure>\n\n\n\n<p>La ceremonia se realiz\u00f3 respetando las medidas sanitarias contempladas en el protocolo de prevenci\u00f3n y cont\u00f3 con la presencia de los Diputados Nacionales\u00a0<strong>Norma Abdala de Matarazzo y Arq. Daniel Brue; el titular del Ersac CPN. Juan Domingo Roitman, el intendente de Forres Edgar Garavaglia, la Profesora Patricia Buena, el Director de Obras P\u00fablicas Orlando Villafa\u00f1e, el Director de la Producci\u00f3n municipal Miguel Aciar, la Directora de Cultura Prof. Silvana Ardiles, la Presidente el HC Deliberante Gladis Iturre<\/strong>, entre otros.<\/p>\n\n\n\n<p>Fuente: El Progreso WEB<\/p>\n","protected":false},"excerpt":{"rendered":"<p>El intendente de la Ciudad de Fern\u00e1ndez Dr. V\u00edctor Araujo, encabez\u00f3 el acto de inauguraci\u00f3n de un nuevo espacio de&#8230; <a class=\"continue-reading-link\" href=\"https:\/\/nativainfo.com\/?p=2292\">Continue reading<\/a><\/p>\n","protected":false},"author":1,"featured_media":0,"comment_status":"open","ping_status":"open","sticky":false,"template":"","format":"standard","meta":{"rop_custom_images_group":[],"rop_custom_messages_group":[],"rop_publish_now":"initial","rop_publish_now_accounts":[],"rop_publish_now_history":[],"rop_publish_now_status":"pending","footnotes":"","jetpack_publicize_message":"","jetpack_publicize_feature_enabled":true,"jetpack_social_post_already_shared":false,"jetpack_social_options":{"image_generator_settings":{"template":"highway","default_image_id":0,"font":"","enabled":false},"version":2}},"categories":[13],"tags":[],"class_list":["post-2292","post","type-post","status-publish","format-standard","hentry","category-fernandez"],"yoast_head":"<!-- This site is optimized with the Yoast SEO plugin v25.6 - https:\/\/yoast.com\/wordpress\/plugins\/seo\/ -->\n<title>Qued\u00f3 formalmente inaugurado el paseo \u201cCapital del Agro\u201d en la Ciudad de Fern\u00e1ndez - Nativa Info<\/title>\n<meta name=\"robots\" content=\"index, follow, max-snippet:-1, max-image-preview:large, max-video-preview:-1\" \/>\n<link rel=\"canonical\" href=\"https:\/\/nativainfo.com\/?p=2292\" \/>\n<meta property=\"og:locale\" content=\"es_ES\" \/>\n<meta property=\"og:type\" content=\"article\" \/>\n<meta property=\"og:title\" content=\"Qued\u00f3 formalmente inaugurado el paseo \u201cCapital del Agro\u201d en la Ciudad de Fern\u00e1ndez - Nativa Info\" \/>\n<meta property=\"og:description\" content=\"El intendente de la Ciudad de Fern\u00e1ndez Dr. V\u00edctor Araujo, encabez\u00f3 el acto de inauguraci\u00f3n de un nuevo espacio de... Continue reading\" \/>\n<meta property=\"og:url\" content=\"https:\/\/nativainfo.com\/?p=2292\" \/>\n<meta property=\"og:site_name\" content=\"Nativa Info\" \/>\n<meta property=\"article:publisher\" content=\"https:\/\/www.facebook.com\/profile.php?id=61578881597564\" \/>\n<meta property=\"article:published_time\" content=\"2021-09-08T14:00:16+00:00\" \/>\n<meta property=\"article:modified_time\" content=\"2021-09-08T14:00:20+00:00\" \/>\n<meta property=\"og:image\" content=\"http:\/\/nativainfo.com\/wp-content\/uploads\/2021\/09\/Screenshot_5.jpg\" \/>\n<meta name=\"author\" content=\"Nativa Info\" \/>\n<meta name=\"twitter:card\" content=\"summary_large_image\" \/>\n<meta name=\"twitter:label1\" content=\"Escrito por\" \/>\n\t<meta name=\"twitter:data1\" content=\"Nativa Info\" \/>\n\t<meta name=\"twitter:label2\" content=\"Tiempo de lectura\" \/>\n\t<meta name=\"twitter:data2\" content=\"1 minuto\" \/>\n<script type=\"application\/ld+json\" class=\"yoast-schema-graph\">{\"@context\":\"https:\/\/schema.org\",\"@graph\":[{\"@type\":\"Article\",\"@id\":\"https:\/\/nativainfo.com\/?p=2292#article\",\"isPartOf\":{\"@id\":\"https:\/\/nativainfo.com\/?p=2292\"},\"author\":{\"name\":\"Nativa Info\",\"@id\":\"https:\/\/nativainfo.com\/#\/schema\/person\/24893b64a9cd564ddb5d102d36eb4b5c\"},\"headline\":\"Qued\u00f3 formalmente inaugurado el paseo \u201cCapital del Agro\u201d en la Ciudad de Fern\u00e1ndez\",\"datePublished\":\"2021-09-08T14:00:16+00:00\",\"dateModified\":\"2021-09-08T14:00:20+00:00\",\"mainEntityOfPage\":{\"@id\":\"https:\/\/nativainfo.com\/?p=2292\"},\"wordCount\":143,\"commentCount\":0,\"publisher\":{\"@id\":\"https:\/\/nativainfo.com\/#organization\"},\"image\":{\"@id\":\"https:\/\/nativainfo.com\/?p=2292#primaryimage\"},\"thumbnailUrl\":\"http:\/\/nativainfo.com\/wp-content\/uploads\/2021\/09\/Screenshot_5.jpg\",\"articleSection\":[\"Fern\u00e1ndez\"],\"inLanguage\":\"es-AR\",\"potentialAction\":[{\"@type\":\"CommentAction\",\"name\":\"Comment\",\"target\":[\"https:\/\/nativainfo.com\/?p=2292#respond\"]}]},{\"@type\":\"WebPage\",\"@id\":\"https:\/\/nativainfo.com\/?p=2292\",\"url\":\"https:\/\/nativainfo.com\/?p=2292\",\"name\":\"Qued\u00f3 formalmente inaugurado el paseo \u201cCapital del Agro\u201d en la Ciudad de Fern\u00e1ndez - Nativa Info\",\"isPartOf\":{\"@id\":\"https:\/\/nativainfo.com\/#website\"},\"primaryImageOfPage\":{\"@id\":\"https:\/\/nativainfo.com\/?p=2292#primaryimage\"},\"image\":{\"@id\":\"https:\/\/nativainfo.com\/?p=2292#primaryimage\"},\"thumbnailUrl\":\"http:\/\/nativainfo.com\/wp-content\/uploads\/2021\/09\/Screenshot_5.jpg\",\"datePublished\":\"2021-09-08T14:00:16+00:00\",\"dateModified\":\"2021-09-08T14:00:20+00:00\",\"breadcrumb\":{\"@id\":\"https:\/\/nativainfo.com\/?p=2292#breadcrumb\"},\"inLanguage\":\"es-AR\",\"potentialAction\":[{\"@type\":\"ReadAction\",\"target\":[\"https:\/\/nativainfo.com\/?p=2292\"]}]},{\"@type\":\"ImageObject\",\"inLanguage\":\"es-AR\",\"@id\":\"https:\/\/nativainfo.com\/?p=2292#primaryimage\",\"url\":\"https:\/\/nativainfo.com\/wp-content\/uploads\/2021\/09\/Screenshot_5.jpg\",\"contentUrl\":\"https:\/\/nativainfo.com\/wp-content\/uploads\/2021\/09\/Screenshot_5.jpg\",\"width\":967,\"height\":599},{\"@type\":\"BreadcrumbList\",\"@id\":\"https:\/\/nativainfo.com\/?p=2292#breadcrumb\",\"itemListElement\":[{\"@type\":\"ListItem\",\"position\":1,\"name\":\"Inicio\",\"item\":\"https:\/\/nativainfo.com\/\"},{\"@type\":\"ListItem\",\"position\":2,\"name\":\"Qued\u00f3 formalmente inaugurado el paseo \u201cCapital del Agro\u201d en la Ciudad de Fern\u00e1ndez\"}]},{\"@type\":\"WebSite\",\"@id\":\"https:\/\/nativainfo.com\/#website\",\"url\":\"https:\/\/nativainfo.com\/\",\"name\":\"Nativa Info\",\"description\":\"Diario Digital\",\"publisher\":{\"@id\":\"https:\/\/nativainfo.com\/#organization\"},\"potentialAction\":[{\"@type\":\"SearchAction\",\"target\":{\"@type\":\"EntryPoint\",\"urlTemplate\":\"https:\/\/nativainfo.com\/?s={search_term_string}\"},\"query-input\":{\"@type\":\"PropertyValueSpecification\",\"valueRequired\":true,\"valueName\":\"search_term_string\"}}],\"inLanguage\":\"es-AR\"},{\"@type\":\"Organization\",\"@id\":\"https:\/\/nativainfo.com\/#organization\",\"name\":\"Nativa Info\",\"url\":\"https:\/\/nativainfo.com\/\",\"logo\":{\"@type\":\"ImageObject\",\"inLanguage\":\"es-AR\",\"@id\":\"https:\/\/nativainfo.com\/#\/schema\/logo\/image\/\",\"url\":\"https:\/\/nativainfo.com\/wp-content\/uploads\/2025\/08\/LOGO-NATIVA-FACE.jpg\",\"contentUrl\":\"https:\/\/nativainfo.com\/wp-content\/uploads\/2025\/08\/LOGO-NATIVA-FACE.jpg\",\"width\":400,\"height\":400,\"caption\":\"Nativa Info\"},\"image\":{\"@id\":\"https:\/\/nativainfo.com\/#\/schema\/logo\/image\/\"},\"sameAs\":[\"https:\/\/www.facebook.com\/profile.php?id=61578881597564\"]},{\"@type\":\"Person\",\"@id\":\"https:\/\/nativainfo.com\/#\/schema\/person\/24893b64a9cd564ddb5d102d36eb4b5c\",\"name\":\"Nativa Info\",\"image\":{\"@type\":\"ImageObject\",\"inLanguage\":\"es-AR\",\"@id\":\"https:\/\/nativainfo.com\/#\/schema\/person\/image\/\",\"url\":\"https:\/\/secure.gravatar.com\/avatar\/016fa1cf068d85136d938e1507b9b619cb766e2565cbb1faa1e571762460c785?s=96&d=mm&r=g\",\"contentUrl\":\"https:\/\/secure.gravatar.com\/avatar\/016fa1cf068d85136d938e1507b9b619cb766e2565cbb1faa1e571762460c785?s=96&d=mm&r=g\",\"caption\":\"Nativa Info\"},\"sameAs\":[\"http:\/\/nativainfo.com\"],\"url\":\"https:\/\/nativainfo.com\/?author=1\"}]}<\/script>\n<!-- \/ Yoast SEO plugin. -->","yoast_head_json":{"title":"Qued\u00f3 formalmente inaugurado el paseo \u201cCapital del Agro\u201d en la Ciudad de Fern\u00e1ndez - Nativa Info","robots":{"index":"index","follow":"follow","max-snippet":"max-snippet:-1","max-image-preview":"max-image-preview:large","max-video-preview":"max-video-preview:-1"},"canonical":"https:\/\/nativainfo.com\/?p=2292","og_locale":"es_ES","og_type":"article","og_title":"Qued\u00f3 formalmente inaugurado el paseo \u201cCapital del Agro\u201d en la Ciudad de Fern\u00e1ndez - Nativa Info","og_description":"El intendente de la Ciudad de Fern\u00e1ndez Dr. V\u00edctor Araujo, encabez\u00f3 el acto de inauguraci\u00f3n de un nuevo espacio de... Continue reading","og_url":"https:\/\/nativainfo.com\/?p=2292","og_site_name":"Nativa Info","article_publisher":"https:\/\/www.facebook.com\/profile.php?id=61578881597564","article_published_time":"2021-09-08T14:00:16+00:00","article_modified_time":"2021-09-08T14:00:20+00:00","og_image":[{"url":"http:\/\/nativainfo.com\/wp-content\/uploads\/2021\/09\/Screenshot_5.jpg","type":"","width":"","height":""}],"author":"Nativa Info","twitter_card":"summary_large_image","twitter_misc":{"Escrito por":"Nativa Info","Tiempo de lectura":"1 minuto"},"schema":{"@context":"https:\/\/schema.org","@graph":[{"@type":"Article","@id":"https:\/\/nativainfo.com\/?p=2292#article","isPartOf":{"@id":"https:\/\/nativainfo.com\/?p=2292"},"author":{"name":"Nativa Info","@id":"https:\/\/nativainfo.com\/#\/schema\/person\/24893b64a9cd564ddb5d102d36eb4b5c"},"headline":"Qued\u00f3 formalmente inaugurado el paseo \u201cCapital del Agro\u201d en la Ciudad de Fern\u00e1ndez","datePublished":"2021-09-08T14:00:16+00:00","dateModified":"2021-09-08T14:00:20+00:00","mainEntityOfPage":{"@id":"https:\/\/nativainfo.com\/?p=2292"},"wordCount":143,"commentCount":0,"publisher":{"@id":"https:\/\/nativainfo.com\/#organization"},"image":{"@id":"https:\/\/nativainfo.com\/?p=2292#primaryimage"},"thumbnailUrl":"http:\/\/nativainfo.com\/wp-content\/uploads\/2021\/09\/Screenshot_5.jpg","articleSection":["Fern\u00e1ndez"],"inLanguage":"es-AR","potentialAction":[{"@type":"CommentAction","name":"Comment","target":["https:\/\/nativainfo.com\/?p=2292#respond"]}]},{"@type":"WebPage","@id":"https:\/\/nativainfo.com\/?p=2292","url":"https:\/\/nativainfo.com\/?p=2292","name":"Qued\u00f3 formalmente inaugurado el paseo \u201cCapital del Agro\u201d en la Ciudad de Fern\u00e1ndez - Nativa Info","isPartOf":{"@id":"https:\/\/nativainfo.com\/#website"},"primaryImageOfPage":{"@id":"https:\/\/nativainfo.com\/?p=2292#primaryimage"},"image":{"@id":"https:\/\/nativainfo.com\/?p=2292#primaryimage"},"thumbnailUrl":"http:\/\/nativainfo.com\/wp-content\/uploads\/2021\/09\/Screenshot_5.jpg","datePublished":"2021-09-08T14:00:16+00:00","dateModified":"2021-09-08T14:00:20+00:00","breadcrumb":{"@id":"https:\/\/nativainfo.com\/?p=2292#breadcrumb"},"inLanguage":"es-AR","potentialAction":[{"@type":"ReadAction","target":["https:\/\/nativainfo.com\/?p=2292"]}]},{"@type":"ImageObject","inLanguage":"es-AR","@id":"https:\/\/nativainfo.com\/?p=2292#primaryimage","url":"https:\/\/nativainfo.com\/wp-content\/uploads\/2021\/09\/Screenshot_5.jpg","contentUrl":"https:\/\/nativainfo.com\/wp-content\/uploads\/2021\/09\/Screenshot_5.jpg","width":967,"height":599},{"@type":"BreadcrumbList","@id":"https:\/\/nativainfo.com\/?p=2292#breadcrumb","itemListElement":[{"@type":"ListItem","position":1,"name":"Inicio","item":"https:\/\/nativainfo.com\/"},{"@type":"ListItem","position":2,"name":"Qued\u00f3 formalmente inaugurado el paseo \u201cCapital del Agro\u201d en la Ciudad de Fern\u00e1ndez"}]},{"@type":"WebSite","@id":"https:\/\/nativainfo.com\/#website","url":"https:\/\/nativainfo.com\/","name":"Nativa Info","description":"Diario Digital","publisher":{"@id":"https:\/\/nativainfo.com\/#organization"},"potentialAction":[{"@type":"SearchAction","target":{"@type":"EntryPoint","urlTemplate":"https:\/\/nativainfo.com\/?s={search_term_string}"},"query-input":{"@type":"PropertyValueSpecification","valueRequired":true,"valueName":"search_term_string"}}],"inLanguage":"es-AR"},{"@type":"Organization","@id":"https:\/\/nativainfo.com\/#organization","name":"Nativa Info","url":"https:\/\/nativainfo.com\/","logo":{"@type":"ImageObject","inLanguage":"es-AR","@id":"https:\/\/nativainfo.com\/#\/schema\/logo\/image\/","url":"https:\/\/nativainfo.com\/wp-content\/uploads\/2025\/08\/LOGO-NATIVA-FACE.jpg","contentUrl":"https:\/\/nativainfo.com\/wp-content\/uploads\/2025\/08\/LOGO-NATIVA-FACE.jpg","width":400,"height":400,"caption":"Nativa Info"},"image":{"@id":"https:\/\/nativainfo.com\/#\/schema\/logo\/image\/"},"sameAs":["https:\/\/www.facebook.com\/profile.php?id=61578881597564"]},{"@type":"Person","@id":"https:\/\/nativainfo.com\/#\/schema\/person\/24893b64a9cd564ddb5d102d36eb4b5c","name":"Nativa Info","image":{"@type":"ImageObject","inLanguage":"es-AR","@id":"https:\/\/nativainfo.com\/#\/schema\/person\/image\/","url":"https:\/\/secure.gravatar.com\/avatar\/016fa1cf068d85136d938e1507b9b619cb766e2565cbb1faa1e571762460c785?s=96&d=mm&r=g","contentUrl":"https:\/\/secure.gravatar.com\/avatar\/016fa1cf068d85136d938e1507b9b619cb766e2565cbb1faa1e571762460c785?s=96&d=mm&r=g","caption":"Nativa Info"},"sameAs":["http:\/\/nativainfo.com"],"url":"https:\/\/nativainfo.com\/?author=1"}]}},"jetpack_publicize_connections":[],"_links":{"self":[{"href":"https:\/\/nativainfo.com\/index.php?rest_route=\/wp\/v2\/posts\/2292","targetHints":{"allow":["GET"]}}],"collection":[{"href":"https:\/\/nativainfo.com\/index.php?rest_route=\/wp\/v2\/posts"}],"about":[{"href":"https:\/\/nativainfo.com\/index.php?rest_route=\/wp\/v2\/types\/post"}],"author":[{"embeddable":true,"href":"https:\/\/nativainfo.com\/index.php?rest_route=\/wp\/v2\/users\/1"}],"replies":[{"embeddable":true,"href":"https:\/\/nativainfo.com\/index.php?rest_route=%2Fwp%2Fv2%2Fcomments&post=2292"}],"version-history":[{"count":1,"href":"https:\/\/nativainfo.com\/index.php?rest_route=\/wp\/v2\/posts\/2292\/revisions"}],"predecessor-version":[{"id":2296,"href":"https:\/\/nativainfo.com\/index.php?rest_route=\/wp\/v2\/posts\/2292\/revisions\/2296"}],"wp:attachment":[{"href":"https:\/\/nativainfo.com\/index.php?rest_route=%2Fwp%2Fv2%2Fmedia&parent=2292"}],"wp:term":[{"taxonomy":"category","embeddable":true,"href":"https:\/\/nativainfo.com\/index.php?rest_route=%2Fwp%2Fv2%2Fcategories&post=2292"},{"taxonomy":"post_tag","embeddable":true,"href":"https:\/\/nativainfo.com\/index.php?rest_route=%2Fwp%2Fv2%2Ftags&post=2292"}],"curies":[{"name":"wp","href":"https:\/\/api.w.org\/{rel}","templated":true}]}}