{"id":2271,"date":"2021-09-03T00:56:02","date_gmt":"2021-09-03T03:56:02","guid":{"rendered":"http:\/\/nativainfo.com\/?p=2271"},"modified":"2021-09-03T00:56:06","modified_gmt":"2021-09-03T03:56:06","slug":"coronavirus-santiago-del-estero-ya-lleva-aplicando-mas-de-un-millon-de-vacunas","status":"publish","type":"post","link":"https:\/\/nativainfo.com\/?p=2271","title":{"rendered":"Coronavirus: Santiago del Estero ya lleva aplicando m\u00e1s de un mill\u00f3n de vacunas"},"content":{"rendered":"\n<p><strong>La provincia super\u00f3 esta cifra durante esta jornada. Ya hay 359 mil personas con las dos dosis colocadas.<\/strong><\/p>\n\n\n\n<figure class=\"wp-block-image size-large\"><img fetchpriority=\"high\" decoding=\"async\" width=\"1024\" height=\"682\" src=\"http:\/\/nativainfo.com\/wp-content\/uploads\/2021\/09\/msal_vacunacion_26-5-2021-1024x682.jpeg\" alt=\"\" class=\"wp-image-2274\" srcset=\"https:\/\/nativainfo.com\/wp-content\/uploads\/2021\/09\/msal_vacunacion_26-5-2021-1024x682.jpeg 1024w, https:\/\/nativainfo.com\/wp-content\/uploads\/2021\/09\/msal_vacunacion_26-5-2021-300x200.jpeg 300w, https:\/\/nativainfo.com\/wp-content\/uploads\/2021\/09\/msal_vacunacion_26-5-2021-768x511.jpeg 768w, https:\/\/nativainfo.com\/wp-content\/uploads\/2021\/09\/msal_vacunacion_26-5-2021-526x350.jpeg 526w, https:\/\/nativainfo.com\/wp-content\/uploads\/2021\/09\/msal_vacunacion_26-5-2021-150x100.jpeg 150w, https:\/\/nativainfo.com\/wp-content\/uploads\/2021\/09\/msal_vacunacion_26-5-2021.jpeg 1280w\" sizes=\"(max-width: 1024px) 100vw, 1024px\" \/><\/figure>\n\n\n\n<p>Conforme al monitor p\u00fablico nacional de vacunaci\u00f3n, Santiago del Estero alcanza este momento la cifra de 1.002.814 dosis colocadas, correspondiendo a 643.551 personas con la &nbsp;primera dosis, y 359.263 con las dos dosis.<\/p>\n\n\n\n<p>Desde el Ministerio de Salud de la provincia agradecieron la tarea que vienen desarrollando el equipo de vacunaci\u00f3n:&nbsp;<\/p>\n\n\n\n<p><em>&#8220;Much\u00edsimas gracias al equipo de vacunaci\u00f3n en particular, &nbsp;y a todo el sistema de salud que vienen desarrollando esta important\u00edsima &nbsp;tarea&#8221;<\/em><\/p>\n\n\n\n<p><em>Gracias a esta formidable campa\u00f1a, m\u00e1s el continuo env\u00edo de segundas dosis desde naci\u00f3n y el alto grado de &nbsp;responsabilidad de los santiague\u00f1os en concurrir a vacunarse, estamos muy cerca de lograr la inmunidad de reba\u00f1o en nuestra provincia&#8221;<\/em><\/p>\n","protected":false},"excerpt":{"rendered":"<p>La provincia super\u00f3 esta cifra durante esta jornada. Ya hay 359 mil personas con las dos dosis colocadas. Conforme al&#8230; <a class=\"continue-reading-link\" href=\"https:\/\/nativainfo.com\/?p=2271\">Continue reading<\/a><\/p>\n","protected":false},"author":1,"featured_media":0,"comment_status":"open","ping_status":"open","sticky":false,"template":"","format":"standard","meta":{"rop_custom_images_group":[],"rop_custom_messages_group":[],"rop_publish_now":"initial","rop_publish_now_accounts":[],"rop_publish_now_history":[],"rop_publish_now_status":"pending","footnotes":"","jetpack_publicize_message":"","jetpack_publicize_feature_enabled":true,"jetpack_social_post_already_shared":false,"jetpack_social_options":{"image_generator_settings":{"template":"highway","default_image_id":0,"font":"","enabled":false},"version":2}},"categories":[12],"tags":[],"class_list":["post-2271","post","type-post","status-publish","format-standard","hentry","category-provincia"],"yoast_head":"<!-- This site is optimized with the Yoast SEO plugin v25.6 - https:\/\/yoast.com\/wordpress\/plugins\/seo\/ -->\n<title>Coronavirus: Santiago del Estero ya lleva aplicando m\u00e1s de un mill\u00f3n de vacunas - Nativa Info<\/title>\n<meta name=\"robots\" content=\"index, follow, max-snippet:-1, max-image-preview:large, max-video-preview:-1\" \/>\n<link rel=\"canonical\" href=\"https:\/\/nativainfo.com\/?p=2271\" \/>\n<meta property=\"og:locale\" content=\"es_ES\" \/>\n<meta property=\"og:type\" content=\"article\" \/>\n<meta property=\"og:title\" content=\"Coronavirus: Santiago del Estero ya lleva aplicando m\u00e1s de un mill\u00f3n de vacunas - Nativa Info\" \/>\n<meta property=\"og:description\" content=\"La provincia super\u00f3 esta cifra durante esta jornada. Ya hay 359 mil personas con las dos dosis colocadas. Conforme al... Continue reading\" \/>\n<meta property=\"og:url\" content=\"https:\/\/nativainfo.com\/?p=2271\" \/>\n<meta property=\"og:site_name\" content=\"Nativa Info\" \/>\n<meta property=\"article:publisher\" content=\"https:\/\/www.facebook.com\/profile.php?id=61578881597564\" \/>\n<meta property=\"article:published_time\" content=\"2021-09-03T03:56:02+00:00\" \/>\n<meta property=\"article:modified_time\" content=\"2021-09-03T03:56:06+00:00\" \/>\n<meta property=\"og:image\" content=\"http:\/\/nativainfo.com\/wp-content\/uploads\/2021\/09\/msal_vacunacion_26-5-2021-1024x682.jpeg\" \/>\n<meta name=\"author\" content=\"Nativa Info\" \/>\n<meta name=\"twitter:card\" content=\"summary_large_image\" \/>\n<meta name=\"twitter:label1\" content=\"Escrito por\" \/>\n\t<meta name=\"twitter:data1\" content=\"Nativa Info\" \/>\n\t<meta name=\"twitter:label2\" content=\"Tiempo de lectura\" \/>\n\t<meta name=\"twitter:data2\" content=\"1 minuto\" \/>\n<script type=\"application\/ld+json\" class=\"yoast-schema-graph\">{\"@context\":\"https:\/\/schema.org\",\"@graph\":[{\"@type\":\"Article\",\"@id\":\"https:\/\/nativainfo.com\/?p=2271#article\",\"isPartOf\":{\"@id\":\"https:\/\/nativainfo.com\/?p=2271\"},\"author\":{\"name\":\"Nativa Info\",\"@id\":\"https:\/\/nativainfo.com\/#\/schema\/person\/24893b64a9cd564ddb5d102d36eb4b5c\"},\"headline\":\"Coronavirus: Santiago del Estero ya lleva aplicando m\u00e1s de un mill\u00f3n de vacunas\",\"datePublished\":\"2021-09-03T03:56:02+00:00\",\"dateModified\":\"2021-09-03T03:56:06+00:00\",\"mainEntityOfPage\":{\"@id\":\"https:\/\/nativainfo.com\/?p=2271\"},\"wordCount\":157,\"commentCount\":0,\"publisher\":{\"@id\":\"https:\/\/nativainfo.com\/#organization\"},\"image\":{\"@id\":\"https:\/\/nativainfo.com\/?p=2271#primaryimage\"},\"thumbnailUrl\":\"http:\/\/nativainfo.com\/wp-content\/uploads\/2021\/09\/msal_vacunacion_26-5-2021-1024x682.jpeg\",\"articleSection\":[\"Provincia\"],\"inLanguage\":\"es-AR\",\"potentialAction\":[{\"@type\":\"CommentAction\",\"name\":\"Comment\",\"target\":[\"https:\/\/nativainfo.com\/?p=2271#respond\"]}]},{\"@type\":\"WebPage\",\"@id\":\"https:\/\/nativainfo.com\/?p=2271\",\"url\":\"https:\/\/nativainfo.com\/?p=2271\",\"name\":\"Coronavirus: Santiago del Estero ya lleva aplicando m\u00e1s de un mill\u00f3n de vacunas - Nativa Info\",\"isPartOf\":{\"@id\":\"https:\/\/nativainfo.com\/#website\"},\"primaryImageOfPage\":{\"@id\":\"https:\/\/nativainfo.com\/?p=2271#primaryimage\"},\"image\":{\"@id\":\"https:\/\/nativainfo.com\/?p=2271#primaryimage\"},\"thumbnailUrl\":\"http:\/\/nativainfo.com\/wp-content\/uploads\/2021\/09\/msal_vacunacion_26-5-2021-1024x682.jpeg\",\"datePublished\":\"2021-09-03T03:56:02+00:00\",\"dateModified\":\"2021-09-03T03:56:06+00:00\",\"breadcrumb\":{\"@id\":\"https:\/\/nativainfo.com\/?p=2271#breadcrumb\"},\"inLanguage\":\"es-AR\",\"potentialAction\":[{\"@type\":\"ReadAction\",\"target\":[\"https:\/\/nativainfo.com\/?p=2271\"]}]},{\"@type\":\"ImageObject\",\"inLanguage\":\"es-AR\",\"@id\":\"https:\/\/nativainfo.com\/?p=2271#primaryimage\",\"url\":\"http:\/\/nativainfo.com\/wp-content\/uploads\/2021\/09\/msal_vacunacion_26-5-2021-1024x682.jpeg\",\"contentUrl\":\"http:\/\/nativainfo.com\/wp-content\/uploads\/2021\/09\/msal_vacunacion_26-5-2021-1024x682.jpeg\"},{\"@type\":\"BreadcrumbList\",\"@id\":\"https:\/\/nativainfo.com\/?p=2271#breadcrumb\",\"itemListElement\":[{\"@type\":\"ListItem\",\"position\":1,\"name\":\"Inicio\",\"item\":\"https:\/\/nativainfo.com\/\"},{\"@type\":\"ListItem\",\"position\":2,\"name\":\"Coronavirus: Santiago del Estero ya lleva aplicando m\u00e1s de un mill\u00f3n de vacunas\"}]},{\"@type\":\"WebSite\",\"@id\":\"https:\/\/nativainfo.com\/#website\",\"url\":\"https:\/\/nativainfo.com\/\",\"name\":\"Nativa Info\",\"description\":\"Diario Digital\",\"publisher\":{\"@id\":\"https:\/\/nativainfo.com\/#organization\"},\"potentialAction\":[{\"@type\":\"SearchAction\",\"target\":{\"@type\":\"EntryPoint\",\"urlTemplate\":\"https:\/\/nativainfo.com\/?s={search_term_string}\"},\"query-input\":{\"@type\":\"PropertyValueSpecification\",\"valueRequired\":true,\"valueName\":\"search_term_string\"}}],\"inLanguage\":\"es-AR\"},{\"@type\":\"Organization\",\"@id\":\"https:\/\/nativainfo.com\/#organization\",\"name\":\"Nativa Info\",\"url\":\"https:\/\/nativainfo.com\/\",\"logo\":{\"@type\":\"ImageObject\",\"inLanguage\":\"es-AR\",\"@id\":\"https:\/\/nativainfo.com\/#\/schema\/logo\/image\/\",\"url\":\"https:\/\/nativainfo.com\/wp-content\/uploads\/2025\/08\/LOGO-NATIVA-FACE.jpg\",\"contentUrl\":\"https:\/\/nativainfo.com\/wp-content\/uploads\/2025\/08\/LOGO-NATIVA-FACE.jpg\",\"width\":400,\"height\":400,\"caption\":\"Nativa Info\"},\"image\":{\"@id\":\"https:\/\/nativainfo.com\/#\/schema\/logo\/image\/\"},\"sameAs\":[\"https:\/\/www.facebook.com\/profile.php?id=61578881597564\"]},{\"@type\":\"Person\",\"@id\":\"https:\/\/nativainfo.com\/#\/schema\/person\/24893b64a9cd564ddb5d102d36eb4b5c\",\"name\":\"Nativa Info\",\"image\":{\"@type\":\"ImageObject\",\"inLanguage\":\"es-AR\",\"@id\":\"https:\/\/nativainfo.com\/#\/schema\/person\/image\/\",\"url\":\"https:\/\/secure.gravatar.com\/avatar\/016fa1cf068d85136d938e1507b9b619cb766e2565cbb1faa1e571762460c785?s=96&d=mm&r=g\",\"contentUrl\":\"https:\/\/secure.gravatar.com\/avatar\/016fa1cf068d85136d938e1507b9b619cb766e2565cbb1faa1e571762460c785?s=96&d=mm&r=g\",\"caption\":\"Nativa Info\"},\"sameAs\":[\"http:\/\/nativainfo.com\"],\"url\":\"https:\/\/nativainfo.com\/?author=1\"}]}<\/script>\n<!-- \/ Yoast SEO plugin. -->","yoast_head_json":{"title":"Coronavirus: Santiago del Estero ya lleva aplicando m\u00e1s de un mill\u00f3n de vacunas - Nativa Info","robots":{"index":"index","follow":"follow","max-snippet":"max-snippet:-1","max-image-preview":"max-image-preview:large","max-video-preview":"max-video-preview:-1"},"canonical":"https:\/\/nativainfo.com\/?p=2271","og_locale":"es_ES","og_type":"article","og_title":"Coronavirus: Santiago del Estero ya lleva aplicando m\u00e1s de un mill\u00f3n de vacunas - Nativa Info","og_description":"La provincia super\u00f3 esta cifra durante esta jornada. Ya hay 359 mil personas con las dos dosis colocadas. Conforme al... Continue reading","og_url":"https:\/\/nativainfo.com\/?p=2271","og_site_name":"Nativa Info","article_publisher":"https:\/\/www.facebook.com\/profile.php?id=61578881597564","article_published_time":"2021-09-03T03:56:02+00:00","article_modified_time":"2021-09-03T03:56:06+00:00","og_image":[{"url":"http:\/\/nativainfo.com\/wp-content\/uploads\/2021\/09\/msal_vacunacion_26-5-2021-1024x682.jpeg","type":"","width":"","height":""}],"author":"Nativa Info","twitter_card":"summary_large_image","twitter_misc":{"Escrito por":"Nativa Info","Tiempo de lectura":"1 minuto"},"schema":{"@context":"https:\/\/schema.org","@graph":[{"@type":"Article","@id":"https:\/\/nativainfo.com\/?p=2271#article","isPartOf":{"@id":"https:\/\/nativainfo.com\/?p=2271"},"author":{"name":"Nativa Info","@id":"https:\/\/nativainfo.com\/#\/schema\/person\/24893b64a9cd564ddb5d102d36eb4b5c"},"headline":"Coronavirus: Santiago del Estero ya lleva aplicando m\u00e1s de un mill\u00f3n de vacunas","datePublished":"2021-09-03T03:56:02+00:00","dateModified":"2021-09-03T03:56:06+00:00","mainEntityOfPage":{"@id":"https:\/\/nativainfo.com\/?p=2271"},"wordCount":157,"commentCount":0,"publisher":{"@id":"https:\/\/nativainfo.com\/#organization"},"image":{"@id":"https:\/\/nativainfo.com\/?p=2271#primaryimage"},"thumbnailUrl":"http:\/\/nativainfo.com\/wp-content\/uploads\/2021\/09\/msal_vacunacion_26-5-2021-1024x682.jpeg","articleSection":["Provincia"],"inLanguage":"es-AR","potentialAction":[{"@type":"CommentAction","name":"Comment","target":["https:\/\/nativainfo.com\/?p=2271#respond"]}]},{"@type":"WebPage","@id":"https:\/\/nativainfo.com\/?p=2271","url":"https:\/\/nativainfo.com\/?p=2271","name":"Coronavirus: Santiago del Estero ya lleva aplicando m\u00e1s de un mill\u00f3n de vacunas - Nativa Info","isPartOf":{"@id":"https:\/\/nativainfo.com\/#website"},"primaryImageOfPage":{"@id":"https:\/\/nativainfo.com\/?p=2271#primaryimage"},"image":{"@id":"https:\/\/nativainfo.com\/?p=2271#primaryimage"},"thumbnailUrl":"http:\/\/nativainfo.com\/wp-content\/uploads\/2021\/09\/msal_vacunacion_26-5-2021-1024x682.jpeg","datePublished":"2021-09-03T03:56:02+00:00","dateModified":"2021-09-03T03:56:06+00:00","breadcrumb":{"@id":"https:\/\/nativainfo.com\/?p=2271#breadcrumb"},"inLanguage":"es-AR","potentialAction":[{"@type":"ReadAction","target":["https:\/\/nativainfo.com\/?p=2271"]}]},{"@type":"ImageObject","inLanguage":"es-AR","@id":"https:\/\/nativainfo.com\/?p=2271#primaryimage","url":"http:\/\/nativainfo.com\/wp-content\/uploads\/2021\/09\/msal_vacunacion_26-5-2021-1024x682.jpeg","contentUrl":"http:\/\/nativainfo.com\/wp-content\/uploads\/2021\/09\/msal_vacunacion_26-5-2021-1024x682.jpeg"},{"@type":"BreadcrumbList","@id":"https:\/\/nativainfo.com\/?p=2271#breadcrumb","itemListElement":[{"@type":"ListItem","position":1,"name":"Inicio","item":"https:\/\/nativainfo.com\/"},{"@type":"ListItem","position":2,"name":"Coronavirus: Santiago del Estero ya lleva aplicando m\u00e1s de un mill\u00f3n de vacunas"}]},{"@type":"WebSite","@id":"https:\/\/nativainfo.com\/#website","url":"https:\/\/nativainfo.com\/","name":"Nativa Info","description":"Diario Digital","publisher":{"@id":"https:\/\/nativainfo.com\/#organization"},"potentialAction":[{"@type":"SearchAction","target":{"@type":"EntryPoint","urlTemplate":"https:\/\/nativainfo.com\/?s={search_term_string}"},"query-input":{"@type":"PropertyValueSpecification","valueRequired":true,"valueName":"search_term_string"}}],"inLanguage":"es-AR"},{"@type":"Organization","@id":"https:\/\/nativainfo.com\/#organization","name":"Nativa Info","url":"https:\/\/nativainfo.com\/","logo":{"@type":"ImageObject","inLanguage":"es-AR","@id":"https:\/\/nativainfo.com\/#\/schema\/logo\/image\/","url":"https:\/\/nativainfo.com\/wp-content\/uploads\/2025\/08\/LOGO-NATIVA-FACE.jpg","contentUrl":"https:\/\/nativainfo.com\/wp-content\/uploads\/2025\/08\/LOGO-NATIVA-FACE.jpg","width":400,"height":400,"caption":"Nativa Info"},"image":{"@id":"https:\/\/nativainfo.com\/#\/schema\/logo\/image\/"},"sameAs":["https:\/\/www.facebook.com\/profile.php?id=61578881597564"]},{"@type":"Person","@id":"https:\/\/nativainfo.com\/#\/schema\/person\/24893b64a9cd564ddb5d102d36eb4b5c","name":"Nativa Info","image":{"@type":"ImageObject","inLanguage":"es-AR","@id":"https:\/\/nativainfo.com\/#\/schema\/person\/image\/","url":"https:\/\/secure.gravatar.com\/avatar\/016fa1cf068d85136d938e1507b9b619cb766e2565cbb1faa1e571762460c785?s=96&d=mm&r=g","contentUrl":"https:\/\/secure.gravatar.com\/avatar\/016fa1cf068d85136d938e1507b9b619cb766e2565cbb1faa1e571762460c785?s=96&d=mm&r=g","caption":"Nativa Info"},"sameAs":["http:\/\/nativainfo.com"],"url":"https:\/\/nativainfo.com\/?author=1"}]}},"jetpack_publicize_connections":[],"_links":{"self":[{"href":"https:\/\/nativainfo.com\/index.php?rest_route=\/wp\/v2\/posts\/2271","targetHints":{"allow":["GET"]}}],"collection":[{"href":"https:\/\/nativainfo.com\/index.php?rest_route=\/wp\/v2\/posts"}],"about":[{"href":"https:\/\/nativainfo.com\/index.php?rest_route=\/wp\/v2\/types\/post"}],"author":[{"embeddable":true,"href":"https:\/\/nativainfo.com\/index.php?rest_route=\/wp\/v2\/users\/1"}],"replies":[{"embeddable":true,"href":"https:\/\/nativainfo.com\/index.php?rest_route=%2Fwp%2Fv2%2Fcomments&post=2271"}],"version-history":[{"count":1,"href":"https:\/\/nativainfo.com\/index.php?rest_route=\/wp\/v2\/posts\/2271\/revisions"}],"predecessor-version":[{"id":2276,"href":"https:\/\/nativainfo.com\/index.php?rest_route=\/wp\/v2\/posts\/2271\/revisions\/2276"}],"wp:attachment":[{"href":"https:\/\/nativainfo.com\/index.php?rest_route=%2Fwp%2Fv2%2Fmedia&parent=2271"}],"wp:term":[{"taxonomy":"category","embeddable":true,"href":"https:\/\/nativainfo.com\/index.php?rest_route=%2Fwp%2Fv2%2Fcategories&post=2271"},{"taxonomy":"post_tag","embeddable":true,"href":"https:\/\/nativainfo.com\/index.php?rest_route=%2Fwp%2Fv2%2Ftags&post=2271"}],"curies":[{"name":"wp","href":"https:\/\/api.w.org\/{rel}","templated":true}]}}