{"id":2267,"date":"2021-09-02T01:57:33","date_gmt":"2021-09-02T04:57:33","guid":{"rendered":"http:\/\/nativainfo.com\/?p=2267"},"modified":"2021-09-02T01:57:37","modified_gmt":"2021-09-02T04:57:37","slug":"iniguez-en-nombre-de-cada-familia-de-colonia-el-simbolar-y-parajes-agradecemos-al-gobernador-por-esta-obra","status":"publish","type":"post","link":"https:\/\/nativainfo.com\/?p=2267","title":{"rendered":"I\u00f1iguez: &#8220;En nombre de cada  familia de Colonia El Simbolar y parajes, agradecemos al Gobernador por esta obra&#8221;"},"content":{"rendered":"\n<figure class=\"wp-block-image size-large\"><img fetchpriority=\"high\" decoding=\"async\" width=\"782\" height=\"500\" src=\"http:\/\/nativainfo.com\/wp-content\/uploads\/2021\/09\/colonia-el-simbolar-sumo-dos-casos-de-covid-19-y-prohiben-todo-tipo-de-reunion-782x500-1.jpg\" alt=\"\" class=\"wp-image-2269\" srcset=\"https:\/\/nativainfo.com\/wp-content\/uploads\/2021\/09\/colonia-el-simbolar-sumo-dos-casos-de-covid-19-y-prohiben-todo-tipo-de-reunion-782x500-1.jpg 782w, https:\/\/nativainfo.com\/wp-content\/uploads\/2021\/09\/colonia-el-simbolar-sumo-dos-casos-de-covid-19-y-prohiben-todo-tipo-de-reunion-782x500-1-300x192.jpg 300w, https:\/\/nativainfo.com\/wp-content\/uploads\/2021\/09\/colonia-el-simbolar-sumo-dos-casos-de-covid-19-y-prohiben-todo-tipo-de-reunion-782x500-1-768x491.jpg 768w, https:\/\/nativainfo.com\/wp-content\/uploads\/2021\/09\/colonia-el-simbolar-sumo-dos-casos-de-covid-19-y-prohiben-todo-tipo-de-reunion-782x500-1-547x350.jpg 547w, https:\/\/nativainfo.com\/wp-content\/uploads\/2021\/09\/colonia-el-simbolar-sumo-dos-casos-de-covid-19-y-prohiben-todo-tipo-de-reunion-782x500-1-150x96.jpg 150w\" sizes=\"(max-width: 782px) 100vw, 782px\" \/><\/figure>\n\n\n\n<p>La comunidad de&nbsp;<strong>Colonia El Simbolar&nbsp;<\/strong>y de toda su zona de influencia del departamento Robles, celebr\u00f3 la noticia del llamado a licitaci\u00f3n p\u00fablica para la construcci\u00f3n del nuevo edificio del hospital, obra que ser\u00e1 ejecutada con fondos del Gobierno de la provincia.<\/p>\n\n\n\n<p>\u201cEstamos realmente felices por esta noticia, que ratifica la mirada federal del gobernador Gerardo Zamora, que est\u00e1 cumpliendo con el compromiso que hab\u00eda asumido, de mejorar la calidad de vida de nuestros vecinos con un nuevo edificio para nuestro centro de salud, que contar\u00e1 con m\u00e1s y mejor equipamiento para responder a las necesidades de la poblaci\u00f3n\u201d, dijo el comisionado municipal\u00a0<strong>\u00c1ngel I\u00f1\u00edguez<\/strong>.<\/p>\n","protected":false},"excerpt":{"rendered":"<p>La comunidad de&nbsp;Colonia El Simbolar&nbsp;y de toda su zona de influencia del departamento Robles, celebr\u00f3 la noticia del llamado a&#8230; <a class=\"continue-reading-link\" href=\"https:\/\/nativainfo.com\/?p=2267\">Continue reading<\/a><\/p>\n","protected":false},"author":1,"featured_media":0,"comment_status":"open","ping_status":"open","sticky":false,"template":"","format":"standard","meta":{"rop_custom_images_group":[],"rop_custom_messages_group":[],"rop_publish_now":"initial","rop_publish_now_accounts":[],"rop_publish_now_history":[],"rop_publish_now_status":"pending","footnotes":"","jetpack_publicize_message":"","jetpack_publicize_feature_enabled":true,"jetpack_social_post_already_shared":false,"jetpack_social_options":{"image_generator_settings":{"template":"highway","default_image_id":0,"font":"","enabled":false},"version":2}},"categories":[12],"tags":[],"class_list":["post-2267","post","type-post","status-publish","format-standard","hentry","category-provincia"],"yoast_head":"<!-- This site is optimized with the Yoast SEO plugin v25.6 - https:\/\/yoast.com\/wordpress\/plugins\/seo\/ -->\n<title>I\u00f1iguez: &quot;En nombre de cada familia de Colonia El Simbolar y parajes, agradecemos al Gobernador por esta obra&quot; - Nativa Info<\/title>\n<meta name=\"robots\" content=\"index, follow, max-snippet:-1, max-image-preview:large, max-video-preview:-1\" \/>\n<link rel=\"canonical\" href=\"https:\/\/nativainfo.com\/?p=2267\" \/>\n<meta property=\"og:locale\" content=\"es_ES\" \/>\n<meta property=\"og:type\" content=\"article\" \/>\n<meta property=\"og:title\" content=\"I\u00f1iguez: &quot;En nombre de cada familia de Colonia El Simbolar y parajes, agradecemos al Gobernador por esta obra&quot; - Nativa Info\" \/>\n<meta property=\"og:description\" content=\"La comunidad de&nbsp;Colonia El Simbolar&nbsp;y de toda su zona de influencia del departamento Robles, celebr\u00f3 la noticia del llamado a... Continue reading\" \/>\n<meta property=\"og:url\" content=\"https:\/\/nativainfo.com\/?p=2267\" \/>\n<meta property=\"og:site_name\" content=\"Nativa Info\" \/>\n<meta property=\"article:publisher\" content=\"https:\/\/www.facebook.com\/profile.php?id=61578881597564\" \/>\n<meta property=\"article:published_time\" content=\"2021-09-02T04:57:33+00:00\" \/>\n<meta property=\"article:modified_time\" content=\"2021-09-02T04:57:37+00:00\" \/>\n<meta property=\"og:image\" content=\"http:\/\/nativainfo.com\/wp-content\/uploads\/2021\/09\/colonia-el-simbolar-sumo-dos-casos-de-covid-19-y-prohiben-todo-tipo-de-reunion-782x500-1.jpg\" \/>\n<meta name=\"author\" content=\"Nativa Info\" \/>\n<meta name=\"twitter:card\" content=\"summary_large_image\" \/>\n<meta name=\"twitter:label1\" content=\"Escrito por\" \/>\n\t<meta name=\"twitter:data1\" content=\"Nativa Info\" \/>\n\t<meta name=\"twitter:label2\" content=\"Tiempo de lectura\" \/>\n\t<meta name=\"twitter:data2\" content=\"1 minuto\" \/>\n<script type=\"application\/ld+json\" class=\"yoast-schema-graph\">{\"@context\":\"https:\/\/schema.org\",\"@graph\":[{\"@type\":\"Article\",\"@id\":\"https:\/\/nativainfo.com\/?p=2267#article\",\"isPartOf\":{\"@id\":\"https:\/\/nativainfo.com\/?p=2267\"},\"author\":{\"name\":\"Nativa Info\",\"@id\":\"https:\/\/nativainfo.com\/#\/schema\/person\/24893b64a9cd564ddb5d102d36eb4b5c\"},\"headline\":\"I\u00f1iguez: &#8220;En nombre de cada familia de Colonia El Simbolar y parajes, agradecemos al Gobernador por esta obra&#8221;\",\"datePublished\":\"2021-09-02T04:57:33+00:00\",\"dateModified\":\"2021-09-02T04:57:37+00:00\",\"mainEntityOfPage\":{\"@id\":\"https:\/\/nativainfo.com\/?p=2267\"},\"wordCount\":134,\"commentCount\":0,\"publisher\":{\"@id\":\"https:\/\/nativainfo.com\/#organization\"},\"image\":{\"@id\":\"https:\/\/nativainfo.com\/?p=2267#primaryimage\"},\"thumbnailUrl\":\"http:\/\/nativainfo.com\/wp-content\/uploads\/2021\/09\/colonia-el-simbolar-sumo-dos-casos-de-covid-19-y-prohiben-todo-tipo-de-reunion-782x500-1.jpg\",\"articleSection\":[\"Provincia\"],\"inLanguage\":\"es-AR\",\"potentialAction\":[{\"@type\":\"CommentAction\",\"name\":\"Comment\",\"target\":[\"https:\/\/nativainfo.com\/?p=2267#respond\"]}]},{\"@type\":\"WebPage\",\"@id\":\"https:\/\/nativainfo.com\/?p=2267\",\"url\":\"https:\/\/nativainfo.com\/?p=2267\",\"name\":\"I\u00f1iguez: \\\"En nombre de cada familia de Colonia El Simbolar y parajes, agradecemos al Gobernador por esta obra\\\" - Nativa Info\",\"isPartOf\":{\"@id\":\"https:\/\/nativainfo.com\/#website\"},\"primaryImageOfPage\":{\"@id\":\"https:\/\/nativainfo.com\/?p=2267#primaryimage\"},\"image\":{\"@id\":\"https:\/\/nativainfo.com\/?p=2267#primaryimage\"},\"thumbnailUrl\":\"http:\/\/nativainfo.com\/wp-content\/uploads\/2021\/09\/colonia-el-simbolar-sumo-dos-casos-de-covid-19-y-prohiben-todo-tipo-de-reunion-782x500-1.jpg\",\"datePublished\":\"2021-09-02T04:57:33+00:00\",\"dateModified\":\"2021-09-02T04:57:37+00:00\",\"breadcrumb\":{\"@id\":\"https:\/\/nativainfo.com\/?p=2267#breadcrumb\"},\"inLanguage\":\"es-AR\",\"potentialAction\":[{\"@type\":\"ReadAction\",\"target\":[\"https:\/\/nativainfo.com\/?p=2267\"]}]},{\"@type\":\"ImageObject\",\"inLanguage\":\"es-AR\",\"@id\":\"https:\/\/nativainfo.com\/?p=2267#primaryimage\",\"url\":\"https:\/\/nativainfo.com\/wp-content\/uploads\/2021\/09\/colonia-el-simbolar-sumo-dos-casos-de-covid-19-y-prohiben-todo-tipo-de-reunion-782x500-1.jpg\",\"contentUrl\":\"https:\/\/nativainfo.com\/wp-content\/uploads\/2021\/09\/colonia-el-simbolar-sumo-dos-casos-de-covid-19-y-prohiben-todo-tipo-de-reunion-782x500-1.jpg\",\"width\":782,\"height\":500},{\"@type\":\"BreadcrumbList\",\"@id\":\"https:\/\/nativainfo.com\/?p=2267#breadcrumb\",\"itemListElement\":[{\"@type\":\"ListItem\",\"position\":1,\"name\":\"Inicio\",\"item\":\"https:\/\/nativainfo.com\/\"},{\"@type\":\"ListItem\",\"position\":2,\"name\":\"I\u00f1iguez: &#8220;En nombre de cada familia de Colonia El Simbolar y parajes, agradecemos al Gobernador por esta obra&#8221;\"}]},{\"@type\":\"WebSite\",\"@id\":\"https:\/\/nativainfo.com\/#website\",\"url\":\"https:\/\/nativainfo.com\/\",\"name\":\"Nativa Info\",\"description\":\"Diario Digital\",\"publisher\":{\"@id\":\"https:\/\/nativainfo.com\/#organization\"},\"potentialAction\":[{\"@type\":\"SearchAction\",\"target\":{\"@type\":\"EntryPoint\",\"urlTemplate\":\"https:\/\/nativainfo.com\/?s={search_term_string}\"},\"query-input\":{\"@type\":\"PropertyValueSpecification\",\"valueRequired\":true,\"valueName\":\"search_term_string\"}}],\"inLanguage\":\"es-AR\"},{\"@type\":\"Organization\",\"@id\":\"https:\/\/nativainfo.com\/#organization\",\"name\":\"Nativa Info\",\"url\":\"https:\/\/nativainfo.com\/\",\"logo\":{\"@type\":\"ImageObject\",\"inLanguage\":\"es-AR\",\"@id\":\"https:\/\/nativainfo.com\/#\/schema\/logo\/image\/\",\"url\":\"https:\/\/nativainfo.com\/wp-content\/uploads\/2025\/08\/LOGO-NATIVA-FACE.jpg\",\"contentUrl\":\"https:\/\/nativainfo.com\/wp-content\/uploads\/2025\/08\/LOGO-NATIVA-FACE.jpg\",\"width\":400,\"height\":400,\"caption\":\"Nativa Info\"},\"image\":{\"@id\":\"https:\/\/nativainfo.com\/#\/schema\/logo\/image\/\"},\"sameAs\":[\"https:\/\/www.facebook.com\/profile.php?id=61578881597564\"]},{\"@type\":\"Person\",\"@id\":\"https:\/\/nativainfo.com\/#\/schema\/person\/24893b64a9cd564ddb5d102d36eb4b5c\",\"name\":\"Nativa Info\",\"image\":{\"@type\":\"ImageObject\",\"inLanguage\":\"es-AR\",\"@id\":\"https:\/\/nativainfo.com\/#\/schema\/person\/image\/\",\"url\":\"https:\/\/secure.gravatar.com\/avatar\/016fa1cf068d85136d938e1507b9b619cb766e2565cbb1faa1e571762460c785?s=96&d=mm&r=g\",\"contentUrl\":\"https:\/\/secure.gravatar.com\/avatar\/016fa1cf068d85136d938e1507b9b619cb766e2565cbb1faa1e571762460c785?s=96&d=mm&r=g\",\"caption\":\"Nativa Info\"},\"sameAs\":[\"http:\/\/nativainfo.com\"],\"url\":\"https:\/\/nativainfo.com\/?author=1\"}]}<\/script>\n<!-- \/ Yoast SEO plugin. -->","yoast_head_json":{"title":"I\u00f1iguez: \"En nombre de cada familia de Colonia El Simbolar y parajes, agradecemos al Gobernador por esta obra\" - Nativa Info","robots":{"index":"index","follow":"follow","max-snippet":"max-snippet:-1","max-image-preview":"max-image-preview:large","max-video-preview":"max-video-preview:-1"},"canonical":"https:\/\/nativainfo.com\/?p=2267","og_locale":"es_ES","og_type":"article","og_title":"I\u00f1iguez: \"En nombre de cada familia de Colonia El Simbolar y parajes, agradecemos al Gobernador por esta obra\" - Nativa Info","og_description":"La comunidad de&nbsp;Colonia El Simbolar&nbsp;y de toda su zona de influencia del departamento Robles, celebr\u00f3 la noticia del llamado a... Continue reading","og_url":"https:\/\/nativainfo.com\/?p=2267","og_site_name":"Nativa Info","article_publisher":"https:\/\/www.facebook.com\/profile.php?id=61578881597564","article_published_time":"2021-09-02T04:57:33+00:00","article_modified_time":"2021-09-02T04:57:37+00:00","og_image":[{"url":"http:\/\/nativainfo.com\/wp-content\/uploads\/2021\/09\/colonia-el-simbolar-sumo-dos-casos-de-covid-19-y-prohiben-todo-tipo-de-reunion-782x500-1.jpg","type":"","width":"","height":""}],"author":"Nativa Info","twitter_card":"summary_large_image","twitter_misc":{"Escrito por":"Nativa Info","Tiempo de lectura":"1 minuto"},"schema":{"@context":"https:\/\/schema.org","@graph":[{"@type":"Article","@id":"https:\/\/nativainfo.com\/?p=2267#article","isPartOf":{"@id":"https:\/\/nativainfo.com\/?p=2267"},"author":{"name":"Nativa Info","@id":"https:\/\/nativainfo.com\/#\/schema\/person\/24893b64a9cd564ddb5d102d36eb4b5c"},"headline":"I\u00f1iguez: &#8220;En nombre de cada familia de Colonia El Simbolar y parajes, agradecemos al Gobernador por esta obra&#8221;","datePublished":"2021-09-02T04:57:33+00:00","dateModified":"2021-09-02T04:57:37+00:00","mainEntityOfPage":{"@id":"https:\/\/nativainfo.com\/?p=2267"},"wordCount":134,"commentCount":0,"publisher":{"@id":"https:\/\/nativainfo.com\/#organization"},"image":{"@id":"https:\/\/nativainfo.com\/?p=2267#primaryimage"},"thumbnailUrl":"http:\/\/nativainfo.com\/wp-content\/uploads\/2021\/09\/colonia-el-simbolar-sumo-dos-casos-de-covid-19-y-prohiben-todo-tipo-de-reunion-782x500-1.jpg","articleSection":["Provincia"],"inLanguage":"es-AR","potentialAction":[{"@type":"CommentAction","name":"Comment","target":["https:\/\/nativainfo.com\/?p=2267#respond"]}]},{"@type":"WebPage","@id":"https:\/\/nativainfo.com\/?p=2267","url":"https:\/\/nativainfo.com\/?p=2267","name":"I\u00f1iguez: \"En nombre de cada familia de Colonia El Simbolar y parajes, agradecemos al Gobernador por esta obra\" - Nativa Info","isPartOf":{"@id":"https:\/\/nativainfo.com\/#website"},"primaryImageOfPage":{"@id":"https:\/\/nativainfo.com\/?p=2267#primaryimage"},"image":{"@id":"https:\/\/nativainfo.com\/?p=2267#primaryimage"},"thumbnailUrl":"http:\/\/nativainfo.com\/wp-content\/uploads\/2021\/09\/colonia-el-simbolar-sumo-dos-casos-de-covid-19-y-prohiben-todo-tipo-de-reunion-782x500-1.jpg","datePublished":"2021-09-02T04:57:33+00:00","dateModified":"2021-09-02T04:57:37+00:00","breadcrumb":{"@id":"https:\/\/nativainfo.com\/?p=2267#breadcrumb"},"inLanguage":"es-AR","potentialAction":[{"@type":"ReadAction","target":["https:\/\/nativainfo.com\/?p=2267"]}]},{"@type":"ImageObject","inLanguage":"es-AR","@id":"https:\/\/nativainfo.com\/?p=2267#primaryimage","url":"https:\/\/nativainfo.com\/wp-content\/uploads\/2021\/09\/colonia-el-simbolar-sumo-dos-casos-de-covid-19-y-prohiben-todo-tipo-de-reunion-782x500-1.jpg","contentUrl":"https:\/\/nativainfo.com\/wp-content\/uploads\/2021\/09\/colonia-el-simbolar-sumo-dos-casos-de-covid-19-y-prohiben-todo-tipo-de-reunion-782x500-1.jpg","width":782,"height":500},{"@type":"BreadcrumbList","@id":"https:\/\/nativainfo.com\/?p=2267#breadcrumb","itemListElement":[{"@type":"ListItem","position":1,"name":"Inicio","item":"https:\/\/nativainfo.com\/"},{"@type":"ListItem","position":2,"name":"I\u00f1iguez: &#8220;En nombre de cada familia de Colonia El Simbolar y parajes, agradecemos al Gobernador por esta obra&#8221;"}]},{"@type":"WebSite","@id":"https:\/\/nativainfo.com\/#website","url":"https:\/\/nativainfo.com\/","name":"Nativa Info","description":"Diario Digital","publisher":{"@id":"https:\/\/nativainfo.com\/#organization"},"potentialAction":[{"@type":"SearchAction","target":{"@type":"EntryPoint","urlTemplate":"https:\/\/nativainfo.com\/?s={search_term_string}"},"query-input":{"@type":"PropertyValueSpecification","valueRequired":true,"valueName":"search_term_string"}}],"inLanguage":"es-AR"},{"@type":"Organization","@id":"https:\/\/nativainfo.com\/#organization","name":"Nativa Info","url":"https:\/\/nativainfo.com\/","logo":{"@type":"ImageObject","inLanguage":"es-AR","@id":"https:\/\/nativainfo.com\/#\/schema\/logo\/image\/","url":"https:\/\/nativainfo.com\/wp-content\/uploads\/2025\/08\/LOGO-NATIVA-FACE.jpg","contentUrl":"https:\/\/nativainfo.com\/wp-content\/uploads\/2025\/08\/LOGO-NATIVA-FACE.jpg","width":400,"height":400,"caption":"Nativa Info"},"image":{"@id":"https:\/\/nativainfo.com\/#\/schema\/logo\/image\/"},"sameAs":["https:\/\/www.facebook.com\/profile.php?id=61578881597564"]},{"@type":"Person","@id":"https:\/\/nativainfo.com\/#\/schema\/person\/24893b64a9cd564ddb5d102d36eb4b5c","name":"Nativa Info","image":{"@type":"ImageObject","inLanguage":"es-AR","@id":"https:\/\/nativainfo.com\/#\/schema\/person\/image\/","url":"https:\/\/secure.gravatar.com\/avatar\/016fa1cf068d85136d938e1507b9b619cb766e2565cbb1faa1e571762460c785?s=96&d=mm&r=g","contentUrl":"https:\/\/secure.gravatar.com\/avatar\/016fa1cf068d85136d938e1507b9b619cb766e2565cbb1faa1e571762460c785?s=96&d=mm&r=g","caption":"Nativa Info"},"sameAs":["http:\/\/nativainfo.com"],"url":"https:\/\/nativainfo.com\/?author=1"}]}},"jetpack_publicize_connections":[],"_links":{"self":[{"href":"https:\/\/nativainfo.com\/index.php?rest_route=\/wp\/v2\/posts\/2267","targetHints":{"allow":["GET"]}}],"collection":[{"href":"https:\/\/nativainfo.com\/index.php?rest_route=\/wp\/v2\/posts"}],"about":[{"href":"https:\/\/nativainfo.com\/index.php?rest_route=\/wp\/v2\/types\/post"}],"author":[{"embeddable":true,"href":"https:\/\/nativainfo.com\/index.php?rest_route=\/wp\/v2\/users\/1"}],"replies":[{"embeddable":true,"href":"https:\/\/nativainfo.com\/index.php?rest_route=%2Fwp%2Fv2%2Fcomments&post=2267"}],"version-history":[{"count":1,"href":"https:\/\/nativainfo.com\/index.php?rest_route=\/wp\/v2\/posts\/2267\/revisions"}],"predecessor-version":[{"id":2270,"href":"https:\/\/nativainfo.com\/index.php?rest_route=\/wp\/v2\/posts\/2267\/revisions\/2270"}],"wp:attachment":[{"href":"https:\/\/nativainfo.com\/index.php?rest_route=%2Fwp%2Fv2%2Fmedia&parent=2267"}],"wp:term":[{"taxonomy":"category","embeddable":true,"href":"https:\/\/nativainfo.com\/index.php?rest_route=%2Fwp%2Fv2%2Fcategories&post=2267"},{"taxonomy":"post_tag","embeddable":true,"href":"https:\/\/nativainfo.com\/index.php?rest_route=%2Fwp%2Fv2%2Ftags&post=2267"}],"curies":[{"name":"wp","href":"https:\/\/api.w.org\/{rel}","templated":true}]}}