{"id":2254,"date":"2021-08-30T01:07:20","date_gmt":"2021-08-30T04:07:20","guid":{"rendered":"http:\/\/nativainfo.com\/?p=2254"},"modified":"2021-08-30T01:07:22","modified_gmt":"2021-08-30T04:07:22","slug":"desde-el-1o-de-septiembre-amplian-el-horario-de-circulacion-en-santiago-del-estero","status":"publish","type":"post","link":"https:\/\/nativainfo.com\/?p=2254","title":{"rendered":"Desde el 1\u00ba de septiembre ampl\u00edan el horario de circulaci\u00f3n en Santiago del Estero"},"content":{"rendered":"\n<p><strong>As\u00ed lo inform\u00f3 el COE, tras la reuni\u00f3n mantenida este domingo.<\/strong><\/p>\n\n\n\n<figure class=\"wp-block-image size-large\"><img fetchpriority=\"high\" decoding=\"async\" width=\"650\" height=\"400\" src=\"http:\/\/nativainfo.com\/wp-content\/uploads\/2021\/08\/14A8BB48-1DE1-46E2-9CAD-AF0D2B42895C.jpeg\" alt=\"\" class=\"wp-image-2259\" srcset=\"https:\/\/nativainfo.com\/wp-content\/uploads\/2021\/08\/14A8BB48-1DE1-46E2-9CAD-AF0D2B42895C.jpeg 650w, https:\/\/nativainfo.com\/wp-content\/uploads\/2021\/08\/14A8BB48-1DE1-46E2-9CAD-AF0D2B42895C-300x185.jpeg 300w, https:\/\/nativainfo.com\/wp-content\/uploads\/2021\/08\/14A8BB48-1DE1-46E2-9CAD-AF0D2B42895C-569x350.jpeg 569w, https:\/\/nativainfo.com\/wp-content\/uploads\/2021\/08\/14A8BB48-1DE1-46E2-9CAD-AF0D2B42895C-150x92.jpeg 150w\" sizes=\"(max-width: 650px) 100vw, 650px\" \/><figcaption>{&#8220;origin&#8221;:&#8221;gallery&#8221;,&#8221;uid&#8221;:&#8221;2D64F253-6B80-42C1-92F5-3C7561C04B3C_1609599635588&#8243;,&#8221;source&#8221;:&#8221;other&#8221;}<\/figcaption><\/figure>\n\n\n\n<p>Este domingo el\u00a0<strong>Comit\u00e9 Operativo de Emergencia\u00a0<\/strong>mantuvo su reuni\u00f3n semanal y emiti\u00f3 un informe que lleva la firma del jefe de Gabinete El\u00edas Su\u00e1rez y de la ministra Natividad Nassif. Entre las medidas destacadas se inform\u00f3 que desde el 1 de septiembre\u00a0<strong>se ampl\u00eda el horario de circulaci\u00f3n de 6 a 2 de la ma\u00f1ana en todo el territorio provincial<\/strong>.<\/p>\n\n\n\n<p>Tambi\u00e9n informaron que el n\u00famero de casos de los \u00faltimos siete d\u00edas fue de 751 positivos.<strong>\u00a0El porcentaje de ocupaci\u00f3n de camas UTI -UCI es del 70% y leves y moderados del 40%.<\/strong><\/p>\n","protected":false},"excerpt":{"rendered":"<p>As\u00ed lo inform\u00f3 el COE, tras la reuni\u00f3n mantenida este domingo. Este domingo el\u00a0Comit\u00e9 Operativo de Emergencia\u00a0mantuvo su reuni\u00f3n semanal&#8230; <a class=\"continue-reading-link\" href=\"https:\/\/nativainfo.com\/?p=2254\">Continue reading<\/a><\/p>\n","protected":false},"author":1,"featured_media":0,"comment_status":"open","ping_status":"open","sticky":false,"template":"","format":"standard","meta":{"rop_custom_images_group":[],"rop_custom_messages_group":[],"rop_publish_now":"initial","rop_publish_now_accounts":[],"rop_publish_now_history":[],"rop_publish_now_status":"pending","footnotes":"","jetpack_publicize_message":"","jetpack_publicize_feature_enabled":true,"jetpack_social_post_already_shared":false,"jetpack_social_options":{"image_generator_settings":{"template":"highway","default_image_id":0,"font":"","enabled":false},"version":2}},"categories":[12],"tags":[],"class_list":["post-2254","post","type-post","status-publish","format-standard","hentry","category-provincia"],"yoast_head":"<!-- This site is optimized with the Yoast SEO plugin v25.6 - https:\/\/yoast.com\/wordpress\/plugins\/seo\/ -->\n<title>Desde el 1\u00ba de septiembre ampl\u00edan el horario de circulaci\u00f3n en Santiago del Estero - Nativa Info<\/title>\n<meta name=\"robots\" content=\"index, follow, max-snippet:-1, max-image-preview:large, max-video-preview:-1\" \/>\n<link rel=\"canonical\" href=\"https:\/\/nativainfo.com\/?p=2254\" \/>\n<meta property=\"og:locale\" content=\"es_ES\" \/>\n<meta property=\"og:type\" content=\"article\" \/>\n<meta property=\"og:title\" content=\"Desde el 1\u00ba de septiembre ampl\u00edan el horario de circulaci\u00f3n en Santiago del Estero - Nativa Info\" \/>\n<meta property=\"og:description\" content=\"As\u00ed lo inform\u00f3 el COE, tras la reuni\u00f3n mantenida este domingo. Este domingo el\u00a0Comit\u00e9 Operativo de Emergencia\u00a0mantuvo su reuni\u00f3n semanal... Continue reading\" \/>\n<meta property=\"og:url\" content=\"https:\/\/nativainfo.com\/?p=2254\" \/>\n<meta property=\"og:site_name\" content=\"Nativa Info\" \/>\n<meta property=\"article:publisher\" content=\"https:\/\/www.facebook.com\/profile.php?id=61578881597564\" \/>\n<meta property=\"article:published_time\" content=\"2021-08-30T04:07:20+00:00\" \/>\n<meta property=\"article:modified_time\" content=\"2021-08-30T04:07:22+00:00\" \/>\n<meta property=\"og:image\" content=\"http:\/\/nativainfo.com\/wp-content\/uploads\/2021\/08\/14A8BB48-1DE1-46E2-9CAD-AF0D2B42895C.jpeg\" \/>\n<meta name=\"author\" content=\"Nativa Info\" \/>\n<meta name=\"twitter:card\" content=\"summary_large_image\" \/>\n<meta name=\"twitter:label1\" content=\"Escrito por\" \/>\n\t<meta name=\"twitter:data1\" content=\"Nativa Info\" \/>\n\t<meta name=\"twitter:label2\" content=\"Tiempo de lectura\" \/>\n\t<meta name=\"twitter:data2\" content=\"1 minuto\" \/>\n<script type=\"application\/ld+json\" class=\"yoast-schema-graph\">{\"@context\":\"https:\/\/schema.org\",\"@graph\":[{\"@type\":\"Article\",\"@id\":\"https:\/\/nativainfo.com\/?p=2254#article\",\"isPartOf\":{\"@id\":\"https:\/\/nativainfo.com\/?p=2254\"},\"author\":{\"name\":\"Nativa Info\",\"@id\":\"https:\/\/nativainfo.com\/#\/schema\/person\/24893b64a9cd564ddb5d102d36eb4b5c\"},\"headline\":\"Desde el 1\u00ba de septiembre ampl\u00edan el horario de circulaci\u00f3n en Santiago del Estero\",\"datePublished\":\"2021-08-30T04:07:20+00:00\",\"dateModified\":\"2021-08-30T04:07:22+00:00\",\"mainEntityOfPage\":{\"@id\":\"https:\/\/nativainfo.com\/?p=2254\"},\"wordCount\":143,\"commentCount\":0,\"publisher\":{\"@id\":\"https:\/\/nativainfo.com\/#organization\"},\"image\":{\"@id\":\"https:\/\/nativainfo.com\/?p=2254#primaryimage\"},\"thumbnailUrl\":\"http:\/\/nativainfo.com\/wp-content\/uploads\/2021\/08\/14A8BB48-1DE1-46E2-9CAD-AF0D2B42895C.jpeg\",\"articleSection\":[\"Provincia\"],\"inLanguage\":\"es-AR\",\"potentialAction\":[{\"@type\":\"CommentAction\",\"name\":\"Comment\",\"target\":[\"https:\/\/nativainfo.com\/?p=2254#respond\"]}]},{\"@type\":\"WebPage\",\"@id\":\"https:\/\/nativainfo.com\/?p=2254\",\"url\":\"https:\/\/nativainfo.com\/?p=2254\",\"name\":\"Desde el 1\u00ba de septiembre ampl\u00edan el horario de circulaci\u00f3n en Santiago del Estero - Nativa Info\",\"isPartOf\":{\"@id\":\"https:\/\/nativainfo.com\/#website\"},\"primaryImageOfPage\":{\"@id\":\"https:\/\/nativainfo.com\/?p=2254#primaryimage\"},\"image\":{\"@id\":\"https:\/\/nativainfo.com\/?p=2254#primaryimage\"},\"thumbnailUrl\":\"http:\/\/nativainfo.com\/wp-content\/uploads\/2021\/08\/14A8BB48-1DE1-46E2-9CAD-AF0D2B42895C.jpeg\",\"datePublished\":\"2021-08-30T04:07:20+00:00\",\"dateModified\":\"2021-08-30T04:07:22+00:00\",\"breadcrumb\":{\"@id\":\"https:\/\/nativainfo.com\/?p=2254#breadcrumb\"},\"inLanguage\":\"es-AR\",\"potentialAction\":[{\"@type\":\"ReadAction\",\"target\":[\"https:\/\/nativainfo.com\/?p=2254\"]}]},{\"@type\":\"ImageObject\",\"inLanguage\":\"es-AR\",\"@id\":\"https:\/\/nativainfo.com\/?p=2254#primaryimage\",\"url\":\"https:\/\/nativainfo.com\/wp-content\/uploads\/2021\/08\/14A8BB48-1DE1-46E2-9CAD-AF0D2B42895C.jpeg\",\"contentUrl\":\"https:\/\/nativainfo.com\/wp-content\/uploads\/2021\/08\/14A8BB48-1DE1-46E2-9CAD-AF0D2B42895C.jpeg\",\"width\":650,\"height\":400,\"caption\":\"{\\\"origin\\\":\\\"gallery\\\",\\\"uid\\\":\\\"2D64F253-6B80-42C1-92F5-3C7561C04B3C_1609599635588\\\",\\\"source\\\":\\\"other\\\"}\"},{\"@type\":\"BreadcrumbList\",\"@id\":\"https:\/\/nativainfo.com\/?p=2254#breadcrumb\",\"itemListElement\":[{\"@type\":\"ListItem\",\"position\":1,\"name\":\"Inicio\",\"item\":\"https:\/\/nativainfo.com\/\"},{\"@type\":\"ListItem\",\"position\":2,\"name\":\"Desde el 1\u00ba de septiembre ampl\u00edan el horario de circulaci\u00f3n en Santiago del Estero\"}]},{\"@type\":\"WebSite\",\"@id\":\"https:\/\/nativainfo.com\/#website\",\"url\":\"https:\/\/nativainfo.com\/\",\"name\":\"Nativa Info\",\"description\":\"Diario Digital\",\"publisher\":{\"@id\":\"https:\/\/nativainfo.com\/#organization\"},\"potentialAction\":[{\"@type\":\"SearchAction\",\"target\":{\"@type\":\"EntryPoint\",\"urlTemplate\":\"https:\/\/nativainfo.com\/?s={search_term_string}\"},\"query-input\":{\"@type\":\"PropertyValueSpecification\",\"valueRequired\":true,\"valueName\":\"search_term_string\"}}],\"inLanguage\":\"es-AR\"},{\"@type\":\"Organization\",\"@id\":\"https:\/\/nativainfo.com\/#organization\",\"name\":\"Nativa Info\",\"url\":\"https:\/\/nativainfo.com\/\",\"logo\":{\"@type\":\"ImageObject\",\"inLanguage\":\"es-AR\",\"@id\":\"https:\/\/nativainfo.com\/#\/schema\/logo\/image\/\",\"url\":\"https:\/\/nativainfo.com\/wp-content\/uploads\/2025\/08\/LOGO-NATIVA-FACE.jpg\",\"contentUrl\":\"https:\/\/nativainfo.com\/wp-content\/uploads\/2025\/08\/LOGO-NATIVA-FACE.jpg\",\"width\":400,\"height\":400,\"caption\":\"Nativa Info\"},\"image\":{\"@id\":\"https:\/\/nativainfo.com\/#\/schema\/logo\/image\/\"},\"sameAs\":[\"https:\/\/www.facebook.com\/profile.php?id=61578881597564\"]},{\"@type\":\"Person\",\"@id\":\"https:\/\/nativainfo.com\/#\/schema\/person\/24893b64a9cd564ddb5d102d36eb4b5c\",\"name\":\"Nativa Info\",\"image\":{\"@type\":\"ImageObject\",\"inLanguage\":\"es-AR\",\"@id\":\"https:\/\/nativainfo.com\/#\/schema\/person\/image\/\",\"url\":\"https:\/\/secure.gravatar.com\/avatar\/016fa1cf068d85136d938e1507b9b619cb766e2565cbb1faa1e571762460c785?s=96&d=mm&r=g\",\"contentUrl\":\"https:\/\/secure.gravatar.com\/avatar\/016fa1cf068d85136d938e1507b9b619cb766e2565cbb1faa1e571762460c785?s=96&d=mm&r=g\",\"caption\":\"Nativa Info\"},\"sameAs\":[\"http:\/\/nativainfo.com\"],\"url\":\"https:\/\/nativainfo.com\/?author=1\"}]}<\/script>\n<!-- \/ Yoast SEO plugin. -->","yoast_head_json":{"title":"Desde el 1\u00ba de septiembre ampl\u00edan el horario de circulaci\u00f3n en Santiago del Estero - Nativa Info","robots":{"index":"index","follow":"follow","max-snippet":"max-snippet:-1","max-image-preview":"max-image-preview:large","max-video-preview":"max-video-preview:-1"},"canonical":"https:\/\/nativainfo.com\/?p=2254","og_locale":"es_ES","og_type":"article","og_title":"Desde el 1\u00ba de septiembre ampl\u00edan el horario de circulaci\u00f3n en Santiago del Estero - Nativa Info","og_description":"As\u00ed lo inform\u00f3 el COE, tras la reuni\u00f3n mantenida este domingo. Este domingo el\u00a0Comit\u00e9 Operativo de Emergencia\u00a0mantuvo su reuni\u00f3n semanal... Continue reading","og_url":"https:\/\/nativainfo.com\/?p=2254","og_site_name":"Nativa Info","article_publisher":"https:\/\/www.facebook.com\/profile.php?id=61578881597564","article_published_time":"2021-08-30T04:07:20+00:00","article_modified_time":"2021-08-30T04:07:22+00:00","og_image":[{"url":"http:\/\/nativainfo.com\/wp-content\/uploads\/2021\/08\/14A8BB48-1DE1-46E2-9CAD-AF0D2B42895C.jpeg","type":"","width":"","height":""}],"author":"Nativa Info","twitter_card":"summary_large_image","twitter_misc":{"Escrito por":"Nativa Info","Tiempo de lectura":"1 minuto"},"schema":{"@context":"https:\/\/schema.org","@graph":[{"@type":"Article","@id":"https:\/\/nativainfo.com\/?p=2254#article","isPartOf":{"@id":"https:\/\/nativainfo.com\/?p=2254"},"author":{"name":"Nativa Info","@id":"https:\/\/nativainfo.com\/#\/schema\/person\/24893b64a9cd564ddb5d102d36eb4b5c"},"headline":"Desde el 1\u00ba de septiembre ampl\u00edan el horario de circulaci\u00f3n en Santiago del Estero","datePublished":"2021-08-30T04:07:20+00:00","dateModified":"2021-08-30T04:07:22+00:00","mainEntityOfPage":{"@id":"https:\/\/nativainfo.com\/?p=2254"},"wordCount":143,"commentCount":0,"publisher":{"@id":"https:\/\/nativainfo.com\/#organization"},"image":{"@id":"https:\/\/nativainfo.com\/?p=2254#primaryimage"},"thumbnailUrl":"http:\/\/nativainfo.com\/wp-content\/uploads\/2021\/08\/14A8BB48-1DE1-46E2-9CAD-AF0D2B42895C.jpeg","articleSection":["Provincia"],"inLanguage":"es-AR","potentialAction":[{"@type":"CommentAction","name":"Comment","target":["https:\/\/nativainfo.com\/?p=2254#respond"]}]},{"@type":"WebPage","@id":"https:\/\/nativainfo.com\/?p=2254","url":"https:\/\/nativainfo.com\/?p=2254","name":"Desde el 1\u00ba de septiembre ampl\u00edan el horario de circulaci\u00f3n en Santiago del Estero - Nativa Info","isPartOf":{"@id":"https:\/\/nativainfo.com\/#website"},"primaryImageOfPage":{"@id":"https:\/\/nativainfo.com\/?p=2254#primaryimage"},"image":{"@id":"https:\/\/nativainfo.com\/?p=2254#primaryimage"},"thumbnailUrl":"http:\/\/nativainfo.com\/wp-content\/uploads\/2021\/08\/14A8BB48-1DE1-46E2-9CAD-AF0D2B42895C.jpeg","datePublished":"2021-08-30T04:07:20+00:00","dateModified":"2021-08-30T04:07:22+00:00","breadcrumb":{"@id":"https:\/\/nativainfo.com\/?p=2254#breadcrumb"},"inLanguage":"es-AR","potentialAction":[{"@type":"ReadAction","target":["https:\/\/nativainfo.com\/?p=2254"]}]},{"@type":"ImageObject","inLanguage":"es-AR","@id":"https:\/\/nativainfo.com\/?p=2254#primaryimage","url":"https:\/\/nativainfo.com\/wp-content\/uploads\/2021\/08\/14A8BB48-1DE1-46E2-9CAD-AF0D2B42895C.jpeg","contentUrl":"https:\/\/nativainfo.com\/wp-content\/uploads\/2021\/08\/14A8BB48-1DE1-46E2-9CAD-AF0D2B42895C.jpeg","width":650,"height":400,"caption":"{\"origin\":\"gallery\",\"uid\":\"2D64F253-6B80-42C1-92F5-3C7561C04B3C_1609599635588\",\"source\":\"other\"}"},{"@type":"BreadcrumbList","@id":"https:\/\/nativainfo.com\/?p=2254#breadcrumb","itemListElement":[{"@type":"ListItem","position":1,"name":"Inicio","item":"https:\/\/nativainfo.com\/"},{"@type":"ListItem","position":2,"name":"Desde el 1\u00ba de septiembre ampl\u00edan el horario de circulaci\u00f3n en Santiago del Estero"}]},{"@type":"WebSite","@id":"https:\/\/nativainfo.com\/#website","url":"https:\/\/nativainfo.com\/","name":"Nativa Info","description":"Diario Digital","publisher":{"@id":"https:\/\/nativainfo.com\/#organization"},"potentialAction":[{"@type":"SearchAction","target":{"@type":"EntryPoint","urlTemplate":"https:\/\/nativainfo.com\/?s={search_term_string}"},"query-input":{"@type":"PropertyValueSpecification","valueRequired":true,"valueName":"search_term_string"}}],"inLanguage":"es-AR"},{"@type":"Organization","@id":"https:\/\/nativainfo.com\/#organization","name":"Nativa Info","url":"https:\/\/nativainfo.com\/","logo":{"@type":"ImageObject","inLanguage":"es-AR","@id":"https:\/\/nativainfo.com\/#\/schema\/logo\/image\/","url":"https:\/\/nativainfo.com\/wp-content\/uploads\/2025\/08\/LOGO-NATIVA-FACE.jpg","contentUrl":"https:\/\/nativainfo.com\/wp-content\/uploads\/2025\/08\/LOGO-NATIVA-FACE.jpg","width":400,"height":400,"caption":"Nativa Info"},"image":{"@id":"https:\/\/nativainfo.com\/#\/schema\/logo\/image\/"},"sameAs":["https:\/\/www.facebook.com\/profile.php?id=61578881597564"]},{"@type":"Person","@id":"https:\/\/nativainfo.com\/#\/schema\/person\/24893b64a9cd564ddb5d102d36eb4b5c","name":"Nativa Info","image":{"@type":"ImageObject","inLanguage":"es-AR","@id":"https:\/\/nativainfo.com\/#\/schema\/person\/image\/","url":"https:\/\/secure.gravatar.com\/avatar\/016fa1cf068d85136d938e1507b9b619cb766e2565cbb1faa1e571762460c785?s=96&d=mm&r=g","contentUrl":"https:\/\/secure.gravatar.com\/avatar\/016fa1cf068d85136d938e1507b9b619cb766e2565cbb1faa1e571762460c785?s=96&d=mm&r=g","caption":"Nativa Info"},"sameAs":["http:\/\/nativainfo.com"],"url":"https:\/\/nativainfo.com\/?author=1"}]}},"jetpack_publicize_connections":[],"_links":{"self":[{"href":"https:\/\/nativainfo.com\/index.php?rest_route=\/wp\/v2\/posts\/2254","targetHints":{"allow":["GET"]}}],"collection":[{"href":"https:\/\/nativainfo.com\/index.php?rest_route=\/wp\/v2\/posts"}],"about":[{"href":"https:\/\/nativainfo.com\/index.php?rest_route=\/wp\/v2\/types\/post"}],"author":[{"embeddable":true,"href":"https:\/\/nativainfo.com\/index.php?rest_route=\/wp\/v2\/users\/1"}],"replies":[{"embeddable":true,"href":"https:\/\/nativainfo.com\/index.php?rest_route=%2Fwp%2Fv2%2Fcomments&post=2254"}],"version-history":[{"count":2,"href":"https:\/\/nativainfo.com\/index.php?rest_route=\/wp\/v2\/posts\/2254\/revisions"}],"predecessor-version":[{"id":2403,"href":"https:\/\/nativainfo.com\/index.php?rest_route=\/wp\/v2\/posts\/2254\/revisions\/2403"}],"wp:attachment":[{"href":"https:\/\/nativainfo.com\/index.php?rest_route=%2Fwp%2Fv2%2Fmedia&parent=2254"}],"wp:term":[{"taxonomy":"category","embeddable":true,"href":"https:\/\/nativainfo.com\/index.php?rest_route=%2Fwp%2Fv2%2Fcategories&post=2254"},{"taxonomy":"post_tag","embeddable":true,"href":"https:\/\/nativainfo.com\/index.php?rest_route=%2Fwp%2Fv2%2Ftags&post=2254"}],"curies":[{"name":"wp","href":"https:\/\/api.w.org\/{rel}","templated":true}]}}