{"id":2242,"date":"2021-08-28T02:23:34","date_gmt":"2021-08-28T05:23:34","guid":{"rendered":"http:\/\/nativainfo.com\/?p=2242"},"modified":"2021-08-28T02:23:37","modified_gmt":"2021-08-28T05:23:37","slug":"oficial-cristiano-ronaldo-vuelve-al-manchester-united-tras-12-anos","status":"publish","type":"post","link":"https:\/\/nativainfo.com\/?p=2242","title":{"rendered":"Oficial: Cristiano Ronaldo vuelve al Manchester United tras 12 a\u00f1os"},"content":{"rendered":"\n<p>El portugu\u00e9s regresa para vestir la camiseta con la que brill\u00f3 por primera vez a nivel mundial tras su salida de Juventus<\/p>\n\n\n\n<figure class=\"wp-block-image size-large\"><img fetchpriority=\"high\" decoding=\"async\" width=\"992\" height=\"661\" src=\"http:\/\/nativainfo.com\/wp-content\/uploads\/2021\/08\/O7IXFZMZJ5HITCF5YPFVNMSMEY.jpg\" alt=\"\" class=\"wp-image-2244\" srcset=\"https:\/\/nativainfo.com\/wp-content\/uploads\/2021\/08\/O7IXFZMZJ5HITCF5YPFVNMSMEY.jpg 992w, https:\/\/nativainfo.com\/wp-content\/uploads\/2021\/08\/O7IXFZMZJ5HITCF5YPFVNMSMEY-300x200.jpg 300w, https:\/\/nativainfo.com\/wp-content\/uploads\/2021\/08\/O7IXFZMZJ5HITCF5YPFVNMSMEY-768x512.jpg 768w, https:\/\/nativainfo.com\/wp-content\/uploads\/2021\/08\/O7IXFZMZJ5HITCF5YPFVNMSMEY-525x350.jpg 525w, https:\/\/nativainfo.com\/wp-content\/uploads\/2021\/08\/O7IXFZMZJ5HITCF5YPFVNMSMEY-150x100.jpg 150w\" sizes=\"(max-width: 992px) 100vw, 992px\" \/><\/figure>\n\n\n\n<p>El mercado de pases de este 2021 ser\u00e1 recordado a lo largo de la historia:\u00a0<strong>Cristiano Ronaldo<\/strong>\u00a0defini\u00f3 su salida de la\u00a0<strong>Juventus\u00a0<\/strong>y confirm\u00f3 su regreso al\u00a0<strong>Manchester United<\/strong>\u00a0<strong>luego de 12 a\u00f1os<\/strong>. Es uno de los tantos traspasos resonantes de este per\u00edodo de fichajes tras la salida de\u00a0<strong>Lionel Messi<\/strong>\u00a0del Barcelona\u00a0<strong>para desembarcar en el Par\u00eds Saint Germain<\/strong>.<\/p>\n\n\n\n<p>El futbolista portugu\u00e9s de\u00a0<strong>36 a\u00f1os<\/strong>\u00a0le hab\u00eda avisado en las \u00faltimas horas al entrenador de la\u00a0<em>Vecchia Signora<\/em>\u00a0que\u00a0no seguir\u00eda en la entidad\u00a0y r\u00e1pidamente agiliz\u00f3 las negociaciones para recalar en la instituci\u00f3n que lo impuls\u00f3 al estrellato mundial. \u201cEl Manchester United se complace en confirmar que el club ha llegado a un acuerdo con la Juventus para el traspaso de Cristiano Ronaldo, sujeto a acuerdo de condiciones personales, visado y m\u00e9dico\u201d, confirm\u00f3 la instituci\u00f3n.\u00a0<strong>Ahora la\u00a0<\/strong><em><strong>Juve\u00a0<\/strong><\/em><strong>le busca sustituto a contrarreloj (la ventana de pases cierra el 31 de agosto)<\/strong>.<\/p>\n\n\n\n<p>Fuente: Infobae<\/p>\n","protected":false},"excerpt":{"rendered":"<p>El portugu\u00e9s regresa para vestir la camiseta con la que brill\u00f3 por primera vez a nivel mundial tras su salida&#8230; <a class=\"continue-reading-link\" href=\"https:\/\/nativainfo.com\/?p=2242\">Continue reading<\/a><\/p>\n","protected":false},"author":1,"featured_media":0,"comment_status":"open","ping_status":"open","sticky":false,"template":"","format":"standard","meta":{"rop_custom_images_group":[],"rop_custom_messages_group":[],"rop_publish_now":"initial","rop_publish_now_accounts":[],"rop_publish_now_history":[],"rop_publish_now_status":"pending","footnotes":"","jetpack_publicize_message":"","jetpack_publicize_feature_enabled":true,"jetpack_social_post_already_shared":false,"jetpack_social_options":{"image_generator_settings":{"template":"highway","default_image_id":0,"font":"","enabled":false},"version":2}},"categories":[35],"tags":[],"class_list":["post-2242","post","type-post","status-publish","format-standard","hentry","category-futbol-internacional"],"yoast_head":"<!-- This site is optimized with the Yoast SEO plugin v25.6 - https:\/\/yoast.com\/wordpress\/plugins\/seo\/ -->\n<title>Oficial: Cristiano Ronaldo vuelve al Manchester United tras 12 a\u00f1os - Nativa Info<\/title>\n<meta name=\"robots\" content=\"index, follow, max-snippet:-1, max-image-preview:large, max-video-preview:-1\" \/>\n<link rel=\"canonical\" href=\"https:\/\/nativainfo.com\/?p=2242\" \/>\n<meta property=\"og:locale\" content=\"es_ES\" \/>\n<meta property=\"og:type\" content=\"article\" \/>\n<meta property=\"og:title\" content=\"Oficial: Cristiano Ronaldo vuelve al Manchester United tras 12 a\u00f1os - Nativa Info\" \/>\n<meta property=\"og:description\" content=\"El portugu\u00e9s regresa para vestir la camiseta con la que brill\u00f3 por primera vez a nivel mundial tras su salida... Continue reading\" \/>\n<meta property=\"og:url\" content=\"https:\/\/nativainfo.com\/?p=2242\" \/>\n<meta property=\"og:site_name\" content=\"Nativa Info\" \/>\n<meta property=\"article:publisher\" content=\"https:\/\/www.facebook.com\/profile.php?id=61578881597564\" \/>\n<meta property=\"article:published_time\" content=\"2021-08-28T05:23:34+00:00\" \/>\n<meta property=\"article:modified_time\" content=\"2021-08-28T05:23:37+00:00\" \/>\n<meta property=\"og:image\" content=\"http:\/\/nativainfo.com\/wp-content\/uploads\/2021\/08\/O7IXFZMZJ5HITCF5YPFVNMSMEY.jpg\" \/>\n<meta name=\"author\" content=\"Nativa Info\" \/>\n<meta name=\"twitter:card\" content=\"summary_large_image\" \/>\n<meta name=\"twitter:label1\" content=\"Escrito por\" \/>\n\t<meta name=\"twitter:data1\" content=\"Nativa Info\" \/>\n\t<meta name=\"twitter:label2\" content=\"Tiempo de lectura\" \/>\n\t<meta name=\"twitter:data2\" content=\"1 minuto\" \/>\n<script type=\"application\/ld+json\" class=\"yoast-schema-graph\">{\"@context\":\"https:\/\/schema.org\",\"@graph\":[{\"@type\":\"Article\",\"@id\":\"https:\/\/nativainfo.com\/?p=2242#article\",\"isPartOf\":{\"@id\":\"https:\/\/nativainfo.com\/?p=2242\"},\"author\":{\"name\":\"Nativa Info\",\"@id\":\"https:\/\/nativainfo.com\/#\/schema\/person\/24893b64a9cd564ddb5d102d36eb4b5c\"},\"headline\":\"Oficial: Cristiano Ronaldo vuelve al Manchester United tras 12 a\u00f1os\",\"datePublished\":\"2021-08-28T05:23:34+00:00\",\"dateModified\":\"2021-08-28T05:23:37+00:00\",\"mainEntityOfPage\":{\"@id\":\"https:\/\/nativainfo.com\/?p=2242\"},\"wordCount\":197,\"commentCount\":0,\"publisher\":{\"@id\":\"https:\/\/nativainfo.com\/#organization\"},\"image\":{\"@id\":\"https:\/\/nativainfo.com\/?p=2242#primaryimage\"},\"thumbnailUrl\":\"http:\/\/nativainfo.com\/wp-content\/uploads\/2021\/08\/O7IXFZMZJ5HITCF5YPFVNMSMEY.jpg\",\"articleSection\":[\"F\u00fatbol Internacional\"],\"inLanguage\":\"es-AR\",\"potentialAction\":[{\"@type\":\"CommentAction\",\"name\":\"Comment\",\"target\":[\"https:\/\/nativainfo.com\/?p=2242#respond\"]}]},{\"@type\":\"WebPage\",\"@id\":\"https:\/\/nativainfo.com\/?p=2242\",\"url\":\"https:\/\/nativainfo.com\/?p=2242\",\"name\":\"Oficial: Cristiano Ronaldo vuelve al Manchester United tras 12 a\u00f1os - Nativa Info\",\"isPartOf\":{\"@id\":\"https:\/\/nativainfo.com\/#website\"},\"primaryImageOfPage\":{\"@id\":\"https:\/\/nativainfo.com\/?p=2242#primaryimage\"},\"image\":{\"@id\":\"https:\/\/nativainfo.com\/?p=2242#primaryimage\"},\"thumbnailUrl\":\"http:\/\/nativainfo.com\/wp-content\/uploads\/2021\/08\/O7IXFZMZJ5HITCF5YPFVNMSMEY.jpg\",\"datePublished\":\"2021-08-28T05:23:34+00:00\",\"dateModified\":\"2021-08-28T05:23:37+00:00\",\"breadcrumb\":{\"@id\":\"https:\/\/nativainfo.com\/?p=2242#breadcrumb\"},\"inLanguage\":\"es-AR\",\"potentialAction\":[{\"@type\":\"ReadAction\",\"target\":[\"https:\/\/nativainfo.com\/?p=2242\"]}]},{\"@type\":\"ImageObject\",\"inLanguage\":\"es-AR\",\"@id\":\"https:\/\/nativainfo.com\/?p=2242#primaryimage\",\"url\":\"https:\/\/nativainfo.com\/wp-content\/uploads\/2021\/08\/O7IXFZMZJ5HITCF5YPFVNMSMEY.jpg\",\"contentUrl\":\"https:\/\/nativainfo.com\/wp-content\/uploads\/2021\/08\/O7IXFZMZJ5HITCF5YPFVNMSMEY.jpg\",\"width\":992,\"height\":661},{\"@type\":\"BreadcrumbList\",\"@id\":\"https:\/\/nativainfo.com\/?p=2242#breadcrumb\",\"itemListElement\":[{\"@type\":\"ListItem\",\"position\":1,\"name\":\"Inicio\",\"item\":\"https:\/\/nativainfo.com\/\"},{\"@type\":\"ListItem\",\"position\":2,\"name\":\"Oficial: Cristiano Ronaldo vuelve al Manchester United tras 12 a\u00f1os\"}]},{\"@type\":\"WebSite\",\"@id\":\"https:\/\/nativainfo.com\/#website\",\"url\":\"https:\/\/nativainfo.com\/\",\"name\":\"Nativa Info\",\"description\":\"Diario Digital\",\"publisher\":{\"@id\":\"https:\/\/nativainfo.com\/#organization\"},\"potentialAction\":[{\"@type\":\"SearchAction\",\"target\":{\"@type\":\"EntryPoint\",\"urlTemplate\":\"https:\/\/nativainfo.com\/?s={search_term_string}\"},\"query-input\":{\"@type\":\"PropertyValueSpecification\",\"valueRequired\":true,\"valueName\":\"search_term_string\"}}],\"inLanguage\":\"es-AR\"},{\"@type\":\"Organization\",\"@id\":\"https:\/\/nativainfo.com\/#organization\",\"name\":\"Nativa Info\",\"url\":\"https:\/\/nativainfo.com\/\",\"logo\":{\"@type\":\"ImageObject\",\"inLanguage\":\"es-AR\",\"@id\":\"https:\/\/nativainfo.com\/#\/schema\/logo\/image\/\",\"url\":\"https:\/\/nativainfo.com\/wp-content\/uploads\/2025\/08\/LOGO-NATIVA-FACE.jpg\",\"contentUrl\":\"https:\/\/nativainfo.com\/wp-content\/uploads\/2025\/08\/LOGO-NATIVA-FACE.jpg\",\"width\":400,\"height\":400,\"caption\":\"Nativa Info\"},\"image\":{\"@id\":\"https:\/\/nativainfo.com\/#\/schema\/logo\/image\/\"},\"sameAs\":[\"https:\/\/www.facebook.com\/profile.php?id=61578881597564\"]},{\"@type\":\"Person\",\"@id\":\"https:\/\/nativainfo.com\/#\/schema\/person\/24893b64a9cd564ddb5d102d36eb4b5c\",\"name\":\"Nativa Info\",\"image\":{\"@type\":\"ImageObject\",\"inLanguage\":\"es-AR\",\"@id\":\"https:\/\/nativainfo.com\/#\/schema\/person\/image\/\",\"url\":\"https:\/\/secure.gravatar.com\/avatar\/016fa1cf068d85136d938e1507b9b619cb766e2565cbb1faa1e571762460c785?s=96&d=mm&r=g\",\"contentUrl\":\"https:\/\/secure.gravatar.com\/avatar\/016fa1cf068d85136d938e1507b9b619cb766e2565cbb1faa1e571762460c785?s=96&d=mm&r=g\",\"caption\":\"Nativa Info\"},\"sameAs\":[\"http:\/\/nativainfo.com\"],\"url\":\"https:\/\/nativainfo.com\/?author=1\"}]}<\/script>\n<!-- \/ Yoast SEO plugin. -->","yoast_head_json":{"title":"Oficial: Cristiano Ronaldo vuelve al Manchester United tras 12 a\u00f1os - Nativa Info","robots":{"index":"index","follow":"follow","max-snippet":"max-snippet:-1","max-image-preview":"max-image-preview:large","max-video-preview":"max-video-preview:-1"},"canonical":"https:\/\/nativainfo.com\/?p=2242","og_locale":"es_ES","og_type":"article","og_title":"Oficial: Cristiano Ronaldo vuelve al Manchester United tras 12 a\u00f1os - Nativa Info","og_description":"El portugu\u00e9s regresa para vestir la camiseta con la que brill\u00f3 por primera vez a nivel mundial tras su salida... Continue reading","og_url":"https:\/\/nativainfo.com\/?p=2242","og_site_name":"Nativa Info","article_publisher":"https:\/\/www.facebook.com\/profile.php?id=61578881597564","article_published_time":"2021-08-28T05:23:34+00:00","article_modified_time":"2021-08-28T05:23:37+00:00","og_image":[{"url":"http:\/\/nativainfo.com\/wp-content\/uploads\/2021\/08\/O7IXFZMZJ5HITCF5YPFVNMSMEY.jpg","type":"","width":"","height":""}],"author":"Nativa Info","twitter_card":"summary_large_image","twitter_misc":{"Escrito por":"Nativa Info","Tiempo de lectura":"1 minuto"},"schema":{"@context":"https:\/\/schema.org","@graph":[{"@type":"Article","@id":"https:\/\/nativainfo.com\/?p=2242#article","isPartOf":{"@id":"https:\/\/nativainfo.com\/?p=2242"},"author":{"name":"Nativa Info","@id":"https:\/\/nativainfo.com\/#\/schema\/person\/24893b64a9cd564ddb5d102d36eb4b5c"},"headline":"Oficial: Cristiano Ronaldo vuelve al Manchester United tras 12 a\u00f1os","datePublished":"2021-08-28T05:23:34+00:00","dateModified":"2021-08-28T05:23:37+00:00","mainEntityOfPage":{"@id":"https:\/\/nativainfo.com\/?p=2242"},"wordCount":197,"commentCount":0,"publisher":{"@id":"https:\/\/nativainfo.com\/#organization"},"image":{"@id":"https:\/\/nativainfo.com\/?p=2242#primaryimage"},"thumbnailUrl":"http:\/\/nativainfo.com\/wp-content\/uploads\/2021\/08\/O7IXFZMZJ5HITCF5YPFVNMSMEY.jpg","articleSection":["F\u00fatbol Internacional"],"inLanguage":"es-AR","potentialAction":[{"@type":"CommentAction","name":"Comment","target":["https:\/\/nativainfo.com\/?p=2242#respond"]}]},{"@type":"WebPage","@id":"https:\/\/nativainfo.com\/?p=2242","url":"https:\/\/nativainfo.com\/?p=2242","name":"Oficial: Cristiano Ronaldo vuelve al Manchester United tras 12 a\u00f1os - Nativa Info","isPartOf":{"@id":"https:\/\/nativainfo.com\/#website"},"primaryImageOfPage":{"@id":"https:\/\/nativainfo.com\/?p=2242#primaryimage"},"image":{"@id":"https:\/\/nativainfo.com\/?p=2242#primaryimage"},"thumbnailUrl":"http:\/\/nativainfo.com\/wp-content\/uploads\/2021\/08\/O7IXFZMZJ5HITCF5YPFVNMSMEY.jpg","datePublished":"2021-08-28T05:23:34+00:00","dateModified":"2021-08-28T05:23:37+00:00","breadcrumb":{"@id":"https:\/\/nativainfo.com\/?p=2242#breadcrumb"},"inLanguage":"es-AR","potentialAction":[{"@type":"ReadAction","target":["https:\/\/nativainfo.com\/?p=2242"]}]},{"@type":"ImageObject","inLanguage":"es-AR","@id":"https:\/\/nativainfo.com\/?p=2242#primaryimage","url":"https:\/\/nativainfo.com\/wp-content\/uploads\/2021\/08\/O7IXFZMZJ5HITCF5YPFVNMSMEY.jpg","contentUrl":"https:\/\/nativainfo.com\/wp-content\/uploads\/2021\/08\/O7IXFZMZJ5HITCF5YPFVNMSMEY.jpg","width":992,"height":661},{"@type":"BreadcrumbList","@id":"https:\/\/nativainfo.com\/?p=2242#breadcrumb","itemListElement":[{"@type":"ListItem","position":1,"name":"Inicio","item":"https:\/\/nativainfo.com\/"},{"@type":"ListItem","position":2,"name":"Oficial: Cristiano Ronaldo vuelve al Manchester United tras 12 a\u00f1os"}]},{"@type":"WebSite","@id":"https:\/\/nativainfo.com\/#website","url":"https:\/\/nativainfo.com\/","name":"Nativa Info","description":"Diario Digital","publisher":{"@id":"https:\/\/nativainfo.com\/#organization"},"potentialAction":[{"@type":"SearchAction","target":{"@type":"EntryPoint","urlTemplate":"https:\/\/nativainfo.com\/?s={search_term_string}"},"query-input":{"@type":"PropertyValueSpecification","valueRequired":true,"valueName":"search_term_string"}}],"inLanguage":"es-AR"},{"@type":"Organization","@id":"https:\/\/nativainfo.com\/#organization","name":"Nativa Info","url":"https:\/\/nativainfo.com\/","logo":{"@type":"ImageObject","inLanguage":"es-AR","@id":"https:\/\/nativainfo.com\/#\/schema\/logo\/image\/","url":"https:\/\/nativainfo.com\/wp-content\/uploads\/2025\/08\/LOGO-NATIVA-FACE.jpg","contentUrl":"https:\/\/nativainfo.com\/wp-content\/uploads\/2025\/08\/LOGO-NATIVA-FACE.jpg","width":400,"height":400,"caption":"Nativa Info"},"image":{"@id":"https:\/\/nativainfo.com\/#\/schema\/logo\/image\/"},"sameAs":["https:\/\/www.facebook.com\/profile.php?id=61578881597564"]},{"@type":"Person","@id":"https:\/\/nativainfo.com\/#\/schema\/person\/24893b64a9cd564ddb5d102d36eb4b5c","name":"Nativa Info","image":{"@type":"ImageObject","inLanguage":"es-AR","@id":"https:\/\/nativainfo.com\/#\/schema\/person\/image\/","url":"https:\/\/secure.gravatar.com\/avatar\/016fa1cf068d85136d938e1507b9b619cb766e2565cbb1faa1e571762460c785?s=96&d=mm&r=g","contentUrl":"https:\/\/secure.gravatar.com\/avatar\/016fa1cf068d85136d938e1507b9b619cb766e2565cbb1faa1e571762460c785?s=96&d=mm&r=g","caption":"Nativa Info"},"sameAs":["http:\/\/nativainfo.com"],"url":"https:\/\/nativainfo.com\/?author=1"}]}},"jetpack_publicize_connections":[],"_links":{"self":[{"href":"https:\/\/nativainfo.com\/index.php?rest_route=\/wp\/v2\/posts\/2242","targetHints":{"allow":["GET"]}}],"collection":[{"href":"https:\/\/nativainfo.com\/index.php?rest_route=\/wp\/v2\/posts"}],"about":[{"href":"https:\/\/nativainfo.com\/index.php?rest_route=\/wp\/v2\/types\/post"}],"author":[{"embeddable":true,"href":"https:\/\/nativainfo.com\/index.php?rest_route=\/wp\/v2\/users\/1"}],"replies":[{"embeddable":true,"href":"https:\/\/nativainfo.com\/index.php?rest_route=%2Fwp%2Fv2%2Fcomments&post=2242"}],"version-history":[{"count":1,"href":"https:\/\/nativainfo.com\/index.php?rest_route=\/wp\/v2\/posts\/2242\/revisions"}],"predecessor-version":[{"id":2245,"href":"https:\/\/nativainfo.com\/index.php?rest_route=\/wp\/v2\/posts\/2242\/revisions\/2245"}],"wp:attachment":[{"href":"https:\/\/nativainfo.com\/index.php?rest_route=%2Fwp%2Fv2%2Fmedia&parent=2242"}],"wp:term":[{"taxonomy":"category","embeddable":true,"href":"https:\/\/nativainfo.com\/index.php?rest_route=%2Fwp%2Fv2%2Fcategories&post=2242"},{"taxonomy":"post_tag","embeddable":true,"href":"https:\/\/nativainfo.com\/index.php?rest_route=%2Fwp%2Fv2%2Ftags&post=2242"}],"curies":[{"name":"wp","href":"https:\/\/api.w.org\/{rel}","templated":true}]}}