{"id":2227,"date":"2021-08-23T01:23:02","date_gmt":"2021-08-23T04:23:02","guid":{"rendered":"http:\/\/nativainfo.com\/?p=2227"},"modified":"2021-08-23T01:23:03","modified_gmt":"2021-08-23T04:23:03","slug":"bajo-un-10-la-ocupacion-de-camas-covid-y-se-amplia-el-horario-de-circulacion","status":"publish","type":"post","link":"https:\/\/nativainfo.com\/?p=2227","title":{"rendered":"Baj\u00f3 un 10% la ocupaci\u00f3n de camas covid y se amplia el horario de circulaci\u00f3n"},"content":{"rendered":"\n<p>En el d\u00eda de la fecha, el COE, se reunio y emiti\u00f3 el siguiente comunicado con el informe semanal (desde el lunes 16\/08 al Domingo 22\/08 inclusive):<\/p>\n\n\n\n<figure class=\"wp-block-image size-large\"><img fetchpriority=\"high\" decoding=\"async\" width=\"800\" height=\"450\" src=\"http:\/\/nativainfo.com\/wp-content\/uploads\/2021\/08\/santiago-estero-peatonal-360247-195722.jpg\" alt=\"\" class=\"wp-image-2230\" srcset=\"https:\/\/nativainfo.com\/wp-content\/uploads\/2021\/08\/santiago-estero-peatonal-360247-195722.jpg 800w, https:\/\/nativainfo.com\/wp-content\/uploads\/2021\/08\/santiago-estero-peatonal-360247-195722-300x169.jpg 300w, https:\/\/nativainfo.com\/wp-content\/uploads\/2021\/08\/santiago-estero-peatonal-360247-195722-768x432.jpg 768w, https:\/\/nativainfo.com\/wp-content\/uploads\/2021\/08\/santiago-estero-peatonal-360247-195722-622x350.jpg 622w, https:\/\/nativainfo.com\/wp-content\/uploads\/2021\/08\/santiago-estero-peatonal-360247-195722-150x84.jpg 150w\" sizes=\"(max-width: 800px) 100vw, 800px\" \/><\/figure>\n\n\n\n<p>-El n\u00famero de casos fue de 1.254 positivos.<br>-El promedio diario de contagios en estos 7 d\u00edas fue de 179.<\/p>\n\n\n\n<p><strong>El porcentaje de ocupaci\u00f3n de camas Covid:<\/strong><br>a) UTI -UCI: 80%<br>b) Camas Covid leves y moderados: 40%<\/p>\n\n\n\n<p><strong>&#8211; Se amplia el horario de circulaci\u00f3n (desde este martes 24\/08 partir de las 00 hs) para todos los d\u00edas de la semana de 06 a 1,30 hs en todo el territorio provincial.<\/strong><\/p>\n\n\n\n<p>Con excepci\u00f3n de aquellas localidades en que se determinen su aislamiento por razones epidemiologicas. En ese sentido&nbsp;<strong>se mantendr\u00e1 las restricciones de circulaci\u00f3n desde las 22 a 06 hs en las ciudades de Monte Quemado y Nueva Esperanza<\/strong>&nbsp;hasta una nueva evaluaci\u00f3n epidemiol\u00f3gica, dentro de 5 d\u00edas).<\/p>\n","protected":false},"excerpt":{"rendered":"<p>En el d\u00eda de la fecha, el COE, se reunio y emiti\u00f3 el siguiente comunicado con el informe semanal (desde&#8230; <a class=\"continue-reading-link\" href=\"https:\/\/nativainfo.com\/?p=2227\">Continue reading<\/a><\/p>\n","protected":false},"author":1,"featured_media":0,"comment_status":"open","ping_status":"open","sticky":false,"template":"","format":"standard","meta":{"rop_custom_images_group":[],"rop_custom_messages_group":[],"rop_publish_now":"initial","rop_publish_now_accounts":[],"rop_publish_now_history":[],"rop_publish_now_status":"pending","footnotes":"","jetpack_publicize_message":"","jetpack_publicize_feature_enabled":true,"jetpack_social_post_already_shared":false,"jetpack_social_options":{"image_generator_settings":{"template":"highway","default_image_id":0,"font":"","enabled":false},"version":2}},"categories":[12],"tags":[],"class_list":["post-2227","post","type-post","status-publish","format-standard","hentry","category-provincia"],"yoast_head":"<!-- This site is optimized with the Yoast SEO plugin v25.6 - https:\/\/yoast.com\/wordpress\/plugins\/seo\/ -->\n<title>Baj\u00f3 un 10% la ocupaci\u00f3n de camas covid y se amplia el horario de circulaci\u00f3n - Nativa Info<\/title>\n<meta name=\"robots\" content=\"index, follow, max-snippet:-1, max-image-preview:large, max-video-preview:-1\" \/>\n<link rel=\"canonical\" href=\"https:\/\/nativainfo.com\/?p=2227\" \/>\n<meta property=\"og:locale\" content=\"es_ES\" \/>\n<meta property=\"og:type\" content=\"article\" \/>\n<meta property=\"og:title\" content=\"Baj\u00f3 un 10% la ocupaci\u00f3n de camas covid y se amplia el horario de circulaci\u00f3n - Nativa Info\" \/>\n<meta property=\"og:description\" content=\"En el d\u00eda de la fecha, el COE, se reunio y emiti\u00f3 el siguiente comunicado con el informe semanal (desde... Continue reading\" \/>\n<meta property=\"og:url\" content=\"https:\/\/nativainfo.com\/?p=2227\" \/>\n<meta property=\"og:site_name\" content=\"Nativa Info\" \/>\n<meta property=\"article:publisher\" content=\"https:\/\/www.facebook.com\/profile.php?id=61578881597564\" \/>\n<meta property=\"article:published_time\" content=\"2021-08-23T04:23:02+00:00\" \/>\n<meta property=\"article:modified_time\" content=\"2021-08-23T04:23:03+00:00\" \/>\n<meta property=\"og:image\" content=\"http:\/\/nativainfo.com\/wp-content\/uploads\/2021\/08\/santiago-estero-peatonal-360247-195722.jpg\" \/>\n<meta name=\"author\" content=\"Nativa Info\" \/>\n<meta name=\"twitter:card\" content=\"summary_large_image\" \/>\n<meta name=\"twitter:label1\" content=\"Escrito por\" \/>\n\t<meta name=\"twitter:data1\" content=\"Nativa Info\" \/>\n\t<meta name=\"twitter:label2\" content=\"Tiempo de lectura\" \/>\n\t<meta name=\"twitter:data2\" content=\"1 minuto\" \/>\n<script type=\"application\/ld+json\" class=\"yoast-schema-graph\">{\"@context\":\"https:\/\/schema.org\",\"@graph\":[{\"@type\":\"Article\",\"@id\":\"https:\/\/nativainfo.com\/?p=2227#article\",\"isPartOf\":{\"@id\":\"https:\/\/nativainfo.com\/?p=2227\"},\"author\":{\"name\":\"Nativa Info\",\"@id\":\"https:\/\/nativainfo.com\/#\/schema\/person\/24893b64a9cd564ddb5d102d36eb4b5c\"},\"headline\":\"Baj\u00f3 un 10% la ocupaci\u00f3n de camas covid y se amplia el horario de circulaci\u00f3n\",\"datePublished\":\"2021-08-23T04:23:02+00:00\",\"dateModified\":\"2021-08-23T04:23:03+00:00\",\"mainEntityOfPage\":{\"@id\":\"https:\/\/nativainfo.com\/?p=2227\"},\"wordCount\":160,\"commentCount\":0,\"publisher\":{\"@id\":\"https:\/\/nativainfo.com\/#organization\"},\"image\":{\"@id\":\"https:\/\/nativainfo.com\/?p=2227#primaryimage\"},\"thumbnailUrl\":\"http:\/\/nativainfo.com\/wp-content\/uploads\/2021\/08\/santiago-estero-peatonal-360247-195722.jpg\",\"articleSection\":[\"Provincia\"],\"inLanguage\":\"es-AR\",\"potentialAction\":[{\"@type\":\"CommentAction\",\"name\":\"Comment\",\"target\":[\"https:\/\/nativainfo.com\/?p=2227#respond\"]}]},{\"@type\":\"WebPage\",\"@id\":\"https:\/\/nativainfo.com\/?p=2227\",\"url\":\"https:\/\/nativainfo.com\/?p=2227\",\"name\":\"Baj\u00f3 un 10% la ocupaci\u00f3n de camas covid y se amplia el horario de circulaci\u00f3n - Nativa Info\",\"isPartOf\":{\"@id\":\"https:\/\/nativainfo.com\/#website\"},\"primaryImageOfPage\":{\"@id\":\"https:\/\/nativainfo.com\/?p=2227#primaryimage\"},\"image\":{\"@id\":\"https:\/\/nativainfo.com\/?p=2227#primaryimage\"},\"thumbnailUrl\":\"http:\/\/nativainfo.com\/wp-content\/uploads\/2021\/08\/santiago-estero-peatonal-360247-195722.jpg\",\"datePublished\":\"2021-08-23T04:23:02+00:00\",\"dateModified\":\"2021-08-23T04:23:03+00:00\",\"breadcrumb\":{\"@id\":\"https:\/\/nativainfo.com\/?p=2227#breadcrumb\"},\"inLanguage\":\"es-AR\",\"potentialAction\":[{\"@type\":\"ReadAction\",\"target\":[\"https:\/\/nativainfo.com\/?p=2227\"]}]},{\"@type\":\"ImageObject\",\"inLanguage\":\"es-AR\",\"@id\":\"https:\/\/nativainfo.com\/?p=2227#primaryimage\",\"url\":\"https:\/\/nativainfo.com\/wp-content\/uploads\/2021\/08\/santiago-estero-peatonal-360247-195722.jpg\",\"contentUrl\":\"https:\/\/nativainfo.com\/wp-content\/uploads\/2021\/08\/santiago-estero-peatonal-360247-195722.jpg\",\"width\":800,\"height\":450},{\"@type\":\"BreadcrumbList\",\"@id\":\"https:\/\/nativainfo.com\/?p=2227#breadcrumb\",\"itemListElement\":[{\"@type\":\"ListItem\",\"position\":1,\"name\":\"Inicio\",\"item\":\"https:\/\/nativainfo.com\/\"},{\"@type\":\"ListItem\",\"position\":2,\"name\":\"Baj\u00f3 un 10% la ocupaci\u00f3n de camas covid y se amplia el horario de circulaci\u00f3n\"}]},{\"@type\":\"WebSite\",\"@id\":\"https:\/\/nativainfo.com\/#website\",\"url\":\"https:\/\/nativainfo.com\/\",\"name\":\"Nativa Info\",\"description\":\"Diario Digital\",\"publisher\":{\"@id\":\"https:\/\/nativainfo.com\/#organization\"},\"potentialAction\":[{\"@type\":\"SearchAction\",\"target\":{\"@type\":\"EntryPoint\",\"urlTemplate\":\"https:\/\/nativainfo.com\/?s={search_term_string}\"},\"query-input\":{\"@type\":\"PropertyValueSpecification\",\"valueRequired\":true,\"valueName\":\"search_term_string\"}}],\"inLanguage\":\"es-AR\"},{\"@type\":\"Organization\",\"@id\":\"https:\/\/nativainfo.com\/#organization\",\"name\":\"Nativa Info\",\"url\":\"https:\/\/nativainfo.com\/\",\"logo\":{\"@type\":\"ImageObject\",\"inLanguage\":\"es-AR\",\"@id\":\"https:\/\/nativainfo.com\/#\/schema\/logo\/image\/\",\"url\":\"https:\/\/nativainfo.com\/wp-content\/uploads\/2025\/08\/LOGO-NATIVA-FACE.jpg\",\"contentUrl\":\"https:\/\/nativainfo.com\/wp-content\/uploads\/2025\/08\/LOGO-NATIVA-FACE.jpg\",\"width\":400,\"height\":400,\"caption\":\"Nativa Info\"},\"image\":{\"@id\":\"https:\/\/nativainfo.com\/#\/schema\/logo\/image\/\"},\"sameAs\":[\"https:\/\/www.facebook.com\/profile.php?id=61578881597564\"]},{\"@type\":\"Person\",\"@id\":\"https:\/\/nativainfo.com\/#\/schema\/person\/24893b64a9cd564ddb5d102d36eb4b5c\",\"name\":\"Nativa Info\",\"image\":{\"@type\":\"ImageObject\",\"inLanguage\":\"es-AR\",\"@id\":\"https:\/\/nativainfo.com\/#\/schema\/person\/image\/\",\"url\":\"https:\/\/secure.gravatar.com\/avatar\/016fa1cf068d85136d938e1507b9b619cb766e2565cbb1faa1e571762460c785?s=96&d=mm&r=g\",\"contentUrl\":\"https:\/\/secure.gravatar.com\/avatar\/016fa1cf068d85136d938e1507b9b619cb766e2565cbb1faa1e571762460c785?s=96&d=mm&r=g\",\"caption\":\"Nativa Info\"},\"sameAs\":[\"http:\/\/nativainfo.com\"],\"url\":\"https:\/\/nativainfo.com\/?author=1\"}]}<\/script>\n<!-- \/ Yoast SEO plugin. -->","yoast_head_json":{"title":"Baj\u00f3 un 10% la ocupaci\u00f3n de camas covid y se amplia el horario de circulaci\u00f3n - Nativa Info","robots":{"index":"index","follow":"follow","max-snippet":"max-snippet:-1","max-image-preview":"max-image-preview:large","max-video-preview":"max-video-preview:-1"},"canonical":"https:\/\/nativainfo.com\/?p=2227","og_locale":"es_ES","og_type":"article","og_title":"Baj\u00f3 un 10% la ocupaci\u00f3n de camas covid y se amplia el horario de circulaci\u00f3n - Nativa Info","og_description":"En el d\u00eda de la fecha, el COE, se reunio y emiti\u00f3 el siguiente comunicado con el informe semanal (desde... Continue reading","og_url":"https:\/\/nativainfo.com\/?p=2227","og_site_name":"Nativa Info","article_publisher":"https:\/\/www.facebook.com\/profile.php?id=61578881597564","article_published_time":"2021-08-23T04:23:02+00:00","article_modified_time":"2021-08-23T04:23:03+00:00","og_image":[{"url":"http:\/\/nativainfo.com\/wp-content\/uploads\/2021\/08\/santiago-estero-peatonal-360247-195722.jpg","type":"","width":"","height":""}],"author":"Nativa Info","twitter_card":"summary_large_image","twitter_misc":{"Escrito por":"Nativa Info","Tiempo de lectura":"1 minuto"},"schema":{"@context":"https:\/\/schema.org","@graph":[{"@type":"Article","@id":"https:\/\/nativainfo.com\/?p=2227#article","isPartOf":{"@id":"https:\/\/nativainfo.com\/?p=2227"},"author":{"name":"Nativa Info","@id":"https:\/\/nativainfo.com\/#\/schema\/person\/24893b64a9cd564ddb5d102d36eb4b5c"},"headline":"Baj\u00f3 un 10% la ocupaci\u00f3n de camas covid y se amplia el horario de circulaci\u00f3n","datePublished":"2021-08-23T04:23:02+00:00","dateModified":"2021-08-23T04:23:03+00:00","mainEntityOfPage":{"@id":"https:\/\/nativainfo.com\/?p=2227"},"wordCount":160,"commentCount":0,"publisher":{"@id":"https:\/\/nativainfo.com\/#organization"},"image":{"@id":"https:\/\/nativainfo.com\/?p=2227#primaryimage"},"thumbnailUrl":"http:\/\/nativainfo.com\/wp-content\/uploads\/2021\/08\/santiago-estero-peatonal-360247-195722.jpg","articleSection":["Provincia"],"inLanguage":"es-AR","potentialAction":[{"@type":"CommentAction","name":"Comment","target":["https:\/\/nativainfo.com\/?p=2227#respond"]}]},{"@type":"WebPage","@id":"https:\/\/nativainfo.com\/?p=2227","url":"https:\/\/nativainfo.com\/?p=2227","name":"Baj\u00f3 un 10% la ocupaci\u00f3n de camas covid y se amplia el horario de circulaci\u00f3n - Nativa Info","isPartOf":{"@id":"https:\/\/nativainfo.com\/#website"},"primaryImageOfPage":{"@id":"https:\/\/nativainfo.com\/?p=2227#primaryimage"},"image":{"@id":"https:\/\/nativainfo.com\/?p=2227#primaryimage"},"thumbnailUrl":"http:\/\/nativainfo.com\/wp-content\/uploads\/2021\/08\/santiago-estero-peatonal-360247-195722.jpg","datePublished":"2021-08-23T04:23:02+00:00","dateModified":"2021-08-23T04:23:03+00:00","breadcrumb":{"@id":"https:\/\/nativainfo.com\/?p=2227#breadcrumb"},"inLanguage":"es-AR","potentialAction":[{"@type":"ReadAction","target":["https:\/\/nativainfo.com\/?p=2227"]}]},{"@type":"ImageObject","inLanguage":"es-AR","@id":"https:\/\/nativainfo.com\/?p=2227#primaryimage","url":"https:\/\/nativainfo.com\/wp-content\/uploads\/2021\/08\/santiago-estero-peatonal-360247-195722.jpg","contentUrl":"https:\/\/nativainfo.com\/wp-content\/uploads\/2021\/08\/santiago-estero-peatonal-360247-195722.jpg","width":800,"height":450},{"@type":"BreadcrumbList","@id":"https:\/\/nativainfo.com\/?p=2227#breadcrumb","itemListElement":[{"@type":"ListItem","position":1,"name":"Inicio","item":"https:\/\/nativainfo.com\/"},{"@type":"ListItem","position":2,"name":"Baj\u00f3 un 10% la ocupaci\u00f3n de camas covid y se amplia el horario de circulaci\u00f3n"}]},{"@type":"WebSite","@id":"https:\/\/nativainfo.com\/#website","url":"https:\/\/nativainfo.com\/","name":"Nativa Info","description":"Diario Digital","publisher":{"@id":"https:\/\/nativainfo.com\/#organization"},"potentialAction":[{"@type":"SearchAction","target":{"@type":"EntryPoint","urlTemplate":"https:\/\/nativainfo.com\/?s={search_term_string}"},"query-input":{"@type":"PropertyValueSpecification","valueRequired":true,"valueName":"search_term_string"}}],"inLanguage":"es-AR"},{"@type":"Organization","@id":"https:\/\/nativainfo.com\/#organization","name":"Nativa Info","url":"https:\/\/nativainfo.com\/","logo":{"@type":"ImageObject","inLanguage":"es-AR","@id":"https:\/\/nativainfo.com\/#\/schema\/logo\/image\/","url":"https:\/\/nativainfo.com\/wp-content\/uploads\/2025\/08\/LOGO-NATIVA-FACE.jpg","contentUrl":"https:\/\/nativainfo.com\/wp-content\/uploads\/2025\/08\/LOGO-NATIVA-FACE.jpg","width":400,"height":400,"caption":"Nativa Info"},"image":{"@id":"https:\/\/nativainfo.com\/#\/schema\/logo\/image\/"},"sameAs":["https:\/\/www.facebook.com\/profile.php?id=61578881597564"]},{"@type":"Person","@id":"https:\/\/nativainfo.com\/#\/schema\/person\/24893b64a9cd564ddb5d102d36eb4b5c","name":"Nativa Info","image":{"@type":"ImageObject","inLanguage":"es-AR","@id":"https:\/\/nativainfo.com\/#\/schema\/person\/image\/","url":"https:\/\/secure.gravatar.com\/avatar\/016fa1cf068d85136d938e1507b9b619cb766e2565cbb1faa1e571762460c785?s=96&d=mm&r=g","contentUrl":"https:\/\/secure.gravatar.com\/avatar\/016fa1cf068d85136d938e1507b9b619cb766e2565cbb1faa1e571762460c785?s=96&d=mm&r=g","caption":"Nativa Info"},"sameAs":["http:\/\/nativainfo.com"],"url":"https:\/\/nativainfo.com\/?author=1"}]}},"jetpack_publicize_connections":[],"_links":{"self":[{"href":"https:\/\/nativainfo.com\/index.php?rest_route=\/wp\/v2\/posts\/2227","targetHints":{"allow":["GET"]}}],"collection":[{"href":"https:\/\/nativainfo.com\/index.php?rest_route=\/wp\/v2\/posts"}],"about":[{"href":"https:\/\/nativainfo.com\/index.php?rest_route=\/wp\/v2\/types\/post"}],"author":[{"embeddable":true,"href":"https:\/\/nativainfo.com\/index.php?rest_route=\/wp\/v2\/users\/1"}],"replies":[{"embeddable":true,"href":"https:\/\/nativainfo.com\/index.php?rest_route=%2Fwp%2Fv2%2Fcomments&post=2227"}],"version-history":[{"count":1,"href":"https:\/\/nativainfo.com\/index.php?rest_route=\/wp\/v2\/posts\/2227\/revisions"}],"predecessor-version":[{"id":2231,"href":"https:\/\/nativainfo.com\/index.php?rest_route=\/wp\/v2\/posts\/2227\/revisions\/2231"}],"wp:attachment":[{"href":"https:\/\/nativainfo.com\/index.php?rest_route=%2Fwp%2Fv2%2Fmedia&parent=2227"}],"wp:term":[{"taxonomy":"category","embeddable":true,"href":"https:\/\/nativainfo.com\/index.php?rest_route=%2Fwp%2Fv2%2Fcategories&post=2227"},{"taxonomy":"post_tag","embeddable":true,"href":"https:\/\/nativainfo.com\/index.php?rest_route=%2Fwp%2Fv2%2Ftags&post=2227"}],"curies":[{"name":"wp","href":"https:\/\/api.w.org\/{rel}","templated":true}]}}