{"id":2184,"date":"2021-08-14T00:45:54","date_gmt":"2021-08-14T03:45:54","guid":{"rendered":"http:\/\/nativainfo.com\/?p=2184"},"modified":"2021-08-14T00:45:57","modified_gmt":"2021-08-14T03:45:57","slug":"mirolo-junto-a-autoridades-nacionales-presentaron-a-la-reactivacion-del-ramal-ferroviario-la-banda-fernandez","status":"publish","type":"post","link":"https:\/\/nativainfo.com\/?p=2184","title":{"rendered":"Mirolo junto a autoridades nacionales presentaron a la reactivaci\u00f3n del ramal ferroviario La Banda \u2013 Fern\u00e1ndez"},"content":{"rendered":"\n<p><strong>El intendente particip\u00f3 junto a autoridades nacionales de la presentaci\u00f3n de la reactivaci\u00f3n del ramal del tren que unir\u00e1 La Banda y Fern\u00e1ndez con un recorrido diario.<\/strong><\/p>\n\n\n\n<figure class=\"wp-block-image size-large is-resized\"><img fetchpriority=\"high\" decoding=\"async\" src=\"http:\/\/nativainfo.com\/wp-content\/uploads\/2021\/08\/372_215_trenes-390255-144231.jpg\" alt=\"\" class=\"wp-image-2188\" width=\"565\" height=\"327\" srcset=\"https:\/\/nativainfo.com\/wp-content\/uploads\/2021\/08\/372_215_trenes-390255-144231.jpg 372w, https:\/\/nativainfo.com\/wp-content\/uploads\/2021\/08\/372_215_trenes-390255-144231-300x173.jpg 300w, https:\/\/nativainfo.com\/wp-content\/uploads\/2021\/08\/372_215_trenes-390255-144231-150x87.jpg 150w\" sizes=\"(max-width: 565px) 100vw, 565px\" \/><\/figure>\n\n\n\n<p>Este ramal que unir\u00e1 las ciudades de&nbsp;<strong>La Banda, Vilmer, Forres, Beltr\u00e1n y Fern\u00e1ndez<\/strong>, tendr\u00e1 un recorrido de 40 kil\u00f3metros y beneficiar\u00e1 &nbsp;a alrededor de&nbsp;<strong>400 mil ciudadanos<\/strong>.<br>El intendente Pablo Mirolo junto a las autoridades recorri\u00f3 la Estaci\u00f3n de Trenes que se encuentra en plena ejecuci\u00f3n con la renovaci\u00f3n de las v\u00edas, andenes, boleter\u00edas, salas de espera, hall central y ba\u00f1os.<\/p>\n\n\n\n<p>En la oportunidad,\u00a0<strong>el jefe comunal bande\u00f1o<\/strong>, indic\u00f3: \u201cEstamos orgullosos de que esto se haya concretado, porque hay un pasado hist\u00f3rico y ferroviario que une a las ciudades de Fern\u00e1ndez y La Banda, que en la d\u00e9cada de los 90 se vieron afectada por desmantelamiento de los trenes y las estaciones como consecuencia del estado econ\u00f3mico y pol\u00edtico de la \u00e9poca y esto repercuti\u00f3 en la situaci\u00f3n de muchos pueblos que quedaron postergados. La Banda se mantuvo con la actividad ferroviaria a pesar de todas las dificultades que se presentaron con el paso de los a\u00f1os\u201d.<\/p>\n\n\n\n<p>Fuente: Diario Panorama<\/p>\n","protected":false},"excerpt":{"rendered":"<p>El intendente particip\u00f3 junto a autoridades nacionales de la presentaci\u00f3n de la reactivaci\u00f3n del ramal del tren que unir\u00e1 La&#8230; <a class=\"continue-reading-link\" href=\"https:\/\/nativainfo.com\/?p=2184\">Continue reading<\/a><\/p>\n","protected":false},"author":1,"featured_media":0,"comment_status":"open","ping_status":"open","sticky":false,"template":"","format":"standard","meta":{"rop_custom_images_group":[],"rop_custom_messages_group":[],"rop_publish_now":"initial","rop_publish_now_accounts":[],"rop_publish_now_history":[],"rop_publish_now_status":"pending","footnotes":"","jetpack_publicize_message":"","jetpack_publicize_feature_enabled":true,"jetpack_social_post_already_shared":false,"jetpack_social_options":{"image_generator_settings":{"template":"highway","default_image_id":0,"font":"","enabled":false},"version":2}},"categories":[13,12],"tags":[],"class_list":["post-2184","post","type-post","status-publish","format-standard","hentry","category-fernandez","category-provincia"],"yoast_head":"<!-- This site is optimized with the Yoast SEO plugin v25.6 - https:\/\/yoast.com\/wordpress\/plugins\/seo\/ -->\n<title>Mirolo junto a autoridades nacionales presentaron a la reactivaci\u00f3n del ramal ferroviario La Banda \u2013 Fern\u00e1ndez - Nativa Info<\/title>\n<meta name=\"robots\" content=\"index, follow, max-snippet:-1, max-image-preview:large, max-video-preview:-1\" \/>\n<link rel=\"canonical\" href=\"https:\/\/nativainfo.com\/?p=2184\" \/>\n<meta property=\"og:locale\" content=\"es_ES\" \/>\n<meta property=\"og:type\" content=\"article\" \/>\n<meta property=\"og:title\" content=\"Mirolo junto a autoridades nacionales presentaron a la reactivaci\u00f3n del ramal ferroviario La Banda \u2013 Fern\u00e1ndez - Nativa Info\" \/>\n<meta property=\"og:description\" content=\"El intendente particip\u00f3 junto a autoridades nacionales de la presentaci\u00f3n de la reactivaci\u00f3n del ramal del tren que unir\u00e1 La... Continue reading\" \/>\n<meta property=\"og:url\" content=\"https:\/\/nativainfo.com\/?p=2184\" \/>\n<meta property=\"og:site_name\" content=\"Nativa Info\" \/>\n<meta property=\"article:publisher\" content=\"https:\/\/www.facebook.com\/profile.php?id=61578881597564\" \/>\n<meta property=\"article:published_time\" content=\"2021-08-14T03:45:54+00:00\" \/>\n<meta property=\"article:modified_time\" content=\"2021-08-14T03:45:57+00:00\" \/>\n<meta property=\"og:image\" content=\"http:\/\/nativainfo.com\/wp-content\/uploads\/2021\/08\/372_215_trenes-390255-144231.jpg\" \/>\n<meta name=\"author\" content=\"Nativa Info\" \/>\n<meta name=\"twitter:card\" content=\"summary_large_image\" \/>\n<meta name=\"twitter:label1\" content=\"Escrito por\" \/>\n\t<meta name=\"twitter:data1\" content=\"Nativa Info\" \/>\n\t<meta name=\"twitter:label2\" content=\"Tiempo de lectura\" \/>\n\t<meta name=\"twitter:data2\" content=\"1 minuto\" \/>\n<script type=\"application\/ld+json\" class=\"yoast-schema-graph\">{\"@context\":\"https:\/\/schema.org\",\"@graph\":[{\"@type\":\"Article\",\"@id\":\"https:\/\/nativainfo.com\/?p=2184#article\",\"isPartOf\":{\"@id\":\"https:\/\/nativainfo.com\/?p=2184\"},\"author\":{\"name\":\"Nativa Info\",\"@id\":\"https:\/\/nativainfo.com\/#\/schema\/person\/24893b64a9cd564ddb5d102d36eb4b5c\"},\"headline\":\"Mirolo junto a autoridades nacionales presentaron a la reactivaci\u00f3n del ramal ferroviario La Banda \u2013 Fern\u00e1ndez\",\"datePublished\":\"2021-08-14T03:45:54+00:00\",\"dateModified\":\"2021-08-14T03:45:57+00:00\",\"mainEntityOfPage\":{\"@id\":\"https:\/\/nativainfo.com\/?p=2184\"},\"wordCount\":225,\"commentCount\":0,\"publisher\":{\"@id\":\"https:\/\/nativainfo.com\/#organization\"},\"image\":{\"@id\":\"https:\/\/nativainfo.com\/?p=2184#primaryimage\"},\"thumbnailUrl\":\"http:\/\/nativainfo.com\/wp-content\/uploads\/2021\/08\/372_215_trenes-390255-144231.jpg\",\"articleSection\":[\"Fern\u00e1ndez\",\"Provincia\"],\"inLanguage\":\"es-AR\",\"potentialAction\":[{\"@type\":\"CommentAction\",\"name\":\"Comment\",\"target\":[\"https:\/\/nativainfo.com\/?p=2184#respond\"]}]},{\"@type\":\"WebPage\",\"@id\":\"https:\/\/nativainfo.com\/?p=2184\",\"url\":\"https:\/\/nativainfo.com\/?p=2184\",\"name\":\"Mirolo junto a autoridades nacionales presentaron a la reactivaci\u00f3n del ramal ferroviario La Banda \u2013 Fern\u00e1ndez - Nativa Info\",\"isPartOf\":{\"@id\":\"https:\/\/nativainfo.com\/#website\"},\"primaryImageOfPage\":{\"@id\":\"https:\/\/nativainfo.com\/?p=2184#primaryimage\"},\"image\":{\"@id\":\"https:\/\/nativainfo.com\/?p=2184#primaryimage\"},\"thumbnailUrl\":\"http:\/\/nativainfo.com\/wp-content\/uploads\/2021\/08\/372_215_trenes-390255-144231.jpg\",\"datePublished\":\"2021-08-14T03:45:54+00:00\",\"dateModified\":\"2021-08-14T03:45:57+00:00\",\"breadcrumb\":{\"@id\":\"https:\/\/nativainfo.com\/?p=2184#breadcrumb\"},\"inLanguage\":\"es-AR\",\"potentialAction\":[{\"@type\":\"ReadAction\",\"target\":[\"https:\/\/nativainfo.com\/?p=2184\"]}]},{\"@type\":\"ImageObject\",\"inLanguage\":\"es-AR\",\"@id\":\"https:\/\/nativainfo.com\/?p=2184#primaryimage\",\"url\":\"https:\/\/nativainfo.com\/wp-content\/uploads\/2021\/08\/372_215_trenes-390255-144231.jpg\",\"contentUrl\":\"https:\/\/nativainfo.com\/wp-content\/uploads\/2021\/08\/372_215_trenes-390255-144231.jpg\",\"width\":372,\"height\":215},{\"@type\":\"BreadcrumbList\",\"@id\":\"https:\/\/nativainfo.com\/?p=2184#breadcrumb\",\"itemListElement\":[{\"@type\":\"ListItem\",\"position\":1,\"name\":\"Inicio\",\"item\":\"https:\/\/nativainfo.com\/\"},{\"@type\":\"ListItem\",\"position\":2,\"name\":\"Mirolo junto a autoridades nacionales presentaron a la reactivaci\u00f3n del ramal ferroviario La Banda \u2013 Fern\u00e1ndez\"}]},{\"@type\":\"WebSite\",\"@id\":\"https:\/\/nativainfo.com\/#website\",\"url\":\"https:\/\/nativainfo.com\/\",\"name\":\"Nativa Info\",\"description\":\"Diario Digital\",\"publisher\":{\"@id\":\"https:\/\/nativainfo.com\/#organization\"},\"potentialAction\":[{\"@type\":\"SearchAction\",\"target\":{\"@type\":\"EntryPoint\",\"urlTemplate\":\"https:\/\/nativainfo.com\/?s={search_term_string}\"},\"query-input\":{\"@type\":\"PropertyValueSpecification\",\"valueRequired\":true,\"valueName\":\"search_term_string\"}}],\"inLanguage\":\"es-AR\"},{\"@type\":\"Organization\",\"@id\":\"https:\/\/nativainfo.com\/#organization\",\"name\":\"Nativa Info\",\"url\":\"https:\/\/nativainfo.com\/\",\"logo\":{\"@type\":\"ImageObject\",\"inLanguage\":\"es-AR\",\"@id\":\"https:\/\/nativainfo.com\/#\/schema\/logo\/image\/\",\"url\":\"https:\/\/nativainfo.com\/wp-content\/uploads\/2025\/08\/LOGO-NATIVA-FACE.jpg\",\"contentUrl\":\"https:\/\/nativainfo.com\/wp-content\/uploads\/2025\/08\/LOGO-NATIVA-FACE.jpg\",\"width\":400,\"height\":400,\"caption\":\"Nativa Info\"},\"image\":{\"@id\":\"https:\/\/nativainfo.com\/#\/schema\/logo\/image\/\"},\"sameAs\":[\"https:\/\/www.facebook.com\/profile.php?id=61578881597564\"]},{\"@type\":\"Person\",\"@id\":\"https:\/\/nativainfo.com\/#\/schema\/person\/24893b64a9cd564ddb5d102d36eb4b5c\",\"name\":\"Nativa Info\",\"image\":{\"@type\":\"ImageObject\",\"inLanguage\":\"es-AR\",\"@id\":\"https:\/\/nativainfo.com\/#\/schema\/person\/image\/\",\"url\":\"https:\/\/secure.gravatar.com\/avatar\/016fa1cf068d85136d938e1507b9b619cb766e2565cbb1faa1e571762460c785?s=96&d=mm&r=g\",\"contentUrl\":\"https:\/\/secure.gravatar.com\/avatar\/016fa1cf068d85136d938e1507b9b619cb766e2565cbb1faa1e571762460c785?s=96&d=mm&r=g\",\"caption\":\"Nativa Info\"},\"sameAs\":[\"http:\/\/nativainfo.com\"],\"url\":\"https:\/\/nativainfo.com\/?author=1\"}]}<\/script>\n<!-- \/ Yoast SEO plugin. -->","yoast_head_json":{"title":"Mirolo junto a autoridades nacionales presentaron a la reactivaci\u00f3n del ramal ferroviario La Banda \u2013 Fern\u00e1ndez - Nativa Info","robots":{"index":"index","follow":"follow","max-snippet":"max-snippet:-1","max-image-preview":"max-image-preview:large","max-video-preview":"max-video-preview:-1"},"canonical":"https:\/\/nativainfo.com\/?p=2184","og_locale":"es_ES","og_type":"article","og_title":"Mirolo junto a autoridades nacionales presentaron a la reactivaci\u00f3n del ramal ferroviario La Banda \u2013 Fern\u00e1ndez - Nativa Info","og_description":"El intendente particip\u00f3 junto a autoridades nacionales de la presentaci\u00f3n de la reactivaci\u00f3n del ramal del tren que unir\u00e1 La... Continue reading","og_url":"https:\/\/nativainfo.com\/?p=2184","og_site_name":"Nativa Info","article_publisher":"https:\/\/www.facebook.com\/profile.php?id=61578881597564","article_published_time":"2021-08-14T03:45:54+00:00","article_modified_time":"2021-08-14T03:45:57+00:00","og_image":[{"url":"http:\/\/nativainfo.com\/wp-content\/uploads\/2021\/08\/372_215_trenes-390255-144231.jpg","type":"","width":"","height":""}],"author":"Nativa Info","twitter_card":"summary_large_image","twitter_misc":{"Escrito por":"Nativa Info","Tiempo de lectura":"1 minuto"},"schema":{"@context":"https:\/\/schema.org","@graph":[{"@type":"Article","@id":"https:\/\/nativainfo.com\/?p=2184#article","isPartOf":{"@id":"https:\/\/nativainfo.com\/?p=2184"},"author":{"name":"Nativa Info","@id":"https:\/\/nativainfo.com\/#\/schema\/person\/24893b64a9cd564ddb5d102d36eb4b5c"},"headline":"Mirolo junto a autoridades nacionales presentaron a la reactivaci\u00f3n del ramal ferroviario La Banda \u2013 Fern\u00e1ndez","datePublished":"2021-08-14T03:45:54+00:00","dateModified":"2021-08-14T03:45:57+00:00","mainEntityOfPage":{"@id":"https:\/\/nativainfo.com\/?p=2184"},"wordCount":225,"commentCount":0,"publisher":{"@id":"https:\/\/nativainfo.com\/#organization"},"image":{"@id":"https:\/\/nativainfo.com\/?p=2184#primaryimage"},"thumbnailUrl":"http:\/\/nativainfo.com\/wp-content\/uploads\/2021\/08\/372_215_trenes-390255-144231.jpg","articleSection":["Fern\u00e1ndez","Provincia"],"inLanguage":"es-AR","potentialAction":[{"@type":"CommentAction","name":"Comment","target":["https:\/\/nativainfo.com\/?p=2184#respond"]}]},{"@type":"WebPage","@id":"https:\/\/nativainfo.com\/?p=2184","url":"https:\/\/nativainfo.com\/?p=2184","name":"Mirolo junto a autoridades nacionales presentaron a la reactivaci\u00f3n del ramal ferroviario La Banda \u2013 Fern\u00e1ndez - Nativa Info","isPartOf":{"@id":"https:\/\/nativainfo.com\/#website"},"primaryImageOfPage":{"@id":"https:\/\/nativainfo.com\/?p=2184#primaryimage"},"image":{"@id":"https:\/\/nativainfo.com\/?p=2184#primaryimage"},"thumbnailUrl":"http:\/\/nativainfo.com\/wp-content\/uploads\/2021\/08\/372_215_trenes-390255-144231.jpg","datePublished":"2021-08-14T03:45:54+00:00","dateModified":"2021-08-14T03:45:57+00:00","breadcrumb":{"@id":"https:\/\/nativainfo.com\/?p=2184#breadcrumb"},"inLanguage":"es-AR","potentialAction":[{"@type":"ReadAction","target":["https:\/\/nativainfo.com\/?p=2184"]}]},{"@type":"ImageObject","inLanguage":"es-AR","@id":"https:\/\/nativainfo.com\/?p=2184#primaryimage","url":"https:\/\/nativainfo.com\/wp-content\/uploads\/2021\/08\/372_215_trenes-390255-144231.jpg","contentUrl":"https:\/\/nativainfo.com\/wp-content\/uploads\/2021\/08\/372_215_trenes-390255-144231.jpg","width":372,"height":215},{"@type":"BreadcrumbList","@id":"https:\/\/nativainfo.com\/?p=2184#breadcrumb","itemListElement":[{"@type":"ListItem","position":1,"name":"Inicio","item":"https:\/\/nativainfo.com\/"},{"@type":"ListItem","position":2,"name":"Mirolo junto a autoridades nacionales presentaron a la reactivaci\u00f3n del ramal ferroviario La Banda \u2013 Fern\u00e1ndez"}]},{"@type":"WebSite","@id":"https:\/\/nativainfo.com\/#website","url":"https:\/\/nativainfo.com\/","name":"Nativa Info","description":"Diario Digital","publisher":{"@id":"https:\/\/nativainfo.com\/#organization"},"potentialAction":[{"@type":"SearchAction","target":{"@type":"EntryPoint","urlTemplate":"https:\/\/nativainfo.com\/?s={search_term_string}"},"query-input":{"@type":"PropertyValueSpecification","valueRequired":true,"valueName":"search_term_string"}}],"inLanguage":"es-AR"},{"@type":"Organization","@id":"https:\/\/nativainfo.com\/#organization","name":"Nativa Info","url":"https:\/\/nativainfo.com\/","logo":{"@type":"ImageObject","inLanguage":"es-AR","@id":"https:\/\/nativainfo.com\/#\/schema\/logo\/image\/","url":"https:\/\/nativainfo.com\/wp-content\/uploads\/2025\/08\/LOGO-NATIVA-FACE.jpg","contentUrl":"https:\/\/nativainfo.com\/wp-content\/uploads\/2025\/08\/LOGO-NATIVA-FACE.jpg","width":400,"height":400,"caption":"Nativa Info"},"image":{"@id":"https:\/\/nativainfo.com\/#\/schema\/logo\/image\/"},"sameAs":["https:\/\/www.facebook.com\/profile.php?id=61578881597564"]},{"@type":"Person","@id":"https:\/\/nativainfo.com\/#\/schema\/person\/24893b64a9cd564ddb5d102d36eb4b5c","name":"Nativa Info","image":{"@type":"ImageObject","inLanguage":"es-AR","@id":"https:\/\/nativainfo.com\/#\/schema\/person\/image\/","url":"https:\/\/secure.gravatar.com\/avatar\/016fa1cf068d85136d938e1507b9b619cb766e2565cbb1faa1e571762460c785?s=96&d=mm&r=g","contentUrl":"https:\/\/secure.gravatar.com\/avatar\/016fa1cf068d85136d938e1507b9b619cb766e2565cbb1faa1e571762460c785?s=96&d=mm&r=g","caption":"Nativa Info"},"sameAs":["http:\/\/nativainfo.com"],"url":"https:\/\/nativainfo.com\/?author=1"}]}},"jetpack_publicize_connections":[],"_links":{"self":[{"href":"https:\/\/nativainfo.com\/index.php?rest_route=\/wp\/v2\/posts\/2184","targetHints":{"allow":["GET"]}}],"collection":[{"href":"https:\/\/nativainfo.com\/index.php?rest_route=\/wp\/v2\/posts"}],"about":[{"href":"https:\/\/nativainfo.com\/index.php?rest_route=\/wp\/v2\/types\/post"}],"author":[{"embeddable":true,"href":"https:\/\/nativainfo.com\/index.php?rest_route=\/wp\/v2\/users\/1"}],"replies":[{"embeddable":true,"href":"https:\/\/nativainfo.com\/index.php?rest_route=%2Fwp%2Fv2%2Fcomments&post=2184"}],"version-history":[{"count":1,"href":"https:\/\/nativainfo.com\/index.php?rest_route=\/wp\/v2\/posts\/2184\/revisions"}],"predecessor-version":[{"id":2189,"href":"https:\/\/nativainfo.com\/index.php?rest_route=\/wp\/v2\/posts\/2184\/revisions\/2189"}],"wp:attachment":[{"href":"https:\/\/nativainfo.com\/index.php?rest_route=%2Fwp%2Fv2%2Fmedia&parent=2184"}],"wp:term":[{"taxonomy":"category","embeddable":true,"href":"https:\/\/nativainfo.com\/index.php?rest_route=%2Fwp%2Fv2%2Fcategories&post=2184"},{"taxonomy":"post_tag","embeddable":true,"href":"https:\/\/nativainfo.com\/index.php?rest_route=%2Fwp%2Fv2%2Ftags&post=2184"}],"curies":[{"name":"wp","href":"https:\/\/api.w.org\/{rel}","templated":true}]}}