{"id":2177,"date":"2021-08-13T04:44:02","date_gmt":"2021-08-13T07:44:02","guid":{"rendered":"http:\/\/nativainfo.com\/?p=2177"},"modified":"2021-08-13T04:44:03","modified_gmt":"2021-08-13T07:44:03","slug":"messi-puso-primera-las-imagenes-en-el-entrenamiento-del-psg","status":"publish","type":"post","link":"https:\/\/nativainfo.com\/?p=2177","title":{"rendered":"Messi puso primera: las im\u00e1genes en el entrenamiento del PSG"},"content":{"rendered":"\n<p><strong>Lionel Messi<\/strong>&nbsp;se&nbsp;<strong>entren\u00f3&nbsp;<\/strong>este jueves por&nbsp;<strong>primera vez<\/strong>&nbsp;con el&nbsp;<strong>Par\u00eds Saint-Germain<\/strong>&nbsp;(PSG), equipo en el que firm\u00f3 por dos temporadas, m\u00e1s una opcional, y en el que&nbsp;<strong>ayer fue presentado oficialmente<\/strong>&nbsp;a la prensa.<\/p>\n\n\n\n<figure class=\"wp-block-image size-large\"><img fetchpriority=\"high\" decoding=\"async\" width=\"1023\" height=\"682\" src=\"http:\/\/nativainfo.com\/wp-content\/uploads\/2021\/08\/XXURXFBLHRGILKNHMMM7533EYE.jpg\" alt=\"\" class=\"wp-image-2180\" srcset=\"https:\/\/nativainfo.com\/wp-content\/uploads\/2021\/08\/XXURXFBLHRGILKNHMMM7533EYE.jpg 1023w, https:\/\/nativainfo.com\/wp-content\/uploads\/2021\/08\/XXURXFBLHRGILKNHMMM7533EYE-300x200.jpg 300w, https:\/\/nativainfo.com\/wp-content\/uploads\/2021\/08\/XXURXFBLHRGILKNHMMM7533EYE-768x512.jpg 768w, https:\/\/nativainfo.com\/wp-content\/uploads\/2021\/08\/XXURXFBLHRGILKNHMMM7533EYE-525x350.jpg 525w, https:\/\/nativainfo.com\/wp-content\/uploads\/2021\/08\/XXURXFBLHRGILKNHMMM7533EYE-150x100.jpg 150w\" sizes=\"(max-width: 1023px) 100vw, 1023px\" \/><\/figure>\n\n\n\n<p>El jugador<strong>&nbsp;lleg\u00f3 al Camp des Loges a las 7:15<\/strong>&nbsp;de Par\u00eds (4:15 en la Argentina), seg\u00fan indic\u00f3 el canal&nbsp;<em>RMC Sport<\/em>, y el&nbsp;<strong>entrenamiento, a puerta cerrada, estaba programado para las 11&nbsp;<\/strong>de Francia (6 am, hora de la Argentina).<\/p>\n\n\n\n<p><strong>En los alrededores del Camp des Loges se juntaron algunos aficionados con la esperanza de ver al argentino<\/strong>. El entrenamiento de este viernes, tambi\u00e9n a las 11.00, s\u00ed ser\u00e1 a puerta abierta, confirmaron a la agencia&nbsp;<em>EFE&nbsp;<\/em>fuentes del PSG.<\/p>\n\n\n\n<figure class=\"wp-block-image size-large\"><img decoding=\"async\" width=\"1024\" height=\"631\" src=\"http:\/\/nativainfo.com\/wp-content\/uploads\/2021\/08\/kylian_mbappe_lionel_messi_psg_crop1628776199563.jpg_242310155-1024x631.jpg\" alt=\"\" class=\"wp-image-2181\" srcset=\"https:\/\/nativainfo.com\/wp-content\/uploads\/2021\/08\/kylian_mbappe_lionel_messi_psg_crop1628776199563.jpg_242310155-1024x631.jpg 1024w, https:\/\/nativainfo.com\/wp-content\/uploads\/2021\/08\/kylian_mbappe_lionel_messi_psg_crop1628776199563.jpg_242310155-300x185.jpg 300w, https:\/\/nativainfo.com\/wp-content\/uploads\/2021\/08\/kylian_mbappe_lionel_messi_psg_crop1628776199563.jpg_242310155-768x474.jpg 768w, https:\/\/nativainfo.com\/wp-content\/uploads\/2021\/08\/kylian_mbappe_lionel_messi_psg_crop1628776199563.jpg_242310155-568x350.jpg 568w, https:\/\/nativainfo.com\/wp-content\/uploads\/2021\/08\/kylian_mbappe_lionel_messi_psg_crop1628776199563.jpg_242310155-150x93.jpg 150w, https:\/\/nativainfo.com\/wp-content\/uploads\/2021\/08\/kylian_mbappe_lionel_messi_psg_crop1628776199563.jpg_242310155.jpg 1200w\" sizes=\"(max-width: 1024px) 100vw, 1024px\" \/><\/figure>\n\n\n\n<p>El mi\u00e9rcoles, en la hist\u00f3rica conferencia de prensa que brind\u00f3 como nuevo jugador del PSG,&nbsp;<strong>Messi se refiri\u00f3 a sus ganas de ponerse a punto y jugar cuanto antes<\/strong><strong>: \u201cNo s\u00e9 cu\u00e1ndo voy a poder jugar los primeros minutos, vengo de unas vacaciones, m\u00e1s de un mes parado, ayer reci\u00e9n vi al t\u00e9cnico, no lo s\u00e9\u201d<\/strong>, dijo.<\/p>\n\n\n\n<p>Y en este contexto agreg\u00f3: \u201cSeguramente tendr\u00e9 que hacer una pretemporada solo, entrenarme bien y cuando est\u00e9 preparado empezar a jugar, ojal\u00e1 sea lo antes posible porque tengo muchas ganas, no puedo decir una fecha, tendr\u00e1 que ver con c\u00f3mo me vaya sintiendo y con lo que decida el cuerpo t\u00e9cnico\u201d.<\/p>\n\n\n\n<p>Fuente: Diario Panorama<\/p>\n","protected":false},"excerpt":{"rendered":"<p>Lionel Messi&nbsp;se&nbsp;entren\u00f3&nbsp;este jueves por&nbsp;primera vez&nbsp;con el&nbsp;Par\u00eds Saint-Germain&nbsp;(PSG), equipo en el que firm\u00f3 por dos temporadas, m\u00e1s una opcional, y en&#8230; <a class=\"continue-reading-link\" href=\"https:\/\/nativainfo.com\/?p=2177\">Continue reading<\/a><\/p>\n","protected":false},"author":1,"featured_media":0,"comment_status":"open","ping_status":"open","sticky":false,"template":"","format":"standard","meta":{"rop_custom_images_group":[],"rop_custom_messages_group":[],"rop_publish_now":"initial","rop_publish_now_accounts":[],"rop_publish_now_history":[],"rop_publish_now_status":"pending","footnotes":"","jetpack_publicize_message":"","jetpack_publicize_feature_enabled":true,"jetpack_social_post_already_shared":false,"jetpack_social_options":{"image_generator_settings":{"template":"highway","default_image_id":0,"font":"","enabled":false},"version":2}},"categories":[35],"tags":[],"class_list":["post-2177","post","type-post","status-publish","format-standard","hentry","category-futbol-internacional"],"yoast_head":"<!-- This site is optimized with the Yoast SEO plugin v25.6 - https:\/\/yoast.com\/wordpress\/plugins\/seo\/ -->\n<title>Messi puso primera: las im\u00e1genes en el entrenamiento del PSG - Nativa Info<\/title>\n<meta name=\"robots\" content=\"index, follow, max-snippet:-1, max-image-preview:large, max-video-preview:-1\" \/>\n<link rel=\"canonical\" href=\"https:\/\/nativainfo.com\/?p=2177\" \/>\n<meta property=\"og:locale\" content=\"es_ES\" \/>\n<meta property=\"og:type\" content=\"article\" \/>\n<meta property=\"og:title\" content=\"Messi puso primera: las im\u00e1genes en el entrenamiento del PSG - Nativa Info\" \/>\n<meta property=\"og:description\" content=\"Lionel Messi&nbsp;se&nbsp;entren\u00f3&nbsp;este jueves por&nbsp;primera vez&nbsp;con el&nbsp;Par\u00eds Saint-Germain&nbsp;(PSG), equipo en el que firm\u00f3 por dos temporadas, m\u00e1s una opcional, y en... Continue reading\" \/>\n<meta property=\"og:url\" content=\"https:\/\/nativainfo.com\/?p=2177\" \/>\n<meta property=\"og:site_name\" content=\"Nativa Info\" \/>\n<meta property=\"article:publisher\" content=\"https:\/\/www.facebook.com\/profile.php?id=61578881597564\" \/>\n<meta property=\"article:published_time\" content=\"2021-08-13T07:44:02+00:00\" \/>\n<meta property=\"article:modified_time\" content=\"2021-08-13T07:44:03+00:00\" \/>\n<meta property=\"og:image\" content=\"http:\/\/nativainfo.com\/wp-content\/uploads\/2021\/08\/XXURXFBLHRGILKNHMMM7533EYE.jpg\" \/>\n<meta name=\"author\" content=\"Nativa Info\" \/>\n<meta name=\"twitter:card\" content=\"summary_large_image\" \/>\n<meta name=\"twitter:label1\" content=\"Escrito por\" \/>\n\t<meta name=\"twitter:data1\" content=\"Nativa Info\" \/>\n\t<meta name=\"twitter:label2\" content=\"Tiempo de lectura\" \/>\n\t<meta name=\"twitter:data2\" content=\"1 minuto\" \/>\n<script type=\"application\/ld+json\" class=\"yoast-schema-graph\">{\"@context\":\"https:\/\/schema.org\",\"@graph\":[{\"@type\":\"Article\",\"@id\":\"https:\/\/nativainfo.com\/?p=2177#article\",\"isPartOf\":{\"@id\":\"https:\/\/nativainfo.com\/?p=2177\"},\"author\":{\"name\":\"Nativa Info\",\"@id\":\"https:\/\/nativainfo.com\/#\/schema\/person\/24893b64a9cd564ddb5d102d36eb4b5c\"},\"headline\":\"Messi puso primera: las im\u00e1genes en el entrenamiento del PSG\",\"datePublished\":\"2021-08-13T07:44:02+00:00\",\"dateModified\":\"2021-08-13T07:44:03+00:00\",\"mainEntityOfPage\":{\"@id\":\"https:\/\/nativainfo.com\/?p=2177\"},\"wordCount\":264,\"commentCount\":0,\"publisher\":{\"@id\":\"https:\/\/nativainfo.com\/#organization\"},\"image\":{\"@id\":\"https:\/\/nativainfo.com\/?p=2177#primaryimage\"},\"thumbnailUrl\":\"http:\/\/nativainfo.com\/wp-content\/uploads\/2021\/08\/XXURXFBLHRGILKNHMMM7533EYE.jpg\",\"articleSection\":[\"F\u00fatbol Internacional\"],\"inLanguage\":\"es-AR\",\"potentialAction\":[{\"@type\":\"CommentAction\",\"name\":\"Comment\",\"target\":[\"https:\/\/nativainfo.com\/?p=2177#respond\"]}]},{\"@type\":\"WebPage\",\"@id\":\"https:\/\/nativainfo.com\/?p=2177\",\"url\":\"https:\/\/nativainfo.com\/?p=2177\",\"name\":\"Messi puso primera: las im\u00e1genes en el entrenamiento del PSG - Nativa Info\",\"isPartOf\":{\"@id\":\"https:\/\/nativainfo.com\/#website\"},\"primaryImageOfPage\":{\"@id\":\"https:\/\/nativainfo.com\/?p=2177#primaryimage\"},\"image\":{\"@id\":\"https:\/\/nativainfo.com\/?p=2177#primaryimage\"},\"thumbnailUrl\":\"http:\/\/nativainfo.com\/wp-content\/uploads\/2021\/08\/XXURXFBLHRGILKNHMMM7533EYE.jpg\",\"datePublished\":\"2021-08-13T07:44:02+00:00\",\"dateModified\":\"2021-08-13T07:44:03+00:00\",\"breadcrumb\":{\"@id\":\"https:\/\/nativainfo.com\/?p=2177#breadcrumb\"},\"inLanguage\":\"es-AR\",\"potentialAction\":[{\"@type\":\"ReadAction\",\"target\":[\"https:\/\/nativainfo.com\/?p=2177\"]}]},{\"@type\":\"ImageObject\",\"inLanguage\":\"es-AR\",\"@id\":\"https:\/\/nativainfo.com\/?p=2177#primaryimage\",\"url\":\"https:\/\/nativainfo.com\/wp-content\/uploads\/2021\/08\/XXURXFBLHRGILKNHMMM7533EYE.jpg\",\"contentUrl\":\"https:\/\/nativainfo.com\/wp-content\/uploads\/2021\/08\/XXURXFBLHRGILKNHMMM7533EYE.jpg\",\"width\":1023,\"height\":682},{\"@type\":\"BreadcrumbList\",\"@id\":\"https:\/\/nativainfo.com\/?p=2177#breadcrumb\",\"itemListElement\":[{\"@type\":\"ListItem\",\"position\":1,\"name\":\"Inicio\",\"item\":\"https:\/\/nativainfo.com\/\"},{\"@type\":\"ListItem\",\"position\":2,\"name\":\"Messi puso primera: las im\u00e1genes en el entrenamiento del PSG\"}]},{\"@type\":\"WebSite\",\"@id\":\"https:\/\/nativainfo.com\/#website\",\"url\":\"https:\/\/nativainfo.com\/\",\"name\":\"Nativa Info\",\"description\":\"Diario Digital\",\"publisher\":{\"@id\":\"https:\/\/nativainfo.com\/#organization\"},\"potentialAction\":[{\"@type\":\"SearchAction\",\"target\":{\"@type\":\"EntryPoint\",\"urlTemplate\":\"https:\/\/nativainfo.com\/?s={search_term_string}\"},\"query-input\":{\"@type\":\"PropertyValueSpecification\",\"valueRequired\":true,\"valueName\":\"search_term_string\"}}],\"inLanguage\":\"es-AR\"},{\"@type\":\"Organization\",\"@id\":\"https:\/\/nativainfo.com\/#organization\",\"name\":\"Nativa Info\",\"url\":\"https:\/\/nativainfo.com\/\",\"logo\":{\"@type\":\"ImageObject\",\"inLanguage\":\"es-AR\",\"@id\":\"https:\/\/nativainfo.com\/#\/schema\/logo\/image\/\",\"url\":\"https:\/\/nativainfo.com\/wp-content\/uploads\/2025\/08\/LOGO-NATIVA-FACE.jpg\",\"contentUrl\":\"https:\/\/nativainfo.com\/wp-content\/uploads\/2025\/08\/LOGO-NATIVA-FACE.jpg\",\"width\":400,\"height\":400,\"caption\":\"Nativa Info\"},\"image\":{\"@id\":\"https:\/\/nativainfo.com\/#\/schema\/logo\/image\/\"},\"sameAs\":[\"https:\/\/www.facebook.com\/profile.php?id=61578881597564\"]},{\"@type\":\"Person\",\"@id\":\"https:\/\/nativainfo.com\/#\/schema\/person\/24893b64a9cd564ddb5d102d36eb4b5c\",\"name\":\"Nativa Info\",\"image\":{\"@type\":\"ImageObject\",\"inLanguage\":\"es-AR\",\"@id\":\"https:\/\/nativainfo.com\/#\/schema\/person\/image\/\",\"url\":\"https:\/\/secure.gravatar.com\/avatar\/016fa1cf068d85136d938e1507b9b619cb766e2565cbb1faa1e571762460c785?s=96&d=mm&r=g\",\"contentUrl\":\"https:\/\/secure.gravatar.com\/avatar\/016fa1cf068d85136d938e1507b9b619cb766e2565cbb1faa1e571762460c785?s=96&d=mm&r=g\",\"caption\":\"Nativa Info\"},\"sameAs\":[\"http:\/\/nativainfo.com\"],\"url\":\"https:\/\/nativainfo.com\/?author=1\"}]}<\/script>\n<!-- \/ Yoast SEO plugin. -->","yoast_head_json":{"title":"Messi puso primera: las im\u00e1genes en el entrenamiento del PSG - Nativa Info","robots":{"index":"index","follow":"follow","max-snippet":"max-snippet:-1","max-image-preview":"max-image-preview:large","max-video-preview":"max-video-preview:-1"},"canonical":"https:\/\/nativainfo.com\/?p=2177","og_locale":"es_ES","og_type":"article","og_title":"Messi puso primera: las im\u00e1genes en el entrenamiento del PSG - Nativa Info","og_description":"Lionel Messi&nbsp;se&nbsp;entren\u00f3&nbsp;este jueves por&nbsp;primera vez&nbsp;con el&nbsp;Par\u00eds Saint-Germain&nbsp;(PSG), equipo en el que firm\u00f3 por dos temporadas, m\u00e1s una opcional, y en... Continue reading","og_url":"https:\/\/nativainfo.com\/?p=2177","og_site_name":"Nativa Info","article_publisher":"https:\/\/www.facebook.com\/profile.php?id=61578881597564","article_published_time":"2021-08-13T07:44:02+00:00","article_modified_time":"2021-08-13T07:44:03+00:00","og_image":[{"url":"http:\/\/nativainfo.com\/wp-content\/uploads\/2021\/08\/XXURXFBLHRGILKNHMMM7533EYE.jpg","type":"","width":"","height":""}],"author":"Nativa Info","twitter_card":"summary_large_image","twitter_misc":{"Escrito por":"Nativa Info","Tiempo de lectura":"1 minuto"},"schema":{"@context":"https:\/\/schema.org","@graph":[{"@type":"Article","@id":"https:\/\/nativainfo.com\/?p=2177#article","isPartOf":{"@id":"https:\/\/nativainfo.com\/?p=2177"},"author":{"name":"Nativa Info","@id":"https:\/\/nativainfo.com\/#\/schema\/person\/24893b64a9cd564ddb5d102d36eb4b5c"},"headline":"Messi puso primera: las im\u00e1genes en el entrenamiento del PSG","datePublished":"2021-08-13T07:44:02+00:00","dateModified":"2021-08-13T07:44:03+00:00","mainEntityOfPage":{"@id":"https:\/\/nativainfo.com\/?p=2177"},"wordCount":264,"commentCount":0,"publisher":{"@id":"https:\/\/nativainfo.com\/#organization"},"image":{"@id":"https:\/\/nativainfo.com\/?p=2177#primaryimage"},"thumbnailUrl":"http:\/\/nativainfo.com\/wp-content\/uploads\/2021\/08\/XXURXFBLHRGILKNHMMM7533EYE.jpg","articleSection":["F\u00fatbol Internacional"],"inLanguage":"es-AR","potentialAction":[{"@type":"CommentAction","name":"Comment","target":["https:\/\/nativainfo.com\/?p=2177#respond"]}]},{"@type":"WebPage","@id":"https:\/\/nativainfo.com\/?p=2177","url":"https:\/\/nativainfo.com\/?p=2177","name":"Messi puso primera: las im\u00e1genes en el entrenamiento del PSG - Nativa Info","isPartOf":{"@id":"https:\/\/nativainfo.com\/#website"},"primaryImageOfPage":{"@id":"https:\/\/nativainfo.com\/?p=2177#primaryimage"},"image":{"@id":"https:\/\/nativainfo.com\/?p=2177#primaryimage"},"thumbnailUrl":"http:\/\/nativainfo.com\/wp-content\/uploads\/2021\/08\/XXURXFBLHRGILKNHMMM7533EYE.jpg","datePublished":"2021-08-13T07:44:02+00:00","dateModified":"2021-08-13T07:44:03+00:00","breadcrumb":{"@id":"https:\/\/nativainfo.com\/?p=2177#breadcrumb"},"inLanguage":"es-AR","potentialAction":[{"@type":"ReadAction","target":["https:\/\/nativainfo.com\/?p=2177"]}]},{"@type":"ImageObject","inLanguage":"es-AR","@id":"https:\/\/nativainfo.com\/?p=2177#primaryimage","url":"https:\/\/nativainfo.com\/wp-content\/uploads\/2021\/08\/XXURXFBLHRGILKNHMMM7533EYE.jpg","contentUrl":"https:\/\/nativainfo.com\/wp-content\/uploads\/2021\/08\/XXURXFBLHRGILKNHMMM7533EYE.jpg","width":1023,"height":682},{"@type":"BreadcrumbList","@id":"https:\/\/nativainfo.com\/?p=2177#breadcrumb","itemListElement":[{"@type":"ListItem","position":1,"name":"Inicio","item":"https:\/\/nativainfo.com\/"},{"@type":"ListItem","position":2,"name":"Messi puso primera: las im\u00e1genes en el entrenamiento del PSG"}]},{"@type":"WebSite","@id":"https:\/\/nativainfo.com\/#website","url":"https:\/\/nativainfo.com\/","name":"Nativa Info","description":"Diario Digital","publisher":{"@id":"https:\/\/nativainfo.com\/#organization"},"potentialAction":[{"@type":"SearchAction","target":{"@type":"EntryPoint","urlTemplate":"https:\/\/nativainfo.com\/?s={search_term_string}"},"query-input":{"@type":"PropertyValueSpecification","valueRequired":true,"valueName":"search_term_string"}}],"inLanguage":"es-AR"},{"@type":"Organization","@id":"https:\/\/nativainfo.com\/#organization","name":"Nativa Info","url":"https:\/\/nativainfo.com\/","logo":{"@type":"ImageObject","inLanguage":"es-AR","@id":"https:\/\/nativainfo.com\/#\/schema\/logo\/image\/","url":"https:\/\/nativainfo.com\/wp-content\/uploads\/2025\/08\/LOGO-NATIVA-FACE.jpg","contentUrl":"https:\/\/nativainfo.com\/wp-content\/uploads\/2025\/08\/LOGO-NATIVA-FACE.jpg","width":400,"height":400,"caption":"Nativa Info"},"image":{"@id":"https:\/\/nativainfo.com\/#\/schema\/logo\/image\/"},"sameAs":["https:\/\/www.facebook.com\/profile.php?id=61578881597564"]},{"@type":"Person","@id":"https:\/\/nativainfo.com\/#\/schema\/person\/24893b64a9cd564ddb5d102d36eb4b5c","name":"Nativa Info","image":{"@type":"ImageObject","inLanguage":"es-AR","@id":"https:\/\/nativainfo.com\/#\/schema\/person\/image\/","url":"https:\/\/secure.gravatar.com\/avatar\/016fa1cf068d85136d938e1507b9b619cb766e2565cbb1faa1e571762460c785?s=96&d=mm&r=g","contentUrl":"https:\/\/secure.gravatar.com\/avatar\/016fa1cf068d85136d938e1507b9b619cb766e2565cbb1faa1e571762460c785?s=96&d=mm&r=g","caption":"Nativa Info"},"sameAs":["http:\/\/nativainfo.com"],"url":"https:\/\/nativainfo.com\/?author=1"}]}},"jetpack_publicize_connections":[],"_links":{"self":[{"href":"https:\/\/nativainfo.com\/index.php?rest_route=\/wp\/v2\/posts\/2177","targetHints":{"allow":["GET"]}}],"collection":[{"href":"https:\/\/nativainfo.com\/index.php?rest_route=\/wp\/v2\/posts"}],"about":[{"href":"https:\/\/nativainfo.com\/index.php?rest_route=\/wp\/v2\/types\/post"}],"author":[{"embeddable":true,"href":"https:\/\/nativainfo.com\/index.php?rest_route=\/wp\/v2\/users\/1"}],"replies":[{"embeddable":true,"href":"https:\/\/nativainfo.com\/index.php?rest_route=%2Fwp%2Fv2%2Fcomments&post=2177"}],"version-history":[{"count":1,"href":"https:\/\/nativainfo.com\/index.php?rest_route=\/wp\/v2\/posts\/2177\/revisions"}],"predecessor-version":[{"id":2182,"href":"https:\/\/nativainfo.com\/index.php?rest_route=\/wp\/v2\/posts\/2177\/revisions\/2182"}],"wp:attachment":[{"href":"https:\/\/nativainfo.com\/index.php?rest_route=%2Fwp%2Fv2%2Fmedia&parent=2177"}],"wp:term":[{"taxonomy":"category","embeddable":true,"href":"https:\/\/nativainfo.com\/index.php?rest_route=%2Fwp%2Fv2%2Fcategories&post=2177"},{"taxonomy":"post_tag","embeddable":true,"href":"https:\/\/nativainfo.com\/index.php?rest_route=%2Fwp%2Fv2%2Ftags&post=2177"}],"curies":[{"name":"wp","href":"https:\/\/api.w.org\/{rel}","templated":true}]}}