{"id":2161,"date":"2021-08-10T01:40:03","date_gmt":"2021-08-10T04:40:03","guid":{"rendered":"http:\/\/nativainfo.com\/?p=2161"},"modified":"2021-08-10T01:40:05","modified_gmt":"2021-08-10T04:40:05","slug":"zamora-y-el-intendente-de-inauguraron-la-moderna-terminal-de-omnibus-de-la-ciudad","status":"publish","type":"post","link":"https:\/\/nativainfo.com\/?p=2161","title":{"rendered":"Zamora y el intendente de , inauguraron la moderna Terminal de \u00d3mnibus de la ciudad"},"content":{"rendered":"\n<p>Este lunes a la tarde\u00a0<strong>el gobernador Gerardo Zamora y el intendente de Fern\u00e1ndez V\u00edctor Araujo, dejaron inaugurada la moderna terminal de la ciudad \u201cBicentenario de la Autonom\u00eda provincial<\/strong>\u201d, una obra que tiene una superficie total de 9425 metros cuadrados.<\/p>\n\n\n\n<figure class=\"wp-block-image size-large\"><img fetchpriority=\"high\" decoding=\"async\" width=\"1024\" height=\"576\" src=\"http:\/\/nativainfo.com\/wp-content\/uploads\/2021\/08\/terminal-fernandez-389879-175549-1024x576.jpg\" alt=\"\" class=\"wp-image-2165\" srcset=\"https:\/\/nativainfo.com\/wp-content\/uploads\/2021\/08\/terminal-fernandez-389879-175549-1024x576.jpg 1024w, https:\/\/nativainfo.com\/wp-content\/uploads\/2021\/08\/terminal-fernandez-389879-175549-300x169.jpg 300w, https:\/\/nativainfo.com\/wp-content\/uploads\/2021\/08\/terminal-fernandez-389879-175549-768x432.jpg 768w, https:\/\/nativainfo.com\/wp-content\/uploads\/2021\/08\/terminal-fernandez-389879-175549-622x350.jpg 622w, https:\/\/nativainfo.com\/wp-content\/uploads\/2021\/08\/terminal-fernandez-389879-175549-150x84.jpg 150w, https:\/\/nativainfo.com\/wp-content\/uploads\/2021\/08\/terminal-fernandez-389879-175549.jpg 1200w\" sizes=\"(max-width: 1024px) 100vw, 1024px\" \/><\/figure>\n\n\n\n<p>La misma est\u00e1 ubicada sobre la calle Rivadavia de esa ciudad, y tiene acceso por la misma calle. Cuenta con un hall central y modernas oficinas, como as\u00ed tambi\u00e9n una amplia sala de espera. En el interior de la Terminal hay dos sectores separados por un patio central que se extiende sobre toda la longitud del edificio, en el cual se encuentran dos sectores: uno donde est\u00e1n las Boleter\u00edas, el sector de Administraci\u00f3n, la Oficina de servicios municipales, la Central de tableros, la Bater\u00eda de ba\u00f1os. En el sector 2 se encuentran los Locales comerciales, la Cafeter\u00eda, la Bater\u00eda de ba\u00f1os.<\/p>\n\n\n\n<p>En la oportunidad,\u00a0<strong>tanto el gobernador como el intendente agradecieron el apoyo de los vecinos<\/strong>\u00a0y dijeron que seguir\u00e1n trabajando por mejorar los servicios de la ciudad.<\/p>\n\n\n\n<p><\/p>\n","protected":false},"excerpt":{"rendered":"<p>Este lunes a la tarde\u00a0el gobernador Gerardo Zamora y el intendente de Fern\u00e1ndez V\u00edctor Araujo, dejaron inaugurada la moderna terminal&#8230; <a class=\"continue-reading-link\" href=\"https:\/\/nativainfo.com\/?p=2161\">Continue reading<\/a><\/p>\n","protected":false},"author":1,"featured_media":0,"comment_status":"open","ping_status":"open","sticky":false,"template":"","format":"standard","meta":{"rop_custom_images_group":[],"rop_custom_messages_group":[],"rop_publish_now":"initial","rop_publish_now_accounts":[],"rop_publish_now_history":[],"rop_publish_now_status":"pending","footnotes":"","jetpack_publicize_message":"","jetpack_publicize_feature_enabled":true,"jetpack_social_post_already_shared":false,"jetpack_social_options":{"image_generator_settings":{"template":"highway","default_image_id":0,"font":"","enabled":false},"version":2}},"categories":[13],"tags":[],"class_list":["post-2161","post","type-post","status-publish","format-standard","hentry","category-fernandez"],"yoast_head":"<!-- This site is optimized with the Yoast SEO plugin v25.6 - https:\/\/yoast.com\/wordpress\/plugins\/seo\/ -->\n<title>Zamora y el intendente de , inauguraron la moderna Terminal de \u00d3mnibus de la ciudad - Nativa Info<\/title>\n<meta name=\"robots\" content=\"index, follow, max-snippet:-1, max-image-preview:large, max-video-preview:-1\" \/>\n<link rel=\"canonical\" href=\"https:\/\/nativainfo.com\/?p=2161\" \/>\n<meta property=\"og:locale\" content=\"es_ES\" \/>\n<meta property=\"og:type\" content=\"article\" \/>\n<meta property=\"og:title\" content=\"Zamora y el intendente de , inauguraron la moderna Terminal de \u00d3mnibus de la ciudad - Nativa Info\" \/>\n<meta property=\"og:description\" content=\"Este lunes a la tarde\u00a0el gobernador Gerardo Zamora y el intendente de Fern\u00e1ndez V\u00edctor Araujo, dejaron inaugurada la moderna terminal... Continue reading\" \/>\n<meta property=\"og:url\" content=\"https:\/\/nativainfo.com\/?p=2161\" \/>\n<meta property=\"og:site_name\" content=\"Nativa Info\" \/>\n<meta property=\"article:publisher\" content=\"https:\/\/www.facebook.com\/profile.php?id=61578881597564\" \/>\n<meta property=\"article:published_time\" content=\"2021-08-10T04:40:03+00:00\" \/>\n<meta property=\"article:modified_time\" content=\"2021-08-10T04:40:05+00:00\" \/>\n<meta property=\"og:image\" content=\"http:\/\/nativainfo.com\/wp-content\/uploads\/2021\/08\/terminal-fernandez-389879-175549-1024x576.jpg\" \/>\n<meta name=\"author\" content=\"Nativa Info\" \/>\n<meta name=\"twitter:card\" content=\"summary_large_image\" \/>\n<meta name=\"twitter:label1\" content=\"Escrito por\" \/>\n\t<meta name=\"twitter:data1\" content=\"Nativa Info\" \/>\n\t<meta name=\"twitter:label2\" content=\"Tiempo de lectura\" \/>\n\t<meta name=\"twitter:data2\" content=\"1 minuto\" \/>\n<script type=\"application\/ld+json\" class=\"yoast-schema-graph\">{\"@context\":\"https:\/\/schema.org\",\"@graph\":[{\"@type\":\"Article\",\"@id\":\"https:\/\/nativainfo.com\/?p=2161#article\",\"isPartOf\":{\"@id\":\"https:\/\/nativainfo.com\/?p=2161\"},\"author\":{\"name\":\"Nativa Info\",\"@id\":\"https:\/\/nativainfo.com\/#\/schema\/person\/24893b64a9cd564ddb5d102d36eb4b5c\"},\"headline\":\"Zamora y el intendente de , inauguraron la moderna Terminal de \u00d3mnibus de la ciudad\",\"datePublished\":\"2021-08-10T04:40:03+00:00\",\"dateModified\":\"2021-08-10T04:40:05+00:00\",\"mainEntityOfPage\":{\"@id\":\"https:\/\/nativainfo.com\/?p=2161\"},\"wordCount\":193,\"commentCount\":0,\"publisher\":{\"@id\":\"https:\/\/nativainfo.com\/#organization\"},\"image\":{\"@id\":\"https:\/\/nativainfo.com\/?p=2161#primaryimage\"},\"thumbnailUrl\":\"http:\/\/nativainfo.com\/wp-content\/uploads\/2021\/08\/terminal-fernandez-389879-175549-1024x576.jpg\",\"articleSection\":[\"Fern\u00e1ndez\"],\"inLanguage\":\"es-AR\",\"potentialAction\":[{\"@type\":\"CommentAction\",\"name\":\"Comment\",\"target\":[\"https:\/\/nativainfo.com\/?p=2161#respond\"]}]},{\"@type\":\"WebPage\",\"@id\":\"https:\/\/nativainfo.com\/?p=2161\",\"url\":\"https:\/\/nativainfo.com\/?p=2161\",\"name\":\"Zamora y el intendente de , inauguraron la moderna Terminal de \u00d3mnibus de la ciudad - Nativa Info\",\"isPartOf\":{\"@id\":\"https:\/\/nativainfo.com\/#website\"},\"primaryImageOfPage\":{\"@id\":\"https:\/\/nativainfo.com\/?p=2161#primaryimage\"},\"image\":{\"@id\":\"https:\/\/nativainfo.com\/?p=2161#primaryimage\"},\"thumbnailUrl\":\"http:\/\/nativainfo.com\/wp-content\/uploads\/2021\/08\/terminal-fernandez-389879-175549-1024x576.jpg\",\"datePublished\":\"2021-08-10T04:40:03+00:00\",\"dateModified\":\"2021-08-10T04:40:05+00:00\",\"breadcrumb\":{\"@id\":\"https:\/\/nativainfo.com\/?p=2161#breadcrumb\"},\"inLanguage\":\"es-AR\",\"potentialAction\":[{\"@type\":\"ReadAction\",\"target\":[\"https:\/\/nativainfo.com\/?p=2161\"]}]},{\"@type\":\"ImageObject\",\"inLanguage\":\"es-AR\",\"@id\":\"https:\/\/nativainfo.com\/?p=2161#primaryimage\",\"url\":\"https:\/\/nativainfo.com\/wp-content\/uploads\/2021\/08\/terminal-fernandez-389879-175549.jpg\",\"contentUrl\":\"https:\/\/nativainfo.com\/wp-content\/uploads\/2021\/08\/terminal-fernandez-389879-175549.jpg\",\"width\":1200,\"height\":675},{\"@type\":\"BreadcrumbList\",\"@id\":\"https:\/\/nativainfo.com\/?p=2161#breadcrumb\",\"itemListElement\":[{\"@type\":\"ListItem\",\"position\":1,\"name\":\"Inicio\",\"item\":\"https:\/\/nativainfo.com\/\"},{\"@type\":\"ListItem\",\"position\":2,\"name\":\"Zamora y el intendente de , inauguraron la moderna Terminal de \u00d3mnibus de la ciudad\"}]},{\"@type\":\"WebSite\",\"@id\":\"https:\/\/nativainfo.com\/#website\",\"url\":\"https:\/\/nativainfo.com\/\",\"name\":\"Nativa Info\",\"description\":\"Diario Digital\",\"publisher\":{\"@id\":\"https:\/\/nativainfo.com\/#organization\"},\"potentialAction\":[{\"@type\":\"SearchAction\",\"target\":{\"@type\":\"EntryPoint\",\"urlTemplate\":\"https:\/\/nativainfo.com\/?s={search_term_string}\"},\"query-input\":{\"@type\":\"PropertyValueSpecification\",\"valueRequired\":true,\"valueName\":\"search_term_string\"}}],\"inLanguage\":\"es-AR\"},{\"@type\":\"Organization\",\"@id\":\"https:\/\/nativainfo.com\/#organization\",\"name\":\"Nativa Info\",\"url\":\"https:\/\/nativainfo.com\/\",\"logo\":{\"@type\":\"ImageObject\",\"inLanguage\":\"es-AR\",\"@id\":\"https:\/\/nativainfo.com\/#\/schema\/logo\/image\/\",\"url\":\"https:\/\/nativainfo.com\/wp-content\/uploads\/2025\/08\/LOGO-NATIVA-FACE.jpg\",\"contentUrl\":\"https:\/\/nativainfo.com\/wp-content\/uploads\/2025\/08\/LOGO-NATIVA-FACE.jpg\",\"width\":400,\"height\":400,\"caption\":\"Nativa Info\"},\"image\":{\"@id\":\"https:\/\/nativainfo.com\/#\/schema\/logo\/image\/\"},\"sameAs\":[\"https:\/\/www.facebook.com\/profile.php?id=61578881597564\"]},{\"@type\":\"Person\",\"@id\":\"https:\/\/nativainfo.com\/#\/schema\/person\/24893b64a9cd564ddb5d102d36eb4b5c\",\"name\":\"Nativa Info\",\"image\":{\"@type\":\"ImageObject\",\"inLanguage\":\"es-AR\",\"@id\":\"https:\/\/nativainfo.com\/#\/schema\/person\/image\/\",\"url\":\"https:\/\/secure.gravatar.com\/avatar\/016fa1cf068d85136d938e1507b9b619cb766e2565cbb1faa1e571762460c785?s=96&d=mm&r=g\",\"contentUrl\":\"https:\/\/secure.gravatar.com\/avatar\/016fa1cf068d85136d938e1507b9b619cb766e2565cbb1faa1e571762460c785?s=96&d=mm&r=g\",\"caption\":\"Nativa Info\"},\"sameAs\":[\"http:\/\/nativainfo.com\"],\"url\":\"https:\/\/nativainfo.com\/?author=1\"}]}<\/script>\n<!-- \/ Yoast SEO plugin. -->","yoast_head_json":{"title":"Zamora y el intendente de , inauguraron la moderna Terminal de \u00d3mnibus de la ciudad - Nativa Info","robots":{"index":"index","follow":"follow","max-snippet":"max-snippet:-1","max-image-preview":"max-image-preview:large","max-video-preview":"max-video-preview:-1"},"canonical":"https:\/\/nativainfo.com\/?p=2161","og_locale":"es_ES","og_type":"article","og_title":"Zamora y el intendente de , inauguraron la moderna Terminal de \u00d3mnibus de la ciudad - Nativa Info","og_description":"Este lunes a la tarde\u00a0el gobernador Gerardo Zamora y el intendente de Fern\u00e1ndez V\u00edctor Araujo, dejaron inaugurada la moderna terminal... Continue reading","og_url":"https:\/\/nativainfo.com\/?p=2161","og_site_name":"Nativa Info","article_publisher":"https:\/\/www.facebook.com\/profile.php?id=61578881597564","article_published_time":"2021-08-10T04:40:03+00:00","article_modified_time":"2021-08-10T04:40:05+00:00","og_image":[{"url":"http:\/\/nativainfo.com\/wp-content\/uploads\/2021\/08\/terminal-fernandez-389879-175549-1024x576.jpg","type":"","width":"","height":""}],"author":"Nativa Info","twitter_card":"summary_large_image","twitter_misc":{"Escrito por":"Nativa Info","Tiempo de lectura":"1 minuto"},"schema":{"@context":"https:\/\/schema.org","@graph":[{"@type":"Article","@id":"https:\/\/nativainfo.com\/?p=2161#article","isPartOf":{"@id":"https:\/\/nativainfo.com\/?p=2161"},"author":{"name":"Nativa Info","@id":"https:\/\/nativainfo.com\/#\/schema\/person\/24893b64a9cd564ddb5d102d36eb4b5c"},"headline":"Zamora y el intendente de , inauguraron la moderna Terminal de \u00d3mnibus de la ciudad","datePublished":"2021-08-10T04:40:03+00:00","dateModified":"2021-08-10T04:40:05+00:00","mainEntityOfPage":{"@id":"https:\/\/nativainfo.com\/?p=2161"},"wordCount":193,"commentCount":0,"publisher":{"@id":"https:\/\/nativainfo.com\/#organization"},"image":{"@id":"https:\/\/nativainfo.com\/?p=2161#primaryimage"},"thumbnailUrl":"http:\/\/nativainfo.com\/wp-content\/uploads\/2021\/08\/terminal-fernandez-389879-175549-1024x576.jpg","articleSection":["Fern\u00e1ndez"],"inLanguage":"es-AR","potentialAction":[{"@type":"CommentAction","name":"Comment","target":["https:\/\/nativainfo.com\/?p=2161#respond"]}]},{"@type":"WebPage","@id":"https:\/\/nativainfo.com\/?p=2161","url":"https:\/\/nativainfo.com\/?p=2161","name":"Zamora y el intendente de , inauguraron la moderna Terminal de \u00d3mnibus de la ciudad - Nativa Info","isPartOf":{"@id":"https:\/\/nativainfo.com\/#website"},"primaryImageOfPage":{"@id":"https:\/\/nativainfo.com\/?p=2161#primaryimage"},"image":{"@id":"https:\/\/nativainfo.com\/?p=2161#primaryimage"},"thumbnailUrl":"http:\/\/nativainfo.com\/wp-content\/uploads\/2021\/08\/terminal-fernandez-389879-175549-1024x576.jpg","datePublished":"2021-08-10T04:40:03+00:00","dateModified":"2021-08-10T04:40:05+00:00","breadcrumb":{"@id":"https:\/\/nativainfo.com\/?p=2161#breadcrumb"},"inLanguage":"es-AR","potentialAction":[{"@type":"ReadAction","target":["https:\/\/nativainfo.com\/?p=2161"]}]},{"@type":"ImageObject","inLanguage":"es-AR","@id":"https:\/\/nativainfo.com\/?p=2161#primaryimage","url":"https:\/\/nativainfo.com\/wp-content\/uploads\/2021\/08\/terminal-fernandez-389879-175549.jpg","contentUrl":"https:\/\/nativainfo.com\/wp-content\/uploads\/2021\/08\/terminal-fernandez-389879-175549.jpg","width":1200,"height":675},{"@type":"BreadcrumbList","@id":"https:\/\/nativainfo.com\/?p=2161#breadcrumb","itemListElement":[{"@type":"ListItem","position":1,"name":"Inicio","item":"https:\/\/nativainfo.com\/"},{"@type":"ListItem","position":2,"name":"Zamora y el intendente de , inauguraron la moderna Terminal de \u00d3mnibus de la ciudad"}]},{"@type":"WebSite","@id":"https:\/\/nativainfo.com\/#website","url":"https:\/\/nativainfo.com\/","name":"Nativa Info","description":"Diario Digital","publisher":{"@id":"https:\/\/nativainfo.com\/#organization"},"potentialAction":[{"@type":"SearchAction","target":{"@type":"EntryPoint","urlTemplate":"https:\/\/nativainfo.com\/?s={search_term_string}"},"query-input":{"@type":"PropertyValueSpecification","valueRequired":true,"valueName":"search_term_string"}}],"inLanguage":"es-AR"},{"@type":"Organization","@id":"https:\/\/nativainfo.com\/#organization","name":"Nativa Info","url":"https:\/\/nativainfo.com\/","logo":{"@type":"ImageObject","inLanguage":"es-AR","@id":"https:\/\/nativainfo.com\/#\/schema\/logo\/image\/","url":"https:\/\/nativainfo.com\/wp-content\/uploads\/2025\/08\/LOGO-NATIVA-FACE.jpg","contentUrl":"https:\/\/nativainfo.com\/wp-content\/uploads\/2025\/08\/LOGO-NATIVA-FACE.jpg","width":400,"height":400,"caption":"Nativa Info"},"image":{"@id":"https:\/\/nativainfo.com\/#\/schema\/logo\/image\/"},"sameAs":["https:\/\/www.facebook.com\/profile.php?id=61578881597564"]},{"@type":"Person","@id":"https:\/\/nativainfo.com\/#\/schema\/person\/24893b64a9cd564ddb5d102d36eb4b5c","name":"Nativa Info","image":{"@type":"ImageObject","inLanguage":"es-AR","@id":"https:\/\/nativainfo.com\/#\/schema\/person\/image\/","url":"https:\/\/secure.gravatar.com\/avatar\/016fa1cf068d85136d938e1507b9b619cb766e2565cbb1faa1e571762460c785?s=96&d=mm&r=g","contentUrl":"https:\/\/secure.gravatar.com\/avatar\/016fa1cf068d85136d938e1507b9b619cb766e2565cbb1faa1e571762460c785?s=96&d=mm&r=g","caption":"Nativa Info"},"sameAs":["http:\/\/nativainfo.com"],"url":"https:\/\/nativainfo.com\/?author=1"}]}},"jetpack_publicize_connections":[],"_links":{"self":[{"href":"https:\/\/nativainfo.com\/index.php?rest_route=\/wp\/v2\/posts\/2161","targetHints":{"allow":["GET"]}}],"collection":[{"href":"https:\/\/nativainfo.com\/index.php?rest_route=\/wp\/v2\/posts"}],"about":[{"href":"https:\/\/nativainfo.com\/index.php?rest_route=\/wp\/v2\/types\/post"}],"author":[{"embeddable":true,"href":"https:\/\/nativainfo.com\/index.php?rest_route=\/wp\/v2\/users\/1"}],"replies":[{"embeddable":true,"href":"https:\/\/nativainfo.com\/index.php?rest_route=%2Fwp%2Fv2%2Fcomments&post=2161"}],"version-history":[{"count":1,"href":"https:\/\/nativainfo.com\/index.php?rest_route=\/wp\/v2\/posts\/2161\/revisions"}],"predecessor-version":[{"id":2166,"href":"https:\/\/nativainfo.com\/index.php?rest_route=\/wp\/v2\/posts\/2161\/revisions\/2166"}],"wp:attachment":[{"href":"https:\/\/nativainfo.com\/index.php?rest_route=%2Fwp%2Fv2%2Fmedia&parent=2161"}],"wp:term":[{"taxonomy":"category","embeddable":true,"href":"https:\/\/nativainfo.com\/index.php?rest_route=%2Fwp%2Fv2%2Fcategories&post=2161"},{"taxonomy":"post_tag","embeddable":true,"href":"https:\/\/nativainfo.com\/index.php?rest_route=%2Fwp%2Fv2%2Ftags&post=2161"}],"curies":[{"name":"wp","href":"https:\/\/api.w.org\/{rel}","templated":true}]}}