{"id":2155,"date":"2021-08-09T08:19:06","date_gmt":"2021-08-09T11:19:06","guid":{"rendered":"http:\/\/nativainfo.com\/?p=2155"},"modified":"2021-08-09T08:19:59","modified_gmt":"2021-08-09T11:19:59","slug":"este-lunes-el-gobernador-zamora-vistaria-el-departamento-robles","status":"publish","type":"post","link":"https:\/\/nativainfo.com\/?p=2155","title":{"rendered":"Este lunes el Gobernador Zamora vistar\u00e1 el departamento Robles"},"content":{"rendered":"\n<figure class=\"wp-block-image size-large\"><img fetchpriority=\"high\" decoding=\"async\" width=\"960\" height=\"590\" src=\"http:\/\/nativainfo.com\/wp-content\/uploads\/2021\/08\/thumbs_det-1.jpg\" alt=\"\" class=\"wp-image-2156\" srcset=\"https:\/\/nativainfo.com\/wp-content\/uploads\/2021\/08\/thumbs_det-1.jpg 960w, https:\/\/nativainfo.com\/wp-content\/uploads\/2021\/08\/thumbs_det-1-300x184.jpg 300w, https:\/\/nativainfo.com\/wp-content\/uploads\/2021\/08\/thumbs_det-1-768x472.jpg 768w, https:\/\/nativainfo.com\/wp-content\/uploads\/2021\/08\/thumbs_det-1-569x350.jpg 569w, https:\/\/nativainfo.com\/wp-content\/uploads\/2021\/08\/thumbs_det-1-150x92.jpg 150w\" sizes=\"(max-width: 960px) 100vw, 960px\" \/><\/figure>\n\n\n\n<p><strong>El primer mandatario, arribar\u00e1 a la ciudad de Fern\u00e1ndez para dejar inaugurada la nueva terminal de \u00f3mnibus y viviendas sociales en el Paraje El Quemao.<\/strong><\/p>\n\n\n\n<p>Su visita ser\u00eda al rededor de las 17 horas para dejar inaugurada una nueva tanda de viviendas sociales en el Paraje El Quemao, justo al frente del barrio 40 viviendas, para luego dirigirse hasta la nueva terminal de \u00f3mnibus donde la dejar\u00e1 oficialmente inaugurada.<\/p>\n\n\n\n<p>Fuente: El Progreso WEB<\/p>\n","protected":false},"excerpt":{"rendered":"<p>El primer mandatario, arribar\u00e1 a la ciudad de Fern\u00e1ndez para dejar inaugurada la nueva terminal de \u00f3mnibus y viviendas sociales&#8230; <a class=\"continue-reading-link\" href=\"https:\/\/nativainfo.com\/?p=2155\">Continue reading<\/a><\/p>\n","protected":false},"author":1,"featured_media":0,"comment_status":"open","ping_status":"open","sticky":false,"template":"","format":"standard","meta":{"rop_custom_images_group":[],"rop_custom_messages_group":[],"rop_publish_now":"initial","rop_publish_now_accounts":[],"rop_publish_now_history":[],"rop_publish_now_status":"pending","footnotes":"","jetpack_publicize_message":"","jetpack_publicize_feature_enabled":true,"jetpack_social_post_already_shared":false,"jetpack_social_options":{"image_generator_settings":{"template":"highway","default_image_id":0,"font":"","enabled":false},"version":2}},"categories":[13],"tags":[],"class_list":["post-2155","post","type-post","status-publish","format-standard","hentry","category-fernandez"],"yoast_head":"<!-- This site is optimized with the Yoast SEO plugin v25.6 - https:\/\/yoast.com\/wordpress\/plugins\/seo\/ -->\n<title>Este lunes el Gobernador Zamora vistar\u00e1 el departamento Robles - Nativa Info<\/title>\n<meta name=\"robots\" content=\"index, follow, max-snippet:-1, max-image-preview:large, max-video-preview:-1\" \/>\n<link rel=\"canonical\" href=\"https:\/\/nativainfo.com\/?p=2155\" \/>\n<meta property=\"og:locale\" content=\"es_ES\" \/>\n<meta property=\"og:type\" content=\"article\" \/>\n<meta property=\"og:title\" content=\"Este lunes el Gobernador Zamora vistar\u00e1 el departamento Robles - Nativa Info\" \/>\n<meta property=\"og:description\" content=\"El primer mandatario, arribar\u00e1 a la ciudad de Fern\u00e1ndez para dejar inaugurada la nueva terminal de \u00f3mnibus y viviendas sociales... Continue reading\" \/>\n<meta property=\"og:url\" content=\"https:\/\/nativainfo.com\/?p=2155\" \/>\n<meta property=\"og:site_name\" content=\"Nativa Info\" \/>\n<meta property=\"article:publisher\" content=\"https:\/\/www.facebook.com\/profile.php?id=61578881597564\" \/>\n<meta property=\"article:published_time\" content=\"2021-08-09T11:19:06+00:00\" \/>\n<meta property=\"article:modified_time\" content=\"2021-08-09T11:19:59+00:00\" \/>\n<meta property=\"og:image\" content=\"http:\/\/nativainfo.com\/wp-content\/uploads\/2021\/08\/thumbs_det-1.jpg\" \/>\n<meta name=\"author\" content=\"Nativa Info\" \/>\n<meta name=\"twitter:card\" content=\"summary_large_image\" \/>\n<meta name=\"twitter:label1\" content=\"Escrito por\" \/>\n\t<meta name=\"twitter:data1\" content=\"Nativa Info\" \/>\n<script type=\"application\/ld+json\" class=\"yoast-schema-graph\">{\"@context\":\"https:\/\/schema.org\",\"@graph\":[{\"@type\":\"Article\",\"@id\":\"https:\/\/nativainfo.com\/?p=2155#article\",\"isPartOf\":{\"@id\":\"https:\/\/nativainfo.com\/?p=2155\"},\"author\":{\"name\":\"Nativa Info\",\"@id\":\"https:\/\/nativainfo.com\/#\/schema\/person\/24893b64a9cd564ddb5d102d36eb4b5c\"},\"headline\":\"Este lunes el Gobernador Zamora vistar\u00e1 el departamento Robles\",\"datePublished\":\"2021-08-09T11:19:06+00:00\",\"dateModified\":\"2021-08-09T11:19:59+00:00\",\"mainEntityOfPage\":{\"@id\":\"https:\/\/nativainfo.com\/?p=2155\"},\"wordCount\":82,\"commentCount\":0,\"publisher\":{\"@id\":\"https:\/\/nativainfo.com\/#organization\"},\"image\":{\"@id\":\"https:\/\/nativainfo.com\/?p=2155#primaryimage\"},\"thumbnailUrl\":\"http:\/\/nativainfo.com\/wp-content\/uploads\/2021\/08\/thumbs_det-1.jpg\",\"articleSection\":[\"Fern\u00e1ndez\"],\"inLanguage\":\"es-AR\",\"potentialAction\":[{\"@type\":\"CommentAction\",\"name\":\"Comment\",\"target\":[\"https:\/\/nativainfo.com\/?p=2155#respond\"]}]},{\"@type\":\"WebPage\",\"@id\":\"https:\/\/nativainfo.com\/?p=2155\",\"url\":\"https:\/\/nativainfo.com\/?p=2155\",\"name\":\"Este lunes el Gobernador Zamora vistar\u00e1 el departamento Robles - Nativa Info\",\"isPartOf\":{\"@id\":\"https:\/\/nativainfo.com\/#website\"},\"primaryImageOfPage\":{\"@id\":\"https:\/\/nativainfo.com\/?p=2155#primaryimage\"},\"image\":{\"@id\":\"https:\/\/nativainfo.com\/?p=2155#primaryimage\"},\"thumbnailUrl\":\"http:\/\/nativainfo.com\/wp-content\/uploads\/2021\/08\/thumbs_det-1.jpg\",\"datePublished\":\"2021-08-09T11:19:06+00:00\",\"dateModified\":\"2021-08-09T11:19:59+00:00\",\"breadcrumb\":{\"@id\":\"https:\/\/nativainfo.com\/?p=2155#breadcrumb\"},\"inLanguage\":\"es-AR\",\"potentialAction\":[{\"@type\":\"ReadAction\",\"target\":[\"https:\/\/nativainfo.com\/?p=2155\"]}]},{\"@type\":\"ImageObject\",\"inLanguage\":\"es-AR\",\"@id\":\"https:\/\/nativainfo.com\/?p=2155#primaryimage\",\"url\":\"https:\/\/nativainfo.com\/wp-content\/uploads\/2021\/08\/thumbs_det-1.jpg\",\"contentUrl\":\"https:\/\/nativainfo.com\/wp-content\/uploads\/2021\/08\/thumbs_det-1.jpg\",\"width\":960,\"height\":590},{\"@type\":\"BreadcrumbList\",\"@id\":\"https:\/\/nativainfo.com\/?p=2155#breadcrumb\",\"itemListElement\":[{\"@type\":\"ListItem\",\"position\":1,\"name\":\"Inicio\",\"item\":\"https:\/\/nativainfo.com\/\"},{\"@type\":\"ListItem\",\"position\":2,\"name\":\"Este lunes el Gobernador Zamora vistar\u00e1 el departamento Robles\"}]},{\"@type\":\"WebSite\",\"@id\":\"https:\/\/nativainfo.com\/#website\",\"url\":\"https:\/\/nativainfo.com\/\",\"name\":\"Nativa Info\",\"description\":\"Diario Digital\",\"publisher\":{\"@id\":\"https:\/\/nativainfo.com\/#organization\"},\"potentialAction\":[{\"@type\":\"SearchAction\",\"target\":{\"@type\":\"EntryPoint\",\"urlTemplate\":\"https:\/\/nativainfo.com\/?s={search_term_string}\"},\"query-input\":{\"@type\":\"PropertyValueSpecification\",\"valueRequired\":true,\"valueName\":\"search_term_string\"}}],\"inLanguage\":\"es-AR\"},{\"@type\":\"Organization\",\"@id\":\"https:\/\/nativainfo.com\/#organization\",\"name\":\"Nativa Info\",\"url\":\"https:\/\/nativainfo.com\/\",\"logo\":{\"@type\":\"ImageObject\",\"inLanguage\":\"es-AR\",\"@id\":\"https:\/\/nativainfo.com\/#\/schema\/logo\/image\/\",\"url\":\"https:\/\/nativainfo.com\/wp-content\/uploads\/2025\/08\/LOGO-NATIVA-FACE.jpg\",\"contentUrl\":\"https:\/\/nativainfo.com\/wp-content\/uploads\/2025\/08\/LOGO-NATIVA-FACE.jpg\",\"width\":400,\"height\":400,\"caption\":\"Nativa Info\"},\"image\":{\"@id\":\"https:\/\/nativainfo.com\/#\/schema\/logo\/image\/\"},\"sameAs\":[\"https:\/\/www.facebook.com\/profile.php?id=61578881597564\"]},{\"@type\":\"Person\",\"@id\":\"https:\/\/nativainfo.com\/#\/schema\/person\/24893b64a9cd564ddb5d102d36eb4b5c\",\"name\":\"Nativa Info\",\"image\":{\"@type\":\"ImageObject\",\"inLanguage\":\"es-AR\",\"@id\":\"https:\/\/nativainfo.com\/#\/schema\/person\/image\/\",\"url\":\"https:\/\/secure.gravatar.com\/avatar\/016fa1cf068d85136d938e1507b9b619cb766e2565cbb1faa1e571762460c785?s=96&d=mm&r=g\",\"contentUrl\":\"https:\/\/secure.gravatar.com\/avatar\/016fa1cf068d85136d938e1507b9b619cb766e2565cbb1faa1e571762460c785?s=96&d=mm&r=g\",\"caption\":\"Nativa Info\"},\"sameAs\":[\"http:\/\/nativainfo.com\"],\"url\":\"https:\/\/nativainfo.com\/?author=1\"}]}<\/script>\n<!-- \/ Yoast SEO plugin. -->","yoast_head_json":{"title":"Este lunes el Gobernador Zamora vistar\u00e1 el departamento Robles - Nativa Info","robots":{"index":"index","follow":"follow","max-snippet":"max-snippet:-1","max-image-preview":"max-image-preview:large","max-video-preview":"max-video-preview:-1"},"canonical":"https:\/\/nativainfo.com\/?p=2155","og_locale":"es_ES","og_type":"article","og_title":"Este lunes el Gobernador Zamora vistar\u00e1 el departamento Robles - Nativa Info","og_description":"El primer mandatario, arribar\u00e1 a la ciudad de Fern\u00e1ndez para dejar inaugurada la nueva terminal de \u00f3mnibus y viviendas sociales... Continue reading","og_url":"https:\/\/nativainfo.com\/?p=2155","og_site_name":"Nativa Info","article_publisher":"https:\/\/www.facebook.com\/profile.php?id=61578881597564","article_published_time":"2021-08-09T11:19:06+00:00","article_modified_time":"2021-08-09T11:19:59+00:00","og_image":[{"url":"http:\/\/nativainfo.com\/wp-content\/uploads\/2021\/08\/thumbs_det-1.jpg","type":"","width":"","height":""}],"author":"Nativa Info","twitter_card":"summary_large_image","twitter_misc":{"Escrito por":"Nativa Info"},"schema":{"@context":"https:\/\/schema.org","@graph":[{"@type":"Article","@id":"https:\/\/nativainfo.com\/?p=2155#article","isPartOf":{"@id":"https:\/\/nativainfo.com\/?p=2155"},"author":{"name":"Nativa Info","@id":"https:\/\/nativainfo.com\/#\/schema\/person\/24893b64a9cd564ddb5d102d36eb4b5c"},"headline":"Este lunes el Gobernador Zamora vistar\u00e1 el departamento Robles","datePublished":"2021-08-09T11:19:06+00:00","dateModified":"2021-08-09T11:19:59+00:00","mainEntityOfPage":{"@id":"https:\/\/nativainfo.com\/?p=2155"},"wordCount":82,"commentCount":0,"publisher":{"@id":"https:\/\/nativainfo.com\/#organization"},"image":{"@id":"https:\/\/nativainfo.com\/?p=2155#primaryimage"},"thumbnailUrl":"http:\/\/nativainfo.com\/wp-content\/uploads\/2021\/08\/thumbs_det-1.jpg","articleSection":["Fern\u00e1ndez"],"inLanguage":"es-AR","potentialAction":[{"@type":"CommentAction","name":"Comment","target":["https:\/\/nativainfo.com\/?p=2155#respond"]}]},{"@type":"WebPage","@id":"https:\/\/nativainfo.com\/?p=2155","url":"https:\/\/nativainfo.com\/?p=2155","name":"Este lunes el Gobernador Zamora vistar\u00e1 el departamento Robles - Nativa Info","isPartOf":{"@id":"https:\/\/nativainfo.com\/#website"},"primaryImageOfPage":{"@id":"https:\/\/nativainfo.com\/?p=2155#primaryimage"},"image":{"@id":"https:\/\/nativainfo.com\/?p=2155#primaryimage"},"thumbnailUrl":"http:\/\/nativainfo.com\/wp-content\/uploads\/2021\/08\/thumbs_det-1.jpg","datePublished":"2021-08-09T11:19:06+00:00","dateModified":"2021-08-09T11:19:59+00:00","breadcrumb":{"@id":"https:\/\/nativainfo.com\/?p=2155#breadcrumb"},"inLanguage":"es-AR","potentialAction":[{"@type":"ReadAction","target":["https:\/\/nativainfo.com\/?p=2155"]}]},{"@type":"ImageObject","inLanguage":"es-AR","@id":"https:\/\/nativainfo.com\/?p=2155#primaryimage","url":"https:\/\/nativainfo.com\/wp-content\/uploads\/2021\/08\/thumbs_det-1.jpg","contentUrl":"https:\/\/nativainfo.com\/wp-content\/uploads\/2021\/08\/thumbs_det-1.jpg","width":960,"height":590},{"@type":"BreadcrumbList","@id":"https:\/\/nativainfo.com\/?p=2155#breadcrumb","itemListElement":[{"@type":"ListItem","position":1,"name":"Inicio","item":"https:\/\/nativainfo.com\/"},{"@type":"ListItem","position":2,"name":"Este lunes el Gobernador Zamora vistar\u00e1 el departamento Robles"}]},{"@type":"WebSite","@id":"https:\/\/nativainfo.com\/#website","url":"https:\/\/nativainfo.com\/","name":"Nativa Info","description":"Diario Digital","publisher":{"@id":"https:\/\/nativainfo.com\/#organization"},"potentialAction":[{"@type":"SearchAction","target":{"@type":"EntryPoint","urlTemplate":"https:\/\/nativainfo.com\/?s={search_term_string}"},"query-input":{"@type":"PropertyValueSpecification","valueRequired":true,"valueName":"search_term_string"}}],"inLanguage":"es-AR"},{"@type":"Organization","@id":"https:\/\/nativainfo.com\/#organization","name":"Nativa Info","url":"https:\/\/nativainfo.com\/","logo":{"@type":"ImageObject","inLanguage":"es-AR","@id":"https:\/\/nativainfo.com\/#\/schema\/logo\/image\/","url":"https:\/\/nativainfo.com\/wp-content\/uploads\/2025\/08\/LOGO-NATIVA-FACE.jpg","contentUrl":"https:\/\/nativainfo.com\/wp-content\/uploads\/2025\/08\/LOGO-NATIVA-FACE.jpg","width":400,"height":400,"caption":"Nativa Info"},"image":{"@id":"https:\/\/nativainfo.com\/#\/schema\/logo\/image\/"},"sameAs":["https:\/\/www.facebook.com\/profile.php?id=61578881597564"]},{"@type":"Person","@id":"https:\/\/nativainfo.com\/#\/schema\/person\/24893b64a9cd564ddb5d102d36eb4b5c","name":"Nativa Info","image":{"@type":"ImageObject","inLanguage":"es-AR","@id":"https:\/\/nativainfo.com\/#\/schema\/person\/image\/","url":"https:\/\/secure.gravatar.com\/avatar\/016fa1cf068d85136d938e1507b9b619cb766e2565cbb1faa1e571762460c785?s=96&d=mm&r=g","contentUrl":"https:\/\/secure.gravatar.com\/avatar\/016fa1cf068d85136d938e1507b9b619cb766e2565cbb1faa1e571762460c785?s=96&d=mm&r=g","caption":"Nativa Info"},"sameAs":["http:\/\/nativainfo.com"],"url":"https:\/\/nativainfo.com\/?author=1"}]}},"jetpack_publicize_connections":[],"_links":{"self":[{"href":"https:\/\/nativainfo.com\/index.php?rest_route=\/wp\/v2\/posts\/2155","targetHints":{"allow":["GET"]}}],"collection":[{"href":"https:\/\/nativainfo.com\/index.php?rest_route=\/wp\/v2\/posts"}],"about":[{"href":"https:\/\/nativainfo.com\/index.php?rest_route=\/wp\/v2\/types\/post"}],"author":[{"embeddable":true,"href":"https:\/\/nativainfo.com\/index.php?rest_route=\/wp\/v2\/users\/1"}],"replies":[{"embeddable":true,"href":"https:\/\/nativainfo.com\/index.php?rest_route=%2Fwp%2Fv2%2Fcomments&post=2155"}],"version-history":[{"count":2,"href":"https:\/\/nativainfo.com\/index.php?rest_route=\/wp\/v2\/posts\/2155\/revisions"}],"predecessor-version":[{"id":2158,"href":"https:\/\/nativainfo.com\/index.php?rest_route=\/wp\/v2\/posts\/2155\/revisions\/2158"}],"wp:attachment":[{"href":"https:\/\/nativainfo.com\/index.php?rest_route=%2Fwp%2Fv2%2Fmedia&parent=2155"}],"wp:term":[{"taxonomy":"category","embeddable":true,"href":"https:\/\/nativainfo.com\/index.php?rest_route=%2Fwp%2Fv2%2Fcategories&post=2155"},{"taxonomy":"post_tag","embeddable":true,"href":"https:\/\/nativainfo.com\/index.php?rest_route=%2Fwp%2Fv2%2Ftags&post=2155"}],"curies":[{"name":"wp","href":"https:\/\/api.w.org\/{rel}","templated":true}]}}