{"id":2149,"date":"2021-08-09T07:26:41","date_gmt":"2021-08-09T10:26:41","guid":{"rendered":"http:\/\/nativainfo.com\/?p=2149"},"modified":"2021-08-09T07:26:45","modified_gmt":"2021-08-09T10:26:45","slug":"desde-este-lunes-9-de-agosto-quedan-habilitadas-las-reuniones-familiares-en-santiago-del-estero","status":"publish","type":"post","link":"https:\/\/nativainfo.com\/?p=2149","title":{"rendered":"Desde este lunes 9 de agosto quedan habilitadas las reuniones familiares en Santiago del Estero"},"content":{"rendered":"\n<figure class=\"wp-block-image size-large\"><img fetchpriority=\"high\" decoding=\"async\" width=\"1024\" height=\"460\" src=\"http:\/\/nativainfo.com\/wp-content\/uploads\/2021\/08\/reunioncoe-e1620681343707-1024x460.jpg\" alt=\"\" class=\"wp-image-2152\" srcset=\"https:\/\/nativainfo.com\/wp-content\/uploads\/2021\/08\/reunioncoe-e1620681343707-1024x460.jpg 1024w, https:\/\/nativainfo.com\/wp-content\/uploads\/2021\/08\/reunioncoe-e1620681343707-300x135.jpg 300w, https:\/\/nativainfo.com\/wp-content\/uploads\/2021\/08\/reunioncoe-e1620681343707-768x345.jpg 768w, https:\/\/nativainfo.com\/wp-content\/uploads\/2021\/08\/reunioncoe-e1620681343707-779x350.jpg 779w, https:\/\/nativainfo.com\/wp-content\/uploads\/2021\/08\/reunioncoe-e1620681343707-150x67.jpg 150w, https:\/\/nativainfo.com\/wp-content\/uploads\/2021\/08\/reunioncoe-e1620681343707.jpg 1079w\" sizes=\"(max-width: 1024px) 100vw, 1024px\" \/><\/figure>\n\n\n\n<p>Este domingo el<strong>&nbsp;Comit\u00e9 Operativo de Emergencia volvi\u00f3 a reunirse<\/strong>&nbsp;y emiti\u00f3 un informe de la situaci\u00f3n sanitaria por el coronavirus en Santiago del Estero. En el mismo, que lleva la firma del<strong>&nbsp;jefe de Gabinete El\u00edas Su\u00e1rez y de la ministra Natividad Nassif<\/strong>, se especifica que quedan habilitadas las reuniones familiares hasta 10 personas.<\/p>\n\n\n\n<p>Adem\u00e1s,&nbsp;<strong>se mantienen el resto de las medidas vigentes hasta el pr\u00f3ximo 15 de agosto, seg\u00fan indic\u00f3 el COE<\/strong>&nbsp;en base a las disposiciones establecidas en el DNU 494\/21 que considera bajo alarma epidemiol\u00f3gica y sanitaria a los conglomerados urbanos que superan el 80% de ocupaci\u00f3n de camas UTI-UCI.<\/p>\n\n\n\n<p>Las autoridades informaron tambi\u00e9n que en la \u00faltima semana el promedio de casos fue de 2294, con 327 contagios diarios. La ocupaci\u00f3n de camas sigue siendo de 85% y de camas leves y moderadas del 40%. Cabe destacar que contin\u00faan prohibidas las reuniones sociales en domicilios particulares.<\/p>\n\n\n\n<p>En otro sentido, el COE record\u00f3 que sigue vigente el horario de circulaci\u00f3n de 6 a 00, todos los d\u00edas, a excepci\u00f3n de Nueva Esperanza y Monte Quemado que mantienen el horario de 6 a 22 por el riesgo epidemiol\u00f3gico. El aforo vigente en bares, restaurantes, es del 50 % y hasta 6 personas por mesa, en templos religiosos es del 30%, respetando todos los protocolos establecidos.<\/p>\n\n\n\n<p>Tambi\u00e9n se recuerda que sigue habilitado el transporte p\u00fablico, y que s\u00f3lo se permite pasajeros sentados; las clases presenciales cuidadas, seg\u00fan protocolos y disposiciones vigentes establecidas por el Consejo General de Educaci\u00f3n y est\u00e1n prohibidos en toda la provincia los viajes grupales de todo tipo.<\/p>\n","protected":false},"excerpt":{"rendered":"<p>Este domingo el&nbsp;Comit\u00e9 Operativo de Emergencia volvi\u00f3 a reunirse&nbsp;y emiti\u00f3 un informe de la situaci\u00f3n sanitaria por el coronavirus en&#8230; <a class=\"continue-reading-link\" href=\"https:\/\/nativainfo.com\/?p=2149\">Continue reading<\/a><\/p>\n","protected":false},"author":1,"featured_media":0,"comment_status":"open","ping_status":"open","sticky":false,"template":"","format":"standard","meta":{"rop_custom_images_group":[],"rop_custom_messages_group":[],"rop_publish_now":"initial","rop_publish_now_accounts":[],"rop_publish_now_history":[],"rop_publish_now_status":"pending","footnotes":"","jetpack_publicize_message":"","jetpack_publicize_feature_enabled":true,"jetpack_social_post_already_shared":false,"jetpack_social_options":{"image_generator_settings":{"template":"highway","default_image_id":0,"font":"","enabled":false},"version":2}},"categories":[12],"tags":[],"class_list":["post-2149","post","type-post","status-publish","format-standard","hentry","category-provincia"],"yoast_head":"<!-- This site is optimized with the Yoast SEO plugin v25.6 - https:\/\/yoast.com\/wordpress\/plugins\/seo\/ -->\n<title>Desde este lunes 9 de agosto quedan habilitadas las reuniones familiares en Santiago del Estero - Nativa Info<\/title>\n<meta name=\"robots\" content=\"index, follow, max-snippet:-1, max-image-preview:large, max-video-preview:-1\" \/>\n<link rel=\"canonical\" href=\"https:\/\/nativainfo.com\/?p=2149\" \/>\n<meta property=\"og:locale\" content=\"es_ES\" \/>\n<meta property=\"og:type\" content=\"article\" \/>\n<meta property=\"og:title\" content=\"Desde este lunes 9 de agosto quedan habilitadas las reuniones familiares en Santiago del Estero - Nativa Info\" \/>\n<meta property=\"og:description\" content=\"Este domingo el&nbsp;Comit\u00e9 Operativo de Emergencia volvi\u00f3 a reunirse&nbsp;y emiti\u00f3 un informe de la situaci\u00f3n sanitaria por el coronavirus en... Continue reading\" \/>\n<meta property=\"og:url\" content=\"https:\/\/nativainfo.com\/?p=2149\" \/>\n<meta property=\"og:site_name\" content=\"Nativa Info\" \/>\n<meta property=\"article:publisher\" content=\"https:\/\/www.facebook.com\/profile.php?id=61578881597564\" \/>\n<meta property=\"article:published_time\" content=\"2021-08-09T10:26:41+00:00\" \/>\n<meta property=\"article:modified_time\" content=\"2021-08-09T10:26:45+00:00\" \/>\n<meta property=\"og:image\" content=\"http:\/\/nativainfo.com\/wp-content\/uploads\/2021\/08\/reunioncoe-e1620681343707-1024x460.jpg\" \/>\n<meta name=\"author\" content=\"Nativa Info\" \/>\n<meta name=\"twitter:card\" content=\"summary_large_image\" \/>\n<meta name=\"twitter:label1\" content=\"Escrito por\" \/>\n\t<meta name=\"twitter:data1\" content=\"Nativa Info\" \/>\n\t<meta name=\"twitter:label2\" content=\"Tiempo de lectura\" \/>\n\t<meta name=\"twitter:data2\" content=\"1 minuto\" \/>\n<script type=\"application\/ld+json\" class=\"yoast-schema-graph\">{\"@context\":\"https:\/\/schema.org\",\"@graph\":[{\"@type\":\"Article\",\"@id\":\"https:\/\/nativainfo.com\/?p=2149#article\",\"isPartOf\":{\"@id\":\"https:\/\/nativainfo.com\/?p=2149\"},\"author\":{\"name\":\"Nativa Info\",\"@id\":\"https:\/\/nativainfo.com\/#\/schema\/person\/24893b64a9cd564ddb5d102d36eb4b5c\"},\"headline\":\"Desde este lunes 9 de agosto quedan habilitadas las reuniones familiares en Santiago del Estero\",\"datePublished\":\"2021-08-09T10:26:41+00:00\",\"dateModified\":\"2021-08-09T10:26:45+00:00\",\"mainEntityOfPage\":{\"@id\":\"https:\/\/nativainfo.com\/?p=2149\"},\"wordCount\":287,\"commentCount\":0,\"publisher\":{\"@id\":\"https:\/\/nativainfo.com\/#organization\"},\"image\":{\"@id\":\"https:\/\/nativainfo.com\/?p=2149#primaryimage\"},\"thumbnailUrl\":\"http:\/\/nativainfo.com\/wp-content\/uploads\/2021\/08\/reunioncoe-e1620681343707-1024x460.jpg\",\"articleSection\":[\"Provincia\"],\"inLanguage\":\"es-AR\",\"potentialAction\":[{\"@type\":\"CommentAction\",\"name\":\"Comment\",\"target\":[\"https:\/\/nativainfo.com\/?p=2149#respond\"]}]},{\"@type\":\"WebPage\",\"@id\":\"https:\/\/nativainfo.com\/?p=2149\",\"url\":\"https:\/\/nativainfo.com\/?p=2149\",\"name\":\"Desde este lunes 9 de agosto quedan habilitadas las reuniones familiares en Santiago del Estero - Nativa Info\",\"isPartOf\":{\"@id\":\"https:\/\/nativainfo.com\/#website\"},\"primaryImageOfPage\":{\"@id\":\"https:\/\/nativainfo.com\/?p=2149#primaryimage\"},\"image\":{\"@id\":\"https:\/\/nativainfo.com\/?p=2149#primaryimage\"},\"thumbnailUrl\":\"http:\/\/nativainfo.com\/wp-content\/uploads\/2021\/08\/reunioncoe-e1620681343707-1024x460.jpg\",\"datePublished\":\"2021-08-09T10:26:41+00:00\",\"dateModified\":\"2021-08-09T10:26:45+00:00\",\"breadcrumb\":{\"@id\":\"https:\/\/nativainfo.com\/?p=2149#breadcrumb\"},\"inLanguage\":\"es-AR\",\"potentialAction\":[{\"@type\":\"ReadAction\",\"target\":[\"https:\/\/nativainfo.com\/?p=2149\"]}]},{\"@type\":\"ImageObject\",\"inLanguage\":\"es-AR\",\"@id\":\"https:\/\/nativainfo.com\/?p=2149#primaryimage\",\"url\":\"https:\/\/nativainfo.com\/wp-content\/uploads\/2021\/08\/reunioncoe-e1620681343707.jpg\",\"contentUrl\":\"https:\/\/nativainfo.com\/wp-content\/uploads\/2021\/08\/reunioncoe-e1620681343707.jpg\",\"width\":1079,\"height\":485},{\"@type\":\"BreadcrumbList\",\"@id\":\"https:\/\/nativainfo.com\/?p=2149#breadcrumb\",\"itemListElement\":[{\"@type\":\"ListItem\",\"position\":1,\"name\":\"Inicio\",\"item\":\"https:\/\/nativainfo.com\/\"},{\"@type\":\"ListItem\",\"position\":2,\"name\":\"Desde este lunes 9 de agosto quedan habilitadas las reuniones familiares en Santiago del Estero\"}]},{\"@type\":\"WebSite\",\"@id\":\"https:\/\/nativainfo.com\/#website\",\"url\":\"https:\/\/nativainfo.com\/\",\"name\":\"Nativa Info\",\"description\":\"Diario Digital\",\"publisher\":{\"@id\":\"https:\/\/nativainfo.com\/#organization\"},\"potentialAction\":[{\"@type\":\"SearchAction\",\"target\":{\"@type\":\"EntryPoint\",\"urlTemplate\":\"https:\/\/nativainfo.com\/?s={search_term_string}\"},\"query-input\":{\"@type\":\"PropertyValueSpecification\",\"valueRequired\":true,\"valueName\":\"search_term_string\"}}],\"inLanguage\":\"es-AR\"},{\"@type\":\"Organization\",\"@id\":\"https:\/\/nativainfo.com\/#organization\",\"name\":\"Nativa Info\",\"url\":\"https:\/\/nativainfo.com\/\",\"logo\":{\"@type\":\"ImageObject\",\"inLanguage\":\"es-AR\",\"@id\":\"https:\/\/nativainfo.com\/#\/schema\/logo\/image\/\",\"url\":\"https:\/\/nativainfo.com\/wp-content\/uploads\/2025\/08\/LOGO-NATIVA-FACE.jpg\",\"contentUrl\":\"https:\/\/nativainfo.com\/wp-content\/uploads\/2025\/08\/LOGO-NATIVA-FACE.jpg\",\"width\":400,\"height\":400,\"caption\":\"Nativa Info\"},\"image\":{\"@id\":\"https:\/\/nativainfo.com\/#\/schema\/logo\/image\/\"},\"sameAs\":[\"https:\/\/www.facebook.com\/profile.php?id=61578881597564\"]},{\"@type\":\"Person\",\"@id\":\"https:\/\/nativainfo.com\/#\/schema\/person\/24893b64a9cd564ddb5d102d36eb4b5c\",\"name\":\"Nativa Info\",\"image\":{\"@type\":\"ImageObject\",\"inLanguage\":\"es-AR\",\"@id\":\"https:\/\/nativainfo.com\/#\/schema\/person\/image\/\",\"url\":\"https:\/\/secure.gravatar.com\/avatar\/016fa1cf068d85136d938e1507b9b619cb766e2565cbb1faa1e571762460c785?s=96&d=mm&r=g\",\"contentUrl\":\"https:\/\/secure.gravatar.com\/avatar\/016fa1cf068d85136d938e1507b9b619cb766e2565cbb1faa1e571762460c785?s=96&d=mm&r=g\",\"caption\":\"Nativa Info\"},\"sameAs\":[\"http:\/\/nativainfo.com\"],\"url\":\"https:\/\/nativainfo.com\/?author=1\"}]}<\/script>\n<!-- \/ Yoast SEO plugin. -->","yoast_head_json":{"title":"Desde este lunes 9 de agosto quedan habilitadas las reuniones familiares en Santiago del Estero - Nativa Info","robots":{"index":"index","follow":"follow","max-snippet":"max-snippet:-1","max-image-preview":"max-image-preview:large","max-video-preview":"max-video-preview:-1"},"canonical":"https:\/\/nativainfo.com\/?p=2149","og_locale":"es_ES","og_type":"article","og_title":"Desde este lunes 9 de agosto quedan habilitadas las reuniones familiares en Santiago del Estero - Nativa Info","og_description":"Este domingo el&nbsp;Comit\u00e9 Operativo de Emergencia volvi\u00f3 a reunirse&nbsp;y emiti\u00f3 un informe de la situaci\u00f3n sanitaria por el coronavirus en... Continue reading","og_url":"https:\/\/nativainfo.com\/?p=2149","og_site_name":"Nativa Info","article_publisher":"https:\/\/www.facebook.com\/profile.php?id=61578881597564","article_published_time":"2021-08-09T10:26:41+00:00","article_modified_time":"2021-08-09T10:26:45+00:00","og_image":[{"url":"http:\/\/nativainfo.com\/wp-content\/uploads\/2021\/08\/reunioncoe-e1620681343707-1024x460.jpg","type":"","width":"","height":""}],"author":"Nativa Info","twitter_card":"summary_large_image","twitter_misc":{"Escrito por":"Nativa Info","Tiempo de lectura":"1 minuto"},"schema":{"@context":"https:\/\/schema.org","@graph":[{"@type":"Article","@id":"https:\/\/nativainfo.com\/?p=2149#article","isPartOf":{"@id":"https:\/\/nativainfo.com\/?p=2149"},"author":{"name":"Nativa Info","@id":"https:\/\/nativainfo.com\/#\/schema\/person\/24893b64a9cd564ddb5d102d36eb4b5c"},"headline":"Desde este lunes 9 de agosto quedan habilitadas las reuniones familiares en Santiago del Estero","datePublished":"2021-08-09T10:26:41+00:00","dateModified":"2021-08-09T10:26:45+00:00","mainEntityOfPage":{"@id":"https:\/\/nativainfo.com\/?p=2149"},"wordCount":287,"commentCount":0,"publisher":{"@id":"https:\/\/nativainfo.com\/#organization"},"image":{"@id":"https:\/\/nativainfo.com\/?p=2149#primaryimage"},"thumbnailUrl":"http:\/\/nativainfo.com\/wp-content\/uploads\/2021\/08\/reunioncoe-e1620681343707-1024x460.jpg","articleSection":["Provincia"],"inLanguage":"es-AR","potentialAction":[{"@type":"CommentAction","name":"Comment","target":["https:\/\/nativainfo.com\/?p=2149#respond"]}]},{"@type":"WebPage","@id":"https:\/\/nativainfo.com\/?p=2149","url":"https:\/\/nativainfo.com\/?p=2149","name":"Desde este lunes 9 de agosto quedan habilitadas las reuniones familiares en Santiago del Estero - Nativa Info","isPartOf":{"@id":"https:\/\/nativainfo.com\/#website"},"primaryImageOfPage":{"@id":"https:\/\/nativainfo.com\/?p=2149#primaryimage"},"image":{"@id":"https:\/\/nativainfo.com\/?p=2149#primaryimage"},"thumbnailUrl":"http:\/\/nativainfo.com\/wp-content\/uploads\/2021\/08\/reunioncoe-e1620681343707-1024x460.jpg","datePublished":"2021-08-09T10:26:41+00:00","dateModified":"2021-08-09T10:26:45+00:00","breadcrumb":{"@id":"https:\/\/nativainfo.com\/?p=2149#breadcrumb"},"inLanguage":"es-AR","potentialAction":[{"@type":"ReadAction","target":["https:\/\/nativainfo.com\/?p=2149"]}]},{"@type":"ImageObject","inLanguage":"es-AR","@id":"https:\/\/nativainfo.com\/?p=2149#primaryimage","url":"https:\/\/nativainfo.com\/wp-content\/uploads\/2021\/08\/reunioncoe-e1620681343707.jpg","contentUrl":"https:\/\/nativainfo.com\/wp-content\/uploads\/2021\/08\/reunioncoe-e1620681343707.jpg","width":1079,"height":485},{"@type":"BreadcrumbList","@id":"https:\/\/nativainfo.com\/?p=2149#breadcrumb","itemListElement":[{"@type":"ListItem","position":1,"name":"Inicio","item":"https:\/\/nativainfo.com\/"},{"@type":"ListItem","position":2,"name":"Desde este lunes 9 de agosto quedan habilitadas las reuniones familiares en Santiago del Estero"}]},{"@type":"WebSite","@id":"https:\/\/nativainfo.com\/#website","url":"https:\/\/nativainfo.com\/","name":"Nativa Info","description":"Diario Digital","publisher":{"@id":"https:\/\/nativainfo.com\/#organization"},"potentialAction":[{"@type":"SearchAction","target":{"@type":"EntryPoint","urlTemplate":"https:\/\/nativainfo.com\/?s={search_term_string}"},"query-input":{"@type":"PropertyValueSpecification","valueRequired":true,"valueName":"search_term_string"}}],"inLanguage":"es-AR"},{"@type":"Organization","@id":"https:\/\/nativainfo.com\/#organization","name":"Nativa Info","url":"https:\/\/nativainfo.com\/","logo":{"@type":"ImageObject","inLanguage":"es-AR","@id":"https:\/\/nativainfo.com\/#\/schema\/logo\/image\/","url":"https:\/\/nativainfo.com\/wp-content\/uploads\/2025\/08\/LOGO-NATIVA-FACE.jpg","contentUrl":"https:\/\/nativainfo.com\/wp-content\/uploads\/2025\/08\/LOGO-NATIVA-FACE.jpg","width":400,"height":400,"caption":"Nativa Info"},"image":{"@id":"https:\/\/nativainfo.com\/#\/schema\/logo\/image\/"},"sameAs":["https:\/\/www.facebook.com\/profile.php?id=61578881597564"]},{"@type":"Person","@id":"https:\/\/nativainfo.com\/#\/schema\/person\/24893b64a9cd564ddb5d102d36eb4b5c","name":"Nativa Info","image":{"@type":"ImageObject","inLanguage":"es-AR","@id":"https:\/\/nativainfo.com\/#\/schema\/person\/image\/","url":"https:\/\/secure.gravatar.com\/avatar\/016fa1cf068d85136d938e1507b9b619cb766e2565cbb1faa1e571762460c785?s=96&d=mm&r=g","contentUrl":"https:\/\/secure.gravatar.com\/avatar\/016fa1cf068d85136d938e1507b9b619cb766e2565cbb1faa1e571762460c785?s=96&d=mm&r=g","caption":"Nativa Info"},"sameAs":["http:\/\/nativainfo.com"],"url":"https:\/\/nativainfo.com\/?author=1"}]}},"jetpack_publicize_connections":[],"_links":{"self":[{"href":"https:\/\/nativainfo.com\/index.php?rest_route=\/wp\/v2\/posts\/2149","targetHints":{"allow":["GET"]}}],"collection":[{"href":"https:\/\/nativainfo.com\/index.php?rest_route=\/wp\/v2\/posts"}],"about":[{"href":"https:\/\/nativainfo.com\/index.php?rest_route=\/wp\/v2\/types\/post"}],"author":[{"embeddable":true,"href":"https:\/\/nativainfo.com\/index.php?rest_route=\/wp\/v2\/users\/1"}],"replies":[{"embeddable":true,"href":"https:\/\/nativainfo.com\/index.php?rest_route=%2Fwp%2Fv2%2Fcomments&post=2149"}],"version-history":[{"count":1,"href":"https:\/\/nativainfo.com\/index.php?rest_route=\/wp\/v2\/posts\/2149\/revisions"}],"predecessor-version":[{"id":2153,"href":"https:\/\/nativainfo.com\/index.php?rest_route=\/wp\/v2\/posts\/2149\/revisions\/2153"}],"wp:attachment":[{"href":"https:\/\/nativainfo.com\/index.php?rest_route=%2Fwp%2Fv2%2Fmedia&parent=2149"}],"wp:term":[{"taxonomy":"category","embeddable":true,"href":"https:\/\/nativainfo.com\/index.php?rest_route=%2Fwp%2Fv2%2Fcategories&post=2149"},{"taxonomy":"post_tag","embeddable":true,"href":"https:\/\/nativainfo.com\/index.php?rest_route=%2Fwp%2Fv2%2Ftags&post=2149"}],"curies":[{"name":"wp","href":"https:\/\/api.w.org\/{rel}","templated":true}]}}