{"id":2134,"date":"2021-08-08T01:29:32","date_gmt":"2021-08-08T04:29:32","guid":{"rendered":"http:\/\/nativainfo.com\/?p=2134"},"modified":"2021-08-08T01:29:36","modified_gmt":"2021-08-08T04:29:36","slug":"lionel-messi-llamo-a-una-conferencia-de-prensa-para-hablar-de-su-salida-del-barcelona","status":"publish","type":"post","link":"https:\/\/nativainfo.com\/?p=2134","title":{"rendered":"Lionel Messi llam\u00f3 a una conferencia de prensa para hablar de su salida del Barcelona"},"content":{"rendered":"\n<p>Lo confirm\u00f3 el club mediante un comunicado. Se espera que el futbolista explique los motivos por los cuales no se concret\u00f3 la renovaci\u00f3n del contrato y d\u00e9 detalles sobre su futuro. Expectativa mundial.<\/p>\n\n\n\n<figure class=\"wp-block-image size-large\"><img fetchpriority=\"high\" decoding=\"async\" width=\"768\" height=\"512\" src=\"http:\/\/nativainfo.com\/wp-content\/uploads\/2021\/08\/4EHOA3U3IVCPXMURK5AEI5LMLY.jpg\" alt=\"\" class=\"wp-image-2139\" srcset=\"https:\/\/nativainfo.com\/wp-content\/uploads\/2021\/08\/4EHOA3U3IVCPXMURK5AEI5LMLY.jpg 768w, https:\/\/nativainfo.com\/wp-content\/uploads\/2021\/08\/4EHOA3U3IVCPXMURK5AEI5LMLY-300x200.jpg 300w, https:\/\/nativainfo.com\/wp-content\/uploads\/2021\/08\/4EHOA3U3IVCPXMURK5AEI5LMLY-525x350.jpg 525w, https:\/\/nativainfo.com\/wp-content\/uploads\/2021\/08\/4EHOA3U3IVCPXMURK5AEI5LMLY-150x100.jpg 150w\" sizes=\"(max-width: 768px) 100vw, 768px\" \/><\/figure>\n\n\n\n<p><strong>Lionel Messi<\/strong>&nbsp;hablar\u00e1 ante los medios en el&nbsp;<strong>Camp Nou<\/strong>, el estadio de Barcelona, este domingo a las doce del mediod\u00eda, siete de la ma\u00f1ana de la Argentina. All\u00ed dar\u00e1 su versi\u00f3n de los hechos sobre su salida del&nbsp;<strong>Barcelona, el club en el que jug\u00f3 durante 21 a\u00f1os desde que lleg\u00f3 en 2000&nbsp;<\/strong>para sumarse a sus divisiones inferiores. Y tambi\u00e9n se aguarda que d\u00e9 precisiones sobre su futuro,&nbsp;<strong>que estar\u00eda en el Par\u00eds Saint-Germain<\/strong>.<\/p>\n\n\n\n<p>El propio F\u00fatbol Club Barcelona confirm\u00f3 la conferencia del astro a trav\u00e9s de un comunicado de prensa.\u00a0<strong>Se espera que Messi explique los motivos por los cuales no se concret\u00f3 la renovaci\u00f3n del contrato<\/strong>, pese a que hab\u00eda un acuerdo de palabra entre ambas partes. El v\u00ednculo hab\u00eda finalizado el 30 de junio pasado, mientras el jugador participaba de la Copa Am\u00e9rica con la Selecci\u00f3n Argentina en Brasil. Messi disput\u00f3 ese torneo como jugador sin club, pero se descartaba que habr\u00eda un nuevo contrato.<\/p>\n\n\n\n<p>Fuente: P\u00e1gina 12<\/p>\n","protected":false},"excerpt":{"rendered":"<p>Lo confirm\u00f3 el club mediante un comunicado. Se espera que el futbolista explique los motivos por los cuales no se&#8230; <a class=\"continue-reading-link\" href=\"https:\/\/nativainfo.com\/?p=2134\">Continue reading<\/a><\/p>\n","protected":false},"author":1,"featured_media":0,"comment_status":"open","ping_status":"open","sticky":false,"template":"","format":"standard","meta":{"rop_custom_images_group":[],"rop_custom_messages_group":[],"rop_publish_now":"initial","rop_publish_now_accounts":[],"rop_publish_now_history":[],"rop_publish_now_status":"pending","footnotes":"","jetpack_publicize_message":"","jetpack_publicize_feature_enabled":true,"jetpack_social_post_already_shared":false,"jetpack_social_options":{"image_generator_settings":{"template":"highway","default_image_id":0,"font":"","enabled":false},"version":2}},"categories":[41],"tags":[],"class_list":["post-2134","post","type-post","status-publish","format-standard","hentry","category-futbol"],"yoast_head":"<!-- This site is optimized with the Yoast SEO plugin v25.6 - https:\/\/yoast.com\/wordpress\/plugins\/seo\/ -->\n<title>Lionel Messi llam\u00f3 a una conferencia de prensa para hablar de su salida del Barcelona - Nativa Info<\/title>\n<meta name=\"robots\" content=\"index, follow, max-snippet:-1, max-image-preview:large, max-video-preview:-1\" \/>\n<link rel=\"canonical\" href=\"https:\/\/nativainfo.com\/?p=2134\" \/>\n<meta property=\"og:locale\" content=\"es_ES\" \/>\n<meta property=\"og:type\" content=\"article\" \/>\n<meta property=\"og:title\" content=\"Lionel Messi llam\u00f3 a una conferencia de prensa para hablar de su salida del Barcelona - Nativa Info\" \/>\n<meta property=\"og:description\" content=\"Lo confirm\u00f3 el club mediante un comunicado. Se espera que el futbolista explique los motivos por los cuales no se... Continue reading\" \/>\n<meta property=\"og:url\" content=\"https:\/\/nativainfo.com\/?p=2134\" \/>\n<meta property=\"og:site_name\" content=\"Nativa Info\" \/>\n<meta property=\"article:publisher\" content=\"https:\/\/www.facebook.com\/profile.php?id=61578881597564\" \/>\n<meta property=\"article:published_time\" content=\"2021-08-08T04:29:32+00:00\" \/>\n<meta property=\"article:modified_time\" content=\"2021-08-08T04:29:36+00:00\" \/>\n<meta property=\"og:image\" content=\"http:\/\/nativainfo.com\/wp-content\/uploads\/2021\/08\/4EHOA3U3IVCPXMURK5AEI5LMLY.jpg\" \/>\n<meta name=\"author\" content=\"Nativa Info\" \/>\n<meta name=\"twitter:card\" content=\"summary_large_image\" \/>\n<meta name=\"twitter:label1\" content=\"Escrito por\" \/>\n\t<meta name=\"twitter:data1\" content=\"Nativa Info\" \/>\n\t<meta name=\"twitter:label2\" content=\"Tiempo de lectura\" \/>\n\t<meta name=\"twitter:data2\" content=\"1 minuto\" \/>\n<script type=\"application\/ld+json\" class=\"yoast-schema-graph\">{\"@context\":\"https:\/\/schema.org\",\"@graph\":[{\"@type\":\"Article\",\"@id\":\"https:\/\/nativainfo.com\/?p=2134#article\",\"isPartOf\":{\"@id\":\"https:\/\/nativainfo.com\/?p=2134\"},\"author\":{\"name\":\"Nativa Info\",\"@id\":\"https:\/\/nativainfo.com\/#\/schema\/person\/24893b64a9cd564ddb5d102d36eb4b5c\"},\"headline\":\"Lionel Messi llam\u00f3 a una conferencia de prensa para hablar de su salida del Barcelona\",\"datePublished\":\"2021-08-08T04:29:32+00:00\",\"dateModified\":\"2021-08-08T04:29:36+00:00\",\"mainEntityOfPage\":{\"@id\":\"https:\/\/nativainfo.com\/?p=2134\"},\"wordCount\":230,\"commentCount\":0,\"publisher\":{\"@id\":\"https:\/\/nativainfo.com\/#organization\"},\"image\":{\"@id\":\"https:\/\/nativainfo.com\/?p=2134#primaryimage\"},\"thumbnailUrl\":\"http:\/\/nativainfo.com\/wp-content\/uploads\/2021\/08\/4EHOA3U3IVCPXMURK5AEI5LMLY.jpg\",\"articleSection\":[\"F\u00fatbol\"],\"inLanguage\":\"es-AR\",\"potentialAction\":[{\"@type\":\"CommentAction\",\"name\":\"Comment\",\"target\":[\"https:\/\/nativainfo.com\/?p=2134#respond\"]}]},{\"@type\":\"WebPage\",\"@id\":\"https:\/\/nativainfo.com\/?p=2134\",\"url\":\"https:\/\/nativainfo.com\/?p=2134\",\"name\":\"Lionel Messi llam\u00f3 a una conferencia de prensa para hablar de su salida del Barcelona - Nativa Info\",\"isPartOf\":{\"@id\":\"https:\/\/nativainfo.com\/#website\"},\"primaryImageOfPage\":{\"@id\":\"https:\/\/nativainfo.com\/?p=2134#primaryimage\"},\"image\":{\"@id\":\"https:\/\/nativainfo.com\/?p=2134#primaryimage\"},\"thumbnailUrl\":\"http:\/\/nativainfo.com\/wp-content\/uploads\/2021\/08\/4EHOA3U3IVCPXMURK5AEI5LMLY.jpg\",\"datePublished\":\"2021-08-08T04:29:32+00:00\",\"dateModified\":\"2021-08-08T04:29:36+00:00\",\"breadcrumb\":{\"@id\":\"https:\/\/nativainfo.com\/?p=2134#breadcrumb\"},\"inLanguage\":\"es-AR\",\"potentialAction\":[{\"@type\":\"ReadAction\",\"target\":[\"https:\/\/nativainfo.com\/?p=2134\"]}]},{\"@type\":\"ImageObject\",\"inLanguage\":\"es-AR\",\"@id\":\"https:\/\/nativainfo.com\/?p=2134#primaryimage\",\"url\":\"https:\/\/nativainfo.com\/wp-content\/uploads\/2021\/08\/4EHOA3U3IVCPXMURK5AEI5LMLY.jpg\",\"contentUrl\":\"https:\/\/nativainfo.com\/wp-content\/uploads\/2021\/08\/4EHOA3U3IVCPXMURK5AEI5LMLY.jpg\",\"width\":768,\"height\":512},{\"@type\":\"BreadcrumbList\",\"@id\":\"https:\/\/nativainfo.com\/?p=2134#breadcrumb\",\"itemListElement\":[{\"@type\":\"ListItem\",\"position\":1,\"name\":\"Inicio\",\"item\":\"https:\/\/nativainfo.com\/\"},{\"@type\":\"ListItem\",\"position\":2,\"name\":\"Lionel Messi llam\u00f3 a una conferencia de prensa para hablar de su salida del Barcelona\"}]},{\"@type\":\"WebSite\",\"@id\":\"https:\/\/nativainfo.com\/#website\",\"url\":\"https:\/\/nativainfo.com\/\",\"name\":\"Nativa Info\",\"description\":\"Diario Digital\",\"publisher\":{\"@id\":\"https:\/\/nativainfo.com\/#organization\"},\"potentialAction\":[{\"@type\":\"SearchAction\",\"target\":{\"@type\":\"EntryPoint\",\"urlTemplate\":\"https:\/\/nativainfo.com\/?s={search_term_string}\"},\"query-input\":{\"@type\":\"PropertyValueSpecification\",\"valueRequired\":true,\"valueName\":\"search_term_string\"}}],\"inLanguage\":\"es-AR\"},{\"@type\":\"Organization\",\"@id\":\"https:\/\/nativainfo.com\/#organization\",\"name\":\"Nativa Info\",\"url\":\"https:\/\/nativainfo.com\/\",\"logo\":{\"@type\":\"ImageObject\",\"inLanguage\":\"es-AR\",\"@id\":\"https:\/\/nativainfo.com\/#\/schema\/logo\/image\/\",\"url\":\"https:\/\/nativainfo.com\/wp-content\/uploads\/2025\/08\/LOGO-NATIVA-FACE.jpg\",\"contentUrl\":\"https:\/\/nativainfo.com\/wp-content\/uploads\/2025\/08\/LOGO-NATIVA-FACE.jpg\",\"width\":400,\"height\":400,\"caption\":\"Nativa Info\"},\"image\":{\"@id\":\"https:\/\/nativainfo.com\/#\/schema\/logo\/image\/\"},\"sameAs\":[\"https:\/\/www.facebook.com\/profile.php?id=61578881597564\"]},{\"@type\":\"Person\",\"@id\":\"https:\/\/nativainfo.com\/#\/schema\/person\/24893b64a9cd564ddb5d102d36eb4b5c\",\"name\":\"Nativa Info\",\"image\":{\"@type\":\"ImageObject\",\"inLanguage\":\"es-AR\",\"@id\":\"https:\/\/nativainfo.com\/#\/schema\/person\/image\/\",\"url\":\"https:\/\/secure.gravatar.com\/avatar\/016fa1cf068d85136d938e1507b9b619cb766e2565cbb1faa1e571762460c785?s=96&d=mm&r=g\",\"contentUrl\":\"https:\/\/secure.gravatar.com\/avatar\/016fa1cf068d85136d938e1507b9b619cb766e2565cbb1faa1e571762460c785?s=96&d=mm&r=g\",\"caption\":\"Nativa Info\"},\"sameAs\":[\"http:\/\/nativainfo.com\"],\"url\":\"https:\/\/nativainfo.com\/?author=1\"}]}<\/script>\n<!-- \/ Yoast SEO plugin. -->","yoast_head_json":{"title":"Lionel Messi llam\u00f3 a una conferencia de prensa para hablar de su salida del Barcelona - Nativa Info","robots":{"index":"index","follow":"follow","max-snippet":"max-snippet:-1","max-image-preview":"max-image-preview:large","max-video-preview":"max-video-preview:-1"},"canonical":"https:\/\/nativainfo.com\/?p=2134","og_locale":"es_ES","og_type":"article","og_title":"Lionel Messi llam\u00f3 a una conferencia de prensa para hablar de su salida del Barcelona - Nativa Info","og_description":"Lo confirm\u00f3 el club mediante un comunicado. Se espera que el futbolista explique los motivos por los cuales no se... Continue reading","og_url":"https:\/\/nativainfo.com\/?p=2134","og_site_name":"Nativa Info","article_publisher":"https:\/\/www.facebook.com\/profile.php?id=61578881597564","article_published_time":"2021-08-08T04:29:32+00:00","article_modified_time":"2021-08-08T04:29:36+00:00","og_image":[{"url":"http:\/\/nativainfo.com\/wp-content\/uploads\/2021\/08\/4EHOA3U3IVCPXMURK5AEI5LMLY.jpg","type":"","width":"","height":""}],"author":"Nativa Info","twitter_card":"summary_large_image","twitter_misc":{"Escrito por":"Nativa Info","Tiempo de lectura":"1 minuto"},"schema":{"@context":"https:\/\/schema.org","@graph":[{"@type":"Article","@id":"https:\/\/nativainfo.com\/?p=2134#article","isPartOf":{"@id":"https:\/\/nativainfo.com\/?p=2134"},"author":{"name":"Nativa Info","@id":"https:\/\/nativainfo.com\/#\/schema\/person\/24893b64a9cd564ddb5d102d36eb4b5c"},"headline":"Lionel Messi llam\u00f3 a una conferencia de prensa para hablar de su salida del Barcelona","datePublished":"2021-08-08T04:29:32+00:00","dateModified":"2021-08-08T04:29:36+00:00","mainEntityOfPage":{"@id":"https:\/\/nativainfo.com\/?p=2134"},"wordCount":230,"commentCount":0,"publisher":{"@id":"https:\/\/nativainfo.com\/#organization"},"image":{"@id":"https:\/\/nativainfo.com\/?p=2134#primaryimage"},"thumbnailUrl":"http:\/\/nativainfo.com\/wp-content\/uploads\/2021\/08\/4EHOA3U3IVCPXMURK5AEI5LMLY.jpg","articleSection":["F\u00fatbol"],"inLanguage":"es-AR","potentialAction":[{"@type":"CommentAction","name":"Comment","target":["https:\/\/nativainfo.com\/?p=2134#respond"]}]},{"@type":"WebPage","@id":"https:\/\/nativainfo.com\/?p=2134","url":"https:\/\/nativainfo.com\/?p=2134","name":"Lionel Messi llam\u00f3 a una conferencia de prensa para hablar de su salida del Barcelona - Nativa Info","isPartOf":{"@id":"https:\/\/nativainfo.com\/#website"},"primaryImageOfPage":{"@id":"https:\/\/nativainfo.com\/?p=2134#primaryimage"},"image":{"@id":"https:\/\/nativainfo.com\/?p=2134#primaryimage"},"thumbnailUrl":"http:\/\/nativainfo.com\/wp-content\/uploads\/2021\/08\/4EHOA3U3IVCPXMURK5AEI5LMLY.jpg","datePublished":"2021-08-08T04:29:32+00:00","dateModified":"2021-08-08T04:29:36+00:00","breadcrumb":{"@id":"https:\/\/nativainfo.com\/?p=2134#breadcrumb"},"inLanguage":"es-AR","potentialAction":[{"@type":"ReadAction","target":["https:\/\/nativainfo.com\/?p=2134"]}]},{"@type":"ImageObject","inLanguage":"es-AR","@id":"https:\/\/nativainfo.com\/?p=2134#primaryimage","url":"https:\/\/nativainfo.com\/wp-content\/uploads\/2021\/08\/4EHOA3U3IVCPXMURK5AEI5LMLY.jpg","contentUrl":"https:\/\/nativainfo.com\/wp-content\/uploads\/2021\/08\/4EHOA3U3IVCPXMURK5AEI5LMLY.jpg","width":768,"height":512},{"@type":"BreadcrumbList","@id":"https:\/\/nativainfo.com\/?p=2134#breadcrumb","itemListElement":[{"@type":"ListItem","position":1,"name":"Inicio","item":"https:\/\/nativainfo.com\/"},{"@type":"ListItem","position":2,"name":"Lionel Messi llam\u00f3 a una conferencia de prensa para hablar de su salida del Barcelona"}]},{"@type":"WebSite","@id":"https:\/\/nativainfo.com\/#website","url":"https:\/\/nativainfo.com\/","name":"Nativa Info","description":"Diario Digital","publisher":{"@id":"https:\/\/nativainfo.com\/#organization"},"potentialAction":[{"@type":"SearchAction","target":{"@type":"EntryPoint","urlTemplate":"https:\/\/nativainfo.com\/?s={search_term_string}"},"query-input":{"@type":"PropertyValueSpecification","valueRequired":true,"valueName":"search_term_string"}}],"inLanguage":"es-AR"},{"@type":"Organization","@id":"https:\/\/nativainfo.com\/#organization","name":"Nativa Info","url":"https:\/\/nativainfo.com\/","logo":{"@type":"ImageObject","inLanguage":"es-AR","@id":"https:\/\/nativainfo.com\/#\/schema\/logo\/image\/","url":"https:\/\/nativainfo.com\/wp-content\/uploads\/2025\/08\/LOGO-NATIVA-FACE.jpg","contentUrl":"https:\/\/nativainfo.com\/wp-content\/uploads\/2025\/08\/LOGO-NATIVA-FACE.jpg","width":400,"height":400,"caption":"Nativa Info"},"image":{"@id":"https:\/\/nativainfo.com\/#\/schema\/logo\/image\/"},"sameAs":["https:\/\/www.facebook.com\/profile.php?id=61578881597564"]},{"@type":"Person","@id":"https:\/\/nativainfo.com\/#\/schema\/person\/24893b64a9cd564ddb5d102d36eb4b5c","name":"Nativa Info","image":{"@type":"ImageObject","inLanguage":"es-AR","@id":"https:\/\/nativainfo.com\/#\/schema\/person\/image\/","url":"https:\/\/secure.gravatar.com\/avatar\/016fa1cf068d85136d938e1507b9b619cb766e2565cbb1faa1e571762460c785?s=96&d=mm&r=g","contentUrl":"https:\/\/secure.gravatar.com\/avatar\/016fa1cf068d85136d938e1507b9b619cb766e2565cbb1faa1e571762460c785?s=96&d=mm&r=g","caption":"Nativa Info"},"sameAs":["http:\/\/nativainfo.com"],"url":"https:\/\/nativainfo.com\/?author=1"}]}},"jetpack_publicize_connections":[],"_links":{"self":[{"href":"https:\/\/nativainfo.com\/index.php?rest_route=\/wp\/v2\/posts\/2134","targetHints":{"allow":["GET"]}}],"collection":[{"href":"https:\/\/nativainfo.com\/index.php?rest_route=\/wp\/v2\/posts"}],"about":[{"href":"https:\/\/nativainfo.com\/index.php?rest_route=\/wp\/v2\/types\/post"}],"author":[{"embeddable":true,"href":"https:\/\/nativainfo.com\/index.php?rest_route=\/wp\/v2\/users\/1"}],"replies":[{"embeddable":true,"href":"https:\/\/nativainfo.com\/index.php?rest_route=%2Fwp%2Fv2%2Fcomments&post=2134"}],"version-history":[{"count":1,"href":"https:\/\/nativainfo.com\/index.php?rest_route=\/wp\/v2\/posts\/2134\/revisions"}],"predecessor-version":[{"id":2140,"href":"https:\/\/nativainfo.com\/index.php?rest_route=\/wp\/v2\/posts\/2134\/revisions\/2140"}],"wp:attachment":[{"href":"https:\/\/nativainfo.com\/index.php?rest_route=%2Fwp%2Fv2%2Fmedia&parent=2134"}],"wp:term":[{"taxonomy":"category","embeddable":true,"href":"https:\/\/nativainfo.com\/index.php?rest_route=%2Fwp%2Fv2%2Fcategories&post=2134"},{"taxonomy":"post_tag","embeddable":true,"href":"https:\/\/nativainfo.com\/index.php?rest_route=%2Fwp%2Fv2%2Ftags&post=2134"}],"curies":[{"name":"wp","href":"https:\/\/api.w.org\/{rel}","templated":true}]}}