{"id":2132,"date":"2021-08-08T01:25:41","date_gmt":"2021-08-08T04:25:41","guid":{"rendered":"http:\/\/nativainfo.com\/?p=2132"},"modified":"2021-08-08T01:25:44","modified_gmt":"2021-08-08T04:25:44","slug":"confirman-que-pronto-saldra-a-la-luz-un-nuevo-disco-de-charly-garcia","status":"publish","type":"post","link":"https:\/\/nativainfo.com\/?p=2132","title":{"rendered":"Confirman que pronto saldr\u00e1 a la luz un nuevo disco de Charly Garc\u00eda"},"content":{"rendered":"\n<p><strong>El productor Jos\u00e9 Palazzo confirm\u00f3 v\u00eda Twitter que el icono del rock argentino estuvo produciendo material durante todo el tiempo de pandemia.<\/strong><\/p>\n\n\n\n<figure class=\"wp-block-image size-large\"><img fetchpriority=\"high\" decoding=\"async\" width=\"1024\" height=\"768\" src=\"http:\/\/nativainfo.com\/wp-content\/uploads\/2021\/08\/charly-garcia-20210505-1168364-1024x768.jpg\" alt=\"\" class=\"wp-image-2135\" srcset=\"https:\/\/nativainfo.com\/wp-content\/uploads\/2021\/08\/charly-garcia-20210505-1168364-1024x768.jpg 1024w, https:\/\/nativainfo.com\/wp-content\/uploads\/2021\/08\/charly-garcia-20210505-1168364-300x225.jpg 300w, https:\/\/nativainfo.com\/wp-content\/uploads\/2021\/08\/charly-garcia-20210505-1168364-768x576.jpg 768w, https:\/\/nativainfo.com\/wp-content\/uploads\/2021\/08\/charly-garcia-20210505-1168364-467x350.jpg 467w, https:\/\/nativainfo.com\/wp-content\/uploads\/2021\/08\/charly-garcia-20210505-1168364-150x113.jpg 150w, https:\/\/nativainfo.com\/wp-content\/uploads\/2021\/08\/charly-garcia-20210505-1168364.jpg 1040w\" sizes=\"(max-width: 1024px) 100vw, 1024px\" \/><\/figure>\n\n\n\n<p>Seg\u00fan el productor\u00a0<strong>Jos\u00e9 Palazzo, Charly Garc\u00eda estuvo preparando un nuevo disco\u00a0<\/strong>durante tiempos de pandemia, y ver\u00eda la luz dentro de poco.<\/p>\n\n\n\n<p>Durante la pandemia, Charly Garc\u00eda estuvo recluido en su famoso departamento de la avenida Coronel D\u00edaz, en Palermo. Si bien se conocieron algunos videos de fans que se acercaban respetuosamente a la puerta de su edificio para pedirle una foto o un aut\u00f3grafo, poco se supo de \u00e9l en estos \u00faltimos tiempos.<\/p>\n\n\n\n<p>Un seguidor que lo film\u00f3 mientras firmaba un vinilo suyo capt\u00f3 el momento en el que Charly le comentaba que iba a ser un nuevo \u00e1lbum que\u00a0<strong>&#8220;va a estar bueno&#8221;.<\/strong><\/p>\n\n\n\n<p>Fuente: Diario Panorama<\/p>\n","protected":false},"excerpt":{"rendered":"<p>El productor Jos\u00e9 Palazzo confirm\u00f3 v\u00eda Twitter que el icono del rock argentino estuvo produciendo material durante todo el tiempo&#8230; <a class=\"continue-reading-link\" href=\"https:\/\/nativainfo.com\/?p=2132\">Continue reading<\/a><\/p>\n","protected":false},"author":1,"featured_media":0,"comment_status":"open","ping_status":"open","sticky":false,"template":"","format":"standard","meta":{"rop_custom_images_group":[],"rop_custom_messages_group":[],"rop_publish_now":"initial","rop_publish_now_accounts":[],"rop_publish_now_history":[],"rop_publish_now_status":"pending","footnotes":"","jetpack_publicize_message":"","jetpack_publicize_feature_enabled":true,"jetpack_social_post_already_shared":false,"jetpack_social_options":{"image_generator_settings":{"template":"highway","default_image_id":0,"font":"","enabled":false},"version":2}},"categories":[7],"tags":[],"class_list":["post-2132","post","type-post","status-publish","format-standard","hentry","category-musica"],"yoast_head":"<!-- This site is optimized with the Yoast SEO plugin v25.6 - https:\/\/yoast.com\/wordpress\/plugins\/seo\/ -->\n<title>Confirman que pronto saldr\u00e1 a la luz un nuevo disco de Charly Garc\u00eda - Nativa Info<\/title>\n<meta name=\"robots\" content=\"index, follow, max-snippet:-1, max-image-preview:large, max-video-preview:-1\" \/>\n<link rel=\"canonical\" href=\"https:\/\/nativainfo.com\/?p=2132\" \/>\n<meta property=\"og:locale\" content=\"es_ES\" \/>\n<meta property=\"og:type\" content=\"article\" \/>\n<meta property=\"og:title\" content=\"Confirman que pronto saldr\u00e1 a la luz un nuevo disco de Charly Garc\u00eda - Nativa Info\" \/>\n<meta property=\"og:description\" content=\"El productor Jos\u00e9 Palazzo confirm\u00f3 v\u00eda Twitter que el icono del rock argentino estuvo produciendo material durante todo el tiempo... Continue reading\" \/>\n<meta property=\"og:url\" content=\"https:\/\/nativainfo.com\/?p=2132\" \/>\n<meta property=\"og:site_name\" content=\"Nativa Info\" \/>\n<meta property=\"article:publisher\" content=\"https:\/\/www.facebook.com\/profile.php?id=61578881597564\" \/>\n<meta property=\"article:published_time\" content=\"2021-08-08T04:25:41+00:00\" \/>\n<meta property=\"article:modified_time\" content=\"2021-08-08T04:25:44+00:00\" \/>\n<meta property=\"og:image\" content=\"http:\/\/nativainfo.com\/wp-content\/uploads\/2021\/08\/charly-garcia-20210505-1168364-1024x768.jpg\" \/>\n<meta name=\"author\" content=\"Nativa Info\" \/>\n<meta name=\"twitter:card\" content=\"summary_large_image\" \/>\n<meta name=\"twitter:label1\" content=\"Escrito por\" \/>\n\t<meta name=\"twitter:data1\" content=\"Nativa Info\" \/>\n\t<meta name=\"twitter:label2\" content=\"Tiempo de lectura\" \/>\n\t<meta name=\"twitter:data2\" content=\"1 minuto\" \/>\n<script type=\"application\/ld+json\" class=\"yoast-schema-graph\">{\"@context\":\"https:\/\/schema.org\",\"@graph\":[{\"@type\":\"Article\",\"@id\":\"https:\/\/nativainfo.com\/?p=2132#article\",\"isPartOf\":{\"@id\":\"https:\/\/nativainfo.com\/?p=2132\"},\"author\":{\"name\":\"Nativa Info\",\"@id\":\"https:\/\/nativainfo.com\/#\/schema\/person\/24893b64a9cd564ddb5d102d36eb4b5c\"},\"headline\":\"Confirman que pronto saldr\u00e1 a la luz un nuevo disco de Charly Garc\u00eda\",\"datePublished\":\"2021-08-08T04:25:41+00:00\",\"dateModified\":\"2021-08-08T04:25:44+00:00\",\"mainEntityOfPage\":{\"@id\":\"https:\/\/nativainfo.com\/?p=2132\"},\"wordCount\":152,\"commentCount\":0,\"publisher\":{\"@id\":\"https:\/\/nativainfo.com\/#organization\"},\"image\":{\"@id\":\"https:\/\/nativainfo.com\/?p=2132#primaryimage\"},\"thumbnailUrl\":\"http:\/\/nativainfo.com\/wp-content\/uploads\/2021\/08\/charly-garcia-20210505-1168364-1024x768.jpg\",\"articleSection\":[\"M\u00fasica\"],\"inLanguage\":\"es-AR\",\"potentialAction\":[{\"@type\":\"CommentAction\",\"name\":\"Comment\",\"target\":[\"https:\/\/nativainfo.com\/?p=2132#respond\"]}]},{\"@type\":\"WebPage\",\"@id\":\"https:\/\/nativainfo.com\/?p=2132\",\"url\":\"https:\/\/nativainfo.com\/?p=2132\",\"name\":\"Confirman que pronto saldr\u00e1 a la luz un nuevo disco de Charly Garc\u00eda - Nativa Info\",\"isPartOf\":{\"@id\":\"https:\/\/nativainfo.com\/#website\"},\"primaryImageOfPage\":{\"@id\":\"https:\/\/nativainfo.com\/?p=2132#primaryimage\"},\"image\":{\"@id\":\"https:\/\/nativainfo.com\/?p=2132#primaryimage\"},\"thumbnailUrl\":\"http:\/\/nativainfo.com\/wp-content\/uploads\/2021\/08\/charly-garcia-20210505-1168364-1024x768.jpg\",\"datePublished\":\"2021-08-08T04:25:41+00:00\",\"dateModified\":\"2021-08-08T04:25:44+00:00\",\"breadcrumb\":{\"@id\":\"https:\/\/nativainfo.com\/?p=2132#breadcrumb\"},\"inLanguage\":\"es-AR\",\"potentialAction\":[{\"@type\":\"ReadAction\",\"target\":[\"https:\/\/nativainfo.com\/?p=2132\"]}]},{\"@type\":\"ImageObject\",\"inLanguage\":\"es-AR\",\"@id\":\"https:\/\/nativainfo.com\/?p=2132#primaryimage\",\"url\":\"https:\/\/nativainfo.com\/wp-content\/uploads\/2021\/08\/charly-garcia-20210505-1168364.jpg\",\"contentUrl\":\"https:\/\/nativainfo.com\/wp-content\/uploads\/2021\/08\/charly-garcia-20210505-1168364.jpg\",\"width\":1040,\"height\":780},{\"@type\":\"BreadcrumbList\",\"@id\":\"https:\/\/nativainfo.com\/?p=2132#breadcrumb\",\"itemListElement\":[{\"@type\":\"ListItem\",\"position\":1,\"name\":\"Inicio\",\"item\":\"https:\/\/nativainfo.com\/\"},{\"@type\":\"ListItem\",\"position\":2,\"name\":\"Confirman que pronto saldr\u00e1 a la luz un nuevo disco de Charly Garc\u00eda\"}]},{\"@type\":\"WebSite\",\"@id\":\"https:\/\/nativainfo.com\/#website\",\"url\":\"https:\/\/nativainfo.com\/\",\"name\":\"Nativa Info\",\"description\":\"Diario Digital\",\"publisher\":{\"@id\":\"https:\/\/nativainfo.com\/#organization\"},\"potentialAction\":[{\"@type\":\"SearchAction\",\"target\":{\"@type\":\"EntryPoint\",\"urlTemplate\":\"https:\/\/nativainfo.com\/?s={search_term_string}\"},\"query-input\":{\"@type\":\"PropertyValueSpecification\",\"valueRequired\":true,\"valueName\":\"search_term_string\"}}],\"inLanguage\":\"es-AR\"},{\"@type\":\"Organization\",\"@id\":\"https:\/\/nativainfo.com\/#organization\",\"name\":\"Nativa Info\",\"url\":\"https:\/\/nativainfo.com\/\",\"logo\":{\"@type\":\"ImageObject\",\"inLanguage\":\"es-AR\",\"@id\":\"https:\/\/nativainfo.com\/#\/schema\/logo\/image\/\",\"url\":\"https:\/\/nativainfo.com\/wp-content\/uploads\/2025\/08\/LOGO-NATIVA-FACE.jpg\",\"contentUrl\":\"https:\/\/nativainfo.com\/wp-content\/uploads\/2025\/08\/LOGO-NATIVA-FACE.jpg\",\"width\":400,\"height\":400,\"caption\":\"Nativa Info\"},\"image\":{\"@id\":\"https:\/\/nativainfo.com\/#\/schema\/logo\/image\/\"},\"sameAs\":[\"https:\/\/www.facebook.com\/profile.php?id=61578881597564\"]},{\"@type\":\"Person\",\"@id\":\"https:\/\/nativainfo.com\/#\/schema\/person\/24893b64a9cd564ddb5d102d36eb4b5c\",\"name\":\"Nativa Info\",\"image\":{\"@type\":\"ImageObject\",\"inLanguage\":\"es-AR\",\"@id\":\"https:\/\/nativainfo.com\/#\/schema\/person\/image\/\",\"url\":\"https:\/\/secure.gravatar.com\/avatar\/016fa1cf068d85136d938e1507b9b619cb766e2565cbb1faa1e571762460c785?s=96&d=mm&r=g\",\"contentUrl\":\"https:\/\/secure.gravatar.com\/avatar\/016fa1cf068d85136d938e1507b9b619cb766e2565cbb1faa1e571762460c785?s=96&d=mm&r=g\",\"caption\":\"Nativa Info\"},\"sameAs\":[\"http:\/\/nativainfo.com\"],\"url\":\"https:\/\/nativainfo.com\/?author=1\"}]}<\/script>\n<!-- \/ Yoast SEO plugin. -->","yoast_head_json":{"title":"Confirman que pronto saldr\u00e1 a la luz un nuevo disco de Charly Garc\u00eda - Nativa Info","robots":{"index":"index","follow":"follow","max-snippet":"max-snippet:-1","max-image-preview":"max-image-preview:large","max-video-preview":"max-video-preview:-1"},"canonical":"https:\/\/nativainfo.com\/?p=2132","og_locale":"es_ES","og_type":"article","og_title":"Confirman que pronto saldr\u00e1 a la luz un nuevo disco de Charly Garc\u00eda - Nativa Info","og_description":"El productor Jos\u00e9 Palazzo confirm\u00f3 v\u00eda Twitter que el icono del rock argentino estuvo produciendo material durante todo el tiempo... Continue reading","og_url":"https:\/\/nativainfo.com\/?p=2132","og_site_name":"Nativa Info","article_publisher":"https:\/\/www.facebook.com\/profile.php?id=61578881597564","article_published_time":"2021-08-08T04:25:41+00:00","article_modified_time":"2021-08-08T04:25:44+00:00","og_image":[{"url":"http:\/\/nativainfo.com\/wp-content\/uploads\/2021\/08\/charly-garcia-20210505-1168364-1024x768.jpg","type":"","width":"","height":""}],"author":"Nativa Info","twitter_card":"summary_large_image","twitter_misc":{"Escrito por":"Nativa Info","Tiempo de lectura":"1 minuto"},"schema":{"@context":"https:\/\/schema.org","@graph":[{"@type":"Article","@id":"https:\/\/nativainfo.com\/?p=2132#article","isPartOf":{"@id":"https:\/\/nativainfo.com\/?p=2132"},"author":{"name":"Nativa Info","@id":"https:\/\/nativainfo.com\/#\/schema\/person\/24893b64a9cd564ddb5d102d36eb4b5c"},"headline":"Confirman que pronto saldr\u00e1 a la luz un nuevo disco de Charly Garc\u00eda","datePublished":"2021-08-08T04:25:41+00:00","dateModified":"2021-08-08T04:25:44+00:00","mainEntityOfPage":{"@id":"https:\/\/nativainfo.com\/?p=2132"},"wordCount":152,"commentCount":0,"publisher":{"@id":"https:\/\/nativainfo.com\/#organization"},"image":{"@id":"https:\/\/nativainfo.com\/?p=2132#primaryimage"},"thumbnailUrl":"http:\/\/nativainfo.com\/wp-content\/uploads\/2021\/08\/charly-garcia-20210505-1168364-1024x768.jpg","articleSection":["M\u00fasica"],"inLanguage":"es-AR","potentialAction":[{"@type":"CommentAction","name":"Comment","target":["https:\/\/nativainfo.com\/?p=2132#respond"]}]},{"@type":"WebPage","@id":"https:\/\/nativainfo.com\/?p=2132","url":"https:\/\/nativainfo.com\/?p=2132","name":"Confirman que pronto saldr\u00e1 a la luz un nuevo disco de Charly Garc\u00eda - Nativa Info","isPartOf":{"@id":"https:\/\/nativainfo.com\/#website"},"primaryImageOfPage":{"@id":"https:\/\/nativainfo.com\/?p=2132#primaryimage"},"image":{"@id":"https:\/\/nativainfo.com\/?p=2132#primaryimage"},"thumbnailUrl":"http:\/\/nativainfo.com\/wp-content\/uploads\/2021\/08\/charly-garcia-20210505-1168364-1024x768.jpg","datePublished":"2021-08-08T04:25:41+00:00","dateModified":"2021-08-08T04:25:44+00:00","breadcrumb":{"@id":"https:\/\/nativainfo.com\/?p=2132#breadcrumb"},"inLanguage":"es-AR","potentialAction":[{"@type":"ReadAction","target":["https:\/\/nativainfo.com\/?p=2132"]}]},{"@type":"ImageObject","inLanguage":"es-AR","@id":"https:\/\/nativainfo.com\/?p=2132#primaryimage","url":"https:\/\/nativainfo.com\/wp-content\/uploads\/2021\/08\/charly-garcia-20210505-1168364.jpg","contentUrl":"https:\/\/nativainfo.com\/wp-content\/uploads\/2021\/08\/charly-garcia-20210505-1168364.jpg","width":1040,"height":780},{"@type":"BreadcrumbList","@id":"https:\/\/nativainfo.com\/?p=2132#breadcrumb","itemListElement":[{"@type":"ListItem","position":1,"name":"Inicio","item":"https:\/\/nativainfo.com\/"},{"@type":"ListItem","position":2,"name":"Confirman que pronto saldr\u00e1 a la luz un nuevo disco de Charly Garc\u00eda"}]},{"@type":"WebSite","@id":"https:\/\/nativainfo.com\/#website","url":"https:\/\/nativainfo.com\/","name":"Nativa Info","description":"Diario Digital","publisher":{"@id":"https:\/\/nativainfo.com\/#organization"},"potentialAction":[{"@type":"SearchAction","target":{"@type":"EntryPoint","urlTemplate":"https:\/\/nativainfo.com\/?s={search_term_string}"},"query-input":{"@type":"PropertyValueSpecification","valueRequired":true,"valueName":"search_term_string"}}],"inLanguage":"es-AR"},{"@type":"Organization","@id":"https:\/\/nativainfo.com\/#organization","name":"Nativa Info","url":"https:\/\/nativainfo.com\/","logo":{"@type":"ImageObject","inLanguage":"es-AR","@id":"https:\/\/nativainfo.com\/#\/schema\/logo\/image\/","url":"https:\/\/nativainfo.com\/wp-content\/uploads\/2025\/08\/LOGO-NATIVA-FACE.jpg","contentUrl":"https:\/\/nativainfo.com\/wp-content\/uploads\/2025\/08\/LOGO-NATIVA-FACE.jpg","width":400,"height":400,"caption":"Nativa Info"},"image":{"@id":"https:\/\/nativainfo.com\/#\/schema\/logo\/image\/"},"sameAs":["https:\/\/www.facebook.com\/profile.php?id=61578881597564"]},{"@type":"Person","@id":"https:\/\/nativainfo.com\/#\/schema\/person\/24893b64a9cd564ddb5d102d36eb4b5c","name":"Nativa Info","image":{"@type":"ImageObject","inLanguage":"es-AR","@id":"https:\/\/nativainfo.com\/#\/schema\/person\/image\/","url":"https:\/\/secure.gravatar.com\/avatar\/016fa1cf068d85136d938e1507b9b619cb766e2565cbb1faa1e571762460c785?s=96&d=mm&r=g","contentUrl":"https:\/\/secure.gravatar.com\/avatar\/016fa1cf068d85136d938e1507b9b619cb766e2565cbb1faa1e571762460c785?s=96&d=mm&r=g","caption":"Nativa Info"},"sameAs":["http:\/\/nativainfo.com"],"url":"https:\/\/nativainfo.com\/?author=1"}]}},"jetpack_publicize_connections":[],"_links":{"self":[{"href":"https:\/\/nativainfo.com\/index.php?rest_route=\/wp\/v2\/posts\/2132","targetHints":{"allow":["GET"]}}],"collection":[{"href":"https:\/\/nativainfo.com\/index.php?rest_route=\/wp\/v2\/posts"}],"about":[{"href":"https:\/\/nativainfo.com\/index.php?rest_route=\/wp\/v2\/types\/post"}],"author":[{"embeddable":true,"href":"https:\/\/nativainfo.com\/index.php?rest_route=\/wp\/v2\/users\/1"}],"replies":[{"embeddable":true,"href":"https:\/\/nativainfo.com\/index.php?rest_route=%2Fwp%2Fv2%2Fcomments&post=2132"}],"version-history":[{"count":1,"href":"https:\/\/nativainfo.com\/index.php?rest_route=\/wp\/v2\/posts\/2132\/revisions"}],"predecessor-version":[{"id":2136,"href":"https:\/\/nativainfo.com\/index.php?rest_route=\/wp\/v2\/posts\/2132\/revisions\/2136"}],"wp:attachment":[{"href":"https:\/\/nativainfo.com\/index.php?rest_route=%2Fwp%2Fv2%2Fmedia&parent=2132"}],"wp:term":[{"taxonomy":"category","embeddable":true,"href":"https:\/\/nativainfo.com\/index.php?rest_route=%2Fwp%2Fv2%2Fcategories&post=2132"},{"taxonomy":"post_tag","embeddable":true,"href":"https:\/\/nativainfo.com\/index.php?rest_route=%2Fwp%2Fv2%2Ftags&post=2132"}],"curies":[{"name":"wp","href":"https:\/\/api.w.org\/{rel}","templated":true}]}}