{"id":2115,"date":"2021-08-04T15:00:53","date_gmt":"2021-08-04T18:00:53","guid":{"rendered":"http:\/\/nativainfo.com\/?p=2115"},"modified":"2021-08-04T15:00:58","modified_gmt":"2021-08-04T18:00:58","slug":"mirolo-la-educacion-es-la-herramienta-para-salir-de-la-pobreza","status":"publish","type":"post","link":"https:\/\/nativainfo.com\/?p=2115","title":{"rendered":"Mirolo: \u201cLa educaci\u00f3n es la herramienta para salir de la pobreza\u201d"},"content":{"rendered":"\n<p>\u201cTenemos que construir escuelas primarias y secundarias como en La Banda y jardines municipales\u201d, dijo.<\/p>\n\n\n\n<figure class=\"wp-block-image size-large\"><img fetchpriority=\"high\" decoding=\"async\" width=\"678\" height=\"510\" src=\"http:\/\/nativainfo.com\/wp-content\/uploads\/2021\/08\/MIROLO-EDUCACION.jpg\" alt=\"\" class=\"wp-image-2116\" srcset=\"https:\/\/nativainfo.com\/wp-content\/uploads\/2021\/08\/MIROLO-EDUCACION.jpg 678w, https:\/\/nativainfo.com\/wp-content\/uploads\/2021\/08\/MIROLO-EDUCACION-300x226.jpg 300w, https:\/\/nativainfo.com\/wp-content\/uploads\/2021\/08\/MIROLO-EDUCACION-465x350.jpg 465w, https:\/\/nativainfo.com\/wp-content\/uploads\/2021\/08\/MIROLO-EDUCACION-150x113.jpg 150w\" sizes=\"(max-width: 678px) 100vw, 678px\" \/><\/figure>\n\n\n\n<p>El candidato a diputado nacional por el&nbsp;<strong>Frente Renovador&nbsp;<\/strong>en la provincia,&nbsp;<strong>Pablo Mirolo<\/strong>&nbsp;habl\u00f3 en el inicio de clases presenciales en la ciudad de La Banda, sobre la importancia de la educaci\u00f3n y sus propuestas.<\/p>\n\n\n\n<p>\u201cLa Educaci\u00f3n es la herramienta para salir delante de la pobreza\u201d, afirm\u00f3 el principal referente del FR en la provincia.<\/p>\n\n\n\n<p>\u201cSantiago del Estero, es lamentablemente la provincia que tiene los \u00edndices m\u00e1s altos de pobreza que existe en el pa\u00eds y que la \u00fanica forma de poder salir de esa realidad es invertir en educaci\u00f3n\u201d, afirm\u00f3 Mirolo.<\/p>\n\n\n\n<p>Asimismo, dijo que \u201cPara eso no solamente tenemos que construir escuelas primarias y secundarias municipales como se hizo en<strong>\u00a0La Banda\u00a0<\/strong>sino que apostar en la educaci\u00f3n inicial tambi\u00e9n con los jardines de primera infancia y tratar que la educaci\u00f3n de los ni\u00f1os comience en sus primeros mil d\u00edas de vida en donde hoy tenemos una realidad en la que se deben gestar acciones directas para sacar a los chicos de la pobreza y para eso tenemos que incluirlos en el sistema educativo lo m\u00e1s r\u00e1pido posible; para trabajar en nutrici\u00f3n, en estimulaci\u00f3n temprana, en contenidos educativos para hacer un seguimiento de ese ni\u00f1o que se encuentra en\u00a0<strong>vulnerabilidad\u00a0<\/strong>y tratar de que el Estado lo acompa\u00f1e brindando la educaci\u00f3n desde su inicio de vida\u201d, expres\u00f3 el candidato.<\/p>\n\n\n\n<p>Fuente: El Liberal<\/p>\n","protected":false},"excerpt":{"rendered":"<p>\u201cTenemos que construir escuelas primarias y secundarias como en La Banda y jardines municipales\u201d, dijo. El candidato a diputado nacional&#8230; <a class=\"continue-reading-link\" href=\"https:\/\/nativainfo.com\/?p=2115\">Continue reading<\/a><\/p>\n","protected":false},"author":1,"featured_media":0,"comment_status":"open","ping_status":"open","sticky":false,"template":"","format":"standard","meta":{"rop_custom_images_group":[],"rop_custom_messages_group":[],"rop_publish_now":"initial","rop_publish_now_accounts":[],"rop_publish_now_history":[],"rop_publish_now_status":"pending","footnotes":"","jetpack_publicize_message":"","jetpack_publicize_feature_enabled":true,"jetpack_social_post_already_shared":false,"jetpack_social_options":{"image_generator_settings":{"template":"highway","default_image_id":0,"font":"","enabled":false},"version":2}},"categories":[24,12],"tags":[],"class_list":["post-2115","post","type-post","status-publish","format-standard","hentry","category-educacion","category-provincia"],"yoast_head":"<!-- This site is optimized with the Yoast SEO plugin v25.6 - https:\/\/yoast.com\/wordpress\/plugins\/seo\/ -->\n<title>Mirolo: \u201cLa educaci\u00f3n es la herramienta para salir de la pobreza\u201d - Nativa Info<\/title>\n<meta name=\"robots\" content=\"index, follow, max-snippet:-1, max-image-preview:large, max-video-preview:-1\" \/>\n<link rel=\"canonical\" href=\"https:\/\/nativainfo.com\/?p=2115\" \/>\n<meta property=\"og:locale\" content=\"es_ES\" \/>\n<meta property=\"og:type\" content=\"article\" \/>\n<meta property=\"og:title\" content=\"Mirolo: \u201cLa educaci\u00f3n es la herramienta para salir de la pobreza\u201d - Nativa Info\" \/>\n<meta property=\"og:description\" content=\"\u201cTenemos que construir escuelas primarias y secundarias como en La Banda y jardines municipales\u201d, dijo. El candidato a diputado nacional... Continue reading\" \/>\n<meta property=\"og:url\" content=\"https:\/\/nativainfo.com\/?p=2115\" \/>\n<meta property=\"og:site_name\" content=\"Nativa Info\" \/>\n<meta property=\"article:publisher\" content=\"https:\/\/www.facebook.com\/profile.php?id=61578881597564\" \/>\n<meta property=\"article:published_time\" content=\"2021-08-04T18:00:53+00:00\" \/>\n<meta property=\"article:modified_time\" content=\"2021-08-04T18:00:58+00:00\" \/>\n<meta property=\"og:image\" content=\"http:\/\/nativainfo.com\/wp-content\/uploads\/2021\/08\/MIROLO-EDUCACION.jpg\" \/>\n<meta name=\"author\" content=\"Nativa Info\" \/>\n<meta name=\"twitter:card\" content=\"summary_large_image\" \/>\n<meta name=\"twitter:label1\" content=\"Escrito por\" \/>\n\t<meta name=\"twitter:data1\" content=\"Nativa Info\" \/>\n\t<meta name=\"twitter:label2\" content=\"Tiempo de lectura\" \/>\n\t<meta name=\"twitter:data2\" content=\"1 minuto\" \/>\n<script type=\"application\/ld+json\" class=\"yoast-schema-graph\">{\"@context\":\"https:\/\/schema.org\",\"@graph\":[{\"@type\":\"Article\",\"@id\":\"https:\/\/nativainfo.com\/?p=2115#article\",\"isPartOf\":{\"@id\":\"https:\/\/nativainfo.com\/?p=2115\"},\"author\":{\"name\":\"Nativa Info\",\"@id\":\"https:\/\/nativainfo.com\/#\/schema\/person\/24893b64a9cd564ddb5d102d36eb4b5c\"},\"headline\":\"Mirolo: \u201cLa educaci\u00f3n es la herramienta para salir de la pobreza\u201d\",\"datePublished\":\"2021-08-04T18:00:53+00:00\",\"dateModified\":\"2021-08-04T18:00:58+00:00\",\"mainEntityOfPage\":{\"@id\":\"https:\/\/nativainfo.com\/?p=2115\"},\"wordCount\":272,\"commentCount\":0,\"publisher\":{\"@id\":\"https:\/\/nativainfo.com\/#organization\"},\"image\":{\"@id\":\"https:\/\/nativainfo.com\/?p=2115#primaryimage\"},\"thumbnailUrl\":\"http:\/\/nativainfo.com\/wp-content\/uploads\/2021\/08\/MIROLO-EDUCACION.jpg\",\"articleSection\":[\"Educaci\u00f3n\",\"Provincia\"],\"inLanguage\":\"es-AR\",\"potentialAction\":[{\"@type\":\"CommentAction\",\"name\":\"Comment\",\"target\":[\"https:\/\/nativainfo.com\/?p=2115#respond\"]}]},{\"@type\":\"WebPage\",\"@id\":\"https:\/\/nativainfo.com\/?p=2115\",\"url\":\"https:\/\/nativainfo.com\/?p=2115\",\"name\":\"Mirolo: \u201cLa educaci\u00f3n es la herramienta para salir de la pobreza\u201d - Nativa Info\",\"isPartOf\":{\"@id\":\"https:\/\/nativainfo.com\/#website\"},\"primaryImageOfPage\":{\"@id\":\"https:\/\/nativainfo.com\/?p=2115#primaryimage\"},\"image\":{\"@id\":\"https:\/\/nativainfo.com\/?p=2115#primaryimage\"},\"thumbnailUrl\":\"http:\/\/nativainfo.com\/wp-content\/uploads\/2021\/08\/MIROLO-EDUCACION.jpg\",\"datePublished\":\"2021-08-04T18:00:53+00:00\",\"dateModified\":\"2021-08-04T18:00:58+00:00\",\"breadcrumb\":{\"@id\":\"https:\/\/nativainfo.com\/?p=2115#breadcrumb\"},\"inLanguage\":\"es-AR\",\"potentialAction\":[{\"@type\":\"ReadAction\",\"target\":[\"https:\/\/nativainfo.com\/?p=2115\"]}]},{\"@type\":\"ImageObject\",\"inLanguage\":\"es-AR\",\"@id\":\"https:\/\/nativainfo.com\/?p=2115#primaryimage\",\"url\":\"https:\/\/nativainfo.com\/wp-content\/uploads\/2021\/08\/MIROLO-EDUCACION.jpg\",\"contentUrl\":\"https:\/\/nativainfo.com\/wp-content\/uploads\/2021\/08\/MIROLO-EDUCACION.jpg\",\"width\":678,\"height\":510},{\"@type\":\"BreadcrumbList\",\"@id\":\"https:\/\/nativainfo.com\/?p=2115#breadcrumb\",\"itemListElement\":[{\"@type\":\"ListItem\",\"position\":1,\"name\":\"Inicio\",\"item\":\"https:\/\/nativainfo.com\/\"},{\"@type\":\"ListItem\",\"position\":2,\"name\":\"Mirolo: \u201cLa educaci\u00f3n es la herramienta para salir de la pobreza\u201d\"}]},{\"@type\":\"WebSite\",\"@id\":\"https:\/\/nativainfo.com\/#website\",\"url\":\"https:\/\/nativainfo.com\/\",\"name\":\"Nativa Info\",\"description\":\"Diario Digital\",\"publisher\":{\"@id\":\"https:\/\/nativainfo.com\/#organization\"},\"potentialAction\":[{\"@type\":\"SearchAction\",\"target\":{\"@type\":\"EntryPoint\",\"urlTemplate\":\"https:\/\/nativainfo.com\/?s={search_term_string}\"},\"query-input\":{\"@type\":\"PropertyValueSpecification\",\"valueRequired\":true,\"valueName\":\"search_term_string\"}}],\"inLanguage\":\"es-AR\"},{\"@type\":\"Organization\",\"@id\":\"https:\/\/nativainfo.com\/#organization\",\"name\":\"Nativa Info\",\"url\":\"https:\/\/nativainfo.com\/\",\"logo\":{\"@type\":\"ImageObject\",\"inLanguage\":\"es-AR\",\"@id\":\"https:\/\/nativainfo.com\/#\/schema\/logo\/image\/\",\"url\":\"https:\/\/nativainfo.com\/wp-content\/uploads\/2025\/08\/LOGO-NATIVA-FACE.jpg\",\"contentUrl\":\"https:\/\/nativainfo.com\/wp-content\/uploads\/2025\/08\/LOGO-NATIVA-FACE.jpg\",\"width\":400,\"height\":400,\"caption\":\"Nativa Info\"},\"image\":{\"@id\":\"https:\/\/nativainfo.com\/#\/schema\/logo\/image\/\"},\"sameAs\":[\"https:\/\/www.facebook.com\/profile.php?id=61578881597564\"]},{\"@type\":\"Person\",\"@id\":\"https:\/\/nativainfo.com\/#\/schema\/person\/24893b64a9cd564ddb5d102d36eb4b5c\",\"name\":\"Nativa Info\",\"image\":{\"@type\":\"ImageObject\",\"inLanguage\":\"es-AR\",\"@id\":\"https:\/\/nativainfo.com\/#\/schema\/person\/image\/\",\"url\":\"https:\/\/secure.gravatar.com\/avatar\/016fa1cf068d85136d938e1507b9b619cb766e2565cbb1faa1e571762460c785?s=96&d=mm&r=g\",\"contentUrl\":\"https:\/\/secure.gravatar.com\/avatar\/016fa1cf068d85136d938e1507b9b619cb766e2565cbb1faa1e571762460c785?s=96&d=mm&r=g\",\"caption\":\"Nativa Info\"},\"sameAs\":[\"http:\/\/nativainfo.com\"],\"url\":\"https:\/\/nativainfo.com\/?author=1\"}]}<\/script>\n<!-- \/ Yoast SEO plugin. -->","yoast_head_json":{"title":"Mirolo: \u201cLa educaci\u00f3n es la herramienta para salir de la pobreza\u201d - Nativa Info","robots":{"index":"index","follow":"follow","max-snippet":"max-snippet:-1","max-image-preview":"max-image-preview:large","max-video-preview":"max-video-preview:-1"},"canonical":"https:\/\/nativainfo.com\/?p=2115","og_locale":"es_ES","og_type":"article","og_title":"Mirolo: \u201cLa educaci\u00f3n es la herramienta para salir de la pobreza\u201d - Nativa Info","og_description":"\u201cTenemos que construir escuelas primarias y secundarias como en La Banda y jardines municipales\u201d, dijo. El candidato a diputado nacional... Continue reading","og_url":"https:\/\/nativainfo.com\/?p=2115","og_site_name":"Nativa Info","article_publisher":"https:\/\/www.facebook.com\/profile.php?id=61578881597564","article_published_time":"2021-08-04T18:00:53+00:00","article_modified_time":"2021-08-04T18:00:58+00:00","og_image":[{"url":"http:\/\/nativainfo.com\/wp-content\/uploads\/2021\/08\/MIROLO-EDUCACION.jpg","type":"","width":"","height":""}],"author":"Nativa Info","twitter_card":"summary_large_image","twitter_misc":{"Escrito por":"Nativa Info","Tiempo de lectura":"1 minuto"},"schema":{"@context":"https:\/\/schema.org","@graph":[{"@type":"Article","@id":"https:\/\/nativainfo.com\/?p=2115#article","isPartOf":{"@id":"https:\/\/nativainfo.com\/?p=2115"},"author":{"name":"Nativa Info","@id":"https:\/\/nativainfo.com\/#\/schema\/person\/24893b64a9cd564ddb5d102d36eb4b5c"},"headline":"Mirolo: \u201cLa educaci\u00f3n es la herramienta para salir de la pobreza\u201d","datePublished":"2021-08-04T18:00:53+00:00","dateModified":"2021-08-04T18:00:58+00:00","mainEntityOfPage":{"@id":"https:\/\/nativainfo.com\/?p=2115"},"wordCount":272,"commentCount":0,"publisher":{"@id":"https:\/\/nativainfo.com\/#organization"},"image":{"@id":"https:\/\/nativainfo.com\/?p=2115#primaryimage"},"thumbnailUrl":"http:\/\/nativainfo.com\/wp-content\/uploads\/2021\/08\/MIROLO-EDUCACION.jpg","articleSection":["Educaci\u00f3n","Provincia"],"inLanguage":"es-AR","potentialAction":[{"@type":"CommentAction","name":"Comment","target":["https:\/\/nativainfo.com\/?p=2115#respond"]}]},{"@type":"WebPage","@id":"https:\/\/nativainfo.com\/?p=2115","url":"https:\/\/nativainfo.com\/?p=2115","name":"Mirolo: \u201cLa educaci\u00f3n es la herramienta para salir de la pobreza\u201d - Nativa Info","isPartOf":{"@id":"https:\/\/nativainfo.com\/#website"},"primaryImageOfPage":{"@id":"https:\/\/nativainfo.com\/?p=2115#primaryimage"},"image":{"@id":"https:\/\/nativainfo.com\/?p=2115#primaryimage"},"thumbnailUrl":"http:\/\/nativainfo.com\/wp-content\/uploads\/2021\/08\/MIROLO-EDUCACION.jpg","datePublished":"2021-08-04T18:00:53+00:00","dateModified":"2021-08-04T18:00:58+00:00","breadcrumb":{"@id":"https:\/\/nativainfo.com\/?p=2115#breadcrumb"},"inLanguage":"es-AR","potentialAction":[{"@type":"ReadAction","target":["https:\/\/nativainfo.com\/?p=2115"]}]},{"@type":"ImageObject","inLanguage":"es-AR","@id":"https:\/\/nativainfo.com\/?p=2115#primaryimage","url":"https:\/\/nativainfo.com\/wp-content\/uploads\/2021\/08\/MIROLO-EDUCACION.jpg","contentUrl":"https:\/\/nativainfo.com\/wp-content\/uploads\/2021\/08\/MIROLO-EDUCACION.jpg","width":678,"height":510},{"@type":"BreadcrumbList","@id":"https:\/\/nativainfo.com\/?p=2115#breadcrumb","itemListElement":[{"@type":"ListItem","position":1,"name":"Inicio","item":"https:\/\/nativainfo.com\/"},{"@type":"ListItem","position":2,"name":"Mirolo: \u201cLa educaci\u00f3n es la herramienta para salir de la pobreza\u201d"}]},{"@type":"WebSite","@id":"https:\/\/nativainfo.com\/#website","url":"https:\/\/nativainfo.com\/","name":"Nativa Info","description":"Diario Digital","publisher":{"@id":"https:\/\/nativainfo.com\/#organization"},"potentialAction":[{"@type":"SearchAction","target":{"@type":"EntryPoint","urlTemplate":"https:\/\/nativainfo.com\/?s={search_term_string}"},"query-input":{"@type":"PropertyValueSpecification","valueRequired":true,"valueName":"search_term_string"}}],"inLanguage":"es-AR"},{"@type":"Organization","@id":"https:\/\/nativainfo.com\/#organization","name":"Nativa Info","url":"https:\/\/nativainfo.com\/","logo":{"@type":"ImageObject","inLanguage":"es-AR","@id":"https:\/\/nativainfo.com\/#\/schema\/logo\/image\/","url":"https:\/\/nativainfo.com\/wp-content\/uploads\/2025\/08\/LOGO-NATIVA-FACE.jpg","contentUrl":"https:\/\/nativainfo.com\/wp-content\/uploads\/2025\/08\/LOGO-NATIVA-FACE.jpg","width":400,"height":400,"caption":"Nativa Info"},"image":{"@id":"https:\/\/nativainfo.com\/#\/schema\/logo\/image\/"},"sameAs":["https:\/\/www.facebook.com\/profile.php?id=61578881597564"]},{"@type":"Person","@id":"https:\/\/nativainfo.com\/#\/schema\/person\/24893b64a9cd564ddb5d102d36eb4b5c","name":"Nativa Info","image":{"@type":"ImageObject","inLanguage":"es-AR","@id":"https:\/\/nativainfo.com\/#\/schema\/person\/image\/","url":"https:\/\/secure.gravatar.com\/avatar\/016fa1cf068d85136d938e1507b9b619cb766e2565cbb1faa1e571762460c785?s=96&d=mm&r=g","contentUrl":"https:\/\/secure.gravatar.com\/avatar\/016fa1cf068d85136d938e1507b9b619cb766e2565cbb1faa1e571762460c785?s=96&d=mm&r=g","caption":"Nativa Info"},"sameAs":["http:\/\/nativainfo.com"],"url":"https:\/\/nativainfo.com\/?author=1"}]}},"jetpack_publicize_connections":[],"_links":{"self":[{"href":"https:\/\/nativainfo.com\/index.php?rest_route=\/wp\/v2\/posts\/2115","targetHints":{"allow":["GET"]}}],"collection":[{"href":"https:\/\/nativainfo.com\/index.php?rest_route=\/wp\/v2\/posts"}],"about":[{"href":"https:\/\/nativainfo.com\/index.php?rest_route=\/wp\/v2\/types\/post"}],"author":[{"embeddable":true,"href":"https:\/\/nativainfo.com\/index.php?rest_route=\/wp\/v2\/users\/1"}],"replies":[{"embeddable":true,"href":"https:\/\/nativainfo.com\/index.php?rest_route=%2Fwp%2Fv2%2Fcomments&post=2115"}],"version-history":[{"count":1,"href":"https:\/\/nativainfo.com\/index.php?rest_route=\/wp\/v2\/posts\/2115\/revisions"}],"predecessor-version":[{"id":2117,"href":"https:\/\/nativainfo.com\/index.php?rest_route=\/wp\/v2\/posts\/2115\/revisions\/2117"}],"wp:attachment":[{"href":"https:\/\/nativainfo.com\/index.php?rest_route=%2Fwp%2Fv2%2Fmedia&parent=2115"}],"wp:term":[{"taxonomy":"category","embeddable":true,"href":"https:\/\/nativainfo.com\/index.php?rest_route=%2Fwp%2Fv2%2Fcategories&post=2115"},{"taxonomy":"post_tag","embeddable":true,"href":"https:\/\/nativainfo.com\/index.php?rest_route=%2Fwp%2Fv2%2Ftags&post=2115"}],"curies":[{"name":"wp","href":"https:\/\/api.w.org\/{rel}","templated":true}]}}