{"id":2106,"date":"2021-08-04T02:33:47","date_gmt":"2021-08-04T05:33:47","guid":{"rendered":"http:\/\/nativainfo.com\/?p=2106"},"modified":"2021-08-04T02:33:48","modified_gmt":"2021-08-04T05:33:48","slug":"el-kun-aguero-podria-debutar-el-domingo-en-barcelona","status":"publish","type":"post","link":"https:\/\/nativainfo.com\/?p=2106","title":{"rendered":"El Kun Ag\u00fcero podr\u00eda debutar el domingo en Barcelona"},"content":{"rendered":"\n<p>El crack argentino&nbsp;<strong>Sergio Ag\u00fcero<\/strong>&nbsp;podr\u00eda debutar el pr\u00f3ximo domingo en el&nbsp;<strong>Barcelona<\/strong>, cuando el equipo catal\u00e1n juegue ante la&nbsp;<strong>Juventus&nbsp;<\/strong>por el tradicional trofeo Joan Gamper, revelo hoy la prensa deportiva espa\u00f1ola.<\/p>\n\n\n\n<figure class=\"wp-block-image size-large\"><img fetchpriority=\"high\" decoding=\"async\" width=\"660\" height=\"371\" src=\"http:\/\/nativainfo.com\/wp-content\/uploads\/2021\/08\/ccc68014-9f27-40de-9502-5cc2430b678f_media-libre-aspect-ratio_default_0.jpg\" alt=\"\" class=\"wp-image-2112\" srcset=\"https:\/\/nativainfo.com\/wp-content\/uploads\/2021\/08\/ccc68014-9f27-40de-9502-5cc2430b678f_media-libre-aspect-ratio_default_0.jpg 660w, https:\/\/nativainfo.com\/wp-content\/uploads\/2021\/08\/ccc68014-9f27-40de-9502-5cc2430b678f_media-libre-aspect-ratio_default_0-300x169.jpg 300w, https:\/\/nativainfo.com\/wp-content\/uploads\/2021\/08\/ccc68014-9f27-40de-9502-5cc2430b678f_media-libre-aspect-ratio_default_0-623x350.jpg 623w, https:\/\/nativainfo.com\/wp-content\/uploads\/2021\/08\/ccc68014-9f27-40de-9502-5cc2430b678f_media-libre-aspect-ratio_default_0-150x84.jpg 150w\" sizes=\"(max-width: 660px) 100vw, 660px\" \/><\/figure>\n\n\n\n<p><em>&#8220;Ag\u00fcero al igual que los brasile\u00f1os Emerson Royal y Philipe Coutinho contin\u00faan buscando su mejor forma y podr\u00edan tener algunos minutos ante la Juventus el domingo por el trofeo Joan Gamper&#8221;&nbsp;<\/em>destaca el diario catal\u00e1n Mundo Deportivo.<\/p>\n\n\n\n<p>El &#8220;<strong>Kun&#8221; Ag\u00fcero&nbsp;<\/strong>se sum\u00f3 ayer a los entrenamientos en la Ciudad Deportiva del Barcelona, ya que al igual que los brasile\u00f1os tuvo compromisos con su&nbsp;<strong>Selecci\u00f2n en la Copa Am\u00e9rica<\/strong>&nbsp;jugada en&nbsp;<strong>Brasil&nbsp;<\/strong>y ganada por la&nbsp;<strong>Argentina<\/strong>.<\/p>\n\n\n\n<p><strong>Barcelona&nbsp;<\/strong>jugar\u00e1 ma\u00f1ana un partido amistoso con el&nbsp;<strong>Red Bull Salzburgo del exBoca Nicolas Capaldo, en Austria<\/strong>, como parte de la pretemporada del equipo que dirige&nbsp;<strong>Ronald Koeman,&nbsp;<\/strong>pero el argentino y los brasile\u00f1os no estar\u00e1n presentes.<\/p>\n","protected":false},"excerpt":{"rendered":"<p>El crack argentino&nbsp;Sergio Ag\u00fcero&nbsp;podr\u00eda debutar el pr\u00f3ximo domingo en el&nbsp;Barcelona, cuando el equipo catal\u00e1n juegue ante la&nbsp;Juventus&nbsp;por el tradicional trofeo&#8230; <a class=\"continue-reading-link\" href=\"https:\/\/nativainfo.com\/?p=2106\">Continue reading<\/a><\/p>\n","protected":false},"author":1,"featured_media":0,"comment_status":"open","ping_status":"open","sticky":false,"template":"","format":"standard","meta":{"rop_custom_images_group":[],"rop_custom_messages_group":[],"rop_publish_now":"initial","rop_publish_now_accounts":[],"rop_publish_now_history":[],"rop_publish_now_status":"pending","footnotes":"","jetpack_publicize_message":"","jetpack_publicize_feature_enabled":true,"jetpack_social_post_already_shared":false,"jetpack_social_options":{"image_generator_settings":{"template":"highway","default_image_id":0,"font":"","enabled":false},"version":2}},"categories":[35],"tags":[],"class_list":["post-2106","post","type-post","status-publish","format-standard","hentry","category-futbol-internacional"],"yoast_head":"<!-- This site is optimized with the Yoast SEO plugin v25.6 - https:\/\/yoast.com\/wordpress\/plugins\/seo\/ -->\n<title>El Kun Ag\u00fcero podr\u00eda debutar el domingo en Barcelona - Nativa Info<\/title>\n<meta name=\"robots\" content=\"index, follow, max-snippet:-1, max-image-preview:large, max-video-preview:-1\" \/>\n<link rel=\"canonical\" href=\"https:\/\/nativainfo.com\/?p=2106\" \/>\n<meta property=\"og:locale\" content=\"es_ES\" \/>\n<meta property=\"og:type\" content=\"article\" \/>\n<meta property=\"og:title\" content=\"El Kun Ag\u00fcero podr\u00eda debutar el domingo en Barcelona - Nativa Info\" \/>\n<meta property=\"og:description\" content=\"El crack argentino&nbsp;Sergio Ag\u00fcero&nbsp;podr\u00eda debutar el pr\u00f3ximo domingo en el&nbsp;Barcelona, cuando el equipo catal\u00e1n juegue ante la&nbsp;Juventus&nbsp;por el tradicional trofeo... Continue reading\" \/>\n<meta property=\"og:url\" content=\"https:\/\/nativainfo.com\/?p=2106\" \/>\n<meta property=\"og:site_name\" content=\"Nativa Info\" \/>\n<meta property=\"article:publisher\" content=\"https:\/\/www.facebook.com\/profile.php?id=61578881597564\" \/>\n<meta property=\"article:published_time\" content=\"2021-08-04T05:33:47+00:00\" \/>\n<meta property=\"article:modified_time\" content=\"2021-08-04T05:33:48+00:00\" \/>\n<meta property=\"og:image\" content=\"http:\/\/nativainfo.com\/wp-content\/uploads\/2021\/08\/ccc68014-9f27-40de-9502-5cc2430b678f_media-libre-aspect-ratio_default_0.jpg\" \/>\n<meta name=\"author\" content=\"Nativa Info\" \/>\n<meta name=\"twitter:card\" content=\"summary_large_image\" \/>\n<meta name=\"twitter:label1\" content=\"Escrito por\" \/>\n\t<meta name=\"twitter:data1\" content=\"Nativa Info\" \/>\n\t<meta name=\"twitter:label2\" content=\"Tiempo de lectura\" \/>\n\t<meta name=\"twitter:data2\" content=\"1 minuto\" \/>\n<script type=\"application\/ld+json\" class=\"yoast-schema-graph\">{\"@context\":\"https:\/\/schema.org\",\"@graph\":[{\"@type\":\"Article\",\"@id\":\"https:\/\/nativainfo.com\/?p=2106#article\",\"isPartOf\":{\"@id\":\"https:\/\/nativainfo.com\/?p=2106\"},\"author\":{\"name\":\"Nativa Info\",\"@id\":\"https:\/\/nativainfo.com\/#\/schema\/person\/24893b64a9cd564ddb5d102d36eb4b5c\"},\"headline\":\"El Kun Ag\u00fcero podr\u00eda debutar el domingo en Barcelona\",\"datePublished\":\"2021-08-04T05:33:47+00:00\",\"dateModified\":\"2021-08-04T05:33:48+00:00\",\"mainEntityOfPage\":{\"@id\":\"https:\/\/nativainfo.com\/?p=2106\"},\"wordCount\":190,\"commentCount\":0,\"publisher\":{\"@id\":\"https:\/\/nativainfo.com\/#organization\"},\"image\":{\"@id\":\"https:\/\/nativainfo.com\/?p=2106#primaryimage\"},\"thumbnailUrl\":\"http:\/\/nativainfo.com\/wp-content\/uploads\/2021\/08\/ccc68014-9f27-40de-9502-5cc2430b678f_media-libre-aspect-ratio_default_0.jpg\",\"articleSection\":[\"F\u00fatbol Internacional\"],\"inLanguage\":\"es-AR\",\"potentialAction\":[{\"@type\":\"CommentAction\",\"name\":\"Comment\",\"target\":[\"https:\/\/nativainfo.com\/?p=2106#respond\"]}]},{\"@type\":\"WebPage\",\"@id\":\"https:\/\/nativainfo.com\/?p=2106\",\"url\":\"https:\/\/nativainfo.com\/?p=2106\",\"name\":\"El Kun Ag\u00fcero podr\u00eda debutar el domingo en Barcelona - Nativa Info\",\"isPartOf\":{\"@id\":\"https:\/\/nativainfo.com\/#website\"},\"primaryImageOfPage\":{\"@id\":\"https:\/\/nativainfo.com\/?p=2106#primaryimage\"},\"image\":{\"@id\":\"https:\/\/nativainfo.com\/?p=2106#primaryimage\"},\"thumbnailUrl\":\"http:\/\/nativainfo.com\/wp-content\/uploads\/2021\/08\/ccc68014-9f27-40de-9502-5cc2430b678f_media-libre-aspect-ratio_default_0.jpg\",\"datePublished\":\"2021-08-04T05:33:47+00:00\",\"dateModified\":\"2021-08-04T05:33:48+00:00\",\"breadcrumb\":{\"@id\":\"https:\/\/nativainfo.com\/?p=2106#breadcrumb\"},\"inLanguage\":\"es-AR\",\"potentialAction\":[{\"@type\":\"ReadAction\",\"target\":[\"https:\/\/nativainfo.com\/?p=2106\"]}]},{\"@type\":\"ImageObject\",\"inLanguage\":\"es-AR\",\"@id\":\"https:\/\/nativainfo.com\/?p=2106#primaryimage\",\"url\":\"https:\/\/nativainfo.com\/wp-content\/uploads\/2021\/08\/ccc68014-9f27-40de-9502-5cc2430b678f_media-libre-aspect-ratio_default_0.jpg\",\"contentUrl\":\"https:\/\/nativainfo.com\/wp-content\/uploads\/2021\/08\/ccc68014-9f27-40de-9502-5cc2430b678f_media-libre-aspect-ratio_default_0.jpg\",\"width\":660,\"height\":371},{\"@type\":\"BreadcrumbList\",\"@id\":\"https:\/\/nativainfo.com\/?p=2106#breadcrumb\",\"itemListElement\":[{\"@type\":\"ListItem\",\"position\":1,\"name\":\"Inicio\",\"item\":\"https:\/\/nativainfo.com\/\"},{\"@type\":\"ListItem\",\"position\":2,\"name\":\"El Kun Ag\u00fcero podr\u00eda debutar el domingo en Barcelona\"}]},{\"@type\":\"WebSite\",\"@id\":\"https:\/\/nativainfo.com\/#website\",\"url\":\"https:\/\/nativainfo.com\/\",\"name\":\"Nativa Info\",\"description\":\"Diario Digital\",\"publisher\":{\"@id\":\"https:\/\/nativainfo.com\/#organization\"},\"potentialAction\":[{\"@type\":\"SearchAction\",\"target\":{\"@type\":\"EntryPoint\",\"urlTemplate\":\"https:\/\/nativainfo.com\/?s={search_term_string}\"},\"query-input\":{\"@type\":\"PropertyValueSpecification\",\"valueRequired\":true,\"valueName\":\"search_term_string\"}}],\"inLanguage\":\"es-AR\"},{\"@type\":\"Organization\",\"@id\":\"https:\/\/nativainfo.com\/#organization\",\"name\":\"Nativa Info\",\"url\":\"https:\/\/nativainfo.com\/\",\"logo\":{\"@type\":\"ImageObject\",\"inLanguage\":\"es-AR\",\"@id\":\"https:\/\/nativainfo.com\/#\/schema\/logo\/image\/\",\"url\":\"https:\/\/nativainfo.com\/wp-content\/uploads\/2025\/08\/LOGO-NATIVA-FACE.jpg\",\"contentUrl\":\"https:\/\/nativainfo.com\/wp-content\/uploads\/2025\/08\/LOGO-NATIVA-FACE.jpg\",\"width\":400,\"height\":400,\"caption\":\"Nativa Info\"},\"image\":{\"@id\":\"https:\/\/nativainfo.com\/#\/schema\/logo\/image\/\"},\"sameAs\":[\"https:\/\/www.facebook.com\/profile.php?id=61578881597564\"]},{\"@type\":\"Person\",\"@id\":\"https:\/\/nativainfo.com\/#\/schema\/person\/24893b64a9cd564ddb5d102d36eb4b5c\",\"name\":\"Nativa Info\",\"image\":{\"@type\":\"ImageObject\",\"inLanguage\":\"es-AR\",\"@id\":\"https:\/\/nativainfo.com\/#\/schema\/person\/image\/\",\"url\":\"https:\/\/secure.gravatar.com\/avatar\/016fa1cf068d85136d938e1507b9b619cb766e2565cbb1faa1e571762460c785?s=96&d=mm&r=g\",\"contentUrl\":\"https:\/\/secure.gravatar.com\/avatar\/016fa1cf068d85136d938e1507b9b619cb766e2565cbb1faa1e571762460c785?s=96&d=mm&r=g\",\"caption\":\"Nativa Info\"},\"sameAs\":[\"http:\/\/nativainfo.com\"],\"url\":\"https:\/\/nativainfo.com\/?author=1\"}]}<\/script>\n<!-- \/ Yoast SEO plugin. -->","yoast_head_json":{"title":"El Kun Ag\u00fcero podr\u00eda debutar el domingo en Barcelona - Nativa Info","robots":{"index":"index","follow":"follow","max-snippet":"max-snippet:-1","max-image-preview":"max-image-preview:large","max-video-preview":"max-video-preview:-1"},"canonical":"https:\/\/nativainfo.com\/?p=2106","og_locale":"es_ES","og_type":"article","og_title":"El Kun Ag\u00fcero podr\u00eda debutar el domingo en Barcelona - Nativa Info","og_description":"El crack argentino&nbsp;Sergio Ag\u00fcero&nbsp;podr\u00eda debutar el pr\u00f3ximo domingo en el&nbsp;Barcelona, cuando el equipo catal\u00e1n juegue ante la&nbsp;Juventus&nbsp;por el tradicional trofeo... Continue reading","og_url":"https:\/\/nativainfo.com\/?p=2106","og_site_name":"Nativa Info","article_publisher":"https:\/\/www.facebook.com\/profile.php?id=61578881597564","article_published_time":"2021-08-04T05:33:47+00:00","article_modified_time":"2021-08-04T05:33:48+00:00","og_image":[{"url":"http:\/\/nativainfo.com\/wp-content\/uploads\/2021\/08\/ccc68014-9f27-40de-9502-5cc2430b678f_media-libre-aspect-ratio_default_0.jpg","type":"","width":"","height":""}],"author":"Nativa Info","twitter_card":"summary_large_image","twitter_misc":{"Escrito por":"Nativa Info","Tiempo de lectura":"1 minuto"},"schema":{"@context":"https:\/\/schema.org","@graph":[{"@type":"Article","@id":"https:\/\/nativainfo.com\/?p=2106#article","isPartOf":{"@id":"https:\/\/nativainfo.com\/?p=2106"},"author":{"name":"Nativa Info","@id":"https:\/\/nativainfo.com\/#\/schema\/person\/24893b64a9cd564ddb5d102d36eb4b5c"},"headline":"El Kun Ag\u00fcero podr\u00eda debutar el domingo en Barcelona","datePublished":"2021-08-04T05:33:47+00:00","dateModified":"2021-08-04T05:33:48+00:00","mainEntityOfPage":{"@id":"https:\/\/nativainfo.com\/?p=2106"},"wordCount":190,"commentCount":0,"publisher":{"@id":"https:\/\/nativainfo.com\/#organization"},"image":{"@id":"https:\/\/nativainfo.com\/?p=2106#primaryimage"},"thumbnailUrl":"http:\/\/nativainfo.com\/wp-content\/uploads\/2021\/08\/ccc68014-9f27-40de-9502-5cc2430b678f_media-libre-aspect-ratio_default_0.jpg","articleSection":["F\u00fatbol Internacional"],"inLanguage":"es-AR","potentialAction":[{"@type":"CommentAction","name":"Comment","target":["https:\/\/nativainfo.com\/?p=2106#respond"]}]},{"@type":"WebPage","@id":"https:\/\/nativainfo.com\/?p=2106","url":"https:\/\/nativainfo.com\/?p=2106","name":"El Kun Ag\u00fcero podr\u00eda debutar el domingo en Barcelona - Nativa Info","isPartOf":{"@id":"https:\/\/nativainfo.com\/#website"},"primaryImageOfPage":{"@id":"https:\/\/nativainfo.com\/?p=2106#primaryimage"},"image":{"@id":"https:\/\/nativainfo.com\/?p=2106#primaryimage"},"thumbnailUrl":"http:\/\/nativainfo.com\/wp-content\/uploads\/2021\/08\/ccc68014-9f27-40de-9502-5cc2430b678f_media-libre-aspect-ratio_default_0.jpg","datePublished":"2021-08-04T05:33:47+00:00","dateModified":"2021-08-04T05:33:48+00:00","breadcrumb":{"@id":"https:\/\/nativainfo.com\/?p=2106#breadcrumb"},"inLanguage":"es-AR","potentialAction":[{"@type":"ReadAction","target":["https:\/\/nativainfo.com\/?p=2106"]}]},{"@type":"ImageObject","inLanguage":"es-AR","@id":"https:\/\/nativainfo.com\/?p=2106#primaryimage","url":"https:\/\/nativainfo.com\/wp-content\/uploads\/2021\/08\/ccc68014-9f27-40de-9502-5cc2430b678f_media-libre-aspect-ratio_default_0.jpg","contentUrl":"https:\/\/nativainfo.com\/wp-content\/uploads\/2021\/08\/ccc68014-9f27-40de-9502-5cc2430b678f_media-libre-aspect-ratio_default_0.jpg","width":660,"height":371},{"@type":"BreadcrumbList","@id":"https:\/\/nativainfo.com\/?p=2106#breadcrumb","itemListElement":[{"@type":"ListItem","position":1,"name":"Inicio","item":"https:\/\/nativainfo.com\/"},{"@type":"ListItem","position":2,"name":"El Kun Ag\u00fcero podr\u00eda debutar el domingo en Barcelona"}]},{"@type":"WebSite","@id":"https:\/\/nativainfo.com\/#website","url":"https:\/\/nativainfo.com\/","name":"Nativa Info","description":"Diario Digital","publisher":{"@id":"https:\/\/nativainfo.com\/#organization"},"potentialAction":[{"@type":"SearchAction","target":{"@type":"EntryPoint","urlTemplate":"https:\/\/nativainfo.com\/?s={search_term_string}"},"query-input":{"@type":"PropertyValueSpecification","valueRequired":true,"valueName":"search_term_string"}}],"inLanguage":"es-AR"},{"@type":"Organization","@id":"https:\/\/nativainfo.com\/#organization","name":"Nativa Info","url":"https:\/\/nativainfo.com\/","logo":{"@type":"ImageObject","inLanguage":"es-AR","@id":"https:\/\/nativainfo.com\/#\/schema\/logo\/image\/","url":"https:\/\/nativainfo.com\/wp-content\/uploads\/2025\/08\/LOGO-NATIVA-FACE.jpg","contentUrl":"https:\/\/nativainfo.com\/wp-content\/uploads\/2025\/08\/LOGO-NATIVA-FACE.jpg","width":400,"height":400,"caption":"Nativa Info"},"image":{"@id":"https:\/\/nativainfo.com\/#\/schema\/logo\/image\/"},"sameAs":["https:\/\/www.facebook.com\/profile.php?id=61578881597564"]},{"@type":"Person","@id":"https:\/\/nativainfo.com\/#\/schema\/person\/24893b64a9cd564ddb5d102d36eb4b5c","name":"Nativa Info","image":{"@type":"ImageObject","inLanguage":"es-AR","@id":"https:\/\/nativainfo.com\/#\/schema\/person\/image\/","url":"https:\/\/secure.gravatar.com\/avatar\/016fa1cf068d85136d938e1507b9b619cb766e2565cbb1faa1e571762460c785?s=96&d=mm&r=g","contentUrl":"https:\/\/secure.gravatar.com\/avatar\/016fa1cf068d85136d938e1507b9b619cb766e2565cbb1faa1e571762460c785?s=96&d=mm&r=g","caption":"Nativa Info"},"sameAs":["http:\/\/nativainfo.com"],"url":"https:\/\/nativainfo.com\/?author=1"}]}},"jetpack_publicize_connections":[],"_links":{"self":[{"href":"https:\/\/nativainfo.com\/index.php?rest_route=\/wp\/v2\/posts\/2106","targetHints":{"allow":["GET"]}}],"collection":[{"href":"https:\/\/nativainfo.com\/index.php?rest_route=\/wp\/v2\/posts"}],"about":[{"href":"https:\/\/nativainfo.com\/index.php?rest_route=\/wp\/v2\/types\/post"}],"author":[{"embeddable":true,"href":"https:\/\/nativainfo.com\/index.php?rest_route=\/wp\/v2\/users\/1"}],"replies":[{"embeddable":true,"href":"https:\/\/nativainfo.com\/index.php?rest_route=%2Fwp%2Fv2%2Fcomments&post=2106"}],"version-history":[{"count":1,"href":"https:\/\/nativainfo.com\/index.php?rest_route=\/wp\/v2\/posts\/2106\/revisions"}],"predecessor-version":[{"id":2113,"href":"https:\/\/nativainfo.com\/index.php?rest_route=\/wp\/v2\/posts\/2106\/revisions\/2113"}],"wp:attachment":[{"href":"https:\/\/nativainfo.com\/index.php?rest_route=%2Fwp%2Fv2%2Fmedia&parent=2106"}],"wp:term":[{"taxonomy":"category","embeddable":true,"href":"https:\/\/nativainfo.com\/index.php?rest_route=%2Fwp%2Fv2%2Fcategories&post=2106"},{"taxonomy":"post_tag","embeddable":true,"href":"https:\/\/nativainfo.com\/index.php?rest_route=%2Fwp%2Fv2%2Ftags&post=2106"}],"curies":[{"name":"wp","href":"https:\/\/api.w.org\/{rel}","templated":true}]}}