{"id":2105,"date":"2021-08-04T02:30:27","date_gmt":"2021-08-04T05:30:27","guid":{"rendered":"http:\/\/nativainfo.com\/?p=2105"},"modified":"2021-08-04T02:30:28","modified_gmt":"2021-08-04T05:30:28","slug":"arranco-la-vacunacion-a-adolescentes-pedimos-a-los-familiares-que-se-acerquen-es-una-gran-herramienta-de-proteccion-de-la-salud","status":"publish","type":"post","link":"https:\/\/nativainfo.com\/?p=2105","title":{"rendered":"Arranc\u00f3 la vacunaci\u00f3n a adolescentes: &#8220;Pedimos a los familiares que se acerquen, es una gran herramienta de protecci\u00f3n de la salud&#8221;"},"content":{"rendered":"\n<p><strong>La Ministra de Salud, Natividad Nassif habl\u00f3 sobre el inicio de vacunaci\u00f3n a j\u00f3venes de 12 a 17 a\u00f1os con factor de riesgo en Capital y Banda.<\/strong><\/p>\n\n\n\n<figure class=\"wp-block-image size-large\"><img fetchpriority=\"high\" decoding=\"async\" width=\"1024\" height=\"683\" src=\"http:\/\/nativainfo.com\/wp-content\/uploads\/2021\/08\/vacunacion-adolescentes-389383-162839-1024x683.jpg\" alt=\"\" class=\"wp-image-2110\" srcset=\"https:\/\/nativainfo.com\/wp-content\/uploads\/2021\/08\/vacunacion-adolescentes-389383-162839-1024x683.jpg 1024w, https:\/\/nativainfo.com\/wp-content\/uploads\/2021\/08\/vacunacion-adolescentes-389383-162839-300x200.jpg 300w, https:\/\/nativainfo.com\/wp-content\/uploads\/2021\/08\/vacunacion-adolescentes-389383-162839-768x512.jpg 768w, https:\/\/nativainfo.com\/wp-content\/uploads\/2021\/08\/vacunacion-adolescentes-389383-162839-525x350.jpg 525w, https:\/\/nativainfo.com\/wp-content\/uploads\/2021\/08\/vacunacion-adolescentes-389383-162839-150x100.jpg 150w, https:\/\/nativainfo.com\/wp-content\/uploads\/2021\/08\/vacunacion-adolescentes-389383-162839.jpg 1500w\" sizes=\"(max-width: 1024px) 100vw, 1024px\" \/><\/figure>\n\n\n\n<p>Cumpliendo con las normas y protocolos correspondientes, comenz\u00f3 la vacunaci\u00f3n, en nuestra Capital y en La Banda, contra COVID-19 en adolescentes de 12 a 17 a\u00f1os con condiciones de riesgo, con turnos disponibles para quienes se registren con anticipaci\u00f3n, presentando los certificados correspondientes.<\/p>\n\n\n\n<p>En el Club Ciclista Ol\u00edmpico de la Banda est\u00e1 uno de los centros vacunatorios. Al mismo asistieron la ministra de Salud, Lic. Natividad Nassif, el Subsecretario de Salud, Dr. Cesar Monti, la directora General de Atenci\u00f3n Primaria de la Salud, Dra. Martha Tarchini, directora de Inmunizaciones del Ministerio de Salud, Dra. Florencia Coronel.<\/p>\n\n\n\n<p>Fuente: Diario Panorama<\/p>\n","protected":false},"excerpt":{"rendered":"<p>La Ministra de Salud, Natividad Nassif habl\u00f3 sobre el inicio de vacunaci\u00f3n a j\u00f3venes de 12 a 17 a\u00f1os con&#8230; <a class=\"continue-reading-link\" href=\"https:\/\/nativainfo.com\/?p=2105\">Continue reading<\/a><\/p>\n","protected":false},"author":1,"featured_media":0,"comment_status":"open","ping_status":"open","sticky":false,"template":"","format":"standard","meta":{"rop_custom_images_group":[],"rop_custom_messages_group":[],"rop_publish_now":"initial","rop_publish_now_accounts":[],"rop_publish_now_history":[],"rop_publish_now_status":"pending","footnotes":"","jetpack_publicize_message":"","jetpack_publicize_feature_enabled":true,"jetpack_social_post_already_shared":false,"jetpack_social_options":{"image_generator_settings":{"template":"highway","default_image_id":0,"font":"","enabled":false},"version":2}},"categories":[12,15],"tags":[],"class_list":["post-2105","post","type-post","status-publish","format-standard","hentry","category-provincia","category-salud"],"yoast_head":"<!-- This site is optimized with the Yoast SEO plugin v25.6 - https:\/\/yoast.com\/wordpress\/plugins\/seo\/ -->\n<title>Arranc\u00f3 la vacunaci\u00f3n a adolescentes: &quot;Pedimos a los familiares que se acerquen, es una gran herramienta de protecci\u00f3n de la salud&quot; - Nativa Info<\/title>\n<meta name=\"robots\" content=\"index, follow, max-snippet:-1, max-image-preview:large, max-video-preview:-1\" \/>\n<link rel=\"canonical\" href=\"https:\/\/nativainfo.com\/?p=2105\" \/>\n<meta property=\"og:locale\" content=\"es_ES\" \/>\n<meta property=\"og:type\" content=\"article\" \/>\n<meta property=\"og:title\" content=\"Arranc\u00f3 la vacunaci\u00f3n a adolescentes: &quot;Pedimos a los familiares que se acerquen, es una gran herramienta de protecci\u00f3n de la salud&quot; - Nativa Info\" \/>\n<meta property=\"og:description\" content=\"La Ministra de Salud, Natividad Nassif habl\u00f3 sobre el inicio de vacunaci\u00f3n a j\u00f3venes de 12 a 17 a\u00f1os con... Continue reading\" \/>\n<meta property=\"og:url\" content=\"https:\/\/nativainfo.com\/?p=2105\" \/>\n<meta property=\"og:site_name\" content=\"Nativa Info\" \/>\n<meta property=\"article:publisher\" content=\"https:\/\/www.facebook.com\/profile.php?id=61578881597564\" \/>\n<meta property=\"article:published_time\" content=\"2021-08-04T05:30:27+00:00\" \/>\n<meta property=\"article:modified_time\" content=\"2021-08-04T05:30:28+00:00\" \/>\n<meta property=\"og:image\" content=\"http:\/\/nativainfo.com\/wp-content\/uploads\/2021\/08\/vacunacion-adolescentes-389383-162839-1024x683.jpg\" \/>\n<meta name=\"author\" content=\"Nativa Info\" \/>\n<meta name=\"twitter:card\" content=\"summary_large_image\" \/>\n<meta name=\"twitter:label1\" content=\"Escrito por\" \/>\n\t<meta name=\"twitter:data1\" content=\"Nativa Info\" \/>\n\t<meta name=\"twitter:label2\" content=\"Tiempo de lectura\" \/>\n\t<meta name=\"twitter:data2\" content=\"1 minuto\" \/>\n<script type=\"application\/ld+json\" class=\"yoast-schema-graph\">{\"@context\":\"https:\/\/schema.org\",\"@graph\":[{\"@type\":\"Article\",\"@id\":\"https:\/\/nativainfo.com\/?p=2105#article\",\"isPartOf\":{\"@id\":\"https:\/\/nativainfo.com\/?p=2105\"},\"author\":{\"name\":\"Nativa Info\",\"@id\":\"https:\/\/nativainfo.com\/#\/schema\/person\/24893b64a9cd564ddb5d102d36eb4b5c\"},\"headline\":\"Arranc\u00f3 la vacunaci\u00f3n a adolescentes: &#8220;Pedimos a los familiares que se acerquen, es una gran herramienta de protecci\u00f3n de la salud&#8221;\",\"datePublished\":\"2021-08-04T05:30:27+00:00\",\"dateModified\":\"2021-08-04T05:30:28+00:00\",\"mainEntityOfPage\":{\"@id\":\"https:\/\/nativainfo.com\/?p=2105\"},\"wordCount\":153,\"commentCount\":0,\"publisher\":{\"@id\":\"https:\/\/nativainfo.com\/#organization\"},\"image\":{\"@id\":\"https:\/\/nativainfo.com\/?p=2105#primaryimage\"},\"thumbnailUrl\":\"http:\/\/nativainfo.com\/wp-content\/uploads\/2021\/08\/vacunacion-adolescentes-389383-162839-1024x683.jpg\",\"articleSection\":[\"Provincia\",\"Salud\"],\"inLanguage\":\"es-AR\",\"potentialAction\":[{\"@type\":\"CommentAction\",\"name\":\"Comment\",\"target\":[\"https:\/\/nativainfo.com\/?p=2105#respond\"]}]},{\"@type\":\"WebPage\",\"@id\":\"https:\/\/nativainfo.com\/?p=2105\",\"url\":\"https:\/\/nativainfo.com\/?p=2105\",\"name\":\"Arranc\u00f3 la vacunaci\u00f3n a adolescentes: \\\"Pedimos a los familiares que se acerquen, es una gran herramienta de protecci\u00f3n de la salud\\\" - Nativa Info\",\"isPartOf\":{\"@id\":\"https:\/\/nativainfo.com\/#website\"},\"primaryImageOfPage\":{\"@id\":\"https:\/\/nativainfo.com\/?p=2105#primaryimage\"},\"image\":{\"@id\":\"https:\/\/nativainfo.com\/?p=2105#primaryimage\"},\"thumbnailUrl\":\"http:\/\/nativainfo.com\/wp-content\/uploads\/2021\/08\/vacunacion-adolescentes-389383-162839-1024x683.jpg\",\"datePublished\":\"2021-08-04T05:30:27+00:00\",\"dateModified\":\"2021-08-04T05:30:28+00:00\",\"breadcrumb\":{\"@id\":\"https:\/\/nativainfo.com\/?p=2105#breadcrumb\"},\"inLanguage\":\"es-AR\",\"potentialAction\":[{\"@type\":\"ReadAction\",\"target\":[\"https:\/\/nativainfo.com\/?p=2105\"]}]},{\"@type\":\"ImageObject\",\"inLanguage\":\"es-AR\",\"@id\":\"https:\/\/nativainfo.com\/?p=2105#primaryimage\",\"url\":\"https:\/\/nativainfo.com\/wp-content\/uploads\/2021\/08\/vacunacion-adolescentes-389383-162839.jpg\",\"contentUrl\":\"https:\/\/nativainfo.com\/wp-content\/uploads\/2021\/08\/vacunacion-adolescentes-389383-162839.jpg\",\"width\":1500,\"height\":1000},{\"@type\":\"BreadcrumbList\",\"@id\":\"https:\/\/nativainfo.com\/?p=2105#breadcrumb\",\"itemListElement\":[{\"@type\":\"ListItem\",\"position\":1,\"name\":\"Inicio\",\"item\":\"https:\/\/nativainfo.com\/\"},{\"@type\":\"ListItem\",\"position\":2,\"name\":\"Arranc\u00f3 la vacunaci\u00f3n a adolescentes: &#8220;Pedimos a los familiares que se acerquen, es una gran herramienta de protecci\u00f3n de la salud&#8221;\"}]},{\"@type\":\"WebSite\",\"@id\":\"https:\/\/nativainfo.com\/#website\",\"url\":\"https:\/\/nativainfo.com\/\",\"name\":\"Nativa Info\",\"description\":\"Diario Digital\",\"publisher\":{\"@id\":\"https:\/\/nativainfo.com\/#organization\"},\"potentialAction\":[{\"@type\":\"SearchAction\",\"target\":{\"@type\":\"EntryPoint\",\"urlTemplate\":\"https:\/\/nativainfo.com\/?s={search_term_string}\"},\"query-input\":{\"@type\":\"PropertyValueSpecification\",\"valueRequired\":true,\"valueName\":\"search_term_string\"}}],\"inLanguage\":\"es-AR\"},{\"@type\":\"Organization\",\"@id\":\"https:\/\/nativainfo.com\/#organization\",\"name\":\"Nativa Info\",\"url\":\"https:\/\/nativainfo.com\/\",\"logo\":{\"@type\":\"ImageObject\",\"inLanguage\":\"es-AR\",\"@id\":\"https:\/\/nativainfo.com\/#\/schema\/logo\/image\/\",\"url\":\"https:\/\/nativainfo.com\/wp-content\/uploads\/2025\/08\/LOGO-NATIVA-FACE.jpg\",\"contentUrl\":\"https:\/\/nativainfo.com\/wp-content\/uploads\/2025\/08\/LOGO-NATIVA-FACE.jpg\",\"width\":400,\"height\":400,\"caption\":\"Nativa Info\"},\"image\":{\"@id\":\"https:\/\/nativainfo.com\/#\/schema\/logo\/image\/\"},\"sameAs\":[\"https:\/\/www.facebook.com\/profile.php?id=61578881597564\"]},{\"@type\":\"Person\",\"@id\":\"https:\/\/nativainfo.com\/#\/schema\/person\/24893b64a9cd564ddb5d102d36eb4b5c\",\"name\":\"Nativa Info\",\"image\":{\"@type\":\"ImageObject\",\"inLanguage\":\"es-AR\",\"@id\":\"https:\/\/nativainfo.com\/#\/schema\/person\/image\/\",\"url\":\"https:\/\/secure.gravatar.com\/avatar\/016fa1cf068d85136d938e1507b9b619cb766e2565cbb1faa1e571762460c785?s=96&d=mm&r=g\",\"contentUrl\":\"https:\/\/secure.gravatar.com\/avatar\/016fa1cf068d85136d938e1507b9b619cb766e2565cbb1faa1e571762460c785?s=96&d=mm&r=g\",\"caption\":\"Nativa Info\"},\"sameAs\":[\"http:\/\/nativainfo.com\"],\"url\":\"https:\/\/nativainfo.com\/?author=1\"}]}<\/script>\n<!-- \/ Yoast SEO plugin. -->","yoast_head_json":{"title":"Arranc\u00f3 la vacunaci\u00f3n a adolescentes: \"Pedimos a los familiares que se acerquen, es una gran herramienta de protecci\u00f3n de la salud\" - Nativa Info","robots":{"index":"index","follow":"follow","max-snippet":"max-snippet:-1","max-image-preview":"max-image-preview:large","max-video-preview":"max-video-preview:-1"},"canonical":"https:\/\/nativainfo.com\/?p=2105","og_locale":"es_ES","og_type":"article","og_title":"Arranc\u00f3 la vacunaci\u00f3n a adolescentes: \"Pedimos a los familiares que se acerquen, es una gran herramienta de protecci\u00f3n de la salud\" - Nativa Info","og_description":"La Ministra de Salud, Natividad Nassif habl\u00f3 sobre el inicio de vacunaci\u00f3n a j\u00f3venes de 12 a 17 a\u00f1os con... Continue reading","og_url":"https:\/\/nativainfo.com\/?p=2105","og_site_name":"Nativa Info","article_publisher":"https:\/\/www.facebook.com\/profile.php?id=61578881597564","article_published_time":"2021-08-04T05:30:27+00:00","article_modified_time":"2021-08-04T05:30:28+00:00","og_image":[{"url":"http:\/\/nativainfo.com\/wp-content\/uploads\/2021\/08\/vacunacion-adolescentes-389383-162839-1024x683.jpg","type":"","width":"","height":""}],"author":"Nativa Info","twitter_card":"summary_large_image","twitter_misc":{"Escrito por":"Nativa Info","Tiempo de lectura":"1 minuto"},"schema":{"@context":"https:\/\/schema.org","@graph":[{"@type":"Article","@id":"https:\/\/nativainfo.com\/?p=2105#article","isPartOf":{"@id":"https:\/\/nativainfo.com\/?p=2105"},"author":{"name":"Nativa Info","@id":"https:\/\/nativainfo.com\/#\/schema\/person\/24893b64a9cd564ddb5d102d36eb4b5c"},"headline":"Arranc\u00f3 la vacunaci\u00f3n a adolescentes: &#8220;Pedimos a los familiares que se acerquen, es una gran herramienta de protecci\u00f3n de la salud&#8221;","datePublished":"2021-08-04T05:30:27+00:00","dateModified":"2021-08-04T05:30:28+00:00","mainEntityOfPage":{"@id":"https:\/\/nativainfo.com\/?p=2105"},"wordCount":153,"commentCount":0,"publisher":{"@id":"https:\/\/nativainfo.com\/#organization"},"image":{"@id":"https:\/\/nativainfo.com\/?p=2105#primaryimage"},"thumbnailUrl":"http:\/\/nativainfo.com\/wp-content\/uploads\/2021\/08\/vacunacion-adolescentes-389383-162839-1024x683.jpg","articleSection":["Provincia","Salud"],"inLanguage":"es-AR","potentialAction":[{"@type":"CommentAction","name":"Comment","target":["https:\/\/nativainfo.com\/?p=2105#respond"]}]},{"@type":"WebPage","@id":"https:\/\/nativainfo.com\/?p=2105","url":"https:\/\/nativainfo.com\/?p=2105","name":"Arranc\u00f3 la vacunaci\u00f3n a adolescentes: \"Pedimos a los familiares que se acerquen, es una gran herramienta de protecci\u00f3n de la salud\" - Nativa Info","isPartOf":{"@id":"https:\/\/nativainfo.com\/#website"},"primaryImageOfPage":{"@id":"https:\/\/nativainfo.com\/?p=2105#primaryimage"},"image":{"@id":"https:\/\/nativainfo.com\/?p=2105#primaryimage"},"thumbnailUrl":"http:\/\/nativainfo.com\/wp-content\/uploads\/2021\/08\/vacunacion-adolescentes-389383-162839-1024x683.jpg","datePublished":"2021-08-04T05:30:27+00:00","dateModified":"2021-08-04T05:30:28+00:00","breadcrumb":{"@id":"https:\/\/nativainfo.com\/?p=2105#breadcrumb"},"inLanguage":"es-AR","potentialAction":[{"@type":"ReadAction","target":["https:\/\/nativainfo.com\/?p=2105"]}]},{"@type":"ImageObject","inLanguage":"es-AR","@id":"https:\/\/nativainfo.com\/?p=2105#primaryimage","url":"https:\/\/nativainfo.com\/wp-content\/uploads\/2021\/08\/vacunacion-adolescentes-389383-162839.jpg","contentUrl":"https:\/\/nativainfo.com\/wp-content\/uploads\/2021\/08\/vacunacion-adolescentes-389383-162839.jpg","width":1500,"height":1000},{"@type":"BreadcrumbList","@id":"https:\/\/nativainfo.com\/?p=2105#breadcrumb","itemListElement":[{"@type":"ListItem","position":1,"name":"Inicio","item":"https:\/\/nativainfo.com\/"},{"@type":"ListItem","position":2,"name":"Arranc\u00f3 la vacunaci\u00f3n a adolescentes: &#8220;Pedimos a los familiares que se acerquen, es una gran herramienta de protecci\u00f3n de la salud&#8221;"}]},{"@type":"WebSite","@id":"https:\/\/nativainfo.com\/#website","url":"https:\/\/nativainfo.com\/","name":"Nativa Info","description":"Diario Digital","publisher":{"@id":"https:\/\/nativainfo.com\/#organization"},"potentialAction":[{"@type":"SearchAction","target":{"@type":"EntryPoint","urlTemplate":"https:\/\/nativainfo.com\/?s={search_term_string}"},"query-input":{"@type":"PropertyValueSpecification","valueRequired":true,"valueName":"search_term_string"}}],"inLanguage":"es-AR"},{"@type":"Organization","@id":"https:\/\/nativainfo.com\/#organization","name":"Nativa Info","url":"https:\/\/nativainfo.com\/","logo":{"@type":"ImageObject","inLanguage":"es-AR","@id":"https:\/\/nativainfo.com\/#\/schema\/logo\/image\/","url":"https:\/\/nativainfo.com\/wp-content\/uploads\/2025\/08\/LOGO-NATIVA-FACE.jpg","contentUrl":"https:\/\/nativainfo.com\/wp-content\/uploads\/2025\/08\/LOGO-NATIVA-FACE.jpg","width":400,"height":400,"caption":"Nativa Info"},"image":{"@id":"https:\/\/nativainfo.com\/#\/schema\/logo\/image\/"},"sameAs":["https:\/\/www.facebook.com\/profile.php?id=61578881597564"]},{"@type":"Person","@id":"https:\/\/nativainfo.com\/#\/schema\/person\/24893b64a9cd564ddb5d102d36eb4b5c","name":"Nativa Info","image":{"@type":"ImageObject","inLanguage":"es-AR","@id":"https:\/\/nativainfo.com\/#\/schema\/person\/image\/","url":"https:\/\/secure.gravatar.com\/avatar\/016fa1cf068d85136d938e1507b9b619cb766e2565cbb1faa1e571762460c785?s=96&d=mm&r=g","contentUrl":"https:\/\/secure.gravatar.com\/avatar\/016fa1cf068d85136d938e1507b9b619cb766e2565cbb1faa1e571762460c785?s=96&d=mm&r=g","caption":"Nativa Info"},"sameAs":["http:\/\/nativainfo.com"],"url":"https:\/\/nativainfo.com\/?author=1"}]}},"jetpack_publicize_connections":[],"_links":{"self":[{"href":"https:\/\/nativainfo.com\/index.php?rest_route=\/wp\/v2\/posts\/2105","targetHints":{"allow":["GET"]}}],"collection":[{"href":"https:\/\/nativainfo.com\/index.php?rest_route=\/wp\/v2\/posts"}],"about":[{"href":"https:\/\/nativainfo.com\/index.php?rest_route=\/wp\/v2\/types\/post"}],"author":[{"embeddable":true,"href":"https:\/\/nativainfo.com\/index.php?rest_route=\/wp\/v2\/users\/1"}],"replies":[{"embeddable":true,"href":"https:\/\/nativainfo.com\/index.php?rest_route=%2Fwp%2Fv2%2Fcomments&post=2105"}],"version-history":[{"count":1,"href":"https:\/\/nativainfo.com\/index.php?rest_route=\/wp\/v2\/posts\/2105\/revisions"}],"predecessor-version":[{"id":2111,"href":"https:\/\/nativainfo.com\/index.php?rest_route=\/wp\/v2\/posts\/2105\/revisions\/2111"}],"wp:attachment":[{"href":"https:\/\/nativainfo.com\/index.php?rest_route=%2Fwp%2Fv2%2Fmedia&parent=2105"}],"wp:term":[{"taxonomy":"category","embeddable":true,"href":"https:\/\/nativainfo.com\/index.php?rest_route=%2Fwp%2Fv2%2Fcategories&post=2105"},{"taxonomy":"post_tag","embeddable":true,"href":"https:\/\/nativainfo.com\/index.php?rest_route=%2Fwp%2Fv2%2Ftags&post=2105"}],"curies":[{"name":"wp","href":"https:\/\/api.w.org\/{rel}","templated":true}]}}