{"id":2094,"date":"2021-08-02T01:14:56","date_gmt":"2021-08-02T04:14:56","guid":{"rendered":"http:\/\/nativainfo.com\/?p=2094"},"modified":"2021-08-02T01:15:00","modified_gmt":"2021-08-02T04:15:00","slug":"el-santiagueno-pablo-araujo-quedo-eliminado-de-la-voz","status":"publish","type":"post","link":"https:\/\/nativainfo.com\/?p=2094","title":{"rendered":"El santiague\u00f1o Pablo Araujo qued\u00f3 eliminado de La Voz"},"content":{"rendered":"\n<figure class=\"wp-block-image size-large\"><img fetchpriority=\"high\" decoding=\"async\" width=\"1024\" height=\"798\" src=\"http:\/\/nativainfo.com\/wp-content\/uploads\/2021\/08\/pablo-emir-araujo-386330-114836-1024x798.jpg\" alt=\"\" class=\"wp-image-2097\" srcset=\"https:\/\/nativainfo.com\/wp-content\/uploads\/2021\/08\/pablo-emir-araujo-386330-114836-1024x798.jpg 1024w, https:\/\/nativainfo.com\/wp-content\/uploads\/2021\/08\/pablo-emir-araujo-386330-114836-300x234.jpg 300w, https:\/\/nativainfo.com\/wp-content\/uploads\/2021\/08\/pablo-emir-araujo-386330-114836-768x598.jpg 768w, https:\/\/nativainfo.com\/wp-content\/uploads\/2021\/08\/pablo-emir-araujo-386330-114836-449x350.jpg 449w, https:\/\/nativainfo.com\/wp-content\/uploads\/2021\/08\/pablo-emir-araujo-386330-114836-150x117.jpg 150w, https:\/\/nativainfo.com\/wp-content\/uploads\/2021\/08\/pablo-emir-araujo-386330-114836.jpg 1200w\" sizes=\"(max-width: 1024px) 100vw, 1024px\" \/><\/figure>\n\n\n\n<p>El santiague\u00f1o\u00a0<strong>Pablo Araujo abandon\u00f3 La Voz Argentina (Canal 7) tras competir en la instancia de batalla con su contrincante Emanuel Rivero<\/strong>, ambos miembros del equipo de\u00a0<strong>Sole Pastorutti.<\/strong>\u00a0Ambos subieron al escenario e interpretaron el tango &#8220;Los cosos de al lao&#8221; de Anibal Troilo.<\/p>\n\n\n\n<p>&#8220;Si me tocara elegir a m\u00ed, yo me ir\u00eda por Pablo porque es el tango que viene, porque el tango tiene que estar en la cartelera de Francia, de todo Europa como antes, y el tango que hace\u00a0<strong>Pablo es el tango para exportar\u201d<\/strong>, dijo\u00a0<strong>Ricardo Montaner<\/strong>, antes de que Soledad diera su veredicto sobre la performance de los concursantes de su equipo.<\/p>\n\n\n\n<p>Fuente: Diario Panorama<\/p>\n","protected":false},"excerpt":{"rendered":"<p>El santiague\u00f1o\u00a0Pablo Araujo abandon\u00f3 La Voz Argentina (Canal 7) tras competir en la instancia de batalla con su contrincante Emanuel&#8230; <a class=\"continue-reading-link\" href=\"https:\/\/nativainfo.com\/?p=2094\">Continue reading<\/a><\/p>\n","protected":false},"author":1,"featured_media":0,"comment_status":"open","ping_status":"open","sticky":false,"template":"","format":"standard","meta":{"rop_custom_images_group":[],"rop_custom_messages_group":[],"rop_publish_now":"initial","rop_publish_now_accounts":[],"rop_publish_now_history":[],"rop_publish_now_status":"pending","footnotes":"","jetpack_publicize_message":"","jetpack_publicize_feature_enabled":true,"jetpack_social_post_already_shared":false,"jetpack_social_options":{"image_generator_settings":{"template":"highway","default_image_id":0,"font":"","enabled":false},"version":2}},"categories":[56,31],"tags":[],"class_list":["post-2094","post","type-post","status-publish","format-standard","hentry","category-espectaculo","category-tv"],"yoast_head":"<!-- This site is optimized with the Yoast SEO plugin v25.6 - https:\/\/yoast.com\/wordpress\/plugins\/seo\/ -->\n<title>El santiague\u00f1o Pablo Araujo qued\u00f3 eliminado de La Voz - Nativa Info<\/title>\n<meta name=\"robots\" content=\"index, follow, max-snippet:-1, max-image-preview:large, max-video-preview:-1\" \/>\n<link rel=\"canonical\" href=\"https:\/\/nativainfo.com\/?p=2094\" \/>\n<meta property=\"og:locale\" content=\"es_ES\" \/>\n<meta property=\"og:type\" content=\"article\" \/>\n<meta property=\"og:title\" content=\"El santiague\u00f1o Pablo Araujo qued\u00f3 eliminado de La Voz - Nativa Info\" \/>\n<meta property=\"og:description\" content=\"El santiague\u00f1o\u00a0Pablo Araujo abandon\u00f3 La Voz Argentina (Canal 7) tras competir en la instancia de batalla con su contrincante Emanuel... Continue reading\" \/>\n<meta property=\"og:url\" content=\"https:\/\/nativainfo.com\/?p=2094\" \/>\n<meta property=\"og:site_name\" content=\"Nativa Info\" \/>\n<meta property=\"article:publisher\" content=\"https:\/\/www.facebook.com\/profile.php?id=61578881597564\" \/>\n<meta property=\"article:published_time\" content=\"2021-08-02T04:14:56+00:00\" \/>\n<meta property=\"article:modified_time\" content=\"2021-08-02T04:15:00+00:00\" \/>\n<meta property=\"og:image\" content=\"http:\/\/nativainfo.com\/wp-content\/uploads\/2021\/08\/pablo-emir-araujo-386330-114836-1024x798.jpg\" \/>\n<meta name=\"author\" content=\"Nativa Info\" \/>\n<meta name=\"twitter:card\" content=\"summary_large_image\" \/>\n<meta name=\"twitter:label1\" content=\"Escrito por\" \/>\n\t<meta name=\"twitter:data1\" content=\"Nativa Info\" \/>\n\t<meta name=\"twitter:label2\" content=\"Tiempo de lectura\" \/>\n\t<meta name=\"twitter:data2\" content=\"1 minuto\" \/>\n<script type=\"application\/ld+json\" class=\"yoast-schema-graph\">{\"@context\":\"https:\/\/schema.org\",\"@graph\":[{\"@type\":\"Article\",\"@id\":\"https:\/\/nativainfo.com\/?p=2094#article\",\"isPartOf\":{\"@id\":\"https:\/\/nativainfo.com\/?p=2094\"},\"author\":{\"name\":\"Nativa Info\",\"@id\":\"https:\/\/nativainfo.com\/#\/schema\/person\/24893b64a9cd564ddb5d102d36eb4b5c\"},\"headline\":\"El santiague\u00f1o Pablo Araujo qued\u00f3 eliminado de La Voz\",\"datePublished\":\"2021-08-02T04:14:56+00:00\",\"dateModified\":\"2021-08-02T04:15:00+00:00\",\"mainEntityOfPage\":{\"@id\":\"https:\/\/nativainfo.com\/?p=2094\"},\"wordCount\":122,\"commentCount\":0,\"publisher\":{\"@id\":\"https:\/\/nativainfo.com\/#organization\"},\"image\":{\"@id\":\"https:\/\/nativainfo.com\/?p=2094#primaryimage\"},\"thumbnailUrl\":\"http:\/\/nativainfo.com\/wp-content\/uploads\/2021\/08\/pablo-emir-araujo-386330-114836-1024x798.jpg\",\"articleSection\":[\"Espect\u00e1culo\",\"TV\"],\"inLanguage\":\"es-AR\",\"potentialAction\":[{\"@type\":\"CommentAction\",\"name\":\"Comment\",\"target\":[\"https:\/\/nativainfo.com\/?p=2094#respond\"]}]},{\"@type\":\"WebPage\",\"@id\":\"https:\/\/nativainfo.com\/?p=2094\",\"url\":\"https:\/\/nativainfo.com\/?p=2094\",\"name\":\"El santiague\u00f1o Pablo Araujo qued\u00f3 eliminado de La Voz - Nativa Info\",\"isPartOf\":{\"@id\":\"https:\/\/nativainfo.com\/#website\"},\"primaryImageOfPage\":{\"@id\":\"https:\/\/nativainfo.com\/?p=2094#primaryimage\"},\"image\":{\"@id\":\"https:\/\/nativainfo.com\/?p=2094#primaryimage\"},\"thumbnailUrl\":\"http:\/\/nativainfo.com\/wp-content\/uploads\/2021\/08\/pablo-emir-araujo-386330-114836-1024x798.jpg\",\"datePublished\":\"2021-08-02T04:14:56+00:00\",\"dateModified\":\"2021-08-02T04:15:00+00:00\",\"breadcrumb\":{\"@id\":\"https:\/\/nativainfo.com\/?p=2094#breadcrumb\"},\"inLanguage\":\"es-AR\",\"potentialAction\":[{\"@type\":\"ReadAction\",\"target\":[\"https:\/\/nativainfo.com\/?p=2094\"]}]},{\"@type\":\"ImageObject\",\"inLanguage\":\"es-AR\",\"@id\":\"https:\/\/nativainfo.com\/?p=2094#primaryimage\",\"url\":\"https:\/\/nativainfo.com\/wp-content\/uploads\/2021\/08\/pablo-emir-araujo-386330-114836.jpg\",\"contentUrl\":\"https:\/\/nativainfo.com\/wp-content\/uploads\/2021\/08\/pablo-emir-araujo-386330-114836.jpg\",\"width\":1200,\"height\":935},{\"@type\":\"BreadcrumbList\",\"@id\":\"https:\/\/nativainfo.com\/?p=2094#breadcrumb\",\"itemListElement\":[{\"@type\":\"ListItem\",\"position\":1,\"name\":\"Inicio\",\"item\":\"https:\/\/nativainfo.com\/\"},{\"@type\":\"ListItem\",\"position\":2,\"name\":\"El santiague\u00f1o Pablo Araujo qued\u00f3 eliminado de La Voz\"}]},{\"@type\":\"WebSite\",\"@id\":\"https:\/\/nativainfo.com\/#website\",\"url\":\"https:\/\/nativainfo.com\/\",\"name\":\"Nativa Info\",\"description\":\"Diario Digital\",\"publisher\":{\"@id\":\"https:\/\/nativainfo.com\/#organization\"},\"potentialAction\":[{\"@type\":\"SearchAction\",\"target\":{\"@type\":\"EntryPoint\",\"urlTemplate\":\"https:\/\/nativainfo.com\/?s={search_term_string}\"},\"query-input\":{\"@type\":\"PropertyValueSpecification\",\"valueRequired\":true,\"valueName\":\"search_term_string\"}}],\"inLanguage\":\"es-AR\"},{\"@type\":\"Organization\",\"@id\":\"https:\/\/nativainfo.com\/#organization\",\"name\":\"Nativa Info\",\"url\":\"https:\/\/nativainfo.com\/\",\"logo\":{\"@type\":\"ImageObject\",\"inLanguage\":\"es-AR\",\"@id\":\"https:\/\/nativainfo.com\/#\/schema\/logo\/image\/\",\"url\":\"https:\/\/nativainfo.com\/wp-content\/uploads\/2025\/08\/LOGO-NATIVA-FACE.jpg\",\"contentUrl\":\"https:\/\/nativainfo.com\/wp-content\/uploads\/2025\/08\/LOGO-NATIVA-FACE.jpg\",\"width\":400,\"height\":400,\"caption\":\"Nativa Info\"},\"image\":{\"@id\":\"https:\/\/nativainfo.com\/#\/schema\/logo\/image\/\"},\"sameAs\":[\"https:\/\/www.facebook.com\/profile.php?id=61578881597564\"]},{\"@type\":\"Person\",\"@id\":\"https:\/\/nativainfo.com\/#\/schema\/person\/24893b64a9cd564ddb5d102d36eb4b5c\",\"name\":\"Nativa Info\",\"image\":{\"@type\":\"ImageObject\",\"inLanguage\":\"es-AR\",\"@id\":\"https:\/\/nativainfo.com\/#\/schema\/person\/image\/\",\"url\":\"https:\/\/secure.gravatar.com\/avatar\/016fa1cf068d85136d938e1507b9b619cb766e2565cbb1faa1e571762460c785?s=96&d=mm&r=g\",\"contentUrl\":\"https:\/\/secure.gravatar.com\/avatar\/016fa1cf068d85136d938e1507b9b619cb766e2565cbb1faa1e571762460c785?s=96&d=mm&r=g\",\"caption\":\"Nativa Info\"},\"sameAs\":[\"http:\/\/nativainfo.com\"],\"url\":\"https:\/\/nativainfo.com\/?author=1\"}]}<\/script>\n<!-- \/ Yoast SEO plugin. -->","yoast_head_json":{"title":"El santiague\u00f1o Pablo Araujo qued\u00f3 eliminado de La Voz - Nativa Info","robots":{"index":"index","follow":"follow","max-snippet":"max-snippet:-1","max-image-preview":"max-image-preview:large","max-video-preview":"max-video-preview:-1"},"canonical":"https:\/\/nativainfo.com\/?p=2094","og_locale":"es_ES","og_type":"article","og_title":"El santiague\u00f1o Pablo Araujo qued\u00f3 eliminado de La Voz - Nativa Info","og_description":"El santiague\u00f1o\u00a0Pablo Araujo abandon\u00f3 La Voz Argentina (Canal 7) tras competir en la instancia de batalla con su contrincante Emanuel... Continue reading","og_url":"https:\/\/nativainfo.com\/?p=2094","og_site_name":"Nativa Info","article_publisher":"https:\/\/www.facebook.com\/profile.php?id=61578881597564","article_published_time":"2021-08-02T04:14:56+00:00","article_modified_time":"2021-08-02T04:15:00+00:00","og_image":[{"url":"http:\/\/nativainfo.com\/wp-content\/uploads\/2021\/08\/pablo-emir-araujo-386330-114836-1024x798.jpg","type":"","width":"","height":""}],"author":"Nativa Info","twitter_card":"summary_large_image","twitter_misc":{"Escrito por":"Nativa Info","Tiempo de lectura":"1 minuto"},"schema":{"@context":"https:\/\/schema.org","@graph":[{"@type":"Article","@id":"https:\/\/nativainfo.com\/?p=2094#article","isPartOf":{"@id":"https:\/\/nativainfo.com\/?p=2094"},"author":{"name":"Nativa Info","@id":"https:\/\/nativainfo.com\/#\/schema\/person\/24893b64a9cd564ddb5d102d36eb4b5c"},"headline":"El santiague\u00f1o Pablo Araujo qued\u00f3 eliminado de La Voz","datePublished":"2021-08-02T04:14:56+00:00","dateModified":"2021-08-02T04:15:00+00:00","mainEntityOfPage":{"@id":"https:\/\/nativainfo.com\/?p=2094"},"wordCount":122,"commentCount":0,"publisher":{"@id":"https:\/\/nativainfo.com\/#organization"},"image":{"@id":"https:\/\/nativainfo.com\/?p=2094#primaryimage"},"thumbnailUrl":"http:\/\/nativainfo.com\/wp-content\/uploads\/2021\/08\/pablo-emir-araujo-386330-114836-1024x798.jpg","articleSection":["Espect\u00e1culo","TV"],"inLanguage":"es-AR","potentialAction":[{"@type":"CommentAction","name":"Comment","target":["https:\/\/nativainfo.com\/?p=2094#respond"]}]},{"@type":"WebPage","@id":"https:\/\/nativainfo.com\/?p=2094","url":"https:\/\/nativainfo.com\/?p=2094","name":"El santiague\u00f1o Pablo Araujo qued\u00f3 eliminado de La Voz - Nativa Info","isPartOf":{"@id":"https:\/\/nativainfo.com\/#website"},"primaryImageOfPage":{"@id":"https:\/\/nativainfo.com\/?p=2094#primaryimage"},"image":{"@id":"https:\/\/nativainfo.com\/?p=2094#primaryimage"},"thumbnailUrl":"http:\/\/nativainfo.com\/wp-content\/uploads\/2021\/08\/pablo-emir-araujo-386330-114836-1024x798.jpg","datePublished":"2021-08-02T04:14:56+00:00","dateModified":"2021-08-02T04:15:00+00:00","breadcrumb":{"@id":"https:\/\/nativainfo.com\/?p=2094#breadcrumb"},"inLanguage":"es-AR","potentialAction":[{"@type":"ReadAction","target":["https:\/\/nativainfo.com\/?p=2094"]}]},{"@type":"ImageObject","inLanguage":"es-AR","@id":"https:\/\/nativainfo.com\/?p=2094#primaryimage","url":"https:\/\/nativainfo.com\/wp-content\/uploads\/2021\/08\/pablo-emir-araujo-386330-114836.jpg","contentUrl":"https:\/\/nativainfo.com\/wp-content\/uploads\/2021\/08\/pablo-emir-araujo-386330-114836.jpg","width":1200,"height":935},{"@type":"BreadcrumbList","@id":"https:\/\/nativainfo.com\/?p=2094#breadcrumb","itemListElement":[{"@type":"ListItem","position":1,"name":"Inicio","item":"https:\/\/nativainfo.com\/"},{"@type":"ListItem","position":2,"name":"El santiague\u00f1o Pablo Araujo qued\u00f3 eliminado de La Voz"}]},{"@type":"WebSite","@id":"https:\/\/nativainfo.com\/#website","url":"https:\/\/nativainfo.com\/","name":"Nativa Info","description":"Diario Digital","publisher":{"@id":"https:\/\/nativainfo.com\/#organization"},"potentialAction":[{"@type":"SearchAction","target":{"@type":"EntryPoint","urlTemplate":"https:\/\/nativainfo.com\/?s={search_term_string}"},"query-input":{"@type":"PropertyValueSpecification","valueRequired":true,"valueName":"search_term_string"}}],"inLanguage":"es-AR"},{"@type":"Organization","@id":"https:\/\/nativainfo.com\/#organization","name":"Nativa Info","url":"https:\/\/nativainfo.com\/","logo":{"@type":"ImageObject","inLanguage":"es-AR","@id":"https:\/\/nativainfo.com\/#\/schema\/logo\/image\/","url":"https:\/\/nativainfo.com\/wp-content\/uploads\/2025\/08\/LOGO-NATIVA-FACE.jpg","contentUrl":"https:\/\/nativainfo.com\/wp-content\/uploads\/2025\/08\/LOGO-NATIVA-FACE.jpg","width":400,"height":400,"caption":"Nativa Info"},"image":{"@id":"https:\/\/nativainfo.com\/#\/schema\/logo\/image\/"},"sameAs":["https:\/\/www.facebook.com\/profile.php?id=61578881597564"]},{"@type":"Person","@id":"https:\/\/nativainfo.com\/#\/schema\/person\/24893b64a9cd564ddb5d102d36eb4b5c","name":"Nativa Info","image":{"@type":"ImageObject","inLanguage":"es-AR","@id":"https:\/\/nativainfo.com\/#\/schema\/person\/image\/","url":"https:\/\/secure.gravatar.com\/avatar\/016fa1cf068d85136d938e1507b9b619cb766e2565cbb1faa1e571762460c785?s=96&d=mm&r=g","contentUrl":"https:\/\/secure.gravatar.com\/avatar\/016fa1cf068d85136d938e1507b9b619cb766e2565cbb1faa1e571762460c785?s=96&d=mm&r=g","caption":"Nativa Info"},"sameAs":["http:\/\/nativainfo.com"],"url":"https:\/\/nativainfo.com\/?author=1"}]}},"jetpack_publicize_connections":[],"_links":{"self":[{"href":"https:\/\/nativainfo.com\/index.php?rest_route=\/wp\/v2\/posts\/2094","targetHints":{"allow":["GET"]}}],"collection":[{"href":"https:\/\/nativainfo.com\/index.php?rest_route=\/wp\/v2\/posts"}],"about":[{"href":"https:\/\/nativainfo.com\/index.php?rest_route=\/wp\/v2\/types\/post"}],"author":[{"embeddable":true,"href":"https:\/\/nativainfo.com\/index.php?rest_route=\/wp\/v2\/users\/1"}],"replies":[{"embeddable":true,"href":"https:\/\/nativainfo.com\/index.php?rest_route=%2Fwp%2Fv2%2Fcomments&post=2094"}],"version-history":[{"count":1,"href":"https:\/\/nativainfo.com\/index.php?rest_route=\/wp\/v2\/posts\/2094\/revisions"}],"predecessor-version":[{"id":2098,"href":"https:\/\/nativainfo.com\/index.php?rest_route=\/wp\/v2\/posts\/2094\/revisions\/2098"}],"wp:attachment":[{"href":"https:\/\/nativainfo.com\/index.php?rest_route=%2Fwp%2Fv2%2Fmedia&parent=2094"}],"wp:term":[{"taxonomy":"category","embeddable":true,"href":"https:\/\/nativainfo.com\/index.php?rest_route=%2Fwp%2Fv2%2Fcategories&post=2094"},{"taxonomy":"post_tag","embeddable":true,"href":"https:\/\/nativainfo.com\/index.php?rest_route=%2Fwp%2Fv2%2Ftags&post=2094"}],"curies":[{"name":"wp","href":"https:\/\/api.w.org\/{rel}","templated":true}]}}