{"id":2093,"date":"2021-08-02T01:16:23","date_gmt":"2021-08-02T04:16:23","guid":{"rendered":"http:\/\/nativainfo.com\/?p=2093"},"modified":"2021-08-02T01:16:26","modified_gmt":"2021-08-02T04:16:26","slug":"descendio-el-porcentaje-de-ocupacion-de-camas-uti-en-santiago-del-estero","status":"publish","type":"post","link":"https:\/\/nativainfo.com\/?p=2093","title":{"rendered":"Descendi\u00f3 el porcentaje de ocupaci\u00f3n de camas UTI en Santiago del Estero"},"content":{"rendered":"\n<p>El Comit\u00e9 Operativo de Emergencia mantuvo su reuni\u00f3n semanal y emiti\u00f3 un informe sobre la situaci\u00f3n epidemiol\u00f3gica en Santiago del Estero, por la pandemia de coronavirus.<\/p>\n\n\n\n<figure class=\"wp-block-image size-large\"><img fetchpriority=\"high\" decoding=\"async\" width=\"1024\" height=\"582\" src=\"http:\/\/nativainfo.com\/wp-content\/uploads\/2021\/08\/coe-1024x582.jpg\" alt=\"\" class=\"wp-image-2096\" srcset=\"https:\/\/nativainfo.com\/wp-content\/uploads\/2021\/08\/coe-1024x582.jpg 1024w, https:\/\/nativainfo.com\/wp-content\/uploads\/2021\/08\/coe-300x171.jpg 300w, https:\/\/nativainfo.com\/wp-content\/uploads\/2021\/08\/coe-768x436.jpg 768w, https:\/\/nativainfo.com\/wp-content\/uploads\/2021\/08\/coe-1536x873.jpg 1536w, https:\/\/nativainfo.com\/wp-content\/uploads\/2021\/08\/coe-616x350.jpg 616w, https:\/\/nativainfo.com\/wp-content\/uploads\/2021\/08\/coe-150x85.jpg 150w, https:\/\/nativainfo.com\/wp-content\/uploads\/2021\/08\/coe.jpg 1800w\" sizes=\"(max-width: 1024px) 100vw, 1024px\" \/><\/figure>\n\n\n\n<p>En la oportunidad, las autoridades emitieron un informe que lleva la firma del jefe de Gabinete El\u00edas Su\u00e1rez y de la ministra Natividad Nassif. Especificaron que hubo un descenso en la ocupaci\u00f3n de camas UTI-UCI, que hoy es del 85%. En cuanto a las leves y moderados es del 40%. Es decir, tambi\u00e9n hubo un notable descenso en comparaci\u00f3n a la semana pasada.<\/p>\n\n\n\n<p>El &nbsp;n\u00famero de casos fue de 2.180 positivos, y el promedio diario de contagios en estos 7 d\u00edas fue de 311. Asimismo, recordaron que eel horario de circulaci\u00f3n vigente para todos los d\u00edas de la semana es de 06 a 24 hs en todo el territorio provincial, con excepci\u00f3n de aquellas localidades que se determinen su aislamiento por razones epidemiologicas.<br>Dentro de los horarios de circulaci\u00f3n estipulados, se podr\u00e1n desarrollar las actividades no esenciales que se encuentren habilitadas y cumplan el protocolo dispuesto por el Ministerio de Salud de la Provincia.<\/p>\n","protected":false},"excerpt":{"rendered":"<p>El Comit\u00e9 Operativo de Emergencia mantuvo su reuni\u00f3n semanal y emiti\u00f3 un informe sobre la situaci\u00f3n epidemiol\u00f3gica en Santiago del&#8230; <a class=\"continue-reading-link\" href=\"https:\/\/nativainfo.com\/?p=2093\">Continue reading<\/a><\/p>\n","protected":false},"author":1,"featured_media":0,"comment_status":"open","ping_status":"open","sticky":false,"template":"","format":"standard","meta":{"rop_custom_images_group":[],"rop_custom_messages_group":[],"rop_publish_now":"initial","rop_publish_now_accounts":[],"rop_publish_now_history":[],"rop_publish_now_status":"pending","footnotes":"","jetpack_publicize_message":"","jetpack_publicize_feature_enabled":true,"jetpack_social_post_already_shared":false,"jetpack_social_options":{"image_generator_settings":{"template":"highway","default_image_id":0,"font":"","enabled":false},"version":2}},"categories":[12],"tags":[],"class_list":["post-2093","post","type-post","status-publish","format-standard","hentry","category-provincia"],"yoast_head":"<!-- This site is optimized with the Yoast SEO plugin v25.6 - https:\/\/yoast.com\/wordpress\/plugins\/seo\/ -->\n<title>Descendi\u00f3 el porcentaje de ocupaci\u00f3n de camas UTI en Santiago del Estero - Nativa Info<\/title>\n<meta name=\"robots\" content=\"index, follow, max-snippet:-1, max-image-preview:large, max-video-preview:-1\" \/>\n<link rel=\"canonical\" href=\"https:\/\/nativainfo.com\/?p=2093\" \/>\n<meta property=\"og:locale\" content=\"es_ES\" \/>\n<meta property=\"og:type\" content=\"article\" \/>\n<meta property=\"og:title\" content=\"Descendi\u00f3 el porcentaje de ocupaci\u00f3n de camas UTI en Santiago del Estero - Nativa Info\" \/>\n<meta property=\"og:description\" content=\"El Comit\u00e9 Operativo de Emergencia mantuvo su reuni\u00f3n semanal y emiti\u00f3 un informe sobre la situaci\u00f3n epidemiol\u00f3gica en Santiago del... Continue reading\" \/>\n<meta property=\"og:url\" content=\"https:\/\/nativainfo.com\/?p=2093\" \/>\n<meta property=\"og:site_name\" content=\"Nativa Info\" \/>\n<meta property=\"article:publisher\" content=\"https:\/\/www.facebook.com\/profile.php?id=61578881597564\" \/>\n<meta property=\"article:published_time\" content=\"2021-08-02T04:16:23+00:00\" \/>\n<meta property=\"article:modified_time\" content=\"2021-08-02T04:16:26+00:00\" \/>\n<meta property=\"og:image\" content=\"http:\/\/nativainfo.com\/wp-content\/uploads\/2021\/08\/coe-1024x582.jpg\" \/>\n<meta name=\"author\" content=\"Nativa Info\" \/>\n<meta name=\"twitter:card\" content=\"summary_large_image\" \/>\n<meta name=\"twitter:label1\" content=\"Escrito por\" \/>\n\t<meta name=\"twitter:data1\" content=\"Nativa Info\" \/>\n\t<meta name=\"twitter:label2\" content=\"Tiempo de lectura\" \/>\n\t<meta name=\"twitter:data2\" content=\"1 minuto\" \/>\n<script type=\"application\/ld+json\" class=\"yoast-schema-graph\">{\"@context\":\"https:\/\/schema.org\",\"@graph\":[{\"@type\":\"Article\",\"@id\":\"https:\/\/nativainfo.com\/?p=2093#article\",\"isPartOf\":{\"@id\":\"https:\/\/nativainfo.com\/?p=2093\"},\"author\":{\"name\":\"Nativa Info\",\"@id\":\"https:\/\/nativainfo.com\/#\/schema\/person\/24893b64a9cd564ddb5d102d36eb4b5c\"},\"headline\":\"Descendi\u00f3 el porcentaje de ocupaci\u00f3n de camas UTI en Santiago del Estero\",\"datePublished\":\"2021-08-02T04:16:23+00:00\",\"dateModified\":\"2021-08-02T04:16:26+00:00\",\"mainEntityOfPage\":{\"@id\":\"https:\/\/nativainfo.com\/?p=2093\"},\"wordCount\":202,\"commentCount\":0,\"publisher\":{\"@id\":\"https:\/\/nativainfo.com\/#organization\"},\"image\":{\"@id\":\"https:\/\/nativainfo.com\/?p=2093#primaryimage\"},\"thumbnailUrl\":\"http:\/\/nativainfo.com\/wp-content\/uploads\/2021\/08\/coe-1024x582.jpg\",\"articleSection\":[\"Provincia\"],\"inLanguage\":\"es-AR\",\"potentialAction\":[{\"@type\":\"CommentAction\",\"name\":\"Comment\",\"target\":[\"https:\/\/nativainfo.com\/?p=2093#respond\"]}]},{\"@type\":\"WebPage\",\"@id\":\"https:\/\/nativainfo.com\/?p=2093\",\"url\":\"https:\/\/nativainfo.com\/?p=2093\",\"name\":\"Descendi\u00f3 el porcentaje de ocupaci\u00f3n de camas UTI en Santiago del Estero - Nativa Info\",\"isPartOf\":{\"@id\":\"https:\/\/nativainfo.com\/#website\"},\"primaryImageOfPage\":{\"@id\":\"https:\/\/nativainfo.com\/?p=2093#primaryimage\"},\"image\":{\"@id\":\"https:\/\/nativainfo.com\/?p=2093#primaryimage\"},\"thumbnailUrl\":\"http:\/\/nativainfo.com\/wp-content\/uploads\/2021\/08\/coe-1024x582.jpg\",\"datePublished\":\"2021-08-02T04:16:23+00:00\",\"dateModified\":\"2021-08-02T04:16:26+00:00\",\"breadcrumb\":{\"@id\":\"https:\/\/nativainfo.com\/?p=2093#breadcrumb\"},\"inLanguage\":\"es-AR\",\"potentialAction\":[{\"@type\":\"ReadAction\",\"target\":[\"https:\/\/nativainfo.com\/?p=2093\"]}]},{\"@type\":\"ImageObject\",\"inLanguage\":\"es-AR\",\"@id\":\"https:\/\/nativainfo.com\/?p=2093#primaryimage\",\"url\":\"https:\/\/nativainfo.com\/wp-content\/uploads\/2021\/08\/coe.jpg\",\"contentUrl\":\"https:\/\/nativainfo.com\/wp-content\/uploads\/2021\/08\/coe.jpg\",\"width\":1800,\"height\":1023},{\"@type\":\"BreadcrumbList\",\"@id\":\"https:\/\/nativainfo.com\/?p=2093#breadcrumb\",\"itemListElement\":[{\"@type\":\"ListItem\",\"position\":1,\"name\":\"Inicio\",\"item\":\"https:\/\/nativainfo.com\/\"},{\"@type\":\"ListItem\",\"position\":2,\"name\":\"Descendi\u00f3 el porcentaje de ocupaci\u00f3n de camas UTI en Santiago del Estero\"}]},{\"@type\":\"WebSite\",\"@id\":\"https:\/\/nativainfo.com\/#website\",\"url\":\"https:\/\/nativainfo.com\/\",\"name\":\"Nativa Info\",\"description\":\"Diario Digital\",\"publisher\":{\"@id\":\"https:\/\/nativainfo.com\/#organization\"},\"potentialAction\":[{\"@type\":\"SearchAction\",\"target\":{\"@type\":\"EntryPoint\",\"urlTemplate\":\"https:\/\/nativainfo.com\/?s={search_term_string}\"},\"query-input\":{\"@type\":\"PropertyValueSpecification\",\"valueRequired\":true,\"valueName\":\"search_term_string\"}}],\"inLanguage\":\"es-AR\"},{\"@type\":\"Organization\",\"@id\":\"https:\/\/nativainfo.com\/#organization\",\"name\":\"Nativa Info\",\"url\":\"https:\/\/nativainfo.com\/\",\"logo\":{\"@type\":\"ImageObject\",\"inLanguage\":\"es-AR\",\"@id\":\"https:\/\/nativainfo.com\/#\/schema\/logo\/image\/\",\"url\":\"https:\/\/nativainfo.com\/wp-content\/uploads\/2025\/08\/LOGO-NATIVA-FACE.jpg\",\"contentUrl\":\"https:\/\/nativainfo.com\/wp-content\/uploads\/2025\/08\/LOGO-NATIVA-FACE.jpg\",\"width\":400,\"height\":400,\"caption\":\"Nativa Info\"},\"image\":{\"@id\":\"https:\/\/nativainfo.com\/#\/schema\/logo\/image\/\"},\"sameAs\":[\"https:\/\/www.facebook.com\/profile.php?id=61578881597564\"]},{\"@type\":\"Person\",\"@id\":\"https:\/\/nativainfo.com\/#\/schema\/person\/24893b64a9cd564ddb5d102d36eb4b5c\",\"name\":\"Nativa Info\",\"image\":{\"@type\":\"ImageObject\",\"inLanguage\":\"es-AR\",\"@id\":\"https:\/\/nativainfo.com\/#\/schema\/person\/image\/\",\"url\":\"https:\/\/secure.gravatar.com\/avatar\/016fa1cf068d85136d938e1507b9b619cb766e2565cbb1faa1e571762460c785?s=96&d=mm&r=g\",\"contentUrl\":\"https:\/\/secure.gravatar.com\/avatar\/016fa1cf068d85136d938e1507b9b619cb766e2565cbb1faa1e571762460c785?s=96&d=mm&r=g\",\"caption\":\"Nativa Info\"},\"sameAs\":[\"http:\/\/nativainfo.com\"],\"url\":\"https:\/\/nativainfo.com\/?author=1\"}]}<\/script>\n<!-- \/ Yoast SEO plugin. -->","yoast_head_json":{"title":"Descendi\u00f3 el porcentaje de ocupaci\u00f3n de camas UTI en Santiago del Estero - Nativa Info","robots":{"index":"index","follow":"follow","max-snippet":"max-snippet:-1","max-image-preview":"max-image-preview:large","max-video-preview":"max-video-preview:-1"},"canonical":"https:\/\/nativainfo.com\/?p=2093","og_locale":"es_ES","og_type":"article","og_title":"Descendi\u00f3 el porcentaje de ocupaci\u00f3n de camas UTI en Santiago del Estero - Nativa Info","og_description":"El Comit\u00e9 Operativo de Emergencia mantuvo su reuni\u00f3n semanal y emiti\u00f3 un informe sobre la situaci\u00f3n epidemiol\u00f3gica en Santiago del... Continue reading","og_url":"https:\/\/nativainfo.com\/?p=2093","og_site_name":"Nativa Info","article_publisher":"https:\/\/www.facebook.com\/profile.php?id=61578881597564","article_published_time":"2021-08-02T04:16:23+00:00","article_modified_time":"2021-08-02T04:16:26+00:00","og_image":[{"url":"http:\/\/nativainfo.com\/wp-content\/uploads\/2021\/08\/coe-1024x582.jpg","type":"","width":"","height":""}],"author":"Nativa Info","twitter_card":"summary_large_image","twitter_misc":{"Escrito por":"Nativa Info","Tiempo de lectura":"1 minuto"},"schema":{"@context":"https:\/\/schema.org","@graph":[{"@type":"Article","@id":"https:\/\/nativainfo.com\/?p=2093#article","isPartOf":{"@id":"https:\/\/nativainfo.com\/?p=2093"},"author":{"name":"Nativa Info","@id":"https:\/\/nativainfo.com\/#\/schema\/person\/24893b64a9cd564ddb5d102d36eb4b5c"},"headline":"Descendi\u00f3 el porcentaje de ocupaci\u00f3n de camas UTI en Santiago del Estero","datePublished":"2021-08-02T04:16:23+00:00","dateModified":"2021-08-02T04:16:26+00:00","mainEntityOfPage":{"@id":"https:\/\/nativainfo.com\/?p=2093"},"wordCount":202,"commentCount":0,"publisher":{"@id":"https:\/\/nativainfo.com\/#organization"},"image":{"@id":"https:\/\/nativainfo.com\/?p=2093#primaryimage"},"thumbnailUrl":"http:\/\/nativainfo.com\/wp-content\/uploads\/2021\/08\/coe-1024x582.jpg","articleSection":["Provincia"],"inLanguage":"es-AR","potentialAction":[{"@type":"CommentAction","name":"Comment","target":["https:\/\/nativainfo.com\/?p=2093#respond"]}]},{"@type":"WebPage","@id":"https:\/\/nativainfo.com\/?p=2093","url":"https:\/\/nativainfo.com\/?p=2093","name":"Descendi\u00f3 el porcentaje de ocupaci\u00f3n de camas UTI en Santiago del Estero - Nativa Info","isPartOf":{"@id":"https:\/\/nativainfo.com\/#website"},"primaryImageOfPage":{"@id":"https:\/\/nativainfo.com\/?p=2093#primaryimage"},"image":{"@id":"https:\/\/nativainfo.com\/?p=2093#primaryimage"},"thumbnailUrl":"http:\/\/nativainfo.com\/wp-content\/uploads\/2021\/08\/coe-1024x582.jpg","datePublished":"2021-08-02T04:16:23+00:00","dateModified":"2021-08-02T04:16:26+00:00","breadcrumb":{"@id":"https:\/\/nativainfo.com\/?p=2093#breadcrumb"},"inLanguage":"es-AR","potentialAction":[{"@type":"ReadAction","target":["https:\/\/nativainfo.com\/?p=2093"]}]},{"@type":"ImageObject","inLanguage":"es-AR","@id":"https:\/\/nativainfo.com\/?p=2093#primaryimage","url":"https:\/\/nativainfo.com\/wp-content\/uploads\/2021\/08\/coe.jpg","contentUrl":"https:\/\/nativainfo.com\/wp-content\/uploads\/2021\/08\/coe.jpg","width":1800,"height":1023},{"@type":"BreadcrumbList","@id":"https:\/\/nativainfo.com\/?p=2093#breadcrumb","itemListElement":[{"@type":"ListItem","position":1,"name":"Inicio","item":"https:\/\/nativainfo.com\/"},{"@type":"ListItem","position":2,"name":"Descendi\u00f3 el porcentaje de ocupaci\u00f3n de camas UTI en Santiago del Estero"}]},{"@type":"WebSite","@id":"https:\/\/nativainfo.com\/#website","url":"https:\/\/nativainfo.com\/","name":"Nativa Info","description":"Diario Digital","publisher":{"@id":"https:\/\/nativainfo.com\/#organization"},"potentialAction":[{"@type":"SearchAction","target":{"@type":"EntryPoint","urlTemplate":"https:\/\/nativainfo.com\/?s={search_term_string}"},"query-input":{"@type":"PropertyValueSpecification","valueRequired":true,"valueName":"search_term_string"}}],"inLanguage":"es-AR"},{"@type":"Organization","@id":"https:\/\/nativainfo.com\/#organization","name":"Nativa Info","url":"https:\/\/nativainfo.com\/","logo":{"@type":"ImageObject","inLanguage":"es-AR","@id":"https:\/\/nativainfo.com\/#\/schema\/logo\/image\/","url":"https:\/\/nativainfo.com\/wp-content\/uploads\/2025\/08\/LOGO-NATIVA-FACE.jpg","contentUrl":"https:\/\/nativainfo.com\/wp-content\/uploads\/2025\/08\/LOGO-NATIVA-FACE.jpg","width":400,"height":400,"caption":"Nativa Info"},"image":{"@id":"https:\/\/nativainfo.com\/#\/schema\/logo\/image\/"},"sameAs":["https:\/\/www.facebook.com\/profile.php?id=61578881597564"]},{"@type":"Person","@id":"https:\/\/nativainfo.com\/#\/schema\/person\/24893b64a9cd564ddb5d102d36eb4b5c","name":"Nativa Info","image":{"@type":"ImageObject","inLanguage":"es-AR","@id":"https:\/\/nativainfo.com\/#\/schema\/person\/image\/","url":"https:\/\/secure.gravatar.com\/avatar\/016fa1cf068d85136d938e1507b9b619cb766e2565cbb1faa1e571762460c785?s=96&d=mm&r=g","contentUrl":"https:\/\/secure.gravatar.com\/avatar\/016fa1cf068d85136d938e1507b9b619cb766e2565cbb1faa1e571762460c785?s=96&d=mm&r=g","caption":"Nativa Info"},"sameAs":["http:\/\/nativainfo.com"],"url":"https:\/\/nativainfo.com\/?author=1"}]}},"jetpack_publicize_connections":[],"_links":{"self":[{"href":"https:\/\/nativainfo.com\/index.php?rest_route=\/wp\/v2\/posts\/2093","targetHints":{"allow":["GET"]}}],"collection":[{"href":"https:\/\/nativainfo.com\/index.php?rest_route=\/wp\/v2\/posts"}],"about":[{"href":"https:\/\/nativainfo.com\/index.php?rest_route=\/wp\/v2\/types\/post"}],"author":[{"embeddable":true,"href":"https:\/\/nativainfo.com\/index.php?rest_route=\/wp\/v2\/users\/1"}],"replies":[{"embeddable":true,"href":"https:\/\/nativainfo.com\/index.php?rest_route=%2Fwp%2Fv2%2Fcomments&post=2093"}],"version-history":[{"count":1,"href":"https:\/\/nativainfo.com\/index.php?rest_route=\/wp\/v2\/posts\/2093\/revisions"}],"predecessor-version":[{"id":2101,"href":"https:\/\/nativainfo.com\/index.php?rest_route=\/wp\/v2\/posts\/2093\/revisions\/2101"}],"wp:attachment":[{"href":"https:\/\/nativainfo.com\/index.php?rest_route=%2Fwp%2Fv2%2Fmedia&parent=2093"}],"wp:term":[{"taxonomy":"category","embeddable":true,"href":"https:\/\/nativainfo.com\/index.php?rest_route=%2Fwp%2Fv2%2Fcategories&post=2093"},{"taxonomy":"post_tag","embeddable":true,"href":"https:\/\/nativainfo.com\/index.php?rest_route=%2Fwp%2Fv2%2Ftags&post=2093"}],"curies":[{"name":"wp","href":"https:\/\/api.w.org\/{rel}","templated":true}]}}