{"id":2086,"date":"2021-07-30T00:40:25","date_gmt":"2021-07-30T03:40:25","guid":{"rendered":"http:\/\/nativainfo.com\/?p=2086"},"modified":"2021-07-30T00:40:26","modified_gmt":"2021-07-30T03:40:26","slug":"central-cordoba-festejo-por-primera-vez-con-una-agonica-y-valiosa-victoria-ante-talleres","status":"publish","type":"post","link":"https:\/\/nativainfo.com\/?p=2086","title":{"rendered":"Central C\u00f3rdoba festej\u00f3 por primera vez con una ag\u00f3nica y valiosa victoria ante Talleres"},"content":{"rendered":"\n<p><strong>Central C\u00f3rdoba<\/strong>&nbsp;derrot\u00f3 a&nbsp;<strong>Talleres&nbsp;<\/strong>esta tarde por 2-1 con un gol ag\u00f3nico de&nbsp;<strong>Milton Gim\u00e9nez.<\/strong>&nbsp;<\/p>\n\n\n\n<figure class=\"wp-block-image size-large\"><img fetchpriority=\"high\" decoding=\"async\" width=\"1024\" height=\"576\" src=\"http:\/\/nativainfo.com\/wp-content\/uploads\/2021\/07\/central-cordoba-talleres-388926-144040-1024x576.jpg\" alt=\"\" class=\"wp-image-2088\" srcset=\"https:\/\/nativainfo.com\/wp-content\/uploads\/2021\/07\/central-cordoba-talleres-388926-144040-1024x576.jpg 1024w, https:\/\/nativainfo.com\/wp-content\/uploads\/2021\/07\/central-cordoba-talleres-388926-144040-300x169.jpg 300w, https:\/\/nativainfo.com\/wp-content\/uploads\/2021\/07\/central-cordoba-talleres-388926-144040-768x432.jpg 768w, https:\/\/nativainfo.com\/wp-content\/uploads\/2021\/07\/central-cordoba-talleres-388926-144040-622x350.jpg 622w, https:\/\/nativainfo.com\/wp-content\/uploads\/2021\/07\/central-cordoba-talleres-388926-144040-150x84.jpg 150w, https:\/\/nativainfo.com\/wp-content\/uploads\/2021\/07\/central-cordoba-talleres-388926-144040.jpg 1200w\" sizes=\"(max-width: 1024px) 100vw, 1024px\" \/><\/figure>\n\n\n\n<p>El&nbsp;<strong>Ferro&nbsp;<\/strong>se hab\u00eda puesto en ventaja con el gol en contra de<strong>&nbsp;Juan Cruz Komar,<\/strong>&nbsp;mientras que&nbsp;<strong>Enzo D\u00edaz<\/strong>&nbsp;hab\u00eda puesto el empate transitorio.<\/p>\n\n\n\n<p>Con la victoria\u00a0<strong>Central C\u00f3rdoba<\/strong>\u00a0qued\u00f3 en la und\u00e9cima posici\u00f3n con cuatro puntos, mientras que\u00a0<strong>Talleres\u00a0<\/strong>se mantiene con tres unidades y en el 15\u00ba lugar.<\/p>\n\n\n\n<p>Con la diferencia a su favor, el elenco santiague\u00f1o mantuvo la presi\u00f3n en campo rival, se plant\u00f3 bien en el medio y no dej\u00f3 jugar al equipo conducido por el\u00a0<strong>&#8220;Cacique&#8221; Medina.<\/strong><\/p>\n\n\n\n<p>En la pr\u00f3xima fecha, el\u00a0<strong>Ferro\u00a0<\/strong>visitar\u00e1 el lunes desde las 16.45 a\u00a0<strong>Argentinos Juniors en La Paternal,<\/strong>\u00a0mientras que\u00a0<strong>Talleres<\/strong>\u00a0recibir\u00e1 a\u00a0<strong>Boca\u00a0<\/strong>el domingo a las 15.45.<\/p>\n\n\n\n<p>Fuente: Diario Panorama<\/p>\n","protected":false},"excerpt":{"rendered":"<p>Central C\u00f3rdoba&nbsp;derrot\u00f3 a&nbsp;Talleres&nbsp;esta tarde por 2-1 con un gol ag\u00f3nico de&nbsp;Milton Gim\u00e9nez.&nbsp; El&nbsp;Ferro&nbsp;se hab\u00eda puesto en ventaja con el gol&#8230; <a class=\"continue-reading-link\" href=\"https:\/\/nativainfo.com\/?p=2086\">Continue reading<\/a><\/p>\n","protected":false},"author":1,"featured_media":0,"comment_status":"open","ping_status":"open","sticky":false,"template":"","format":"standard","meta":{"rop_custom_images_group":[],"rop_custom_messages_group":[],"rop_publish_now":"initial","rop_publish_now_accounts":[],"rop_publish_now_history":[],"rop_publish_now_status":"pending","footnotes":"","jetpack_publicize_message":"","jetpack_publicize_feature_enabled":true,"jetpack_social_post_already_shared":false,"jetpack_social_options":{"image_generator_settings":{"template":"highway","default_image_id":0,"font":"","enabled":false},"version":2}},"categories":[10,41],"tags":[],"class_list":["post-2086","post","type-post","status-publish","format-standard","hentry","category-deportes","category-futbol"],"yoast_head":"<!-- This site is optimized with the Yoast SEO plugin v25.6 - https:\/\/yoast.com\/wordpress\/plugins\/seo\/ -->\n<title>Central C\u00f3rdoba festej\u00f3 por primera vez con una ag\u00f3nica y valiosa victoria ante Talleres - Nativa Info<\/title>\n<meta name=\"robots\" content=\"index, follow, max-snippet:-1, max-image-preview:large, max-video-preview:-1\" \/>\n<link rel=\"canonical\" href=\"https:\/\/nativainfo.com\/?p=2086\" \/>\n<meta property=\"og:locale\" content=\"es_ES\" \/>\n<meta property=\"og:type\" content=\"article\" \/>\n<meta property=\"og:title\" content=\"Central C\u00f3rdoba festej\u00f3 por primera vez con una ag\u00f3nica y valiosa victoria ante Talleres - Nativa Info\" \/>\n<meta property=\"og:description\" content=\"Central C\u00f3rdoba&nbsp;derrot\u00f3 a&nbsp;Talleres&nbsp;esta tarde por 2-1 con un gol ag\u00f3nico de&nbsp;Milton Gim\u00e9nez.&nbsp; El&nbsp;Ferro&nbsp;se hab\u00eda puesto en ventaja con el gol... Continue reading\" \/>\n<meta property=\"og:url\" content=\"https:\/\/nativainfo.com\/?p=2086\" \/>\n<meta property=\"og:site_name\" content=\"Nativa Info\" \/>\n<meta property=\"article:publisher\" content=\"https:\/\/www.facebook.com\/profile.php?id=61578881597564\" \/>\n<meta property=\"article:published_time\" content=\"2021-07-30T03:40:25+00:00\" \/>\n<meta property=\"article:modified_time\" content=\"2021-07-30T03:40:26+00:00\" \/>\n<meta property=\"og:image\" content=\"http:\/\/nativainfo.com\/wp-content\/uploads\/2021\/07\/central-cordoba-talleres-388926-144040-1024x576.jpg\" \/>\n<meta name=\"author\" content=\"Nativa Info\" \/>\n<meta name=\"twitter:card\" content=\"summary_large_image\" \/>\n<meta name=\"twitter:label1\" content=\"Escrito por\" \/>\n\t<meta name=\"twitter:data1\" content=\"Nativa Info\" \/>\n\t<meta name=\"twitter:label2\" content=\"Tiempo de lectura\" \/>\n\t<meta name=\"twitter:data2\" content=\"1 minuto\" \/>\n<script type=\"application\/ld+json\" class=\"yoast-schema-graph\">{\"@context\":\"https:\/\/schema.org\",\"@graph\":[{\"@type\":\"Article\",\"@id\":\"https:\/\/nativainfo.com\/?p=2086#article\",\"isPartOf\":{\"@id\":\"https:\/\/nativainfo.com\/?p=2086\"},\"author\":{\"name\":\"Nativa Info\",\"@id\":\"https:\/\/nativainfo.com\/#\/schema\/person\/24893b64a9cd564ddb5d102d36eb4b5c\"},\"headline\":\"Central C\u00f3rdoba festej\u00f3 por primera vez con una ag\u00f3nica y valiosa victoria ante Talleres\",\"datePublished\":\"2021-07-30T03:40:25+00:00\",\"dateModified\":\"2021-07-30T03:40:26+00:00\",\"mainEntityOfPage\":{\"@id\":\"https:\/\/nativainfo.com\/?p=2086\"},\"wordCount\":167,\"commentCount\":0,\"publisher\":{\"@id\":\"https:\/\/nativainfo.com\/#organization\"},\"image\":{\"@id\":\"https:\/\/nativainfo.com\/?p=2086#primaryimage\"},\"thumbnailUrl\":\"http:\/\/nativainfo.com\/wp-content\/uploads\/2021\/07\/central-cordoba-talleres-388926-144040-1024x576.jpg\",\"articleSection\":[\"Deportes\",\"F\u00fatbol\"],\"inLanguage\":\"es-AR\",\"potentialAction\":[{\"@type\":\"CommentAction\",\"name\":\"Comment\",\"target\":[\"https:\/\/nativainfo.com\/?p=2086#respond\"]}]},{\"@type\":\"WebPage\",\"@id\":\"https:\/\/nativainfo.com\/?p=2086\",\"url\":\"https:\/\/nativainfo.com\/?p=2086\",\"name\":\"Central C\u00f3rdoba festej\u00f3 por primera vez con una ag\u00f3nica y valiosa victoria ante Talleres - Nativa Info\",\"isPartOf\":{\"@id\":\"https:\/\/nativainfo.com\/#website\"},\"primaryImageOfPage\":{\"@id\":\"https:\/\/nativainfo.com\/?p=2086#primaryimage\"},\"image\":{\"@id\":\"https:\/\/nativainfo.com\/?p=2086#primaryimage\"},\"thumbnailUrl\":\"http:\/\/nativainfo.com\/wp-content\/uploads\/2021\/07\/central-cordoba-talleres-388926-144040-1024x576.jpg\",\"datePublished\":\"2021-07-30T03:40:25+00:00\",\"dateModified\":\"2021-07-30T03:40:26+00:00\",\"breadcrumb\":{\"@id\":\"https:\/\/nativainfo.com\/?p=2086#breadcrumb\"},\"inLanguage\":\"es-AR\",\"potentialAction\":[{\"@type\":\"ReadAction\",\"target\":[\"https:\/\/nativainfo.com\/?p=2086\"]}]},{\"@type\":\"ImageObject\",\"inLanguage\":\"es-AR\",\"@id\":\"https:\/\/nativainfo.com\/?p=2086#primaryimage\",\"url\":\"https:\/\/nativainfo.com\/wp-content\/uploads\/2021\/07\/central-cordoba-talleres-388926-144040.jpg\",\"contentUrl\":\"https:\/\/nativainfo.com\/wp-content\/uploads\/2021\/07\/central-cordoba-talleres-388926-144040.jpg\",\"width\":1200,\"height\":675},{\"@type\":\"BreadcrumbList\",\"@id\":\"https:\/\/nativainfo.com\/?p=2086#breadcrumb\",\"itemListElement\":[{\"@type\":\"ListItem\",\"position\":1,\"name\":\"Inicio\",\"item\":\"https:\/\/nativainfo.com\/\"},{\"@type\":\"ListItem\",\"position\":2,\"name\":\"Central C\u00f3rdoba festej\u00f3 por primera vez con una ag\u00f3nica y valiosa victoria ante Talleres\"}]},{\"@type\":\"WebSite\",\"@id\":\"https:\/\/nativainfo.com\/#website\",\"url\":\"https:\/\/nativainfo.com\/\",\"name\":\"Nativa Info\",\"description\":\"Diario Digital\",\"publisher\":{\"@id\":\"https:\/\/nativainfo.com\/#organization\"},\"potentialAction\":[{\"@type\":\"SearchAction\",\"target\":{\"@type\":\"EntryPoint\",\"urlTemplate\":\"https:\/\/nativainfo.com\/?s={search_term_string}\"},\"query-input\":{\"@type\":\"PropertyValueSpecification\",\"valueRequired\":true,\"valueName\":\"search_term_string\"}}],\"inLanguage\":\"es-AR\"},{\"@type\":\"Organization\",\"@id\":\"https:\/\/nativainfo.com\/#organization\",\"name\":\"Nativa Info\",\"url\":\"https:\/\/nativainfo.com\/\",\"logo\":{\"@type\":\"ImageObject\",\"inLanguage\":\"es-AR\",\"@id\":\"https:\/\/nativainfo.com\/#\/schema\/logo\/image\/\",\"url\":\"https:\/\/nativainfo.com\/wp-content\/uploads\/2025\/08\/LOGO-NATIVA-FACE.jpg\",\"contentUrl\":\"https:\/\/nativainfo.com\/wp-content\/uploads\/2025\/08\/LOGO-NATIVA-FACE.jpg\",\"width\":400,\"height\":400,\"caption\":\"Nativa Info\"},\"image\":{\"@id\":\"https:\/\/nativainfo.com\/#\/schema\/logo\/image\/\"},\"sameAs\":[\"https:\/\/www.facebook.com\/profile.php?id=61578881597564\"]},{\"@type\":\"Person\",\"@id\":\"https:\/\/nativainfo.com\/#\/schema\/person\/24893b64a9cd564ddb5d102d36eb4b5c\",\"name\":\"Nativa Info\",\"image\":{\"@type\":\"ImageObject\",\"inLanguage\":\"es-AR\",\"@id\":\"https:\/\/nativainfo.com\/#\/schema\/person\/image\/\",\"url\":\"https:\/\/secure.gravatar.com\/avatar\/016fa1cf068d85136d938e1507b9b619cb766e2565cbb1faa1e571762460c785?s=96&d=mm&r=g\",\"contentUrl\":\"https:\/\/secure.gravatar.com\/avatar\/016fa1cf068d85136d938e1507b9b619cb766e2565cbb1faa1e571762460c785?s=96&d=mm&r=g\",\"caption\":\"Nativa Info\"},\"sameAs\":[\"http:\/\/nativainfo.com\"],\"url\":\"https:\/\/nativainfo.com\/?author=1\"}]}<\/script>\n<!-- \/ Yoast SEO plugin. -->","yoast_head_json":{"title":"Central C\u00f3rdoba festej\u00f3 por primera vez con una ag\u00f3nica y valiosa victoria ante Talleres - Nativa Info","robots":{"index":"index","follow":"follow","max-snippet":"max-snippet:-1","max-image-preview":"max-image-preview:large","max-video-preview":"max-video-preview:-1"},"canonical":"https:\/\/nativainfo.com\/?p=2086","og_locale":"es_ES","og_type":"article","og_title":"Central C\u00f3rdoba festej\u00f3 por primera vez con una ag\u00f3nica y valiosa victoria ante Talleres - Nativa Info","og_description":"Central C\u00f3rdoba&nbsp;derrot\u00f3 a&nbsp;Talleres&nbsp;esta tarde por 2-1 con un gol ag\u00f3nico de&nbsp;Milton Gim\u00e9nez.&nbsp; El&nbsp;Ferro&nbsp;se hab\u00eda puesto en ventaja con el gol... Continue reading","og_url":"https:\/\/nativainfo.com\/?p=2086","og_site_name":"Nativa Info","article_publisher":"https:\/\/www.facebook.com\/profile.php?id=61578881597564","article_published_time":"2021-07-30T03:40:25+00:00","article_modified_time":"2021-07-30T03:40:26+00:00","og_image":[{"url":"http:\/\/nativainfo.com\/wp-content\/uploads\/2021\/07\/central-cordoba-talleres-388926-144040-1024x576.jpg","type":"","width":"","height":""}],"author":"Nativa Info","twitter_card":"summary_large_image","twitter_misc":{"Escrito por":"Nativa Info","Tiempo de lectura":"1 minuto"},"schema":{"@context":"https:\/\/schema.org","@graph":[{"@type":"Article","@id":"https:\/\/nativainfo.com\/?p=2086#article","isPartOf":{"@id":"https:\/\/nativainfo.com\/?p=2086"},"author":{"name":"Nativa Info","@id":"https:\/\/nativainfo.com\/#\/schema\/person\/24893b64a9cd564ddb5d102d36eb4b5c"},"headline":"Central C\u00f3rdoba festej\u00f3 por primera vez con una ag\u00f3nica y valiosa victoria ante Talleres","datePublished":"2021-07-30T03:40:25+00:00","dateModified":"2021-07-30T03:40:26+00:00","mainEntityOfPage":{"@id":"https:\/\/nativainfo.com\/?p=2086"},"wordCount":167,"commentCount":0,"publisher":{"@id":"https:\/\/nativainfo.com\/#organization"},"image":{"@id":"https:\/\/nativainfo.com\/?p=2086#primaryimage"},"thumbnailUrl":"http:\/\/nativainfo.com\/wp-content\/uploads\/2021\/07\/central-cordoba-talleres-388926-144040-1024x576.jpg","articleSection":["Deportes","F\u00fatbol"],"inLanguage":"es-AR","potentialAction":[{"@type":"CommentAction","name":"Comment","target":["https:\/\/nativainfo.com\/?p=2086#respond"]}]},{"@type":"WebPage","@id":"https:\/\/nativainfo.com\/?p=2086","url":"https:\/\/nativainfo.com\/?p=2086","name":"Central C\u00f3rdoba festej\u00f3 por primera vez con una ag\u00f3nica y valiosa victoria ante Talleres - Nativa Info","isPartOf":{"@id":"https:\/\/nativainfo.com\/#website"},"primaryImageOfPage":{"@id":"https:\/\/nativainfo.com\/?p=2086#primaryimage"},"image":{"@id":"https:\/\/nativainfo.com\/?p=2086#primaryimage"},"thumbnailUrl":"http:\/\/nativainfo.com\/wp-content\/uploads\/2021\/07\/central-cordoba-talleres-388926-144040-1024x576.jpg","datePublished":"2021-07-30T03:40:25+00:00","dateModified":"2021-07-30T03:40:26+00:00","breadcrumb":{"@id":"https:\/\/nativainfo.com\/?p=2086#breadcrumb"},"inLanguage":"es-AR","potentialAction":[{"@type":"ReadAction","target":["https:\/\/nativainfo.com\/?p=2086"]}]},{"@type":"ImageObject","inLanguage":"es-AR","@id":"https:\/\/nativainfo.com\/?p=2086#primaryimage","url":"https:\/\/nativainfo.com\/wp-content\/uploads\/2021\/07\/central-cordoba-talleres-388926-144040.jpg","contentUrl":"https:\/\/nativainfo.com\/wp-content\/uploads\/2021\/07\/central-cordoba-talleres-388926-144040.jpg","width":1200,"height":675},{"@type":"BreadcrumbList","@id":"https:\/\/nativainfo.com\/?p=2086#breadcrumb","itemListElement":[{"@type":"ListItem","position":1,"name":"Inicio","item":"https:\/\/nativainfo.com\/"},{"@type":"ListItem","position":2,"name":"Central C\u00f3rdoba festej\u00f3 por primera vez con una ag\u00f3nica y valiosa victoria ante Talleres"}]},{"@type":"WebSite","@id":"https:\/\/nativainfo.com\/#website","url":"https:\/\/nativainfo.com\/","name":"Nativa Info","description":"Diario Digital","publisher":{"@id":"https:\/\/nativainfo.com\/#organization"},"potentialAction":[{"@type":"SearchAction","target":{"@type":"EntryPoint","urlTemplate":"https:\/\/nativainfo.com\/?s={search_term_string}"},"query-input":{"@type":"PropertyValueSpecification","valueRequired":true,"valueName":"search_term_string"}}],"inLanguage":"es-AR"},{"@type":"Organization","@id":"https:\/\/nativainfo.com\/#organization","name":"Nativa Info","url":"https:\/\/nativainfo.com\/","logo":{"@type":"ImageObject","inLanguage":"es-AR","@id":"https:\/\/nativainfo.com\/#\/schema\/logo\/image\/","url":"https:\/\/nativainfo.com\/wp-content\/uploads\/2025\/08\/LOGO-NATIVA-FACE.jpg","contentUrl":"https:\/\/nativainfo.com\/wp-content\/uploads\/2025\/08\/LOGO-NATIVA-FACE.jpg","width":400,"height":400,"caption":"Nativa Info"},"image":{"@id":"https:\/\/nativainfo.com\/#\/schema\/logo\/image\/"},"sameAs":["https:\/\/www.facebook.com\/profile.php?id=61578881597564"]},{"@type":"Person","@id":"https:\/\/nativainfo.com\/#\/schema\/person\/24893b64a9cd564ddb5d102d36eb4b5c","name":"Nativa Info","image":{"@type":"ImageObject","inLanguage":"es-AR","@id":"https:\/\/nativainfo.com\/#\/schema\/person\/image\/","url":"https:\/\/secure.gravatar.com\/avatar\/016fa1cf068d85136d938e1507b9b619cb766e2565cbb1faa1e571762460c785?s=96&d=mm&r=g","contentUrl":"https:\/\/secure.gravatar.com\/avatar\/016fa1cf068d85136d938e1507b9b619cb766e2565cbb1faa1e571762460c785?s=96&d=mm&r=g","caption":"Nativa Info"},"sameAs":["http:\/\/nativainfo.com"],"url":"https:\/\/nativainfo.com\/?author=1"}]}},"jetpack_publicize_connections":[],"_links":{"self":[{"href":"https:\/\/nativainfo.com\/index.php?rest_route=\/wp\/v2\/posts\/2086","targetHints":{"allow":["GET"]}}],"collection":[{"href":"https:\/\/nativainfo.com\/index.php?rest_route=\/wp\/v2\/posts"}],"about":[{"href":"https:\/\/nativainfo.com\/index.php?rest_route=\/wp\/v2\/types\/post"}],"author":[{"embeddable":true,"href":"https:\/\/nativainfo.com\/index.php?rest_route=\/wp\/v2\/users\/1"}],"replies":[{"embeddable":true,"href":"https:\/\/nativainfo.com\/index.php?rest_route=%2Fwp%2Fv2%2Fcomments&post=2086"}],"version-history":[{"count":2,"href":"https:\/\/nativainfo.com\/index.php?rest_route=\/wp\/v2\/posts\/2086\/revisions"}],"predecessor-version":[{"id":2095,"href":"https:\/\/nativainfo.com\/index.php?rest_route=\/wp\/v2\/posts\/2086\/revisions\/2095"}],"wp:attachment":[{"href":"https:\/\/nativainfo.com\/index.php?rest_route=%2Fwp%2Fv2%2Fmedia&parent=2086"}],"wp:term":[{"taxonomy":"category","embeddable":true,"href":"https:\/\/nativainfo.com\/index.php?rest_route=%2Fwp%2Fv2%2Fcategories&post=2086"},{"taxonomy":"post_tag","embeddable":true,"href":"https:\/\/nativainfo.com\/index.php?rest_route=%2Fwp%2Fv2%2Ftags&post=2086"}],"curies":[{"name":"wp","href":"https:\/\/api.w.org\/{rel}","templated":true}]}}