{"id":2040,"date":"2021-07-24T00:46:34","date_gmt":"2021-07-24T03:46:34","guid":{"rendered":"http:\/\/nativainfo.com\/?p=2040"},"modified":"2021-07-24T00:46:38","modified_gmt":"2021-07-24T03:46:38","slug":"se-entregaron-los-premios-gardel-lali-gano-a-mejor-cancion-nathy-peluso-fue-la-mas-premiada-y-fito-paez-se-llevo-el-de-oro","status":"publish","type":"post","link":"https:\/\/nativainfo.com\/?p=2040","title":{"rendered":"Se entregaron los Premios Gardel: Lali gan\u00f3 a mejor canci\u00f3n, Nathy Peluso fue la m\u00e1s premiada y Fito P\u00e1ez se llev\u00f3 el de Oro"},"content":{"rendered":"\n<figure class=\"wp-block-image size-large\"><img fetchpriority=\"high\" decoding=\"async\" width=\"992\" height=\"558\" src=\"http:\/\/nativainfo.com\/wp-content\/uploads\/2021\/07\/E2IBUHS3VNDXBH2J5LB536PBP4.jpg\" alt=\"\" class=\"wp-image-2043\" srcset=\"https:\/\/nativainfo.com\/wp-content\/uploads\/2021\/07\/E2IBUHS3VNDXBH2J5LB536PBP4.jpg 992w, https:\/\/nativainfo.com\/wp-content\/uploads\/2021\/07\/E2IBUHS3VNDXBH2J5LB536PBP4-300x169.jpg 300w, https:\/\/nativainfo.com\/wp-content\/uploads\/2021\/07\/E2IBUHS3VNDXBH2J5LB536PBP4-768x432.jpg 768w, https:\/\/nativainfo.com\/wp-content\/uploads\/2021\/07\/E2IBUHS3VNDXBH2J5LB536PBP4-622x350.jpg 622w, https:\/\/nativainfo.com\/wp-content\/uploads\/2021\/07\/E2IBUHS3VNDXBH2J5LB536PBP4-150x84.jpg 150w\" sizes=\"(max-width: 992px) 100vw, 992px\" \/><\/figure>\n\n\n\n<p>En lo que ya se convirti\u00f3 en un cl\u00e1sico de la m\u00fasica argentina, esta noche se celebr\u00f3 la 23\u00aa entrega de los&nbsp;<strong>Premios Gardel,&nbsp;<\/strong>otorgados por&nbsp;<strong>CAPIF<\/strong>&nbsp;(C\u00e1mara Argentina de Productores de Fonogramas y Videogramas) para galardonar a artistas de diferentes estilos, generaciones y geograf\u00edas de nuestro pa\u00eds.<\/p>\n\n\n\n<p>La ceremonia premi\u00f3 a 41 categor\u00edas de la industria discogr\u00e1fica con tres vencedores bien marcados.\u00a0<strong>Nathy Peluso\u00a0<\/strong>gan\u00f3 la mayor cantidad de estatuillas, apoyada en su disco\u00a0<em><strong>Calambre<\/strong><\/em>\u00a0y su colaboraci\u00f3n con\u00a0<strong>Bizarrap<\/strong>.\u00a0<strong>Lali Esp\u00f3sito<\/strong>\u00a0se llev\u00f3 el premio a la canci\u00f3n del a\u00f1o por\u00a0<strong>\u201cLadr\u00f3n\u201d<\/strong>, su feat con\u00a0<strong>Cazzu<\/strong>.\u00a0<strong>Fito P\u00e1ez<\/strong>\u00a0se hizo acreedor al\u00a0<strong>Gardel de Oro<\/strong>, que en la edici\u00f3n 2020\u00a0hab\u00eda quedado en manos de David Leb\u00f3n, por su \u00e1lbum <em><strong>La conquista del espacio<\/strong><\/em>.<\/p>\n\n\n\n<p>Por segundo a\u00f1o consecutivo, la entrega se realiz\u00f3 de manera virtual y se vio a trav\u00e9s de la se\u00f1al\u00a0<strong>TNT\u00a0<\/strong>y por\u00a0<strong>Radio Nacional<\/strong>, en la AM 870 con la conducci\u00f3n de\u00a0<strong>Eleonora P\u00e9rez Caressi\u00a0<\/strong>y\u00a0<strong>Jey Mammon<\/strong>.<\/p>\n\n\n\n<p>Fuente: Infobae<\/p>\n","protected":false},"excerpt":{"rendered":"<p>En lo que ya se convirti\u00f3 en un cl\u00e1sico de la m\u00fasica argentina, esta noche se celebr\u00f3 la 23\u00aa entrega&#8230; <a class=\"continue-reading-link\" href=\"https:\/\/nativainfo.com\/?p=2040\">Continue reading<\/a><\/p>\n","protected":false},"author":1,"featured_media":0,"comment_status":"open","ping_status":"open","sticky":false,"template":"","format":"standard","meta":{"rop_custom_images_group":[],"rop_custom_messages_group":[],"rop_publish_now":"initial","rop_publish_now_accounts":[],"rop_publish_now_history":[],"rop_publish_now_status":"pending","footnotes":"","jetpack_publicize_message":"","jetpack_publicize_feature_enabled":true,"jetpack_social_post_already_shared":false,"jetpack_social_options":{"image_generator_settings":{"template":"highway","default_image_id":0,"font":"","enabled":false},"version":2}},"categories":[1],"tags":[],"class_list":["post-2040","post","type-post","status-publish","format-standard","hentry","category-uncategorized"],"yoast_head":"<!-- This site is optimized with the Yoast SEO plugin v25.6 - https:\/\/yoast.com\/wordpress\/plugins\/seo\/ -->\n<title>Se entregaron los Premios Gardel: Lali gan\u00f3 a mejor canci\u00f3n, Nathy Peluso fue la m\u00e1s premiada y Fito P\u00e1ez se llev\u00f3 el de Oro - Nativa Info<\/title>\n<meta name=\"robots\" content=\"index, follow, max-snippet:-1, max-image-preview:large, max-video-preview:-1\" \/>\n<link rel=\"canonical\" href=\"https:\/\/nativainfo.com\/?p=2040\" \/>\n<meta property=\"og:locale\" content=\"es_ES\" \/>\n<meta property=\"og:type\" content=\"article\" \/>\n<meta property=\"og:title\" content=\"Se entregaron los Premios Gardel: Lali gan\u00f3 a mejor canci\u00f3n, Nathy Peluso fue la m\u00e1s premiada y Fito P\u00e1ez se llev\u00f3 el de Oro - Nativa Info\" \/>\n<meta property=\"og:description\" content=\"En lo que ya se convirti\u00f3 en un cl\u00e1sico de la m\u00fasica argentina, esta noche se celebr\u00f3 la 23\u00aa entrega... Continue reading\" \/>\n<meta property=\"og:url\" content=\"https:\/\/nativainfo.com\/?p=2040\" \/>\n<meta property=\"og:site_name\" content=\"Nativa Info\" \/>\n<meta property=\"article:publisher\" content=\"https:\/\/www.facebook.com\/profile.php?id=61578881597564\" \/>\n<meta property=\"article:published_time\" content=\"2021-07-24T03:46:34+00:00\" \/>\n<meta property=\"article:modified_time\" content=\"2021-07-24T03:46:38+00:00\" \/>\n<meta property=\"og:image\" content=\"http:\/\/nativainfo.com\/wp-content\/uploads\/2021\/07\/E2IBUHS3VNDXBH2J5LB536PBP4.jpg\" \/>\n<meta name=\"author\" content=\"Nativa Info\" \/>\n<meta name=\"twitter:card\" content=\"summary_large_image\" \/>\n<meta name=\"twitter:label1\" content=\"Escrito por\" \/>\n\t<meta name=\"twitter:data1\" content=\"Nativa Info\" \/>\n\t<meta name=\"twitter:label2\" content=\"Tiempo de lectura\" \/>\n\t<meta name=\"twitter:data2\" content=\"1 minuto\" \/>\n<script type=\"application\/ld+json\" class=\"yoast-schema-graph\">{\"@context\":\"https:\/\/schema.org\",\"@graph\":[{\"@type\":\"Article\",\"@id\":\"https:\/\/nativainfo.com\/?p=2040#article\",\"isPartOf\":{\"@id\":\"https:\/\/nativainfo.com\/?p=2040\"},\"author\":{\"name\":\"Nativa Info\",\"@id\":\"https:\/\/nativainfo.com\/#\/schema\/person\/24893b64a9cd564ddb5d102d36eb4b5c\"},\"headline\":\"Se entregaron los Premios Gardel: Lali gan\u00f3 a mejor canci\u00f3n, Nathy Peluso fue la m\u00e1s premiada y Fito P\u00e1ez se llev\u00f3 el de Oro\",\"datePublished\":\"2021-07-24T03:46:34+00:00\",\"dateModified\":\"2021-07-24T03:46:38+00:00\",\"mainEntityOfPage\":{\"@id\":\"https:\/\/nativainfo.com\/?p=2040\"},\"wordCount\":214,\"commentCount\":0,\"publisher\":{\"@id\":\"https:\/\/nativainfo.com\/#organization\"},\"image\":{\"@id\":\"https:\/\/nativainfo.com\/?p=2040#primaryimage\"},\"thumbnailUrl\":\"http:\/\/nativainfo.com\/wp-content\/uploads\/2021\/07\/E2IBUHS3VNDXBH2J5LB536PBP4.jpg\",\"articleSection\":[\"Uncategorized\"],\"inLanguage\":\"es-AR\",\"potentialAction\":[{\"@type\":\"CommentAction\",\"name\":\"Comment\",\"target\":[\"https:\/\/nativainfo.com\/?p=2040#respond\"]}]},{\"@type\":\"WebPage\",\"@id\":\"https:\/\/nativainfo.com\/?p=2040\",\"url\":\"https:\/\/nativainfo.com\/?p=2040\",\"name\":\"Se entregaron los Premios Gardel: Lali gan\u00f3 a mejor canci\u00f3n, Nathy Peluso fue la m\u00e1s premiada y Fito P\u00e1ez se llev\u00f3 el de Oro - Nativa Info\",\"isPartOf\":{\"@id\":\"https:\/\/nativainfo.com\/#website\"},\"primaryImageOfPage\":{\"@id\":\"https:\/\/nativainfo.com\/?p=2040#primaryimage\"},\"image\":{\"@id\":\"https:\/\/nativainfo.com\/?p=2040#primaryimage\"},\"thumbnailUrl\":\"http:\/\/nativainfo.com\/wp-content\/uploads\/2021\/07\/E2IBUHS3VNDXBH2J5LB536PBP4.jpg\",\"datePublished\":\"2021-07-24T03:46:34+00:00\",\"dateModified\":\"2021-07-24T03:46:38+00:00\",\"breadcrumb\":{\"@id\":\"https:\/\/nativainfo.com\/?p=2040#breadcrumb\"},\"inLanguage\":\"es-AR\",\"potentialAction\":[{\"@type\":\"ReadAction\",\"target\":[\"https:\/\/nativainfo.com\/?p=2040\"]}]},{\"@type\":\"ImageObject\",\"inLanguage\":\"es-AR\",\"@id\":\"https:\/\/nativainfo.com\/?p=2040#primaryimage\",\"url\":\"https:\/\/nativainfo.com\/wp-content\/uploads\/2021\/07\/E2IBUHS3VNDXBH2J5LB536PBP4.jpg\",\"contentUrl\":\"https:\/\/nativainfo.com\/wp-content\/uploads\/2021\/07\/E2IBUHS3VNDXBH2J5LB536PBP4.jpg\",\"width\":992,\"height\":558},{\"@type\":\"BreadcrumbList\",\"@id\":\"https:\/\/nativainfo.com\/?p=2040#breadcrumb\",\"itemListElement\":[{\"@type\":\"ListItem\",\"position\":1,\"name\":\"Inicio\",\"item\":\"https:\/\/nativainfo.com\/\"},{\"@type\":\"ListItem\",\"position\":2,\"name\":\"Se entregaron los Premios Gardel: Lali gan\u00f3 a mejor canci\u00f3n, Nathy Peluso fue la m\u00e1s premiada y Fito P\u00e1ez se llev\u00f3 el de Oro\"}]},{\"@type\":\"WebSite\",\"@id\":\"https:\/\/nativainfo.com\/#website\",\"url\":\"https:\/\/nativainfo.com\/\",\"name\":\"Nativa Info\",\"description\":\"Diario Digital\",\"publisher\":{\"@id\":\"https:\/\/nativainfo.com\/#organization\"},\"potentialAction\":[{\"@type\":\"SearchAction\",\"target\":{\"@type\":\"EntryPoint\",\"urlTemplate\":\"https:\/\/nativainfo.com\/?s={search_term_string}\"},\"query-input\":{\"@type\":\"PropertyValueSpecification\",\"valueRequired\":true,\"valueName\":\"search_term_string\"}}],\"inLanguage\":\"es-AR\"},{\"@type\":\"Organization\",\"@id\":\"https:\/\/nativainfo.com\/#organization\",\"name\":\"Nativa Info\",\"url\":\"https:\/\/nativainfo.com\/\",\"logo\":{\"@type\":\"ImageObject\",\"inLanguage\":\"es-AR\",\"@id\":\"https:\/\/nativainfo.com\/#\/schema\/logo\/image\/\",\"url\":\"https:\/\/nativainfo.com\/wp-content\/uploads\/2025\/08\/LOGO-NATIVA-FACE.jpg\",\"contentUrl\":\"https:\/\/nativainfo.com\/wp-content\/uploads\/2025\/08\/LOGO-NATIVA-FACE.jpg\",\"width\":400,\"height\":400,\"caption\":\"Nativa Info\"},\"image\":{\"@id\":\"https:\/\/nativainfo.com\/#\/schema\/logo\/image\/\"},\"sameAs\":[\"https:\/\/www.facebook.com\/profile.php?id=61578881597564\"]},{\"@type\":\"Person\",\"@id\":\"https:\/\/nativainfo.com\/#\/schema\/person\/24893b64a9cd564ddb5d102d36eb4b5c\",\"name\":\"Nativa Info\",\"image\":{\"@type\":\"ImageObject\",\"inLanguage\":\"es-AR\",\"@id\":\"https:\/\/nativainfo.com\/#\/schema\/person\/image\/\",\"url\":\"https:\/\/secure.gravatar.com\/avatar\/016fa1cf068d85136d938e1507b9b619cb766e2565cbb1faa1e571762460c785?s=96&d=mm&r=g\",\"contentUrl\":\"https:\/\/secure.gravatar.com\/avatar\/016fa1cf068d85136d938e1507b9b619cb766e2565cbb1faa1e571762460c785?s=96&d=mm&r=g\",\"caption\":\"Nativa Info\"},\"sameAs\":[\"http:\/\/nativainfo.com\"],\"url\":\"https:\/\/nativainfo.com\/?author=1\"}]}<\/script>\n<!-- \/ Yoast SEO plugin. -->","yoast_head_json":{"title":"Se entregaron los Premios Gardel: Lali gan\u00f3 a mejor canci\u00f3n, Nathy Peluso fue la m\u00e1s premiada y Fito P\u00e1ez se llev\u00f3 el de Oro - Nativa Info","robots":{"index":"index","follow":"follow","max-snippet":"max-snippet:-1","max-image-preview":"max-image-preview:large","max-video-preview":"max-video-preview:-1"},"canonical":"https:\/\/nativainfo.com\/?p=2040","og_locale":"es_ES","og_type":"article","og_title":"Se entregaron los Premios Gardel: Lali gan\u00f3 a mejor canci\u00f3n, Nathy Peluso fue la m\u00e1s premiada y Fito P\u00e1ez se llev\u00f3 el de Oro - Nativa Info","og_description":"En lo que ya se convirti\u00f3 en un cl\u00e1sico de la m\u00fasica argentina, esta noche se celebr\u00f3 la 23\u00aa entrega... Continue reading","og_url":"https:\/\/nativainfo.com\/?p=2040","og_site_name":"Nativa Info","article_publisher":"https:\/\/www.facebook.com\/profile.php?id=61578881597564","article_published_time":"2021-07-24T03:46:34+00:00","article_modified_time":"2021-07-24T03:46:38+00:00","og_image":[{"url":"http:\/\/nativainfo.com\/wp-content\/uploads\/2021\/07\/E2IBUHS3VNDXBH2J5LB536PBP4.jpg","type":"","width":"","height":""}],"author":"Nativa Info","twitter_card":"summary_large_image","twitter_misc":{"Escrito por":"Nativa Info","Tiempo de lectura":"1 minuto"},"schema":{"@context":"https:\/\/schema.org","@graph":[{"@type":"Article","@id":"https:\/\/nativainfo.com\/?p=2040#article","isPartOf":{"@id":"https:\/\/nativainfo.com\/?p=2040"},"author":{"name":"Nativa Info","@id":"https:\/\/nativainfo.com\/#\/schema\/person\/24893b64a9cd564ddb5d102d36eb4b5c"},"headline":"Se entregaron los Premios Gardel: Lali gan\u00f3 a mejor canci\u00f3n, Nathy Peluso fue la m\u00e1s premiada y Fito P\u00e1ez se llev\u00f3 el de Oro","datePublished":"2021-07-24T03:46:34+00:00","dateModified":"2021-07-24T03:46:38+00:00","mainEntityOfPage":{"@id":"https:\/\/nativainfo.com\/?p=2040"},"wordCount":214,"commentCount":0,"publisher":{"@id":"https:\/\/nativainfo.com\/#organization"},"image":{"@id":"https:\/\/nativainfo.com\/?p=2040#primaryimage"},"thumbnailUrl":"http:\/\/nativainfo.com\/wp-content\/uploads\/2021\/07\/E2IBUHS3VNDXBH2J5LB536PBP4.jpg","articleSection":["Uncategorized"],"inLanguage":"es-AR","potentialAction":[{"@type":"CommentAction","name":"Comment","target":["https:\/\/nativainfo.com\/?p=2040#respond"]}]},{"@type":"WebPage","@id":"https:\/\/nativainfo.com\/?p=2040","url":"https:\/\/nativainfo.com\/?p=2040","name":"Se entregaron los Premios Gardel: Lali gan\u00f3 a mejor canci\u00f3n, Nathy Peluso fue la m\u00e1s premiada y Fito P\u00e1ez se llev\u00f3 el de Oro - Nativa Info","isPartOf":{"@id":"https:\/\/nativainfo.com\/#website"},"primaryImageOfPage":{"@id":"https:\/\/nativainfo.com\/?p=2040#primaryimage"},"image":{"@id":"https:\/\/nativainfo.com\/?p=2040#primaryimage"},"thumbnailUrl":"http:\/\/nativainfo.com\/wp-content\/uploads\/2021\/07\/E2IBUHS3VNDXBH2J5LB536PBP4.jpg","datePublished":"2021-07-24T03:46:34+00:00","dateModified":"2021-07-24T03:46:38+00:00","breadcrumb":{"@id":"https:\/\/nativainfo.com\/?p=2040#breadcrumb"},"inLanguage":"es-AR","potentialAction":[{"@type":"ReadAction","target":["https:\/\/nativainfo.com\/?p=2040"]}]},{"@type":"ImageObject","inLanguage":"es-AR","@id":"https:\/\/nativainfo.com\/?p=2040#primaryimage","url":"https:\/\/nativainfo.com\/wp-content\/uploads\/2021\/07\/E2IBUHS3VNDXBH2J5LB536PBP4.jpg","contentUrl":"https:\/\/nativainfo.com\/wp-content\/uploads\/2021\/07\/E2IBUHS3VNDXBH2J5LB536PBP4.jpg","width":992,"height":558},{"@type":"BreadcrumbList","@id":"https:\/\/nativainfo.com\/?p=2040#breadcrumb","itemListElement":[{"@type":"ListItem","position":1,"name":"Inicio","item":"https:\/\/nativainfo.com\/"},{"@type":"ListItem","position":2,"name":"Se entregaron los Premios Gardel: Lali gan\u00f3 a mejor canci\u00f3n, Nathy Peluso fue la m\u00e1s premiada y Fito P\u00e1ez se llev\u00f3 el de Oro"}]},{"@type":"WebSite","@id":"https:\/\/nativainfo.com\/#website","url":"https:\/\/nativainfo.com\/","name":"Nativa Info","description":"Diario Digital","publisher":{"@id":"https:\/\/nativainfo.com\/#organization"},"potentialAction":[{"@type":"SearchAction","target":{"@type":"EntryPoint","urlTemplate":"https:\/\/nativainfo.com\/?s={search_term_string}"},"query-input":{"@type":"PropertyValueSpecification","valueRequired":true,"valueName":"search_term_string"}}],"inLanguage":"es-AR"},{"@type":"Organization","@id":"https:\/\/nativainfo.com\/#organization","name":"Nativa Info","url":"https:\/\/nativainfo.com\/","logo":{"@type":"ImageObject","inLanguage":"es-AR","@id":"https:\/\/nativainfo.com\/#\/schema\/logo\/image\/","url":"https:\/\/nativainfo.com\/wp-content\/uploads\/2025\/08\/LOGO-NATIVA-FACE.jpg","contentUrl":"https:\/\/nativainfo.com\/wp-content\/uploads\/2025\/08\/LOGO-NATIVA-FACE.jpg","width":400,"height":400,"caption":"Nativa Info"},"image":{"@id":"https:\/\/nativainfo.com\/#\/schema\/logo\/image\/"},"sameAs":["https:\/\/www.facebook.com\/profile.php?id=61578881597564"]},{"@type":"Person","@id":"https:\/\/nativainfo.com\/#\/schema\/person\/24893b64a9cd564ddb5d102d36eb4b5c","name":"Nativa Info","image":{"@type":"ImageObject","inLanguage":"es-AR","@id":"https:\/\/nativainfo.com\/#\/schema\/person\/image\/","url":"https:\/\/secure.gravatar.com\/avatar\/016fa1cf068d85136d938e1507b9b619cb766e2565cbb1faa1e571762460c785?s=96&d=mm&r=g","contentUrl":"https:\/\/secure.gravatar.com\/avatar\/016fa1cf068d85136d938e1507b9b619cb766e2565cbb1faa1e571762460c785?s=96&d=mm&r=g","caption":"Nativa Info"},"sameAs":["http:\/\/nativainfo.com"],"url":"https:\/\/nativainfo.com\/?author=1"}]}},"jetpack_publicize_connections":[],"_links":{"self":[{"href":"https:\/\/nativainfo.com\/index.php?rest_route=\/wp\/v2\/posts\/2040","targetHints":{"allow":["GET"]}}],"collection":[{"href":"https:\/\/nativainfo.com\/index.php?rest_route=\/wp\/v2\/posts"}],"about":[{"href":"https:\/\/nativainfo.com\/index.php?rest_route=\/wp\/v2\/types\/post"}],"author":[{"embeddable":true,"href":"https:\/\/nativainfo.com\/index.php?rest_route=\/wp\/v2\/users\/1"}],"replies":[{"embeddable":true,"href":"https:\/\/nativainfo.com\/index.php?rest_route=%2Fwp%2Fv2%2Fcomments&post=2040"}],"version-history":[{"count":1,"href":"https:\/\/nativainfo.com\/index.php?rest_route=\/wp\/v2\/posts\/2040\/revisions"}],"predecessor-version":[{"id":2044,"href":"https:\/\/nativainfo.com\/index.php?rest_route=\/wp\/v2\/posts\/2040\/revisions\/2044"}],"wp:attachment":[{"href":"https:\/\/nativainfo.com\/index.php?rest_route=%2Fwp%2Fv2%2Fmedia&parent=2040"}],"wp:term":[{"taxonomy":"category","embeddable":true,"href":"https:\/\/nativainfo.com\/index.php?rest_route=%2Fwp%2Fv2%2Fcategories&post=2040"},{"taxonomy":"post_tag","embeddable":true,"href":"https:\/\/nativainfo.com\/index.php?rest_route=%2Fwp%2Fv2%2Ftags&post=2040"}],"curies":[{"name":"wp","href":"https:\/\/api.w.org\/{rel}","templated":true}]}}