{"id":1941,"date":"2021-07-03T02:48:46","date_gmt":"2021-07-03T05:48:46","guid":{"rendered":"http:\/\/nativainfo.com\/?p=1941"},"modified":"2021-07-03T02:48:50","modified_gmt":"2021-07-03T05:48:50","slug":"video-sarc-la-municipalidad-de-fernandez-informara-al-tribunal-de-cuentas-on-line","status":"publish","type":"post","link":"https:\/\/nativainfo.com\/?p=1941","title":{"rendered":"VIDEO\/SARC: La Municipalidad de Fern\u00e1ndez informar\u00e1 al Tribunal de Cuentas \u00abon line\u00bb"},"content":{"rendered":"\n<figure class=\"wp-block-image size-large\"><img fetchpriority=\"high\" decoding=\"async\" width=\"1024\" height=\"472\" src=\"http:\/\/nativainfo.com\/wp-content\/uploads\/2021\/07\/foto-firma4-prensa-1024x472-1.jpg\" alt=\"\" class=\"wp-image-1943\" srcset=\"https:\/\/nativainfo.com\/wp-content\/uploads\/2021\/07\/foto-firma4-prensa-1024x472-1.jpg 1024w, https:\/\/nativainfo.com\/wp-content\/uploads\/2021\/07\/foto-firma4-prensa-1024x472-1-300x138.jpg 300w, https:\/\/nativainfo.com\/wp-content\/uploads\/2021\/07\/foto-firma4-prensa-1024x472-1-768x354.jpg 768w, https:\/\/nativainfo.com\/wp-content\/uploads\/2021\/07\/foto-firma4-prensa-1024x472-1-759x350.jpg 759w, https:\/\/nativainfo.com\/wp-content\/uploads\/2021\/07\/foto-firma4-prensa-1024x472-1-150x69.jpg 150w\" sizes=\"(max-width: 1024px) 100vw, 1024px\" \/><\/figure>\n\n\n\n<p><strong>Ser\u00e1 el primer municipio en la provincia que implementar\u00e1 el Sistema de Administraci\u00f3n y Rendici\u00f3n de Cuentas -SARC-. El novedoso sistema inform\u00e1tico, de control de gesti\u00f3n administrativa y contable, se dise\u00f1\u00f3 para su pr\u00f3xima implementaci\u00f3n en municipios de segunda (21) y tercera categor\u00eda (186).<\/strong>\u00a0 <\/p>\n\n\n\n<p>Se firm\u00f3 un convenio de cooperaci\u00f3n interinstitucional entre el\u00a0<strong>Tribunal de Cuentas de Santiago del Estero<\/strong>, representado por su presidente,\u00a0<strong>Dr. Mart\u00edn D\u00edaz Ach\u00e1val<\/strong>\u00a0y, por la Municipalidad de Fern\u00e1ndez, el Intendente,\u00a0<strong>Dr. V\u00edctor Rodolfo Araujo<\/strong>\u00a0y la\u00a0<strong>Dra. Berenice Lagar<\/strong>, para la implementaci\u00f3n del SARC. Tambi\u00e9n participaron del acto de firma, el vicepresidente del TCSE,\u00a0<strong>Cr. Alfredo Juri<\/strong>\u00a0y el vocal,\u00a0<strong>Cr. Ricardo Rubio<\/strong>.<\/p>\n","protected":false},"excerpt":{"rendered":"<p>Ser\u00e1 el primer municipio en la provincia que implementar\u00e1 el Sistema de Administraci\u00f3n y Rendici\u00f3n de Cuentas -SARC-. El novedoso&#8230; <a class=\"continue-reading-link\" href=\"https:\/\/nativainfo.com\/?p=1941\">Continue reading<\/a><\/p>\n","protected":false},"author":1,"featured_media":0,"comment_status":"open","ping_status":"open","sticky":false,"template":"","format":"standard","meta":{"rop_custom_images_group":[],"rop_custom_messages_group":[],"rop_publish_now":"initial","rop_publish_now_accounts":[],"rop_publish_now_history":[],"rop_publish_now_status":"pending","footnotes":"","jetpack_publicize_message":"","jetpack_publicize_feature_enabled":true,"jetpack_social_post_already_shared":false,"jetpack_social_options":{"image_generator_settings":{"template":"highway","default_image_id":0,"font":"","enabled":false},"version":2}},"categories":[13,17],"tags":[],"class_list":["post-1941","post","type-post","status-publish","format-standard","hentry","category-fernandez","category-innovacion"],"yoast_head":"<!-- This site is optimized with the Yoast SEO plugin v25.6 - https:\/\/yoast.com\/wordpress\/plugins\/seo\/ -->\n<title>VIDEO\/SARC: La Municipalidad de Fern\u00e1ndez informar\u00e1 al Tribunal de Cuentas \u00abon line\u00bb - Nativa Info<\/title>\n<meta name=\"robots\" content=\"index, follow, max-snippet:-1, max-image-preview:large, max-video-preview:-1\" \/>\n<link rel=\"canonical\" href=\"https:\/\/nativainfo.com\/?p=1941\" \/>\n<meta property=\"og:locale\" content=\"es_ES\" \/>\n<meta property=\"og:type\" content=\"article\" \/>\n<meta property=\"og:title\" content=\"VIDEO\/SARC: La Municipalidad de Fern\u00e1ndez informar\u00e1 al Tribunal de Cuentas \u00abon line\u00bb - Nativa Info\" \/>\n<meta property=\"og:description\" content=\"Ser\u00e1 el primer municipio en la provincia que implementar\u00e1 el Sistema de Administraci\u00f3n y Rendici\u00f3n de Cuentas -SARC-. El novedoso... Continue reading\" \/>\n<meta property=\"og:url\" content=\"https:\/\/nativainfo.com\/?p=1941\" \/>\n<meta property=\"og:site_name\" content=\"Nativa Info\" \/>\n<meta property=\"article:publisher\" content=\"https:\/\/www.facebook.com\/profile.php?id=61578881597564\" \/>\n<meta property=\"article:published_time\" content=\"2021-07-03T05:48:46+00:00\" \/>\n<meta property=\"article:modified_time\" content=\"2021-07-03T05:48:50+00:00\" \/>\n<meta property=\"og:image\" content=\"http:\/\/nativainfo.com\/wp-content\/uploads\/2021\/07\/foto-firma4-prensa-1024x472-1.jpg\" \/>\n<meta name=\"author\" content=\"Nativa Info\" \/>\n<meta name=\"twitter:card\" content=\"summary_large_image\" \/>\n<meta name=\"twitter:label1\" content=\"Escrito por\" \/>\n\t<meta name=\"twitter:data1\" content=\"Nativa Info\" \/>\n\t<meta name=\"twitter:label2\" content=\"Tiempo de lectura\" \/>\n\t<meta name=\"twitter:data2\" content=\"1 minuto\" \/>\n<script type=\"application\/ld+json\" class=\"yoast-schema-graph\">{\"@context\":\"https:\/\/schema.org\",\"@graph\":[{\"@type\":\"Article\",\"@id\":\"https:\/\/nativainfo.com\/?p=1941#article\",\"isPartOf\":{\"@id\":\"https:\/\/nativainfo.com\/?p=1941\"},\"author\":{\"name\":\"Nativa Info\",\"@id\":\"https:\/\/nativainfo.com\/#\/schema\/person\/24893b64a9cd564ddb5d102d36eb4b5c\"},\"headline\":\"VIDEO\/SARC: La Municipalidad de Fern\u00e1ndez informar\u00e1 al Tribunal de Cuentas \u00abon line\u00bb\",\"datePublished\":\"2021-07-03T05:48:46+00:00\",\"dateModified\":\"2021-07-03T05:48:50+00:00\",\"mainEntityOfPage\":{\"@id\":\"https:\/\/nativainfo.com\/?p=1941\"},\"wordCount\":136,\"commentCount\":0,\"publisher\":{\"@id\":\"https:\/\/nativainfo.com\/#organization\"},\"image\":{\"@id\":\"https:\/\/nativainfo.com\/?p=1941#primaryimage\"},\"thumbnailUrl\":\"http:\/\/nativainfo.com\/wp-content\/uploads\/2021\/07\/foto-firma4-prensa-1024x472-1.jpg\",\"articleSection\":[\"Fern\u00e1ndez\",\"Innovaci\u00f3n\"],\"inLanguage\":\"es-AR\",\"potentialAction\":[{\"@type\":\"CommentAction\",\"name\":\"Comment\",\"target\":[\"https:\/\/nativainfo.com\/?p=1941#respond\"]}]},{\"@type\":\"WebPage\",\"@id\":\"https:\/\/nativainfo.com\/?p=1941\",\"url\":\"https:\/\/nativainfo.com\/?p=1941\",\"name\":\"VIDEO\/SARC: La Municipalidad de Fern\u00e1ndez informar\u00e1 al Tribunal de Cuentas \u00abon line\u00bb - Nativa Info\",\"isPartOf\":{\"@id\":\"https:\/\/nativainfo.com\/#website\"},\"primaryImageOfPage\":{\"@id\":\"https:\/\/nativainfo.com\/?p=1941#primaryimage\"},\"image\":{\"@id\":\"https:\/\/nativainfo.com\/?p=1941#primaryimage\"},\"thumbnailUrl\":\"http:\/\/nativainfo.com\/wp-content\/uploads\/2021\/07\/foto-firma4-prensa-1024x472-1.jpg\",\"datePublished\":\"2021-07-03T05:48:46+00:00\",\"dateModified\":\"2021-07-03T05:48:50+00:00\",\"breadcrumb\":{\"@id\":\"https:\/\/nativainfo.com\/?p=1941#breadcrumb\"},\"inLanguage\":\"es-AR\",\"potentialAction\":[{\"@type\":\"ReadAction\",\"target\":[\"https:\/\/nativainfo.com\/?p=1941\"]}]},{\"@type\":\"ImageObject\",\"inLanguage\":\"es-AR\",\"@id\":\"https:\/\/nativainfo.com\/?p=1941#primaryimage\",\"url\":\"https:\/\/nativainfo.com\/wp-content\/uploads\/2021\/07\/foto-firma4-prensa-1024x472-1.jpg\",\"contentUrl\":\"https:\/\/nativainfo.com\/wp-content\/uploads\/2021\/07\/foto-firma4-prensa-1024x472-1.jpg\",\"width\":1024,\"height\":472},{\"@type\":\"BreadcrumbList\",\"@id\":\"https:\/\/nativainfo.com\/?p=1941#breadcrumb\",\"itemListElement\":[{\"@type\":\"ListItem\",\"position\":1,\"name\":\"Inicio\",\"item\":\"https:\/\/nativainfo.com\/\"},{\"@type\":\"ListItem\",\"position\":2,\"name\":\"VIDEO\/SARC: La Municipalidad de Fern\u00e1ndez informar\u00e1 al Tribunal de Cuentas \u00abon line\u00bb\"}]},{\"@type\":\"WebSite\",\"@id\":\"https:\/\/nativainfo.com\/#website\",\"url\":\"https:\/\/nativainfo.com\/\",\"name\":\"Nativa Info\",\"description\":\"Diario Digital\",\"publisher\":{\"@id\":\"https:\/\/nativainfo.com\/#organization\"},\"potentialAction\":[{\"@type\":\"SearchAction\",\"target\":{\"@type\":\"EntryPoint\",\"urlTemplate\":\"https:\/\/nativainfo.com\/?s={search_term_string}\"},\"query-input\":{\"@type\":\"PropertyValueSpecification\",\"valueRequired\":true,\"valueName\":\"search_term_string\"}}],\"inLanguage\":\"es-AR\"},{\"@type\":\"Organization\",\"@id\":\"https:\/\/nativainfo.com\/#organization\",\"name\":\"Nativa Info\",\"url\":\"https:\/\/nativainfo.com\/\",\"logo\":{\"@type\":\"ImageObject\",\"inLanguage\":\"es-AR\",\"@id\":\"https:\/\/nativainfo.com\/#\/schema\/logo\/image\/\",\"url\":\"https:\/\/nativainfo.com\/wp-content\/uploads\/2025\/08\/LOGO-NATIVA-FACE.jpg\",\"contentUrl\":\"https:\/\/nativainfo.com\/wp-content\/uploads\/2025\/08\/LOGO-NATIVA-FACE.jpg\",\"width\":400,\"height\":400,\"caption\":\"Nativa Info\"},\"image\":{\"@id\":\"https:\/\/nativainfo.com\/#\/schema\/logo\/image\/\"},\"sameAs\":[\"https:\/\/www.facebook.com\/profile.php?id=61578881597564\"]},{\"@type\":\"Person\",\"@id\":\"https:\/\/nativainfo.com\/#\/schema\/person\/24893b64a9cd564ddb5d102d36eb4b5c\",\"name\":\"Nativa Info\",\"image\":{\"@type\":\"ImageObject\",\"inLanguage\":\"es-AR\",\"@id\":\"https:\/\/nativainfo.com\/#\/schema\/person\/image\/\",\"url\":\"https:\/\/secure.gravatar.com\/avatar\/016fa1cf068d85136d938e1507b9b619cb766e2565cbb1faa1e571762460c785?s=96&d=mm&r=g\",\"contentUrl\":\"https:\/\/secure.gravatar.com\/avatar\/016fa1cf068d85136d938e1507b9b619cb766e2565cbb1faa1e571762460c785?s=96&d=mm&r=g\",\"caption\":\"Nativa Info\"},\"sameAs\":[\"http:\/\/nativainfo.com\"],\"url\":\"https:\/\/nativainfo.com\/?author=1\"}]}<\/script>\n<!-- \/ Yoast SEO plugin. -->","yoast_head_json":{"title":"VIDEO\/SARC: La Municipalidad de Fern\u00e1ndez informar\u00e1 al Tribunal de Cuentas \u00abon line\u00bb - Nativa Info","robots":{"index":"index","follow":"follow","max-snippet":"max-snippet:-1","max-image-preview":"max-image-preview:large","max-video-preview":"max-video-preview:-1"},"canonical":"https:\/\/nativainfo.com\/?p=1941","og_locale":"es_ES","og_type":"article","og_title":"VIDEO\/SARC: La Municipalidad de Fern\u00e1ndez informar\u00e1 al Tribunal de Cuentas \u00abon line\u00bb - Nativa Info","og_description":"Ser\u00e1 el primer municipio en la provincia que implementar\u00e1 el Sistema de Administraci\u00f3n y Rendici\u00f3n de Cuentas -SARC-. El novedoso... Continue reading","og_url":"https:\/\/nativainfo.com\/?p=1941","og_site_name":"Nativa Info","article_publisher":"https:\/\/www.facebook.com\/profile.php?id=61578881597564","article_published_time":"2021-07-03T05:48:46+00:00","article_modified_time":"2021-07-03T05:48:50+00:00","og_image":[{"url":"http:\/\/nativainfo.com\/wp-content\/uploads\/2021\/07\/foto-firma4-prensa-1024x472-1.jpg","type":"","width":"","height":""}],"author":"Nativa Info","twitter_card":"summary_large_image","twitter_misc":{"Escrito por":"Nativa Info","Tiempo de lectura":"1 minuto"},"schema":{"@context":"https:\/\/schema.org","@graph":[{"@type":"Article","@id":"https:\/\/nativainfo.com\/?p=1941#article","isPartOf":{"@id":"https:\/\/nativainfo.com\/?p=1941"},"author":{"name":"Nativa Info","@id":"https:\/\/nativainfo.com\/#\/schema\/person\/24893b64a9cd564ddb5d102d36eb4b5c"},"headline":"VIDEO\/SARC: La Municipalidad de Fern\u00e1ndez informar\u00e1 al Tribunal de Cuentas \u00abon line\u00bb","datePublished":"2021-07-03T05:48:46+00:00","dateModified":"2021-07-03T05:48:50+00:00","mainEntityOfPage":{"@id":"https:\/\/nativainfo.com\/?p=1941"},"wordCount":136,"commentCount":0,"publisher":{"@id":"https:\/\/nativainfo.com\/#organization"},"image":{"@id":"https:\/\/nativainfo.com\/?p=1941#primaryimage"},"thumbnailUrl":"http:\/\/nativainfo.com\/wp-content\/uploads\/2021\/07\/foto-firma4-prensa-1024x472-1.jpg","articleSection":["Fern\u00e1ndez","Innovaci\u00f3n"],"inLanguage":"es-AR","potentialAction":[{"@type":"CommentAction","name":"Comment","target":["https:\/\/nativainfo.com\/?p=1941#respond"]}]},{"@type":"WebPage","@id":"https:\/\/nativainfo.com\/?p=1941","url":"https:\/\/nativainfo.com\/?p=1941","name":"VIDEO\/SARC: La Municipalidad de Fern\u00e1ndez informar\u00e1 al Tribunal de Cuentas \u00abon line\u00bb - Nativa Info","isPartOf":{"@id":"https:\/\/nativainfo.com\/#website"},"primaryImageOfPage":{"@id":"https:\/\/nativainfo.com\/?p=1941#primaryimage"},"image":{"@id":"https:\/\/nativainfo.com\/?p=1941#primaryimage"},"thumbnailUrl":"http:\/\/nativainfo.com\/wp-content\/uploads\/2021\/07\/foto-firma4-prensa-1024x472-1.jpg","datePublished":"2021-07-03T05:48:46+00:00","dateModified":"2021-07-03T05:48:50+00:00","breadcrumb":{"@id":"https:\/\/nativainfo.com\/?p=1941#breadcrumb"},"inLanguage":"es-AR","potentialAction":[{"@type":"ReadAction","target":["https:\/\/nativainfo.com\/?p=1941"]}]},{"@type":"ImageObject","inLanguage":"es-AR","@id":"https:\/\/nativainfo.com\/?p=1941#primaryimage","url":"https:\/\/nativainfo.com\/wp-content\/uploads\/2021\/07\/foto-firma4-prensa-1024x472-1.jpg","contentUrl":"https:\/\/nativainfo.com\/wp-content\/uploads\/2021\/07\/foto-firma4-prensa-1024x472-1.jpg","width":1024,"height":472},{"@type":"BreadcrumbList","@id":"https:\/\/nativainfo.com\/?p=1941#breadcrumb","itemListElement":[{"@type":"ListItem","position":1,"name":"Inicio","item":"https:\/\/nativainfo.com\/"},{"@type":"ListItem","position":2,"name":"VIDEO\/SARC: La Municipalidad de Fern\u00e1ndez informar\u00e1 al Tribunal de Cuentas \u00abon line\u00bb"}]},{"@type":"WebSite","@id":"https:\/\/nativainfo.com\/#website","url":"https:\/\/nativainfo.com\/","name":"Nativa Info","description":"Diario Digital","publisher":{"@id":"https:\/\/nativainfo.com\/#organization"},"potentialAction":[{"@type":"SearchAction","target":{"@type":"EntryPoint","urlTemplate":"https:\/\/nativainfo.com\/?s={search_term_string}"},"query-input":{"@type":"PropertyValueSpecification","valueRequired":true,"valueName":"search_term_string"}}],"inLanguage":"es-AR"},{"@type":"Organization","@id":"https:\/\/nativainfo.com\/#organization","name":"Nativa Info","url":"https:\/\/nativainfo.com\/","logo":{"@type":"ImageObject","inLanguage":"es-AR","@id":"https:\/\/nativainfo.com\/#\/schema\/logo\/image\/","url":"https:\/\/nativainfo.com\/wp-content\/uploads\/2025\/08\/LOGO-NATIVA-FACE.jpg","contentUrl":"https:\/\/nativainfo.com\/wp-content\/uploads\/2025\/08\/LOGO-NATIVA-FACE.jpg","width":400,"height":400,"caption":"Nativa Info"},"image":{"@id":"https:\/\/nativainfo.com\/#\/schema\/logo\/image\/"},"sameAs":["https:\/\/www.facebook.com\/profile.php?id=61578881597564"]},{"@type":"Person","@id":"https:\/\/nativainfo.com\/#\/schema\/person\/24893b64a9cd564ddb5d102d36eb4b5c","name":"Nativa Info","image":{"@type":"ImageObject","inLanguage":"es-AR","@id":"https:\/\/nativainfo.com\/#\/schema\/person\/image\/","url":"https:\/\/secure.gravatar.com\/avatar\/016fa1cf068d85136d938e1507b9b619cb766e2565cbb1faa1e571762460c785?s=96&d=mm&r=g","contentUrl":"https:\/\/secure.gravatar.com\/avatar\/016fa1cf068d85136d938e1507b9b619cb766e2565cbb1faa1e571762460c785?s=96&d=mm&r=g","caption":"Nativa Info"},"sameAs":["http:\/\/nativainfo.com"],"url":"https:\/\/nativainfo.com\/?author=1"}]}},"jetpack_publicize_connections":[],"_links":{"self":[{"href":"https:\/\/nativainfo.com\/index.php?rest_route=\/wp\/v2\/posts\/1941","targetHints":{"allow":["GET"]}}],"collection":[{"href":"https:\/\/nativainfo.com\/index.php?rest_route=\/wp\/v2\/posts"}],"about":[{"href":"https:\/\/nativainfo.com\/index.php?rest_route=\/wp\/v2\/types\/post"}],"author":[{"embeddable":true,"href":"https:\/\/nativainfo.com\/index.php?rest_route=\/wp\/v2\/users\/1"}],"replies":[{"embeddable":true,"href":"https:\/\/nativainfo.com\/index.php?rest_route=%2Fwp%2Fv2%2Fcomments&post=1941"}],"version-history":[{"count":1,"href":"https:\/\/nativainfo.com\/index.php?rest_route=\/wp\/v2\/posts\/1941\/revisions"}],"predecessor-version":[{"id":1944,"href":"https:\/\/nativainfo.com\/index.php?rest_route=\/wp\/v2\/posts\/1941\/revisions\/1944"}],"wp:attachment":[{"href":"https:\/\/nativainfo.com\/index.php?rest_route=%2Fwp%2Fv2%2Fmedia&parent=1941"}],"wp:term":[{"taxonomy":"category","embeddable":true,"href":"https:\/\/nativainfo.com\/index.php?rest_route=%2Fwp%2Fv2%2Fcategories&post=1941"},{"taxonomy":"post_tag","embeddable":true,"href":"https:\/\/nativainfo.com\/index.php?rest_route=%2Fwp%2Fv2%2Ftags&post=1941"}],"curies":[{"name":"wp","href":"https:\/\/api.w.org\/{rel}","templated":true}]}}