{"id":1931,"date":"2021-07-02T00:26:07","date_gmt":"2021-07-02T03:26:07","guid":{"rendered":"http:\/\/nativainfo.com\/?p=1931"},"modified":"2021-07-02T00:26:11","modified_gmt":"2021-07-02T03:26:11","slug":"c-el-simbolar-empieza-la-vacunacion-para-mayores-de-18-anos","status":"publish","type":"post","link":"https:\/\/nativainfo.com\/?p=1931","title":{"rendered":"C. El Simbolar: Empieza la vacunaci\u00f3n para mayores de 18 a\u00f1os"},"content":{"rendered":"\n<figure class=\"wp-block-image size-large\"><img fetchpriority=\"high\" decoding=\"async\" width=\"854\" height=\"480\" src=\"http:\/\/nativainfo.com\/wp-content\/uploads\/2021\/07\/vacuna-854x480-1.jpg\" alt=\"\" class=\"wp-image-1936\" srcset=\"https:\/\/nativainfo.com\/wp-content\/uploads\/2021\/07\/vacuna-854x480-1.jpg 854w, https:\/\/nativainfo.com\/wp-content\/uploads\/2021\/07\/vacuna-854x480-1-300x169.jpg 300w, https:\/\/nativainfo.com\/wp-content\/uploads\/2021\/07\/vacuna-854x480-1-768x432.jpg 768w, https:\/\/nativainfo.com\/wp-content\/uploads\/2021\/07\/vacuna-854x480-1-623x350.jpg 623w, https:\/\/nativainfo.com\/wp-content\/uploads\/2021\/07\/vacuna-854x480-1-150x84.jpg 150w\" sizes=\"(max-width: 854px) 100vw, 854px\" \/><\/figure>\n\n\n\n<p>La Comisi\u00f3n Municipal de Colonia El Simbolar inform\u00f3 que este viernes 2 y el pr\u00f3ximo lunes 5 y martes 6 de julio continuar\u00e1 la campa\u00f1a de inmunizaci\u00f3n contra el covid. En esta oportunidad estar\u00e1 destinada a las personas mayores de 18 a\u00f1os con o sin factores de riesgo.<\/p>\n\n\n\n<p>El operativo se desarrollar\u00e1 en el Centro de Desarrollo Integral Cristiano del barrio Ali\u00f3n 1, con un amplio despliegue de personal sanitario, que trabajar\u00e1 con el apoyo de agentes municipales y efectivos policiales de la subcomisar\u00eda local.<\/p>\n\n\n\n<p>Se distribuir\u00e1n 150 turnos por jornada. La vacunaci\u00f3n ser\u00e1 por orden de llegada y todos los interesados deber\u00e1n concurrir con su DNI.<\/p>\n\n\n\n<p>El comisionado municipal \u00c1ngel I\u00f1\u00edguez hizo un reconocimiento a todo el personal que trabaja en los operativos de inmunizaci\u00f3n, que permiten hacer frente a la pandemia con mejores armas para prevenir contagios y sobrellevar la enfermedad en caso de contraer el virus.<\/p>\n\n\n\n<p>Fuente: Noticias del Estero<\/p>\n","protected":false},"excerpt":{"rendered":"<p>La Comisi\u00f3n Municipal de Colonia El Simbolar inform\u00f3 que este viernes 2 y el pr\u00f3ximo lunes 5 y martes 6&#8230; <a class=\"continue-reading-link\" href=\"https:\/\/nativainfo.com\/?p=1931\">Continue reading<\/a><\/p>\n","protected":false},"author":1,"featured_media":0,"comment_status":"open","ping_status":"open","sticky":false,"template":"","format":"standard","meta":{"rop_custom_images_group":[],"rop_custom_messages_group":[],"rop_publish_now":"initial","rop_publish_now_accounts":[],"rop_publish_now_history":[],"rop_publish_now_status":"pending","footnotes":"","jetpack_publicize_message":"","jetpack_publicize_feature_enabled":true,"jetpack_social_post_already_shared":false,"jetpack_social_options":{"image_generator_settings":{"template":"highway","default_image_id":0,"font":"","enabled":false},"version":2}},"categories":[14,12],"tags":[],"class_list":["post-1931","post","type-post","status-publish","format-standard","hentry","category-coronavirus","category-provincia"],"yoast_head":"<!-- This site is optimized with the Yoast SEO plugin v25.6 - https:\/\/yoast.com\/wordpress\/plugins\/seo\/ -->\n<title>C. El Simbolar: Empieza la vacunaci\u00f3n para mayores de 18 a\u00f1os - Nativa Info<\/title>\n<meta name=\"robots\" content=\"index, follow, max-snippet:-1, max-image-preview:large, max-video-preview:-1\" \/>\n<link rel=\"canonical\" href=\"https:\/\/nativainfo.com\/?p=1931\" \/>\n<meta property=\"og:locale\" content=\"es_ES\" \/>\n<meta property=\"og:type\" content=\"article\" \/>\n<meta property=\"og:title\" content=\"C. El Simbolar: Empieza la vacunaci\u00f3n para mayores de 18 a\u00f1os - Nativa Info\" \/>\n<meta property=\"og:description\" content=\"La Comisi\u00f3n Municipal de Colonia El Simbolar inform\u00f3 que este viernes 2 y el pr\u00f3ximo lunes 5 y martes 6... Continue reading\" \/>\n<meta property=\"og:url\" content=\"https:\/\/nativainfo.com\/?p=1931\" \/>\n<meta property=\"og:site_name\" content=\"Nativa Info\" \/>\n<meta property=\"article:publisher\" content=\"https:\/\/www.facebook.com\/profile.php?id=61578881597564\" \/>\n<meta property=\"article:published_time\" content=\"2021-07-02T03:26:07+00:00\" \/>\n<meta property=\"article:modified_time\" content=\"2021-07-02T03:26:11+00:00\" \/>\n<meta property=\"og:image\" content=\"http:\/\/nativainfo.com\/wp-content\/uploads\/2021\/07\/vacuna-854x480-1.jpg\" \/>\n<meta name=\"author\" content=\"Nativa Info\" \/>\n<meta name=\"twitter:card\" content=\"summary_large_image\" \/>\n<meta name=\"twitter:label1\" content=\"Escrito por\" \/>\n\t<meta name=\"twitter:data1\" content=\"Nativa Info\" \/>\n\t<meta name=\"twitter:label2\" content=\"Tiempo de lectura\" \/>\n\t<meta name=\"twitter:data2\" content=\"1 minuto\" \/>\n<script type=\"application\/ld+json\" class=\"yoast-schema-graph\">{\"@context\":\"https:\/\/schema.org\",\"@graph\":[{\"@type\":\"Article\",\"@id\":\"https:\/\/nativainfo.com\/?p=1931#article\",\"isPartOf\":{\"@id\":\"https:\/\/nativainfo.com\/?p=1931\"},\"author\":{\"name\":\"Nativa Info\",\"@id\":\"https:\/\/nativainfo.com\/#\/schema\/person\/24893b64a9cd564ddb5d102d36eb4b5c\"},\"headline\":\"C. El Simbolar: Empieza la vacunaci\u00f3n para mayores de 18 a\u00f1os\",\"datePublished\":\"2021-07-02T03:26:07+00:00\",\"dateModified\":\"2021-07-02T03:26:11+00:00\",\"mainEntityOfPage\":{\"@id\":\"https:\/\/nativainfo.com\/?p=1931\"},\"wordCount\":171,\"commentCount\":0,\"publisher\":{\"@id\":\"https:\/\/nativainfo.com\/#organization\"},\"image\":{\"@id\":\"https:\/\/nativainfo.com\/?p=1931#primaryimage\"},\"thumbnailUrl\":\"http:\/\/nativainfo.com\/wp-content\/uploads\/2021\/07\/vacuna-854x480-1.jpg\",\"articleSection\":[\"Coronavirus\",\"Provincia\"],\"inLanguage\":\"es-AR\",\"potentialAction\":[{\"@type\":\"CommentAction\",\"name\":\"Comment\",\"target\":[\"https:\/\/nativainfo.com\/?p=1931#respond\"]}]},{\"@type\":\"WebPage\",\"@id\":\"https:\/\/nativainfo.com\/?p=1931\",\"url\":\"https:\/\/nativainfo.com\/?p=1931\",\"name\":\"C. El Simbolar: Empieza la vacunaci\u00f3n para mayores de 18 a\u00f1os - Nativa Info\",\"isPartOf\":{\"@id\":\"https:\/\/nativainfo.com\/#website\"},\"primaryImageOfPage\":{\"@id\":\"https:\/\/nativainfo.com\/?p=1931#primaryimage\"},\"image\":{\"@id\":\"https:\/\/nativainfo.com\/?p=1931#primaryimage\"},\"thumbnailUrl\":\"http:\/\/nativainfo.com\/wp-content\/uploads\/2021\/07\/vacuna-854x480-1.jpg\",\"datePublished\":\"2021-07-02T03:26:07+00:00\",\"dateModified\":\"2021-07-02T03:26:11+00:00\",\"breadcrumb\":{\"@id\":\"https:\/\/nativainfo.com\/?p=1931#breadcrumb\"},\"inLanguage\":\"es-AR\",\"potentialAction\":[{\"@type\":\"ReadAction\",\"target\":[\"https:\/\/nativainfo.com\/?p=1931\"]}]},{\"@type\":\"ImageObject\",\"inLanguage\":\"es-AR\",\"@id\":\"https:\/\/nativainfo.com\/?p=1931#primaryimage\",\"url\":\"https:\/\/nativainfo.com\/wp-content\/uploads\/2021\/07\/vacuna-854x480-1.jpg\",\"contentUrl\":\"https:\/\/nativainfo.com\/wp-content\/uploads\/2021\/07\/vacuna-854x480-1.jpg\",\"width\":854,\"height\":480},{\"@type\":\"BreadcrumbList\",\"@id\":\"https:\/\/nativainfo.com\/?p=1931#breadcrumb\",\"itemListElement\":[{\"@type\":\"ListItem\",\"position\":1,\"name\":\"Inicio\",\"item\":\"https:\/\/nativainfo.com\/\"},{\"@type\":\"ListItem\",\"position\":2,\"name\":\"C. El Simbolar: Empieza la vacunaci\u00f3n para mayores de 18 a\u00f1os\"}]},{\"@type\":\"WebSite\",\"@id\":\"https:\/\/nativainfo.com\/#website\",\"url\":\"https:\/\/nativainfo.com\/\",\"name\":\"Nativa Info\",\"description\":\"Diario Digital\",\"publisher\":{\"@id\":\"https:\/\/nativainfo.com\/#organization\"},\"potentialAction\":[{\"@type\":\"SearchAction\",\"target\":{\"@type\":\"EntryPoint\",\"urlTemplate\":\"https:\/\/nativainfo.com\/?s={search_term_string}\"},\"query-input\":{\"@type\":\"PropertyValueSpecification\",\"valueRequired\":true,\"valueName\":\"search_term_string\"}}],\"inLanguage\":\"es-AR\"},{\"@type\":\"Organization\",\"@id\":\"https:\/\/nativainfo.com\/#organization\",\"name\":\"Nativa Info\",\"url\":\"https:\/\/nativainfo.com\/\",\"logo\":{\"@type\":\"ImageObject\",\"inLanguage\":\"es-AR\",\"@id\":\"https:\/\/nativainfo.com\/#\/schema\/logo\/image\/\",\"url\":\"https:\/\/nativainfo.com\/wp-content\/uploads\/2025\/08\/LOGO-NATIVA-FACE.jpg\",\"contentUrl\":\"https:\/\/nativainfo.com\/wp-content\/uploads\/2025\/08\/LOGO-NATIVA-FACE.jpg\",\"width\":400,\"height\":400,\"caption\":\"Nativa Info\"},\"image\":{\"@id\":\"https:\/\/nativainfo.com\/#\/schema\/logo\/image\/\"},\"sameAs\":[\"https:\/\/www.facebook.com\/profile.php?id=61578881597564\"]},{\"@type\":\"Person\",\"@id\":\"https:\/\/nativainfo.com\/#\/schema\/person\/24893b64a9cd564ddb5d102d36eb4b5c\",\"name\":\"Nativa Info\",\"image\":{\"@type\":\"ImageObject\",\"inLanguage\":\"es-AR\",\"@id\":\"https:\/\/nativainfo.com\/#\/schema\/person\/image\/\",\"url\":\"https:\/\/secure.gravatar.com\/avatar\/016fa1cf068d85136d938e1507b9b619cb766e2565cbb1faa1e571762460c785?s=96&d=mm&r=g\",\"contentUrl\":\"https:\/\/secure.gravatar.com\/avatar\/016fa1cf068d85136d938e1507b9b619cb766e2565cbb1faa1e571762460c785?s=96&d=mm&r=g\",\"caption\":\"Nativa Info\"},\"sameAs\":[\"http:\/\/nativainfo.com\"],\"url\":\"https:\/\/nativainfo.com\/?author=1\"}]}<\/script>\n<!-- \/ Yoast SEO plugin. -->","yoast_head_json":{"title":"C. El Simbolar: Empieza la vacunaci\u00f3n para mayores de 18 a\u00f1os - Nativa Info","robots":{"index":"index","follow":"follow","max-snippet":"max-snippet:-1","max-image-preview":"max-image-preview:large","max-video-preview":"max-video-preview:-1"},"canonical":"https:\/\/nativainfo.com\/?p=1931","og_locale":"es_ES","og_type":"article","og_title":"C. El Simbolar: Empieza la vacunaci\u00f3n para mayores de 18 a\u00f1os - Nativa Info","og_description":"La Comisi\u00f3n Municipal de Colonia El Simbolar inform\u00f3 que este viernes 2 y el pr\u00f3ximo lunes 5 y martes 6... Continue reading","og_url":"https:\/\/nativainfo.com\/?p=1931","og_site_name":"Nativa Info","article_publisher":"https:\/\/www.facebook.com\/profile.php?id=61578881597564","article_published_time":"2021-07-02T03:26:07+00:00","article_modified_time":"2021-07-02T03:26:11+00:00","og_image":[{"url":"http:\/\/nativainfo.com\/wp-content\/uploads\/2021\/07\/vacuna-854x480-1.jpg","type":"","width":"","height":""}],"author":"Nativa Info","twitter_card":"summary_large_image","twitter_misc":{"Escrito por":"Nativa Info","Tiempo de lectura":"1 minuto"},"schema":{"@context":"https:\/\/schema.org","@graph":[{"@type":"Article","@id":"https:\/\/nativainfo.com\/?p=1931#article","isPartOf":{"@id":"https:\/\/nativainfo.com\/?p=1931"},"author":{"name":"Nativa Info","@id":"https:\/\/nativainfo.com\/#\/schema\/person\/24893b64a9cd564ddb5d102d36eb4b5c"},"headline":"C. El Simbolar: Empieza la vacunaci\u00f3n para mayores de 18 a\u00f1os","datePublished":"2021-07-02T03:26:07+00:00","dateModified":"2021-07-02T03:26:11+00:00","mainEntityOfPage":{"@id":"https:\/\/nativainfo.com\/?p=1931"},"wordCount":171,"commentCount":0,"publisher":{"@id":"https:\/\/nativainfo.com\/#organization"},"image":{"@id":"https:\/\/nativainfo.com\/?p=1931#primaryimage"},"thumbnailUrl":"http:\/\/nativainfo.com\/wp-content\/uploads\/2021\/07\/vacuna-854x480-1.jpg","articleSection":["Coronavirus","Provincia"],"inLanguage":"es-AR","potentialAction":[{"@type":"CommentAction","name":"Comment","target":["https:\/\/nativainfo.com\/?p=1931#respond"]}]},{"@type":"WebPage","@id":"https:\/\/nativainfo.com\/?p=1931","url":"https:\/\/nativainfo.com\/?p=1931","name":"C. El Simbolar: Empieza la vacunaci\u00f3n para mayores de 18 a\u00f1os - Nativa Info","isPartOf":{"@id":"https:\/\/nativainfo.com\/#website"},"primaryImageOfPage":{"@id":"https:\/\/nativainfo.com\/?p=1931#primaryimage"},"image":{"@id":"https:\/\/nativainfo.com\/?p=1931#primaryimage"},"thumbnailUrl":"http:\/\/nativainfo.com\/wp-content\/uploads\/2021\/07\/vacuna-854x480-1.jpg","datePublished":"2021-07-02T03:26:07+00:00","dateModified":"2021-07-02T03:26:11+00:00","breadcrumb":{"@id":"https:\/\/nativainfo.com\/?p=1931#breadcrumb"},"inLanguage":"es-AR","potentialAction":[{"@type":"ReadAction","target":["https:\/\/nativainfo.com\/?p=1931"]}]},{"@type":"ImageObject","inLanguage":"es-AR","@id":"https:\/\/nativainfo.com\/?p=1931#primaryimage","url":"https:\/\/nativainfo.com\/wp-content\/uploads\/2021\/07\/vacuna-854x480-1.jpg","contentUrl":"https:\/\/nativainfo.com\/wp-content\/uploads\/2021\/07\/vacuna-854x480-1.jpg","width":854,"height":480},{"@type":"BreadcrumbList","@id":"https:\/\/nativainfo.com\/?p=1931#breadcrumb","itemListElement":[{"@type":"ListItem","position":1,"name":"Inicio","item":"https:\/\/nativainfo.com\/"},{"@type":"ListItem","position":2,"name":"C. El Simbolar: Empieza la vacunaci\u00f3n para mayores de 18 a\u00f1os"}]},{"@type":"WebSite","@id":"https:\/\/nativainfo.com\/#website","url":"https:\/\/nativainfo.com\/","name":"Nativa Info","description":"Diario Digital","publisher":{"@id":"https:\/\/nativainfo.com\/#organization"},"potentialAction":[{"@type":"SearchAction","target":{"@type":"EntryPoint","urlTemplate":"https:\/\/nativainfo.com\/?s={search_term_string}"},"query-input":{"@type":"PropertyValueSpecification","valueRequired":true,"valueName":"search_term_string"}}],"inLanguage":"es-AR"},{"@type":"Organization","@id":"https:\/\/nativainfo.com\/#organization","name":"Nativa Info","url":"https:\/\/nativainfo.com\/","logo":{"@type":"ImageObject","inLanguage":"es-AR","@id":"https:\/\/nativainfo.com\/#\/schema\/logo\/image\/","url":"https:\/\/nativainfo.com\/wp-content\/uploads\/2025\/08\/LOGO-NATIVA-FACE.jpg","contentUrl":"https:\/\/nativainfo.com\/wp-content\/uploads\/2025\/08\/LOGO-NATIVA-FACE.jpg","width":400,"height":400,"caption":"Nativa Info"},"image":{"@id":"https:\/\/nativainfo.com\/#\/schema\/logo\/image\/"},"sameAs":["https:\/\/www.facebook.com\/profile.php?id=61578881597564"]},{"@type":"Person","@id":"https:\/\/nativainfo.com\/#\/schema\/person\/24893b64a9cd564ddb5d102d36eb4b5c","name":"Nativa Info","image":{"@type":"ImageObject","inLanguage":"es-AR","@id":"https:\/\/nativainfo.com\/#\/schema\/person\/image\/","url":"https:\/\/secure.gravatar.com\/avatar\/016fa1cf068d85136d938e1507b9b619cb766e2565cbb1faa1e571762460c785?s=96&d=mm&r=g","contentUrl":"https:\/\/secure.gravatar.com\/avatar\/016fa1cf068d85136d938e1507b9b619cb766e2565cbb1faa1e571762460c785?s=96&d=mm&r=g","caption":"Nativa Info"},"sameAs":["http:\/\/nativainfo.com"],"url":"https:\/\/nativainfo.com\/?author=1"}]}},"jetpack_publicize_connections":[],"_links":{"self":[{"href":"https:\/\/nativainfo.com\/index.php?rest_route=\/wp\/v2\/posts\/1931","targetHints":{"allow":["GET"]}}],"collection":[{"href":"https:\/\/nativainfo.com\/index.php?rest_route=\/wp\/v2\/posts"}],"about":[{"href":"https:\/\/nativainfo.com\/index.php?rest_route=\/wp\/v2\/types\/post"}],"author":[{"embeddable":true,"href":"https:\/\/nativainfo.com\/index.php?rest_route=\/wp\/v2\/users\/1"}],"replies":[{"embeddable":true,"href":"https:\/\/nativainfo.com\/index.php?rest_route=%2Fwp%2Fv2%2Fcomments&post=1931"}],"version-history":[{"count":1,"href":"https:\/\/nativainfo.com\/index.php?rest_route=\/wp\/v2\/posts\/1931\/revisions"}],"predecessor-version":[{"id":1937,"href":"https:\/\/nativainfo.com\/index.php?rest_route=\/wp\/v2\/posts\/1931\/revisions\/1937"}],"wp:attachment":[{"href":"https:\/\/nativainfo.com\/index.php?rest_route=%2Fwp%2Fv2%2Fmedia&parent=1931"}],"wp:term":[{"taxonomy":"category","embeddable":true,"href":"https:\/\/nativainfo.com\/index.php?rest_route=%2Fwp%2Fv2%2Fcategories&post=1931"},{"taxonomy":"post_tag","embeddable":true,"href":"https:\/\/nativainfo.com\/index.php?rest_route=%2Fwp%2Fv2%2Ftags&post=1931"}],"curies":[{"name":"wp","href":"https:\/\/api.w.org\/{rel}","templated":true}]}}