{"id":1903,"date":"2021-06-24T00:09:02","date_gmt":"2021-06-24T03:09:02","guid":{"rendered":"http:\/\/nativainfo.com\/?p=1903"},"modified":"2021-06-24T00:09:06","modified_gmt":"2021-06-24T03:09:06","slug":"el-gobierno-prorrogo-el-vencimiento-del-monotributo","status":"publish","type":"post","link":"https:\/\/nativainfo.com\/?p=1903","title":{"rendered":"El Gobierno prorrog\u00f3 el vencimiento del monotributo"},"content":{"rendered":"\n<p>El Gobierno decidi\u00f3 ayer\u00a0<strong>prorrogar el vencimiento del monotributo, previsto en principio para este viernes<\/strong>, durante la reuni\u00f3n de Gabinete econ\u00f3mico.<\/p>\n\n\n\n<figure class=\"wp-block-image size-large\"><img fetchpriority=\"high\" decoding=\"async\" width=\"1024\" height=\"680\" src=\"http:\/\/nativainfo.com\/wp-content\/uploads\/2021\/06\/297221_ingreso.jpg\" alt=\"\" class=\"wp-image-1906\" srcset=\"https:\/\/nativainfo.com\/wp-content\/uploads\/2021\/06\/297221_ingreso.jpg 1024w, https:\/\/nativainfo.com\/wp-content\/uploads\/2021\/06\/297221_ingreso-300x199.jpg 300w, https:\/\/nativainfo.com\/wp-content\/uploads\/2021\/06\/297221_ingreso-768x510.jpg 768w, https:\/\/nativainfo.com\/wp-content\/uploads\/2021\/06\/297221_ingreso-527x350.jpg 527w, https:\/\/nativainfo.com\/wp-content\/uploads\/2021\/06\/297221_ingreso-150x100.jpg 150w, https:\/\/nativainfo.com\/wp-content\/uploads\/2021\/06\/297221_ingreso-420x278.jpg 420w\" sizes=\"(max-width: 1024px) 100vw, 1024px\" \/><\/figure>\n\n\n\n<p>En el encuentro ministerial se analizaron los alcances del proyecto de ley de monotributo que est\u00e1 en discusi\u00f3n en el Congreso.<\/p>\n\n\n\n<p>&#8220;Con el objetivo de garantizar que los contribuyentes puedan pagar sus obligaciones con los valores previstos en la iniciativa que se debate en el parlamento, la AFIP defini\u00f3 prorrogar el vencimiento previsto originalmente para este viernes&#8221;, indic\u00f3 la Jefatura de Gabinete.<\/p>\n\n\n\n<p><strong>La nueva fecha de vencimiento operar\u00eda a mediados de julio<\/strong>, estimaron en el Gobierno.<\/p>\n\n\n\n<p>La AFIP indic\u00f3 a las entidades bancarias y tarjetas de cr\u00e9dito que no realicen los d\u00e9bitos autom\u00e1ticos de las cuentas de quienes pagan con esa modalidad.<\/p>\n\n\n\n<p>Fuente: Diario Panorama<\/p>\n","protected":false},"excerpt":{"rendered":"<p>El Gobierno decidi\u00f3 ayer\u00a0prorrogar el vencimiento del monotributo, previsto en principio para este viernes, durante la reuni\u00f3n de Gabinete econ\u00f3mico&#8230;. <a class=\"continue-reading-link\" href=\"https:\/\/nativainfo.com\/?p=1903\">Continue reading<\/a><\/p>\n","protected":false},"author":1,"featured_media":0,"comment_status":"open","ping_status":"open","sticky":false,"template":"","format":"standard","meta":{"rop_custom_images_group":[],"rop_custom_messages_group":[],"rop_publish_now":"initial","rop_publish_now_accounts":[],"rop_publish_now_history":[],"rop_publish_now_status":"pending","footnotes":"","jetpack_publicize_message":"","jetpack_publicize_feature_enabled":true,"jetpack_social_post_already_shared":false,"jetpack_social_options":{"image_generator_settings":{"template":"highway","default_image_id":0,"font":"","enabled":false},"version":2}},"categories":[8],"tags":[],"class_list":["post-1903","post","type-post","status-publish","format-standard","hentry","category-noticias"],"yoast_head":"<!-- This site is optimized with the Yoast SEO plugin v25.6 - https:\/\/yoast.com\/wordpress\/plugins\/seo\/ -->\n<title>El Gobierno prorrog\u00f3 el vencimiento del monotributo - Nativa Info<\/title>\n<meta name=\"robots\" content=\"index, follow, max-snippet:-1, max-image-preview:large, max-video-preview:-1\" \/>\n<link rel=\"canonical\" href=\"https:\/\/nativainfo.com\/?p=1903\" \/>\n<meta property=\"og:locale\" content=\"es_ES\" \/>\n<meta property=\"og:type\" content=\"article\" \/>\n<meta property=\"og:title\" content=\"El Gobierno prorrog\u00f3 el vencimiento del monotributo - Nativa Info\" \/>\n<meta property=\"og:description\" content=\"El Gobierno decidi\u00f3 ayer\u00a0prorrogar el vencimiento del monotributo, previsto en principio para este viernes, durante la reuni\u00f3n de Gabinete econ\u00f3mico.... Continue reading\" \/>\n<meta property=\"og:url\" content=\"https:\/\/nativainfo.com\/?p=1903\" \/>\n<meta property=\"og:site_name\" content=\"Nativa Info\" \/>\n<meta property=\"article:publisher\" content=\"https:\/\/www.facebook.com\/profile.php?id=61578881597564\" \/>\n<meta property=\"article:published_time\" content=\"2021-06-24T03:09:02+00:00\" \/>\n<meta property=\"article:modified_time\" content=\"2021-06-24T03:09:06+00:00\" \/>\n<meta property=\"og:image\" content=\"http:\/\/nativainfo.com\/wp-content\/uploads\/2021\/06\/297221_ingreso.jpg\" \/>\n<meta name=\"author\" content=\"Nativa Info\" \/>\n<meta name=\"twitter:card\" content=\"summary_large_image\" \/>\n<meta name=\"twitter:label1\" content=\"Escrito por\" \/>\n\t<meta name=\"twitter:data1\" content=\"Nativa Info\" \/>\n\t<meta name=\"twitter:label2\" content=\"Tiempo de lectura\" \/>\n\t<meta name=\"twitter:data2\" content=\"1 minuto\" \/>\n<script type=\"application\/ld+json\" class=\"yoast-schema-graph\">{\"@context\":\"https:\/\/schema.org\",\"@graph\":[{\"@type\":\"Article\",\"@id\":\"https:\/\/nativainfo.com\/?p=1903#article\",\"isPartOf\":{\"@id\":\"https:\/\/nativainfo.com\/?p=1903\"},\"author\":{\"name\":\"Nativa Info\",\"@id\":\"https:\/\/nativainfo.com\/#\/schema\/person\/24893b64a9cd564ddb5d102d36eb4b5c\"},\"headline\":\"El Gobierno prorrog\u00f3 el vencimiento del monotributo\",\"datePublished\":\"2021-06-24T03:09:02+00:00\",\"dateModified\":\"2021-06-24T03:09:06+00:00\",\"mainEntityOfPage\":{\"@id\":\"https:\/\/nativainfo.com\/?p=1903\"},\"wordCount\":140,\"commentCount\":0,\"publisher\":{\"@id\":\"https:\/\/nativainfo.com\/#organization\"},\"image\":{\"@id\":\"https:\/\/nativainfo.com\/?p=1903#primaryimage\"},\"thumbnailUrl\":\"http:\/\/nativainfo.com\/wp-content\/uploads\/2021\/06\/297221_ingreso.jpg\",\"articleSection\":[\"Noticias\"],\"inLanguage\":\"es-AR\",\"potentialAction\":[{\"@type\":\"CommentAction\",\"name\":\"Comment\",\"target\":[\"https:\/\/nativainfo.com\/?p=1903#respond\"]}]},{\"@type\":\"WebPage\",\"@id\":\"https:\/\/nativainfo.com\/?p=1903\",\"url\":\"https:\/\/nativainfo.com\/?p=1903\",\"name\":\"El Gobierno prorrog\u00f3 el vencimiento del monotributo - Nativa Info\",\"isPartOf\":{\"@id\":\"https:\/\/nativainfo.com\/#website\"},\"primaryImageOfPage\":{\"@id\":\"https:\/\/nativainfo.com\/?p=1903#primaryimage\"},\"image\":{\"@id\":\"https:\/\/nativainfo.com\/?p=1903#primaryimage\"},\"thumbnailUrl\":\"http:\/\/nativainfo.com\/wp-content\/uploads\/2021\/06\/297221_ingreso.jpg\",\"datePublished\":\"2021-06-24T03:09:02+00:00\",\"dateModified\":\"2021-06-24T03:09:06+00:00\",\"breadcrumb\":{\"@id\":\"https:\/\/nativainfo.com\/?p=1903#breadcrumb\"},\"inLanguage\":\"es-AR\",\"potentialAction\":[{\"@type\":\"ReadAction\",\"target\":[\"https:\/\/nativainfo.com\/?p=1903\"]}]},{\"@type\":\"ImageObject\",\"inLanguage\":\"es-AR\",\"@id\":\"https:\/\/nativainfo.com\/?p=1903#primaryimage\",\"url\":\"https:\/\/nativainfo.com\/wp-content\/uploads\/2021\/06\/297221_ingreso.jpg\",\"contentUrl\":\"https:\/\/nativainfo.com\/wp-content\/uploads\/2021\/06\/297221_ingreso.jpg\",\"width\":1024,\"height\":680},{\"@type\":\"BreadcrumbList\",\"@id\":\"https:\/\/nativainfo.com\/?p=1903#breadcrumb\",\"itemListElement\":[{\"@type\":\"ListItem\",\"position\":1,\"name\":\"Inicio\",\"item\":\"https:\/\/nativainfo.com\/\"},{\"@type\":\"ListItem\",\"position\":2,\"name\":\"El Gobierno prorrog\u00f3 el vencimiento del monotributo\"}]},{\"@type\":\"WebSite\",\"@id\":\"https:\/\/nativainfo.com\/#website\",\"url\":\"https:\/\/nativainfo.com\/\",\"name\":\"Nativa Info\",\"description\":\"Diario Digital\",\"publisher\":{\"@id\":\"https:\/\/nativainfo.com\/#organization\"},\"potentialAction\":[{\"@type\":\"SearchAction\",\"target\":{\"@type\":\"EntryPoint\",\"urlTemplate\":\"https:\/\/nativainfo.com\/?s={search_term_string}\"},\"query-input\":{\"@type\":\"PropertyValueSpecification\",\"valueRequired\":true,\"valueName\":\"search_term_string\"}}],\"inLanguage\":\"es-AR\"},{\"@type\":\"Organization\",\"@id\":\"https:\/\/nativainfo.com\/#organization\",\"name\":\"Nativa Info\",\"url\":\"https:\/\/nativainfo.com\/\",\"logo\":{\"@type\":\"ImageObject\",\"inLanguage\":\"es-AR\",\"@id\":\"https:\/\/nativainfo.com\/#\/schema\/logo\/image\/\",\"url\":\"https:\/\/nativainfo.com\/wp-content\/uploads\/2025\/08\/LOGO-NATIVA-FACE.jpg\",\"contentUrl\":\"https:\/\/nativainfo.com\/wp-content\/uploads\/2025\/08\/LOGO-NATIVA-FACE.jpg\",\"width\":400,\"height\":400,\"caption\":\"Nativa Info\"},\"image\":{\"@id\":\"https:\/\/nativainfo.com\/#\/schema\/logo\/image\/\"},\"sameAs\":[\"https:\/\/www.facebook.com\/profile.php?id=61578881597564\"]},{\"@type\":\"Person\",\"@id\":\"https:\/\/nativainfo.com\/#\/schema\/person\/24893b64a9cd564ddb5d102d36eb4b5c\",\"name\":\"Nativa Info\",\"image\":{\"@type\":\"ImageObject\",\"inLanguage\":\"es-AR\",\"@id\":\"https:\/\/nativainfo.com\/#\/schema\/person\/image\/\",\"url\":\"https:\/\/secure.gravatar.com\/avatar\/016fa1cf068d85136d938e1507b9b619cb766e2565cbb1faa1e571762460c785?s=96&d=mm&r=g\",\"contentUrl\":\"https:\/\/secure.gravatar.com\/avatar\/016fa1cf068d85136d938e1507b9b619cb766e2565cbb1faa1e571762460c785?s=96&d=mm&r=g\",\"caption\":\"Nativa Info\"},\"sameAs\":[\"http:\/\/nativainfo.com\"],\"url\":\"https:\/\/nativainfo.com\/?author=1\"}]}<\/script>\n<!-- \/ Yoast SEO plugin. -->","yoast_head_json":{"title":"El Gobierno prorrog\u00f3 el vencimiento del monotributo - Nativa Info","robots":{"index":"index","follow":"follow","max-snippet":"max-snippet:-1","max-image-preview":"max-image-preview:large","max-video-preview":"max-video-preview:-1"},"canonical":"https:\/\/nativainfo.com\/?p=1903","og_locale":"es_ES","og_type":"article","og_title":"El Gobierno prorrog\u00f3 el vencimiento del monotributo - Nativa Info","og_description":"El Gobierno decidi\u00f3 ayer\u00a0prorrogar el vencimiento del monotributo, previsto en principio para este viernes, durante la reuni\u00f3n de Gabinete econ\u00f3mico.... Continue reading","og_url":"https:\/\/nativainfo.com\/?p=1903","og_site_name":"Nativa Info","article_publisher":"https:\/\/www.facebook.com\/profile.php?id=61578881597564","article_published_time":"2021-06-24T03:09:02+00:00","article_modified_time":"2021-06-24T03:09:06+00:00","og_image":[{"url":"http:\/\/nativainfo.com\/wp-content\/uploads\/2021\/06\/297221_ingreso.jpg","type":"","width":"","height":""}],"author":"Nativa Info","twitter_card":"summary_large_image","twitter_misc":{"Escrito por":"Nativa Info","Tiempo de lectura":"1 minuto"},"schema":{"@context":"https:\/\/schema.org","@graph":[{"@type":"Article","@id":"https:\/\/nativainfo.com\/?p=1903#article","isPartOf":{"@id":"https:\/\/nativainfo.com\/?p=1903"},"author":{"name":"Nativa Info","@id":"https:\/\/nativainfo.com\/#\/schema\/person\/24893b64a9cd564ddb5d102d36eb4b5c"},"headline":"El Gobierno prorrog\u00f3 el vencimiento del monotributo","datePublished":"2021-06-24T03:09:02+00:00","dateModified":"2021-06-24T03:09:06+00:00","mainEntityOfPage":{"@id":"https:\/\/nativainfo.com\/?p=1903"},"wordCount":140,"commentCount":0,"publisher":{"@id":"https:\/\/nativainfo.com\/#organization"},"image":{"@id":"https:\/\/nativainfo.com\/?p=1903#primaryimage"},"thumbnailUrl":"http:\/\/nativainfo.com\/wp-content\/uploads\/2021\/06\/297221_ingreso.jpg","articleSection":["Noticias"],"inLanguage":"es-AR","potentialAction":[{"@type":"CommentAction","name":"Comment","target":["https:\/\/nativainfo.com\/?p=1903#respond"]}]},{"@type":"WebPage","@id":"https:\/\/nativainfo.com\/?p=1903","url":"https:\/\/nativainfo.com\/?p=1903","name":"El Gobierno prorrog\u00f3 el vencimiento del monotributo - Nativa Info","isPartOf":{"@id":"https:\/\/nativainfo.com\/#website"},"primaryImageOfPage":{"@id":"https:\/\/nativainfo.com\/?p=1903#primaryimage"},"image":{"@id":"https:\/\/nativainfo.com\/?p=1903#primaryimage"},"thumbnailUrl":"http:\/\/nativainfo.com\/wp-content\/uploads\/2021\/06\/297221_ingreso.jpg","datePublished":"2021-06-24T03:09:02+00:00","dateModified":"2021-06-24T03:09:06+00:00","breadcrumb":{"@id":"https:\/\/nativainfo.com\/?p=1903#breadcrumb"},"inLanguage":"es-AR","potentialAction":[{"@type":"ReadAction","target":["https:\/\/nativainfo.com\/?p=1903"]}]},{"@type":"ImageObject","inLanguage":"es-AR","@id":"https:\/\/nativainfo.com\/?p=1903#primaryimage","url":"https:\/\/nativainfo.com\/wp-content\/uploads\/2021\/06\/297221_ingreso.jpg","contentUrl":"https:\/\/nativainfo.com\/wp-content\/uploads\/2021\/06\/297221_ingreso.jpg","width":1024,"height":680},{"@type":"BreadcrumbList","@id":"https:\/\/nativainfo.com\/?p=1903#breadcrumb","itemListElement":[{"@type":"ListItem","position":1,"name":"Inicio","item":"https:\/\/nativainfo.com\/"},{"@type":"ListItem","position":2,"name":"El Gobierno prorrog\u00f3 el vencimiento del monotributo"}]},{"@type":"WebSite","@id":"https:\/\/nativainfo.com\/#website","url":"https:\/\/nativainfo.com\/","name":"Nativa Info","description":"Diario Digital","publisher":{"@id":"https:\/\/nativainfo.com\/#organization"},"potentialAction":[{"@type":"SearchAction","target":{"@type":"EntryPoint","urlTemplate":"https:\/\/nativainfo.com\/?s={search_term_string}"},"query-input":{"@type":"PropertyValueSpecification","valueRequired":true,"valueName":"search_term_string"}}],"inLanguage":"es-AR"},{"@type":"Organization","@id":"https:\/\/nativainfo.com\/#organization","name":"Nativa Info","url":"https:\/\/nativainfo.com\/","logo":{"@type":"ImageObject","inLanguage":"es-AR","@id":"https:\/\/nativainfo.com\/#\/schema\/logo\/image\/","url":"https:\/\/nativainfo.com\/wp-content\/uploads\/2025\/08\/LOGO-NATIVA-FACE.jpg","contentUrl":"https:\/\/nativainfo.com\/wp-content\/uploads\/2025\/08\/LOGO-NATIVA-FACE.jpg","width":400,"height":400,"caption":"Nativa Info"},"image":{"@id":"https:\/\/nativainfo.com\/#\/schema\/logo\/image\/"},"sameAs":["https:\/\/www.facebook.com\/profile.php?id=61578881597564"]},{"@type":"Person","@id":"https:\/\/nativainfo.com\/#\/schema\/person\/24893b64a9cd564ddb5d102d36eb4b5c","name":"Nativa Info","image":{"@type":"ImageObject","inLanguage":"es-AR","@id":"https:\/\/nativainfo.com\/#\/schema\/person\/image\/","url":"https:\/\/secure.gravatar.com\/avatar\/016fa1cf068d85136d938e1507b9b619cb766e2565cbb1faa1e571762460c785?s=96&d=mm&r=g","contentUrl":"https:\/\/secure.gravatar.com\/avatar\/016fa1cf068d85136d938e1507b9b619cb766e2565cbb1faa1e571762460c785?s=96&d=mm&r=g","caption":"Nativa Info"},"sameAs":["http:\/\/nativainfo.com"],"url":"https:\/\/nativainfo.com\/?author=1"}]}},"jetpack_publicize_connections":[],"_links":{"self":[{"href":"https:\/\/nativainfo.com\/index.php?rest_route=\/wp\/v2\/posts\/1903","targetHints":{"allow":["GET"]}}],"collection":[{"href":"https:\/\/nativainfo.com\/index.php?rest_route=\/wp\/v2\/posts"}],"about":[{"href":"https:\/\/nativainfo.com\/index.php?rest_route=\/wp\/v2\/types\/post"}],"author":[{"embeddable":true,"href":"https:\/\/nativainfo.com\/index.php?rest_route=\/wp\/v2\/users\/1"}],"replies":[{"embeddable":true,"href":"https:\/\/nativainfo.com\/index.php?rest_route=%2Fwp%2Fv2%2Fcomments&post=1903"}],"version-history":[{"count":1,"href":"https:\/\/nativainfo.com\/index.php?rest_route=\/wp\/v2\/posts\/1903\/revisions"}],"predecessor-version":[{"id":1907,"href":"https:\/\/nativainfo.com\/index.php?rest_route=\/wp\/v2\/posts\/1903\/revisions\/1907"}],"wp:attachment":[{"href":"https:\/\/nativainfo.com\/index.php?rest_route=%2Fwp%2Fv2%2Fmedia&parent=1903"}],"wp:term":[{"taxonomy":"category","embeddable":true,"href":"https:\/\/nativainfo.com\/index.php?rest_route=%2Fwp%2Fv2%2Fcategories&post=1903"},{"taxonomy":"post_tag","embeddable":true,"href":"https:\/\/nativainfo.com\/index.php?rest_route=%2Fwp%2Fv2%2Ftags&post=1903"}],"curies":[{"name":"wp","href":"https:\/\/api.w.org\/{rel}","templated":true}]}}