{"id":1896,"date":"2021-06-22T01:11:10","date_gmt":"2021-06-22T04:11:10","guid":{"rendered":"http:\/\/nativainfo.com\/?p=1896"},"modified":"2021-06-22T01:11:14","modified_gmt":"2021-06-22T04:11:14","slug":"abel-pintos-se-solidarizo-con-paulo-londra-dejenlo-crear-editar-y-compartir-su-musica","status":"publish","type":"post","link":"https:\/\/nativainfo.com\/?p=1896","title":{"rendered":"Abel Pintos se solidariz\u00f3 con Paulo Londra: &#8220;Dejenl\u00f3 Crear, editar y compartir su m\u00fasica&#8221;"},"content":{"rendered":"\n<p><strong>El cordob\u00e9s afirma que fue enga\u00f1ado por un productor colombiano, \u00bfQu\u00e9 fue lo que pas\u00f3?<\/strong><\/p>\n\n\n\n<p>En las \u00faltimas horas un hashtag #FreePaulo se comenz\u00f3 a viralizar en las redes, sobre todo en el circuito del Trap en donde todos apoyan al cordob\u00e9s, incluso hasta Abel Pintos expres\u00f3 su deseo de que el impedimento que tiene Londra se resuelva r\u00e1pidamente.<\/p>\n\n\n\n<figure class=\"wp-block-image size-large\"><img fetchpriority=\"high\" decoding=\"async\" width=\"445\" height=\"519\" src=\"http:\/\/nativainfo.com\/wp-content\/uploads\/2021\/06\/Screenshot_8.jpg\" alt=\"\" class=\"wp-image-1898\" srcset=\"https:\/\/nativainfo.com\/wp-content\/uploads\/2021\/06\/Screenshot_8.jpg 445w, https:\/\/nativainfo.com\/wp-content\/uploads\/2021\/06\/Screenshot_8-257x300.jpg 257w, https:\/\/nativainfo.com\/wp-content\/uploads\/2021\/06\/Screenshot_8-300x350.jpg 300w, https:\/\/nativainfo.com\/wp-content\/uploads\/2021\/06\/Screenshot_8-129x150.jpg 129w\" sizes=\"(max-width: 445px) 100vw, 445px\" \/><\/figure>\n\n\n\n<p><strong>\u00bfQu\u00e9 pas\u00f3?<\/strong><\/p>\n\n\n\n<p>Londra no saca canciones desde 2019 cuando debi\u00f3 alejarse de los escenarios por un conflicto que mantiene con un productor llamado&nbsp;<strong>Ovy On The Drums<\/strong>.<\/p>\n\n\n\n<p>Paulo cont\u00f3 en sus redes sociales que le hicieron firmar &#8220;unas fotocopias&#8221; enga\u00f1ado cuando grababa un videoclip. &#8220;Tras sacar &#8216;Condenado Para Mill\u00f3n&#8217;, Kristo vino con unas fotocopias, una lapicera cara y un filmaker (sic) y me dijo que \u00edbamos a hacer un video para las redes y entonces nos hizo ponernos de espalda y me dijo que firme unas fotocopias mientras nos filmaban, pens\u00e9 que era un simple video y nunca pens\u00e9 que eso fuese un contrato el cual hagan valer de esa forma tan enga\u00f1osa&#8221;, indic\u00f3 el cordob\u00e9s.<\/p>\n\n\n\n<p>Fuente: Diario Panorama<\/p>\n","protected":false},"excerpt":{"rendered":"<p>El cordob\u00e9s afirma que fue enga\u00f1ado por un productor colombiano, \u00bfQu\u00e9 fue lo que pas\u00f3? En las \u00faltimas horas un&#8230; <a class=\"continue-reading-link\" href=\"https:\/\/nativainfo.com\/?p=1896\">Continue reading<\/a><\/p>\n","protected":false},"author":1,"featured_media":0,"comment_status":"open","ping_status":"open","sticky":false,"template":"","format":"standard","meta":{"rop_custom_images_group":[],"rop_custom_messages_group":[],"rop_publish_now":"initial","rop_publish_now_accounts":[],"rop_publish_now_history":[],"rop_publish_now_status":"pending","footnotes":"","jetpack_publicize_message":"","jetpack_publicize_feature_enabled":true,"jetpack_social_post_already_shared":false,"jetpack_social_options":{"image_generator_settings":{"template":"highway","default_image_id":0,"font":"","enabled":false},"version":2}},"categories":[7,55],"tags":[],"class_list":["post-1896","post","type-post","status-publish","format-standard","hentry","category-musica","category-redes"],"yoast_head":"<!-- This site is optimized with the Yoast SEO plugin v25.6 - https:\/\/yoast.com\/wordpress\/plugins\/seo\/ -->\n<title>Abel Pintos se solidariz\u00f3 con Paulo Londra: &quot;Dejenl\u00f3 Crear, editar y compartir su m\u00fasica&quot; - Nativa Info<\/title>\n<meta name=\"robots\" content=\"index, follow, max-snippet:-1, max-image-preview:large, max-video-preview:-1\" \/>\n<link rel=\"canonical\" href=\"https:\/\/nativainfo.com\/?p=1896\" \/>\n<meta property=\"og:locale\" content=\"es_ES\" \/>\n<meta property=\"og:type\" content=\"article\" \/>\n<meta property=\"og:title\" content=\"Abel Pintos se solidariz\u00f3 con Paulo Londra: &quot;Dejenl\u00f3 Crear, editar y compartir su m\u00fasica&quot; - Nativa Info\" \/>\n<meta property=\"og:description\" content=\"El cordob\u00e9s afirma que fue enga\u00f1ado por un productor colombiano, \u00bfQu\u00e9 fue lo que pas\u00f3? En las \u00faltimas horas un... Continue reading\" \/>\n<meta property=\"og:url\" content=\"https:\/\/nativainfo.com\/?p=1896\" \/>\n<meta property=\"og:site_name\" content=\"Nativa Info\" \/>\n<meta property=\"article:publisher\" content=\"https:\/\/www.facebook.com\/profile.php?id=61578881597564\" \/>\n<meta property=\"article:published_time\" content=\"2021-06-22T04:11:10+00:00\" \/>\n<meta property=\"article:modified_time\" content=\"2021-06-22T04:11:14+00:00\" \/>\n<meta property=\"og:image\" content=\"http:\/\/nativainfo.com\/wp-content\/uploads\/2021\/06\/Screenshot_8.jpg\" \/>\n<meta name=\"author\" content=\"Nativa Info\" \/>\n<meta name=\"twitter:card\" content=\"summary_large_image\" \/>\n<meta name=\"twitter:label1\" content=\"Escrito por\" \/>\n\t<meta name=\"twitter:data1\" content=\"Nativa Info\" \/>\n\t<meta name=\"twitter:label2\" content=\"Tiempo de lectura\" \/>\n\t<meta name=\"twitter:data2\" content=\"1 minuto\" \/>\n<script type=\"application\/ld+json\" class=\"yoast-schema-graph\">{\"@context\":\"https:\/\/schema.org\",\"@graph\":[{\"@type\":\"Article\",\"@id\":\"https:\/\/nativainfo.com\/?p=1896#article\",\"isPartOf\":{\"@id\":\"https:\/\/nativainfo.com\/?p=1896\"},\"author\":{\"name\":\"Nativa Info\",\"@id\":\"https:\/\/nativainfo.com\/#\/schema\/person\/24893b64a9cd564ddb5d102d36eb4b5c\"},\"headline\":\"Abel Pintos se solidariz\u00f3 con Paulo Londra: &#8220;Dejenl\u00f3 Crear, editar y compartir su m\u00fasica&#8221;\",\"datePublished\":\"2021-06-22T04:11:10+00:00\",\"dateModified\":\"2021-06-22T04:11:14+00:00\",\"mainEntityOfPage\":{\"@id\":\"https:\/\/nativainfo.com\/?p=1896\"},\"wordCount\":201,\"commentCount\":0,\"publisher\":{\"@id\":\"https:\/\/nativainfo.com\/#organization\"},\"image\":{\"@id\":\"https:\/\/nativainfo.com\/?p=1896#primaryimage\"},\"thumbnailUrl\":\"http:\/\/nativainfo.com\/wp-content\/uploads\/2021\/06\/Screenshot_8.jpg\",\"articleSection\":[\"M\u00fasica\",\"Redes\"],\"inLanguage\":\"es-AR\",\"potentialAction\":[{\"@type\":\"CommentAction\",\"name\":\"Comment\",\"target\":[\"https:\/\/nativainfo.com\/?p=1896#respond\"]}]},{\"@type\":\"WebPage\",\"@id\":\"https:\/\/nativainfo.com\/?p=1896\",\"url\":\"https:\/\/nativainfo.com\/?p=1896\",\"name\":\"Abel Pintos se solidariz\u00f3 con Paulo Londra: \\\"Dejenl\u00f3 Crear, editar y compartir su m\u00fasica\\\" - Nativa Info\",\"isPartOf\":{\"@id\":\"https:\/\/nativainfo.com\/#website\"},\"primaryImageOfPage\":{\"@id\":\"https:\/\/nativainfo.com\/?p=1896#primaryimage\"},\"image\":{\"@id\":\"https:\/\/nativainfo.com\/?p=1896#primaryimage\"},\"thumbnailUrl\":\"http:\/\/nativainfo.com\/wp-content\/uploads\/2021\/06\/Screenshot_8.jpg\",\"datePublished\":\"2021-06-22T04:11:10+00:00\",\"dateModified\":\"2021-06-22T04:11:14+00:00\",\"breadcrumb\":{\"@id\":\"https:\/\/nativainfo.com\/?p=1896#breadcrumb\"},\"inLanguage\":\"es-AR\",\"potentialAction\":[{\"@type\":\"ReadAction\",\"target\":[\"https:\/\/nativainfo.com\/?p=1896\"]}]},{\"@type\":\"ImageObject\",\"inLanguage\":\"es-AR\",\"@id\":\"https:\/\/nativainfo.com\/?p=1896#primaryimage\",\"url\":\"https:\/\/nativainfo.com\/wp-content\/uploads\/2021\/06\/Screenshot_8.jpg\",\"contentUrl\":\"https:\/\/nativainfo.com\/wp-content\/uploads\/2021\/06\/Screenshot_8.jpg\",\"width\":445,\"height\":519},{\"@type\":\"BreadcrumbList\",\"@id\":\"https:\/\/nativainfo.com\/?p=1896#breadcrumb\",\"itemListElement\":[{\"@type\":\"ListItem\",\"position\":1,\"name\":\"Inicio\",\"item\":\"https:\/\/nativainfo.com\/\"},{\"@type\":\"ListItem\",\"position\":2,\"name\":\"Abel Pintos se solidariz\u00f3 con Paulo Londra: &#8220;Dejenl\u00f3 Crear, editar y compartir su m\u00fasica&#8221;\"}]},{\"@type\":\"WebSite\",\"@id\":\"https:\/\/nativainfo.com\/#website\",\"url\":\"https:\/\/nativainfo.com\/\",\"name\":\"Nativa Info\",\"description\":\"Diario Digital\",\"publisher\":{\"@id\":\"https:\/\/nativainfo.com\/#organization\"},\"potentialAction\":[{\"@type\":\"SearchAction\",\"target\":{\"@type\":\"EntryPoint\",\"urlTemplate\":\"https:\/\/nativainfo.com\/?s={search_term_string}\"},\"query-input\":{\"@type\":\"PropertyValueSpecification\",\"valueRequired\":true,\"valueName\":\"search_term_string\"}}],\"inLanguage\":\"es-AR\"},{\"@type\":\"Organization\",\"@id\":\"https:\/\/nativainfo.com\/#organization\",\"name\":\"Nativa Info\",\"url\":\"https:\/\/nativainfo.com\/\",\"logo\":{\"@type\":\"ImageObject\",\"inLanguage\":\"es-AR\",\"@id\":\"https:\/\/nativainfo.com\/#\/schema\/logo\/image\/\",\"url\":\"https:\/\/nativainfo.com\/wp-content\/uploads\/2025\/08\/LOGO-NATIVA-FACE.jpg\",\"contentUrl\":\"https:\/\/nativainfo.com\/wp-content\/uploads\/2025\/08\/LOGO-NATIVA-FACE.jpg\",\"width\":400,\"height\":400,\"caption\":\"Nativa Info\"},\"image\":{\"@id\":\"https:\/\/nativainfo.com\/#\/schema\/logo\/image\/\"},\"sameAs\":[\"https:\/\/www.facebook.com\/profile.php?id=61578881597564\"]},{\"@type\":\"Person\",\"@id\":\"https:\/\/nativainfo.com\/#\/schema\/person\/24893b64a9cd564ddb5d102d36eb4b5c\",\"name\":\"Nativa Info\",\"image\":{\"@type\":\"ImageObject\",\"inLanguage\":\"es-AR\",\"@id\":\"https:\/\/nativainfo.com\/#\/schema\/person\/image\/\",\"url\":\"https:\/\/secure.gravatar.com\/avatar\/016fa1cf068d85136d938e1507b9b619cb766e2565cbb1faa1e571762460c785?s=96&d=mm&r=g\",\"contentUrl\":\"https:\/\/secure.gravatar.com\/avatar\/016fa1cf068d85136d938e1507b9b619cb766e2565cbb1faa1e571762460c785?s=96&d=mm&r=g\",\"caption\":\"Nativa Info\"},\"sameAs\":[\"http:\/\/nativainfo.com\"],\"url\":\"https:\/\/nativainfo.com\/?author=1\"}]}<\/script>\n<!-- \/ Yoast SEO plugin. -->","yoast_head_json":{"title":"Abel Pintos se solidariz\u00f3 con Paulo Londra: \"Dejenl\u00f3 Crear, editar y compartir su m\u00fasica\" - Nativa Info","robots":{"index":"index","follow":"follow","max-snippet":"max-snippet:-1","max-image-preview":"max-image-preview:large","max-video-preview":"max-video-preview:-1"},"canonical":"https:\/\/nativainfo.com\/?p=1896","og_locale":"es_ES","og_type":"article","og_title":"Abel Pintos se solidariz\u00f3 con Paulo Londra: \"Dejenl\u00f3 Crear, editar y compartir su m\u00fasica\" - Nativa Info","og_description":"El cordob\u00e9s afirma que fue enga\u00f1ado por un productor colombiano, \u00bfQu\u00e9 fue lo que pas\u00f3? En las \u00faltimas horas un... Continue reading","og_url":"https:\/\/nativainfo.com\/?p=1896","og_site_name":"Nativa Info","article_publisher":"https:\/\/www.facebook.com\/profile.php?id=61578881597564","article_published_time":"2021-06-22T04:11:10+00:00","article_modified_time":"2021-06-22T04:11:14+00:00","og_image":[{"url":"http:\/\/nativainfo.com\/wp-content\/uploads\/2021\/06\/Screenshot_8.jpg","type":"","width":"","height":""}],"author":"Nativa Info","twitter_card":"summary_large_image","twitter_misc":{"Escrito por":"Nativa Info","Tiempo de lectura":"1 minuto"},"schema":{"@context":"https:\/\/schema.org","@graph":[{"@type":"Article","@id":"https:\/\/nativainfo.com\/?p=1896#article","isPartOf":{"@id":"https:\/\/nativainfo.com\/?p=1896"},"author":{"name":"Nativa Info","@id":"https:\/\/nativainfo.com\/#\/schema\/person\/24893b64a9cd564ddb5d102d36eb4b5c"},"headline":"Abel Pintos se solidariz\u00f3 con Paulo Londra: &#8220;Dejenl\u00f3 Crear, editar y compartir su m\u00fasica&#8221;","datePublished":"2021-06-22T04:11:10+00:00","dateModified":"2021-06-22T04:11:14+00:00","mainEntityOfPage":{"@id":"https:\/\/nativainfo.com\/?p=1896"},"wordCount":201,"commentCount":0,"publisher":{"@id":"https:\/\/nativainfo.com\/#organization"},"image":{"@id":"https:\/\/nativainfo.com\/?p=1896#primaryimage"},"thumbnailUrl":"http:\/\/nativainfo.com\/wp-content\/uploads\/2021\/06\/Screenshot_8.jpg","articleSection":["M\u00fasica","Redes"],"inLanguage":"es-AR","potentialAction":[{"@type":"CommentAction","name":"Comment","target":["https:\/\/nativainfo.com\/?p=1896#respond"]}]},{"@type":"WebPage","@id":"https:\/\/nativainfo.com\/?p=1896","url":"https:\/\/nativainfo.com\/?p=1896","name":"Abel Pintos se solidariz\u00f3 con Paulo Londra: \"Dejenl\u00f3 Crear, editar y compartir su m\u00fasica\" - Nativa Info","isPartOf":{"@id":"https:\/\/nativainfo.com\/#website"},"primaryImageOfPage":{"@id":"https:\/\/nativainfo.com\/?p=1896#primaryimage"},"image":{"@id":"https:\/\/nativainfo.com\/?p=1896#primaryimage"},"thumbnailUrl":"http:\/\/nativainfo.com\/wp-content\/uploads\/2021\/06\/Screenshot_8.jpg","datePublished":"2021-06-22T04:11:10+00:00","dateModified":"2021-06-22T04:11:14+00:00","breadcrumb":{"@id":"https:\/\/nativainfo.com\/?p=1896#breadcrumb"},"inLanguage":"es-AR","potentialAction":[{"@type":"ReadAction","target":["https:\/\/nativainfo.com\/?p=1896"]}]},{"@type":"ImageObject","inLanguage":"es-AR","@id":"https:\/\/nativainfo.com\/?p=1896#primaryimage","url":"https:\/\/nativainfo.com\/wp-content\/uploads\/2021\/06\/Screenshot_8.jpg","contentUrl":"https:\/\/nativainfo.com\/wp-content\/uploads\/2021\/06\/Screenshot_8.jpg","width":445,"height":519},{"@type":"BreadcrumbList","@id":"https:\/\/nativainfo.com\/?p=1896#breadcrumb","itemListElement":[{"@type":"ListItem","position":1,"name":"Inicio","item":"https:\/\/nativainfo.com\/"},{"@type":"ListItem","position":2,"name":"Abel Pintos se solidariz\u00f3 con Paulo Londra: &#8220;Dejenl\u00f3 Crear, editar y compartir su m\u00fasica&#8221;"}]},{"@type":"WebSite","@id":"https:\/\/nativainfo.com\/#website","url":"https:\/\/nativainfo.com\/","name":"Nativa Info","description":"Diario Digital","publisher":{"@id":"https:\/\/nativainfo.com\/#organization"},"potentialAction":[{"@type":"SearchAction","target":{"@type":"EntryPoint","urlTemplate":"https:\/\/nativainfo.com\/?s={search_term_string}"},"query-input":{"@type":"PropertyValueSpecification","valueRequired":true,"valueName":"search_term_string"}}],"inLanguage":"es-AR"},{"@type":"Organization","@id":"https:\/\/nativainfo.com\/#organization","name":"Nativa Info","url":"https:\/\/nativainfo.com\/","logo":{"@type":"ImageObject","inLanguage":"es-AR","@id":"https:\/\/nativainfo.com\/#\/schema\/logo\/image\/","url":"https:\/\/nativainfo.com\/wp-content\/uploads\/2025\/08\/LOGO-NATIVA-FACE.jpg","contentUrl":"https:\/\/nativainfo.com\/wp-content\/uploads\/2025\/08\/LOGO-NATIVA-FACE.jpg","width":400,"height":400,"caption":"Nativa Info"},"image":{"@id":"https:\/\/nativainfo.com\/#\/schema\/logo\/image\/"},"sameAs":["https:\/\/www.facebook.com\/profile.php?id=61578881597564"]},{"@type":"Person","@id":"https:\/\/nativainfo.com\/#\/schema\/person\/24893b64a9cd564ddb5d102d36eb4b5c","name":"Nativa Info","image":{"@type":"ImageObject","inLanguage":"es-AR","@id":"https:\/\/nativainfo.com\/#\/schema\/person\/image\/","url":"https:\/\/secure.gravatar.com\/avatar\/016fa1cf068d85136d938e1507b9b619cb766e2565cbb1faa1e571762460c785?s=96&d=mm&r=g","contentUrl":"https:\/\/secure.gravatar.com\/avatar\/016fa1cf068d85136d938e1507b9b619cb766e2565cbb1faa1e571762460c785?s=96&d=mm&r=g","caption":"Nativa Info"},"sameAs":["http:\/\/nativainfo.com"],"url":"https:\/\/nativainfo.com\/?author=1"}]}},"jetpack_publicize_connections":[],"_links":{"self":[{"href":"https:\/\/nativainfo.com\/index.php?rest_route=\/wp\/v2\/posts\/1896","targetHints":{"allow":["GET"]}}],"collection":[{"href":"https:\/\/nativainfo.com\/index.php?rest_route=\/wp\/v2\/posts"}],"about":[{"href":"https:\/\/nativainfo.com\/index.php?rest_route=\/wp\/v2\/types\/post"}],"author":[{"embeddable":true,"href":"https:\/\/nativainfo.com\/index.php?rest_route=\/wp\/v2\/users\/1"}],"replies":[{"embeddable":true,"href":"https:\/\/nativainfo.com\/index.php?rest_route=%2Fwp%2Fv2%2Fcomments&post=1896"}],"version-history":[{"count":1,"href":"https:\/\/nativainfo.com\/index.php?rest_route=\/wp\/v2\/posts\/1896\/revisions"}],"predecessor-version":[{"id":1899,"href":"https:\/\/nativainfo.com\/index.php?rest_route=\/wp\/v2\/posts\/1896\/revisions\/1899"}],"wp:attachment":[{"href":"https:\/\/nativainfo.com\/index.php?rest_route=%2Fwp%2Fv2%2Fmedia&parent=1896"}],"wp:term":[{"taxonomy":"category","embeddable":true,"href":"https:\/\/nativainfo.com\/index.php?rest_route=%2Fwp%2Fv2%2Fcategories&post=1896"},{"taxonomy":"post_tag","embeddable":true,"href":"https:\/\/nativainfo.com\/index.php?rest_route=%2Fwp%2Fv2%2Ftags&post=1896"}],"curies":[{"name":"wp","href":"https:\/\/api.w.org\/{rel}","templated":true}]}}