{"id":1890,"date":"2021-06-21T04:00:01","date_gmt":"2021-06-21T07:00:01","guid":{"rendered":"http:\/\/nativainfo.com\/?p=1890"},"modified":"2021-06-21T04:00:04","modified_gmt":"2021-06-21T07:00:04","slug":"scaloni-no-confirmo-el-equipo-y-adelanto-que-el-kun-aguero-podria-ser-titular","status":"publish","type":"post","link":"https:\/\/nativainfo.com\/?p=1890","title":{"rendered":"Scaloni no confirm\u00f3 el equipo y adelant\u00f3 que el Kun Ag\u00fcero podr\u00eda ser titular"},"content":{"rendered":"\n<p><strong>El entrenador del seleccionado argentino habl\u00f3 en la previa del choque de este lunes ante Paraguay por la tercera fecha del Grupo A de la Copa Am\u00e9rica.<\/strong><\/p>\n\n\n\n<figure class=\"wp-block-image size-large\"><img fetchpriority=\"high\" decoding=\"async\" width=\"760\" height=\"426\" src=\"http:\/\/nativainfo.com\/wp-content\/uploads\/2021\/06\/ARCHI_786967.jpg\" alt=\"\" class=\"wp-image-1892\" srcset=\"https:\/\/nativainfo.com\/wp-content\/uploads\/2021\/06\/ARCHI_786967.jpg 760w, https:\/\/nativainfo.com\/wp-content\/uploads\/2021\/06\/ARCHI_786967-300x168.jpg 300w, https:\/\/nativainfo.com\/wp-content\/uploads\/2021\/06\/ARCHI_786967-624x350.jpg 624w, https:\/\/nativainfo.com\/wp-content\/uploads\/2021\/06\/ARCHI_786967-150x84.jpg 150w\" sizes=\"(max-width: 760px) 100vw, 760px\" \/><\/figure>\n\n\n\n<p>El entrenador del seleccionado argentino de f\u00fatbol, L<strong>ionel Scaloni<\/strong>, afirm\u00f3 hoy que el delantero&nbsp;<strong>Sergio Ag\u00fcero<\/strong>&nbsp;est\u00e1 &#8220;cada dia mejor&#8221; y consider\u00f3 que tiene &#8220;posibilidades de ser titular&#8221; para el cruce de ma\u00f1ana ante&nbsp;<strong>Paraguay por la Copa Am\u00e9rica Brasil 2021.<\/strong><\/p>\n\n\n\n<p><em>&#8220;Sergio Ag\u00fcero est\u00e1 cada d\u00eda mejor y para nosotros representa un aporte importante. Tiene posibilidades de ser titular. Por diferentes motivos, evidentes, no jug\u00f3. Optamos por otras opciones&#8221;,&nbsp;<\/em>indic\u00f3&nbsp;<strong>Scaloni&nbsp;<\/strong>en conferencia de prensa previa al partido ante Paraguay de ma\u00f1ana a las 21 en el estadio Man\u00e9 Garrincha, de Brasilia.<\/p>\n\n\n\n<p><em>&#8220;Tenemos que pensar el equipo para ma\u00f1ana, pero Ag\u00fcero es una opci\u00f3n y creemos que nos puede aportar&#8221;<\/em>, agreg\u00f3 Scaloni.<\/p>\n\n\n\n<p>El entrenador rosarino destac\u00f3 la figura del capit\u00e1n y s\u00edmbolo,\u00a0<strong>Lionel Messi,<\/strong>\u00a0y asegur\u00f3 que cree<em>\u00a0&#8220;que su liderazgo siempre es el mismo adentro de la cancha. Y afuera es un chico espectacular, que lleva adelante al grupo como lo ha hecho siempre&#8221;,<\/em>\u00a0agreg\u00f3.<\/p>\n\n\n\n<p>Fuente: Diario Panorama<\/p>\n","protected":false},"excerpt":{"rendered":"<p>El entrenador del seleccionado argentino habl\u00f3 en la previa del choque de este lunes ante Paraguay por la tercera fecha&#8230; <a class=\"continue-reading-link\" href=\"https:\/\/nativainfo.com\/?p=1890\">Continue reading<\/a><\/p>\n","protected":false},"author":1,"featured_media":0,"comment_status":"open","ping_status":"open","sticky":false,"template":"","format":"standard","meta":{"rop_custom_images_group":[],"rop_custom_messages_group":[],"rop_publish_now":"initial","rop_publish_now_accounts":[],"rop_publish_now_history":[],"rop_publish_now_status":"pending","footnotes":"","jetpack_publicize_message":"","jetpack_publicize_feature_enabled":true,"jetpack_social_post_already_shared":false,"jetpack_social_options":{"image_generator_settings":{"template":"highway","default_image_id":0,"font":"","enabled":false},"version":2}},"categories":[46],"tags":[],"class_list":["post-1890","post","type-post","status-publish","format-standard","hentry","category-seleccion-argentina"],"yoast_head":"<!-- This site is optimized with the Yoast SEO plugin v25.6 - https:\/\/yoast.com\/wordpress\/plugins\/seo\/ -->\n<title>Scaloni no confirm\u00f3 el equipo y adelant\u00f3 que el Kun Ag\u00fcero podr\u00eda ser titular - Nativa Info<\/title>\n<meta name=\"robots\" content=\"index, follow, max-snippet:-1, max-image-preview:large, max-video-preview:-1\" \/>\n<link rel=\"canonical\" href=\"https:\/\/nativainfo.com\/?p=1890\" \/>\n<meta property=\"og:locale\" content=\"es_ES\" \/>\n<meta property=\"og:type\" content=\"article\" \/>\n<meta property=\"og:title\" content=\"Scaloni no confirm\u00f3 el equipo y adelant\u00f3 que el Kun Ag\u00fcero podr\u00eda ser titular - Nativa Info\" \/>\n<meta property=\"og:description\" content=\"El entrenador del seleccionado argentino habl\u00f3 en la previa del choque de este lunes ante Paraguay por la tercera fecha... Continue reading\" \/>\n<meta property=\"og:url\" content=\"https:\/\/nativainfo.com\/?p=1890\" \/>\n<meta property=\"og:site_name\" content=\"Nativa Info\" \/>\n<meta property=\"article:publisher\" content=\"https:\/\/www.facebook.com\/profile.php?id=61578881597564\" \/>\n<meta property=\"article:published_time\" content=\"2021-06-21T07:00:01+00:00\" \/>\n<meta property=\"article:modified_time\" content=\"2021-06-21T07:00:04+00:00\" \/>\n<meta property=\"og:image\" content=\"http:\/\/nativainfo.com\/wp-content\/uploads\/2021\/06\/ARCHI_786967.jpg\" \/>\n<meta name=\"author\" content=\"Nativa Info\" \/>\n<meta name=\"twitter:card\" content=\"summary_large_image\" \/>\n<meta name=\"twitter:label1\" content=\"Escrito por\" \/>\n\t<meta name=\"twitter:data1\" content=\"Nativa Info\" \/>\n\t<meta name=\"twitter:label2\" content=\"Tiempo de lectura\" \/>\n\t<meta name=\"twitter:data2\" content=\"1 minuto\" \/>\n<script type=\"application\/ld+json\" class=\"yoast-schema-graph\">{\"@context\":\"https:\/\/schema.org\",\"@graph\":[{\"@type\":\"Article\",\"@id\":\"https:\/\/nativainfo.com\/?p=1890#article\",\"isPartOf\":{\"@id\":\"https:\/\/nativainfo.com\/?p=1890\"},\"author\":{\"name\":\"Nativa Info\",\"@id\":\"https:\/\/nativainfo.com\/#\/schema\/person\/24893b64a9cd564ddb5d102d36eb4b5c\"},\"headline\":\"Scaloni no confirm\u00f3 el equipo y adelant\u00f3 que el Kun Ag\u00fcero podr\u00eda ser titular\",\"datePublished\":\"2021-06-21T07:00:01+00:00\",\"dateModified\":\"2021-06-21T07:00:04+00:00\",\"mainEntityOfPage\":{\"@id\":\"https:\/\/nativainfo.com\/?p=1890\"},\"wordCount\":219,\"commentCount\":0,\"publisher\":{\"@id\":\"https:\/\/nativainfo.com\/#organization\"},\"image\":{\"@id\":\"https:\/\/nativainfo.com\/?p=1890#primaryimage\"},\"thumbnailUrl\":\"http:\/\/nativainfo.com\/wp-content\/uploads\/2021\/06\/ARCHI_786967.jpg\",\"articleSection\":[\"Selecci\u00f3n Argentina\"],\"inLanguage\":\"es-AR\",\"potentialAction\":[{\"@type\":\"CommentAction\",\"name\":\"Comment\",\"target\":[\"https:\/\/nativainfo.com\/?p=1890#respond\"]}]},{\"@type\":\"WebPage\",\"@id\":\"https:\/\/nativainfo.com\/?p=1890\",\"url\":\"https:\/\/nativainfo.com\/?p=1890\",\"name\":\"Scaloni no confirm\u00f3 el equipo y adelant\u00f3 que el Kun Ag\u00fcero podr\u00eda ser titular - Nativa Info\",\"isPartOf\":{\"@id\":\"https:\/\/nativainfo.com\/#website\"},\"primaryImageOfPage\":{\"@id\":\"https:\/\/nativainfo.com\/?p=1890#primaryimage\"},\"image\":{\"@id\":\"https:\/\/nativainfo.com\/?p=1890#primaryimage\"},\"thumbnailUrl\":\"http:\/\/nativainfo.com\/wp-content\/uploads\/2021\/06\/ARCHI_786967.jpg\",\"datePublished\":\"2021-06-21T07:00:01+00:00\",\"dateModified\":\"2021-06-21T07:00:04+00:00\",\"breadcrumb\":{\"@id\":\"https:\/\/nativainfo.com\/?p=1890#breadcrumb\"},\"inLanguage\":\"es-AR\",\"potentialAction\":[{\"@type\":\"ReadAction\",\"target\":[\"https:\/\/nativainfo.com\/?p=1890\"]}]},{\"@type\":\"ImageObject\",\"inLanguage\":\"es-AR\",\"@id\":\"https:\/\/nativainfo.com\/?p=1890#primaryimage\",\"url\":\"https:\/\/nativainfo.com\/wp-content\/uploads\/2021\/06\/ARCHI_786967.jpg\",\"contentUrl\":\"https:\/\/nativainfo.com\/wp-content\/uploads\/2021\/06\/ARCHI_786967.jpg\",\"width\":760,\"height\":426},{\"@type\":\"BreadcrumbList\",\"@id\":\"https:\/\/nativainfo.com\/?p=1890#breadcrumb\",\"itemListElement\":[{\"@type\":\"ListItem\",\"position\":1,\"name\":\"Inicio\",\"item\":\"https:\/\/nativainfo.com\/\"},{\"@type\":\"ListItem\",\"position\":2,\"name\":\"Scaloni no confirm\u00f3 el equipo y adelant\u00f3 que el Kun Ag\u00fcero podr\u00eda ser titular\"}]},{\"@type\":\"WebSite\",\"@id\":\"https:\/\/nativainfo.com\/#website\",\"url\":\"https:\/\/nativainfo.com\/\",\"name\":\"Nativa Info\",\"description\":\"Diario Digital\",\"publisher\":{\"@id\":\"https:\/\/nativainfo.com\/#organization\"},\"potentialAction\":[{\"@type\":\"SearchAction\",\"target\":{\"@type\":\"EntryPoint\",\"urlTemplate\":\"https:\/\/nativainfo.com\/?s={search_term_string}\"},\"query-input\":{\"@type\":\"PropertyValueSpecification\",\"valueRequired\":true,\"valueName\":\"search_term_string\"}}],\"inLanguage\":\"es-AR\"},{\"@type\":\"Organization\",\"@id\":\"https:\/\/nativainfo.com\/#organization\",\"name\":\"Nativa Info\",\"url\":\"https:\/\/nativainfo.com\/\",\"logo\":{\"@type\":\"ImageObject\",\"inLanguage\":\"es-AR\",\"@id\":\"https:\/\/nativainfo.com\/#\/schema\/logo\/image\/\",\"url\":\"https:\/\/nativainfo.com\/wp-content\/uploads\/2025\/08\/LOGO-NATIVA-FACE.jpg\",\"contentUrl\":\"https:\/\/nativainfo.com\/wp-content\/uploads\/2025\/08\/LOGO-NATIVA-FACE.jpg\",\"width\":400,\"height\":400,\"caption\":\"Nativa Info\"},\"image\":{\"@id\":\"https:\/\/nativainfo.com\/#\/schema\/logo\/image\/\"},\"sameAs\":[\"https:\/\/www.facebook.com\/profile.php?id=61578881597564\"]},{\"@type\":\"Person\",\"@id\":\"https:\/\/nativainfo.com\/#\/schema\/person\/24893b64a9cd564ddb5d102d36eb4b5c\",\"name\":\"Nativa Info\",\"image\":{\"@type\":\"ImageObject\",\"inLanguage\":\"es-AR\",\"@id\":\"https:\/\/nativainfo.com\/#\/schema\/person\/image\/\",\"url\":\"https:\/\/secure.gravatar.com\/avatar\/016fa1cf068d85136d938e1507b9b619cb766e2565cbb1faa1e571762460c785?s=96&d=mm&r=g\",\"contentUrl\":\"https:\/\/secure.gravatar.com\/avatar\/016fa1cf068d85136d938e1507b9b619cb766e2565cbb1faa1e571762460c785?s=96&d=mm&r=g\",\"caption\":\"Nativa Info\"},\"sameAs\":[\"http:\/\/nativainfo.com\"],\"url\":\"https:\/\/nativainfo.com\/?author=1\"}]}<\/script>\n<!-- \/ Yoast SEO plugin. -->","yoast_head_json":{"title":"Scaloni no confirm\u00f3 el equipo y adelant\u00f3 que el Kun Ag\u00fcero podr\u00eda ser titular - Nativa Info","robots":{"index":"index","follow":"follow","max-snippet":"max-snippet:-1","max-image-preview":"max-image-preview:large","max-video-preview":"max-video-preview:-1"},"canonical":"https:\/\/nativainfo.com\/?p=1890","og_locale":"es_ES","og_type":"article","og_title":"Scaloni no confirm\u00f3 el equipo y adelant\u00f3 que el Kun Ag\u00fcero podr\u00eda ser titular - Nativa Info","og_description":"El entrenador del seleccionado argentino habl\u00f3 en la previa del choque de este lunes ante Paraguay por la tercera fecha... Continue reading","og_url":"https:\/\/nativainfo.com\/?p=1890","og_site_name":"Nativa Info","article_publisher":"https:\/\/www.facebook.com\/profile.php?id=61578881597564","article_published_time":"2021-06-21T07:00:01+00:00","article_modified_time":"2021-06-21T07:00:04+00:00","og_image":[{"url":"http:\/\/nativainfo.com\/wp-content\/uploads\/2021\/06\/ARCHI_786967.jpg","type":"","width":"","height":""}],"author":"Nativa Info","twitter_card":"summary_large_image","twitter_misc":{"Escrito por":"Nativa Info","Tiempo de lectura":"1 minuto"},"schema":{"@context":"https:\/\/schema.org","@graph":[{"@type":"Article","@id":"https:\/\/nativainfo.com\/?p=1890#article","isPartOf":{"@id":"https:\/\/nativainfo.com\/?p=1890"},"author":{"name":"Nativa Info","@id":"https:\/\/nativainfo.com\/#\/schema\/person\/24893b64a9cd564ddb5d102d36eb4b5c"},"headline":"Scaloni no confirm\u00f3 el equipo y adelant\u00f3 que el Kun Ag\u00fcero podr\u00eda ser titular","datePublished":"2021-06-21T07:00:01+00:00","dateModified":"2021-06-21T07:00:04+00:00","mainEntityOfPage":{"@id":"https:\/\/nativainfo.com\/?p=1890"},"wordCount":219,"commentCount":0,"publisher":{"@id":"https:\/\/nativainfo.com\/#organization"},"image":{"@id":"https:\/\/nativainfo.com\/?p=1890#primaryimage"},"thumbnailUrl":"http:\/\/nativainfo.com\/wp-content\/uploads\/2021\/06\/ARCHI_786967.jpg","articleSection":["Selecci\u00f3n Argentina"],"inLanguage":"es-AR","potentialAction":[{"@type":"CommentAction","name":"Comment","target":["https:\/\/nativainfo.com\/?p=1890#respond"]}]},{"@type":"WebPage","@id":"https:\/\/nativainfo.com\/?p=1890","url":"https:\/\/nativainfo.com\/?p=1890","name":"Scaloni no confirm\u00f3 el equipo y adelant\u00f3 que el Kun Ag\u00fcero podr\u00eda ser titular - Nativa Info","isPartOf":{"@id":"https:\/\/nativainfo.com\/#website"},"primaryImageOfPage":{"@id":"https:\/\/nativainfo.com\/?p=1890#primaryimage"},"image":{"@id":"https:\/\/nativainfo.com\/?p=1890#primaryimage"},"thumbnailUrl":"http:\/\/nativainfo.com\/wp-content\/uploads\/2021\/06\/ARCHI_786967.jpg","datePublished":"2021-06-21T07:00:01+00:00","dateModified":"2021-06-21T07:00:04+00:00","breadcrumb":{"@id":"https:\/\/nativainfo.com\/?p=1890#breadcrumb"},"inLanguage":"es-AR","potentialAction":[{"@type":"ReadAction","target":["https:\/\/nativainfo.com\/?p=1890"]}]},{"@type":"ImageObject","inLanguage":"es-AR","@id":"https:\/\/nativainfo.com\/?p=1890#primaryimage","url":"https:\/\/nativainfo.com\/wp-content\/uploads\/2021\/06\/ARCHI_786967.jpg","contentUrl":"https:\/\/nativainfo.com\/wp-content\/uploads\/2021\/06\/ARCHI_786967.jpg","width":760,"height":426},{"@type":"BreadcrumbList","@id":"https:\/\/nativainfo.com\/?p=1890#breadcrumb","itemListElement":[{"@type":"ListItem","position":1,"name":"Inicio","item":"https:\/\/nativainfo.com\/"},{"@type":"ListItem","position":2,"name":"Scaloni no confirm\u00f3 el equipo y adelant\u00f3 que el Kun Ag\u00fcero podr\u00eda ser titular"}]},{"@type":"WebSite","@id":"https:\/\/nativainfo.com\/#website","url":"https:\/\/nativainfo.com\/","name":"Nativa Info","description":"Diario Digital","publisher":{"@id":"https:\/\/nativainfo.com\/#organization"},"potentialAction":[{"@type":"SearchAction","target":{"@type":"EntryPoint","urlTemplate":"https:\/\/nativainfo.com\/?s={search_term_string}"},"query-input":{"@type":"PropertyValueSpecification","valueRequired":true,"valueName":"search_term_string"}}],"inLanguage":"es-AR"},{"@type":"Organization","@id":"https:\/\/nativainfo.com\/#organization","name":"Nativa Info","url":"https:\/\/nativainfo.com\/","logo":{"@type":"ImageObject","inLanguage":"es-AR","@id":"https:\/\/nativainfo.com\/#\/schema\/logo\/image\/","url":"https:\/\/nativainfo.com\/wp-content\/uploads\/2025\/08\/LOGO-NATIVA-FACE.jpg","contentUrl":"https:\/\/nativainfo.com\/wp-content\/uploads\/2025\/08\/LOGO-NATIVA-FACE.jpg","width":400,"height":400,"caption":"Nativa Info"},"image":{"@id":"https:\/\/nativainfo.com\/#\/schema\/logo\/image\/"},"sameAs":["https:\/\/www.facebook.com\/profile.php?id=61578881597564"]},{"@type":"Person","@id":"https:\/\/nativainfo.com\/#\/schema\/person\/24893b64a9cd564ddb5d102d36eb4b5c","name":"Nativa Info","image":{"@type":"ImageObject","inLanguage":"es-AR","@id":"https:\/\/nativainfo.com\/#\/schema\/person\/image\/","url":"https:\/\/secure.gravatar.com\/avatar\/016fa1cf068d85136d938e1507b9b619cb766e2565cbb1faa1e571762460c785?s=96&d=mm&r=g","contentUrl":"https:\/\/secure.gravatar.com\/avatar\/016fa1cf068d85136d938e1507b9b619cb766e2565cbb1faa1e571762460c785?s=96&d=mm&r=g","caption":"Nativa Info"},"sameAs":["http:\/\/nativainfo.com"],"url":"https:\/\/nativainfo.com\/?author=1"}]}},"jetpack_publicize_connections":[],"_links":{"self":[{"href":"https:\/\/nativainfo.com\/index.php?rest_route=\/wp\/v2\/posts\/1890","targetHints":{"allow":["GET"]}}],"collection":[{"href":"https:\/\/nativainfo.com\/index.php?rest_route=\/wp\/v2\/posts"}],"about":[{"href":"https:\/\/nativainfo.com\/index.php?rest_route=\/wp\/v2\/types\/post"}],"author":[{"embeddable":true,"href":"https:\/\/nativainfo.com\/index.php?rest_route=\/wp\/v2\/users\/1"}],"replies":[{"embeddable":true,"href":"https:\/\/nativainfo.com\/index.php?rest_route=%2Fwp%2Fv2%2Fcomments&post=1890"}],"version-history":[{"count":1,"href":"https:\/\/nativainfo.com\/index.php?rest_route=\/wp\/v2\/posts\/1890\/revisions"}],"predecessor-version":[{"id":1893,"href":"https:\/\/nativainfo.com\/index.php?rest_route=\/wp\/v2\/posts\/1890\/revisions\/1893"}],"wp:attachment":[{"href":"https:\/\/nativainfo.com\/index.php?rest_route=%2Fwp%2Fv2%2Fmedia&parent=1890"}],"wp:term":[{"taxonomy":"category","embeddable":true,"href":"https:\/\/nativainfo.com\/index.php?rest_route=%2Fwp%2Fv2%2Fcategories&post=1890"},{"taxonomy":"post_tag","embeddable":true,"href":"https:\/\/nativainfo.com\/index.php?rest_route=%2Fwp%2Fv2%2Ftags&post=1890"}],"curies":[{"name":"wp","href":"https:\/\/api.w.org\/{rel}","templated":true}]}}