{"id":1879,"date":"2021-06-19T00:07:07","date_gmt":"2021-06-19T03:07:07","guid":{"rendered":"http:\/\/nativainfo.com\/?p=1879"},"modified":"2021-06-19T00:07:10","modified_gmt":"2021-06-19T03:07:10","slug":"nuevas-medidas-y-como-se-adhieren-a-la-ciudad-de-fernandez","status":"publish","type":"post","link":"https:\/\/nativainfo.com\/?p=1879","title":{"rendered":"Nuevas medidas y c\u00f3mo se adhieren a la Ciudad de Fernandez"},"content":{"rendered":"\n<p>El COE reunido el pasado Jueves, tom\u00f3 las siguientes resoluciones que regir\u00e1n en todo el \u00e1mbito de la provincia.<\/p>\n\n\n\n<figure class=\"wp-block-image size-large\"><img fetchpriority=\"high\" decoding=\"async\" width=\"1024\" height=\"682\" src=\"http:\/\/nativainfo.com\/wp-content\/uploads\/2021\/06\/201122821_3878185612310581_6614687811222112140_n-1024x682.jpg\" alt=\"\" class=\"wp-image-1880\" srcset=\"https:\/\/nativainfo.com\/wp-content\/uploads\/2021\/06\/201122821_3878185612310581_6614687811222112140_n-1024x682.jpg 1024w, https:\/\/nativainfo.com\/wp-content\/uploads\/2021\/06\/201122821_3878185612310581_6614687811222112140_n-300x200.jpg 300w, https:\/\/nativainfo.com\/wp-content\/uploads\/2021\/06\/201122821_3878185612310581_6614687811222112140_n-768x512.jpg 768w, https:\/\/nativainfo.com\/wp-content\/uploads\/2021\/06\/201122821_3878185612310581_6614687811222112140_n-525x350.jpg 525w, https:\/\/nativainfo.com\/wp-content\/uploads\/2021\/06\/201122821_3878185612310581_6614687811222112140_n-150x100.jpg 150w, https:\/\/nativainfo.com\/wp-content\/uploads\/2021\/06\/201122821_3878185612310581_6614687811222112140_n.jpg 1280w\" sizes=\"(max-width: 1024px) 100vw, 1024px\" \/><\/figure>\n\n\n\n<ul class=\"wp-block-list\"><li> 1) Los d\u00edas S\u00c1BADO 19\/06 y DOMINGO 20\/06, se mantendr\u00e1n las mismas medidas preventivas vigentes para los d\u00edas de semana; siendo el horario de circulaci\u00f3n de 06 a 22hs, estando permitidas las actividades no esenciales, con el estricto cumplimiento de los protocolos aprobados por el Ministerio de Salud de la provincia.<\/li><li>2) El LUNES 21\/06, el horario de circulaci\u00f3n ser\u00e1 de 06 a 18 hs, mientras que las actividades permitidas ser\u00e1n estrictamente las determinadas como esenciales.<\/li><li> 3) Desde el Martes 22\/06 hasta el VIERNES 25\/06 inclusive, regir\u00e1 nuevamente el horario de circulaci\u00f3n de 06 a 22 hs, con actividades no escenciales y protocolos vigentes.<\/li><li>4) En todo el territorio provincial, hasta el d\u00eda 25\/06: a) Se encuentra suspendido el funcionamiento del transporte p\u00fablico de colectivos; b) Las clases ser\u00e1n solo bajo modalidad no presencial.<\/li><\/ul>\n\n\n\n<figure class=\"wp-block-image size-large is-resized\"><img decoding=\"async\" src=\"http:\/\/nativainfo.com\/wp-content\/uploads\/2021\/06\/Screenshot_5.jpg\" alt=\"\" class=\"wp-image-1881\" width=\"694\" height=\"260\" srcset=\"https:\/\/nativainfo.com\/wp-content\/uploads\/2021\/06\/Screenshot_5.jpg 738w, https:\/\/nativainfo.com\/wp-content\/uploads\/2021\/06\/Screenshot_5-300x113.jpg 300w, https:\/\/nativainfo.com\/wp-content\/uploads\/2021\/06\/Screenshot_5-150x56.jpg 150w\" sizes=\"(max-width: 694px) 100vw, 694px\" \/><\/figure>\n\n\n\n<p># Si bien, se ha producido una disminuci\u00f3n en los contagios, en los primeros cuatro d\u00edas h\u00e1biles de la presente semana, comparados con la anterior (lunes a jueves, respectivamente), debemos tener en cuenta que seguimos dentro de una meseta alta, en donde la circulaci\u00f3n de las distintas variantes (cepas de Manaos , Andina y Reino Unido ) en nuestra provincia, son mucho m\u00e1s contagiosas y agresivas para la salud. Por ello, apelamos a responsabilidad individual y colectiva de todos los hermanos santiague\u00f1os, en el cumplimiento de todas las medidas de prevenci\u00f3n, mientras avanzamos con la campa\u00f1a de vacunaci\u00f3n.<\/p>\n","protected":false},"excerpt":{"rendered":"<p>El COE reunido el pasado Jueves, tom\u00f3 las siguientes resoluciones que regir\u00e1n en todo el \u00e1mbito de la provincia. 1)&#8230; <a class=\"continue-reading-link\" href=\"https:\/\/nativainfo.com\/?p=1879\">Continue reading<\/a><\/p>\n","protected":false},"author":1,"featured_media":0,"comment_status":"open","ping_status":"open","sticky":false,"template":"","format":"standard","meta":{"rop_custom_images_group":[],"rop_custom_messages_group":[],"rop_publish_now":"initial","rop_publish_now_accounts":[],"rop_publish_now_history":[],"rop_publish_now_status":"pending","footnotes":"","jetpack_publicize_message":"","jetpack_publicize_feature_enabled":true,"jetpack_social_post_already_shared":false,"jetpack_social_options":{"image_generator_settings":{"template":"highway","default_image_id":0,"font":"","enabled":false},"version":2}},"categories":[14,13,12],"tags":[],"class_list":["post-1879","post","type-post","status-publish","format-standard","hentry","category-coronavirus","category-fernandez","category-provincia"],"yoast_head":"<!-- This site is optimized with the Yoast SEO plugin v25.6 - https:\/\/yoast.com\/wordpress\/plugins\/seo\/ -->\n<title>Nuevas medidas y c\u00f3mo se adhieren a la Ciudad de Fernandez - Nativa Info<\/title>\n<meta name=\"robots\" content=\"index, follow, max-snippet:-1, max-image-preview:large, max-video-preview:-1\" \/>\n<link rel=\"canonical\" href=\"https:\/\/nativainfo.com\/?p=1879\" \/>\n<meta property=\"og:locale\" content=\"es_ES\" \/>\n<meta property=\"og:type\" content=\"article\" \/>\n<meta property=\"og:title\" content=\"Nuevas medidas y c\u00f3mo se adhieren a la Ciudad de Fernandez - Nativa Info\" \/>\n<meta property=\"og:description\" content=\"El COE reunido el pasado Jueves, tom\u00f3 las siguientes resoluciones que regir\u00e1n en todo el \u00e1mbito de la provincia. 1)... Continue reading\" \/>\n<meta property=\"og:url\" content=\"https:\/\/nativainfo.com\/?p=1879\" \/>\n<meta property=\"og:site_name\" content=\"Nativa Info\" \/>\n<meta property=\"article:publisher\" content=\"https:\/\/www.facebook.com\/profile.php?id=61578881597564\" \/>\n<meta property=\"article:published_time\" content=\"2021-06-19T03:07:07+00:00\" \/>\n<meta property=\"article:modified_time\" content=\"2021-06-19T03:07:10+00:00\" \/>\n<meta property=\"og:image\" content=\"http:\/\/nativainfo.com\/wp-content\/uploads\/2021\/06\/201122821_3878185612310581_6614687811222112140_n-1024x682.jpg\" \/>\n<meta name=\"author\" content=\"Nativa Info\" \/>\n<meta name=\"twitter:card\" content=\"summary_large_image\" \/>\n<meta name=\"twitter:label1\" content=\"Escrito por\" \/>\n\t<meta name=\"twitter:data1\" content=\"Nativa Info\" \/>\n\t<meta name=\"twitter:label2\" content=\"Tiempo de lectura\" \/>\n\t<meta name=\"twitter:data2\" content=\"1 minuto\" \/>\n<script type=\"application\/ld+json\" class=\"yoast-schema-graph\">{\"@context\":\"https:\/\/schema.org\",\"@graph\":[{\"@type\":\"Article\",\"@id\":\"https:\/\/nativainfo.com\/?p=1879#article\",\"isPartOf\":{\"@id\":\"https:\/\/nativainfo.com\/?p=1879\"},\"author\":{\"name\":\"Nativa Info\",\"@id\":\"https:\/\/nativainfo.com\/#\/schema\/person\/24893b64a9cd564ddb5d102d36eb4b5c\"},\"headline\":\"Nuevas medidas y c\u00f3mo se adhieren a la Ciudad de Fernandez\",\"datePublished\":\"2021-06-19T03:07:07+00:00\",\"dateModified\":\"2021-06-19T03:07:10+00:00\",\"mainEntityOfPage\":{\"@id\":\"https:\/\/nativainfo.com\/?p=1879\"},\"wordCount\":266,\"commentCount\":0,\"publisher\":{\"@id\":\"https:\/\/nativainfo.com\/#organization\"},\"image\":{\"@id\":\"https:\/\/nativainfo.com\/?p=1879#primaryimage\"},\"thumbnailUrl\":\"http:\/\/nativainfo.com\/wp-content\/uploads\/2021\/06\/201122821_3878185612310581_6614687811222112140_n-1024x682.jpg\",\"articleSection\":[\"Coronavirus\",\"Fern\u00e1ndez\",\"Provincia\"],\"inLanguage\":\"es-AR\",\"potentialAction\":[{\"@type\":\"CommentAction\",\"name\":\"Comment\",\"target\":[\"https:\/\/nativainfo.com\/?p=1879#respond\"]}]},{\"@type\":\"WebPage\",\"@id\":\"https:\/\/nativainfo.com\/?p=1879\",\"url\":\"https:\/\/nativainfo.com\/?p=1879\",\"name\":\"Nuevas medidas y c\u00f3mo se adhieren a la Ciudad de Fernandez - Nativa Info\",\"isPartOf\":{\"@id\":\"https:\/\/nativainfo.com\/#website\"},\"primaryImageOfPage\":{\"@id\":\"https:\/\/nativainfo.com\/?p=1879#primaryimage\"},\"image\":{\"@id\":\"https:\/\/nativainfo.com\/?p=1879#primaryimage\"},\"thumbnailUrl\":\"http:\/\/nativainfo.com\/wp-content\/uploads\/2021\/06\/201122821_3878185612310581_6614687811222112140_n-1024x682.jpg\",\"datePublished\":\"2021-06-19T03:07:07+00:00\",\"dateModified\":\"2021-06-19T03:07:10+00:00\",\"breadcrumb\":{\"@id\":\"https:\/\/nativainfo.com\/?p=1879#breadcrumb\"},\"inLanguage\":\"es-AR\",\"potentialAction\":[{\"@type\":\"ReadAction\",\"target\":[\"https:\/\/nativainfo.com\/?p=1879\"]}]},{\"@type\":\"ImageObject\",\"inLanguage\":\"es-AR\",\"@id\":\"https:\/\/nativainfo.com\/?p=1879#primaryimage\",\"url\":\"https:\/\/nativainfo.com\/wp-content\/uploads\/2021\/06\/201122821_3878185612310581_6614687811222112140_n.jpg\",\"contentUrl\":\"https:\/\/nativainfo.com\/wp-content\/uploads\/2021\/06\/201122821_3878185612310581_6614687811222112140_n.jpg\",\"width\":1280,\"height\":853},{\"@type\":\"BreadcrumbList\",\"@id\":\"https:\/\/nativainfo.com\/?p=1879#breadcrumb\",\"itemListElement\":[{\"@type\":\"ListItem\",\"position\":1,\"name\":\"Inicio\",\"item\":\"https:\/\/nativainfo.com\/\"},{\"@type\":\"ListItem\",\"position\":2,\"name\":\"Nuevas medidas y c\u00f3mo se adhieren a la Ciudad de Fernandez\"}]},{\"@type\":\"WebSite\",\"@id\":\"https:\/\/nativainfo.com\/#website\",\"url\":\"https:\/\/nativainfo.com\/\",\"name\":\"Nativa Info\",\"description\":\"Diario Digital\",\"publisher\":{\"@id\":\"https:\/\/nativainfo.com\/#organization\"},\"potentialAction\":[{\"@type\":\"SearchAction\",\"target\":{\"@type\":\"EntryPoint\",\"urlTemplate\":\"https:\/\/nativainfo.com\/?s={search_term_string}\"},\"query-input\":{\"@type\":\"PropertyValueSpecification\",\"valueRequired\":true,\"valueName\":\"search_term_string\"}}],\"inLanguage\":\"es-AR\"},{\"@type\":\"Organization\",\"@id\":\"https:\/\/nativainfo.com\/#organization\",\"name\":\"Nativa Info\",\"url\":\"https:\/\/nativainfo.com\/\",\"logo\":{\"@type\":\"ImageObject\",\"inLanguage\":\"es-AR\",\"@id\":\"https:\/\/nativainfo.com\/#\/schema\/logo\/image\/\",\"url\":\"https:\/\/nativainfo.com\/wp-content\/uploads\/2025\/08\/LOGO-NATIVA-FACE.jpg\",\"contentUrl\":\"https:\/\/nativainfo.com\/wp-content\/uploads\/2025\/08\/LOGO-NATIVA-FACE.jpg\",\"width\":400,\"height\":400,\"caption\":\"Nativa Info\"},\"image\":{\"@id\":\"https:\/\/nativainfo.com\/#\/schema\/logo\/image\/\"},\"sameAs\":[\"https:\/\/www.facebook.com\/profile.php?id=61578881597564\"]},{\"@type\":\"Person\",\"@id\":\"https:\/\/nativainfo.com\/#\/schema\/person\/24893b64a9cd564ddb5d102d36eb4b5c\",\"name\":\"Nativa Info\",\"image\":{\"@type\":\"ImageObject\",\"inLanguage\":\"es-AR\",\"@id\":\"https:\/\/nativainfo.com\/#\/schema\/person\/image\/\",\"url\":\"https:\/\/secure.gravatar.com\/avatar\/016fa1cf068d85136d938e1507b9b619cb766e2565cbb1faa1e571762460c785?s=96&d=mm&r=g\",\"contentUrl\":\"https:\/\/secure.gravatar.com\/avatar\/016fa1cf068d85136d938e1507b9b619cb766e2565cbb1faa1e571762460c785?s=96&d=mm&r=g\",\"caption\":\"Nativa Info\"},\"sameAs\":[\"http:\/\/nativainfo.com\"],\"url\":\"https:\/\/nativainfo.com\/?author=1\"}]}<\/script>\n<!-- \/ Yoast SEO plugin. -->","yoast_head_json":{"title":"Nuevas medidas y c\u00f3mo se adhieren a la Ciudad de Fernandez - Nativa Info","robots":{"index":"index","follow":"follow","max-snippet":"max-snippet:-1","max-image-preview":"max-image-preview:large","max-video-preview":"max-video-preview:-1"},"canonical":"https:\/\/nativainfo.com\/?p=1879","og_locale":"es_ES","og_type":"article","og_title":"Nuevas medidas y c\u00f3mo se adhieren a la Ciudad de Fernandez - Nativa Info","og_description":"El COE reunido el pasado Jueves, tom\u00f3 las siguientes resoluciones que regir\u00e1n en todo el \u00e1mbito de la provincia. 1)... Continue reading","og_url":"https:\/\/nativainfo.com\/?p=1879","og_site_name":"Nativa Info","article_publisher":"https:\/\/www.facebook.com\/profile.php?id=61578881597564","article_published_time":"2021-06-19T03:07:07+00:00","article_modified_time":"2021-06-19T03:07:10+00:00","og_image":[{"url":"http:\/\/nativainfo.com\/wp-content\/uploads\/2021\/06\/201122821_3878185612310581_6614687811222112140_n-1024x682.jpg","type":"","width":"","height":""}],"author":"Nativa Info","twitter_card":"summary_large_image","twitter_misc":{"Escrito por":"Nativa Info","Tiempo de lectura":"1 minuto"},"schema":{"@context":"https:\/\/schema.org","@graph":[{"@type":"Article","@id":"https:\/\/nativainfo.com\/?p=1879#article","isPartOf":{"@id":"https:\/\/nativainfo.com\/?p=1879"},"author":{"name":"Nativa Info","@id":"https:\/\/nativainfo.com\/#\/schema\/person\/24893b64a9cd564ddb5d102d36eb4b5c"},"headline":"Nuevas medidas y c\u00f3mo se adhieren a la Ciudad de Fernandez","datePublished":"2021-06-19T03:07:07+00:00","dateModified":"2021-06-19T03:07:10+00:00","mainEntityOfPage":{"@id":"https:\/\/nativainfo.com\/?p=1879"},"wordCount":266,"commentCount":0,"publisher":{"@id":"https:\/\/nativainfo.com\/#organization"},"image":{"@id":"https:\/\/nativainfo.com\/?p=1879#primaryimage"},"thumbnailUrl":"http:\/\/nativainfo.com\/wp-content\/uploads\/2021\/06\/201122821_3878185612310581_6614687811222112140_n-1024x682.jpg","articleSection":["Coronavirus","Fern\u00e1ndez","Provincia"],"inLanguage":"es-AR","potentialAction":[{"@type":"CommentAction","name":"Comment","target":["https:\/\/nativainfo.com\/?p=1879#respond"]}]},{"@type":"WebPage","@id":"https:\/\/nativainfo.com\/?p=1879","url":"https:\/\/nativainfo.com\/?p=1879","name":"Nuevas medidas y c\u00f3mo se adhieren a la Ciudad de Fernandez - Nativa Info","isPartOf":{"@id":"https:\/\/nativainfo.com\/#website"},"primaryImageOfPage":{"@id":"https:\/\/nativainfo.com\/?p=1879#primaryimage"},"image":{"@id":"https:\/\/nativainfo.com\/?p=1879#primaryimage"},"thumbnailUrl":"http:\/\/nativainfo.com\/wp-content\/uploads\/2021\/06\/201122821_3878185612310581_6614687811222112140_n-1024x682.jpg","datePublished":"2021-06-19T03:07:07+00:00","dateModified":"2021-06-19T03:07:10+00:00","breadcrumb":{"@id":"https:\/\/nativainfo.com\/?p=1879#breadcrumb"},"inLanguage":"es-AR","potentialAction":[{"@type":"ReadAction","target":["https:\/\/nativainfo.com\/?p=1879"]}]},{"@type":"ImageObject","inLanguage":"es-AR","@id":"https:\/\/nativainfo.com\/?p=1879#primaryimage","url":"https:\/\/nativainfo.com\/wp-content\/uploads\/2021\/06\/201122821_3878185612310581_6614687811222112140_n.jpg","contentUrl":"https:\/\/nativainfo.com\/wp-content\/uploads\/2021\/06\/201122821_3878185612310581_6614687811222112140_n.jpg","width":1280,"height":853},{"@type":"BreadcrumbList","@id":"https:\/\/nativainfo.com\/?p=1879#breadcrumb","itemListElement":[{"@type":"ListItem","position":1,"name":"Inicio","item":"https:\/\/nativainfo.com\/"},{"@type":"ListItem","position":2,"name":"Nuevas medidas y c\u00f3mo se adhieren a la Ciudad de Fernandez"}]},{"@type":"WebSite","@id":"https:\/\/nativainfo.com\/#website","url":"https:\/\/nativainfo.com\/","name":"Nativa Info","description":"Diario Digital","publisher":{"@id":"https:\/\/nativainfo.com\/#organization"},"potentialAction":[{"@type":"SearchAction","target":{"@type":"EntryPoint","urlTemplate":"https:\/\/nativainfo.com\/?s={search_term_string}"},"query-input":{"@type":"PropertyValueSpecification","valueRequired":true,"valueName":"search_term_string"}}],"inLanguage":"es-AR"},{"@type":"Organization","@id":"https:\/\/nativainfo.com\/#organization","name":"Nativa Info","url":"https:\/\/nativainfo.com\/","logo":{"@type":"ImageObject","inLanguage":"es-AR","@id":"https:\/\/nativainfo.com\/#\/schema\/logo\/image\/","url":"https:\/\/nativainfo.com\/wp-content\/uploads\/2025\/08\/LOGO-NATIVA-FACE.jpg","contentUrl":"https:\/\/nativainfo.com\/wp-content\/uploads\/2025\/08\/LOGO-NATIVA-FACE.jpg","width":400,"height":400,"caption":"Nativa Info"},"image":{"@id":"https:\/\/nativainfo.com\/#\/schema\/logo\/image\/"},"sameAs":["https:\/\/www.facebook.com\/profile.php?id=61578881597564"]},{"@type":"Person","@id":"https:\/\/nativainfo.com\/#\/schema\/person\/24893b64a9cd564ddb5d102d36eb4b5c","name":"Nativa Info","image":{"@type":"ImageObject","inLanguage":"es-AR","@id":"https:\/\/nativainfo.com\/#\/schema\/person\/image\/","url":"https:\/\/secure.gravatar.com\/avatar\/016fa1cf068d85136d938e1507b9b619cb766e2565cbb1faa1e571762460c785?s=96&d=mm&r=g","contentUrl":"https:\/\/secure.gravatar.com\/avatar\/016fa1cf068d85136d938e1507b9b619cb766e2565cbb1faa1e571762460c785?s=96&d=mm&r=g","caption":"Nativa Info"},"sameAs":["http:\/\/nativainfo.com"],"url":"https:\/\/nativainfo.com\/?author=1"}]}},"jetpack_publicize_connections":[],"_links":{"self":[{"href":"https:\/\/nativainfo.com\/index.php?rest_route=\/wp\/v2\/posts\/1879","targetHints":{"allow":["GET"]}}],"collection":[{"href":"https:\/\/nativainfo.com\/index.php?rest_route=\/wp\/v2\/posts"}],"about":[{"href":"https:\/\/nativainfo.com\/index.php?rest_route=\/wp\/v2\/types\/post"}],"author":[{"embeddable":true,"href":"https:\/\/nativainfo.com\/index.php?rest_route=\/wp\/v2\/users\/1"}],"replies":[{"embeddable":true,"href":"https:\/\/nativainfo.com\/index.php?rest_route=%2Fwp%2Fv2%2Fcomments&post=1879"}],"version-history":[{"count":1,"href":"https:\/\/nativainfo.com\/index.php?rest_route=\/wp\/v2\/posts\/1879\/revisions"}],"predecessor-version":[{"id":1882,"href":"https:\/\/nativainfo.com\/index.php?rest_route=\/wp\/v2\/posts\/1879\/revisions\/1882"}],"wp:attachment":[{"href":"https:\/\/nativainfo.com\/index.php?rest_route=%2Fwp%2Fv2%2Fmedia&parent=1879"}],"wp:term":[{"taxonomy":"category","embeddable":true,"href":"https:\/\/nativainfo.com\/index.php?rest_route=%2Fwp%2Fv2%2Fcategories&post=1879"},{"taxonomy":"post_tag","embeddable":true,"href":"https:\/\/nativainfo.com\/index.php?rest_route=%2Fwp%2Fv2%2Ftags&post=1879"}],"curies":[{"name":"wp","href":"https:\/\/api.w.org\/{rel}","templated":true}]}}