{"id":1736,"date":"2021-05-29T00:47:39","date_gmt":"2021-05-29T03:47:39","guid":{"rendered":"http:\/\/nativainfo.com\/?p=1736"},"modified":"2021-05-29T00:47:41","modified_gmt":"2021-05-29T03:47:41","slug":"el-dr-monti-senalo-que-santiago-del-estero-se-encuentra-al-limite-tenemos-el-90-de-camas-ocupadas","status":"publish","type":"post","link":"https:\/\/nativainfo.com\/?p=1736","title":{"rendered":"El Dr. Monti se\u00f1al\u00f3 que Santiago del Estero se encuentra al l\u00edmite: &#8220;tenemos el 90% de camas ocupadas\u201d"},"content":{"rendered":"\n<figure class=\"wp-block-image size-large\"><img fetchpriority=\"high\" decoding=\"async\" width=\"937\" height=\"553\" src=\"http:\/\/nativainfo.com\/wp-content\/uploads\/2021\/05\/937x553_544306_20201013011314.jpg\" alt=\"\" class=\"wp-image-1739\" srcset=\"https:\/\/nativainfo.com\/wp-content\/uploads\/2021\/05\/937x553_544306_20201013011314.jpg 937w, https:\/\/nativainfo.com\/wp-content\/uploads\/2021\/05\/937x553_544306_20201013011314-300x177.jpg 300w, https:\/\/nativainfo.com\/wp-content\/uploads\/2021\/05\/937x553_544306_20201013011314-768x453.jpg 768w, https:\/\/nativainfo.com\/wp-content\/uploads\/2021\/05\/937x553_544306_20201013011314-593x350.jpg 593w, https:\/\/nativainfo.com\/wp-content\/uploads\/2021\/05\/937x553_544306_20201013011314-150x89.jpg 150w\" sizes=\"(max-width: 937px) 100vw, 937px\" \/><\/figure>\n\n\n\n<p>Entrevistado por&nbsp;<strong>Radio Panorama<\/strong>, el Dr. C\u00e9sar Monti, secretario de Salud de la Provincia, se\u00f1al\u00f3 que Santiago del Estero se encuentra al l\u00edmite en cuanto a internaciones en terapia intensiva de pacientes con coronavirus. &#8220;Tenemos el 90% de camas ocupadas&#8221;, revel\u00f3. En ese sentido, indic\u00f3 que podr\u00eda tornarse necesario extender las medidas restrictivas actuales al menos una semana m\u00e1s.<\/p>\n\n\n\n<p>Estas declaraciones fueron hechas en un contexto cr\u00edtico, a juzgar por los registros de las \u00faltimas jornadas sobre contagios de Covid. El d\u00eda jueves 27, seg\u00fan el reporte epidemiol\u00f3gico del Ministerio de Salud, hubo un nuevo r\u00e9cord de fallecimientos diarios con 14, al tiempo que report\u00f3\u00a0<strong>806 nuevos casos<\/strong>.<\/p>\n\n\n\n<p>Para contrarrestar la situaci\u00f3n, este viernes el organismo sanitario local inform\u00f3 que\u00a0en la pr\u00f3xima semana se avanzar\u00e1 en la inmunizaci\u00f3n con 1\u00aa dosis de la poblaci\u00f3n (<strong>con o sin factores de riesgo<\/strong>) de 55 a 59 a\u00f1os en Capital y La Banda y de 50 a 59 a\u00f1os en Las Termas, Fr\u00edas, A\u00f1atuya, Los Jur\u00edes, Fern\u00e1ndez; Forres y Beltr\u00e1n. Estos grupos podr\u00e1n consultar su turno pr\u00f3ximamente con su DNI en la aplicaci\u00f3n Vacunarse.<\/p>\n\n\n\n<p>Fuente: El Liberal<\/p>\n","protected":false},"excerpt":{"rendered":"<p>Entrevistado por&nbsp;Radio Panorama, el Dr. C\u00e9sar Monti, secretario de Salud de la Provincia, se\u00f1al\u00f3 que Santiago del Estero se encuentra&#8230; <a class=\"continue-reading-link\" href=\"https:\/\/nativainfo.com\/?p=1736\">Continue reading<\/a><\/p>\n","protected":false},"author":1,"featured_media":0,"comment_status":"open","ping_status":"open","sticky":false,"template":"","format":"standard","meta":{"rop_custom_images_group":[],"rop_custom_messages_group":[],"rop_publish_now":"initial","rop_publish_now_accounts":[],"rop_publish_now_history":[],"rop_publish_now_status":"pending","footnotes":"","jetpack_publicize_message":"","jetpack_publicize_feature_enabled":true,"jetpack_social_post_already_shared":false,"jetpack_social_options":{"image_generator_settings":{"template":"highway","default_image_id":0,"font":"","enabled":false},"version":2}},"categories":[1],"tags":[],"class_list":["post-1736","post","type-post","status-publish","format-standard","hentry","category-uncategorized"],"yoast_head":"<!-- This site is optimized with the Yoast SEO plugin v25.6 - https:\/\/yoast.com\/wordpress\/plugins\/seo\/ -->\n<title>El Dr. Monti se\u00f1al\u00f3 que Santiago del Estero se encuentra al l\u00edmite: &quot;tenemos el 90% de camas ocupadas\u201d - Nativa Info<\/title>\n<meta name=\"robots\" content=\"index, follow, max-snippet:-1, max-image-preview:large, max-video-preview:-1\" \/>\n<link rel=\"canonical\" href=\"https:\/\/nativainfo.com\/?p=1736\" \/>\n<meta property=\"og:locale\" content=\"es_ES\" \/>\n<meta property=\"og:type\" content=\"article\" \/>\n<meta property=\"og:title\" content=\"El Dr. Monti se\u00f1al\u00f3 que Santiago del Estero se encuentra al l\u00edmite: &quot;tenemos el 90% de camas ocupadas\u201d - Nativa Info\" \/>\n<meta property=\"og:description\" content=\"Entrevistado por&nbsp;Radio Panorama, el Dr. C\u00e9sar Monti, secretario de Salud de la Provincia, se\u00f1al\u00f3 que Santiago del Estero se encuentra... Continue reading\" \/>\n<meta property=\"og:url\" content=\"https:\/\/nativainfo.com\/?p=1736\" \/>\n<meta property=\"og:site_name\" content=\"Nativa Info\" \/>\n<meta property=\"article:publisher\" content=\"https:\/\/www.facebook.com\/profile.php?id=61578881597564\" \/>\n<meta property=\"article:published_time\" content=\"2021-05-29T03:47:39+00:00\" \/>\n<meta property=\"article:modified_time\" content=\"2021-05-29T03:47:41+00:00\" \/>\n<meta property=\"og:image\" content=\"http:\/\/nativainfo.com\/wp-content\/uploads\/2021\/05\/937x553_544306_20201013011314.jpg\" \/>\n<meta name=\"author\" content=\"Nativa Info\" \/>\n<meta name=\"twitter:card\" content=\"summary_large_image\" \/>\n<meta name=\"twitter:label1\" content=\"Escrito por\" \/>\n\t<meta name=\"twitter:data1\" content=\"Nativa Info\" \/>\n\t<meta name=\"twitter:label2\" content=\"Tiempo de lectura\" \/>\n\t<meta name=\"twitter:data2\" content=\"1 minuto\" \/>\n<script type=\"application\/ld+json\" class=\"yoast-schema-graph\">{\"@context\":\"https:\/\/schema.org\",\"@graph\":[{\"@type\":\"Article\",\"@id\":\"https:\/\/nativainfo.com\/?p=1736#article\",\"isPartOf\":{\"@id\":\"https:\/\/nativainfo.com\/?p=1736\"},\"author\":{\"name\":\"Nativa Info\",\"@id\":\"https:\/\/nativainfo.com\/#\/schema\/person\/24893b64a9cd564ddb5d102d36eb4b5c\"},\"headline\":\"El Dr. Monti se\u00f1al\u00f3 que Santiago del Estero se encuentra al l\u00edmite: &#8220;tenemos el 90% de camas ocupadas\u201d\",\"datePublished\":\"2021-05-29T03:47:39+00:00\",\"dateModified\":\"2021-05-29T03:47:41+00:00\",\"mainEntityOfPage\":{\"@id\":\"https:\/\/nativainfo.com\/?p=1736\"},\"wordCount\":220,\"commentCount\":0,\"publisher\":{\"@id\":\"https:\/\/nativainfo.com\/#organization\"},\"image\":{\"@id\":\"https:\/\/nativainfo.com\/?p=1736#primaryimage\"},\"thumbnailUrl\":\"http:\/\/nativainfo.com\/wp-content\/uploads\/2021\/05\/937x553_544306_20201013011314.jpg\",\"articleSection\":[\"Uncategorized\"],\"inLanguage\":\"es-AR\",\"potentialAction\":[{\"@type\":\"CommentAction\",\"name\":\"Comment\",\"target\":[\"https:\/\/nativainfo.com\/?p=1736#respond\"]}]},{\"@type\":\"WebPage\",\"@id\":\"https:\/\/nativainfo.com\/?p=1736\",\"url\":\"https:\/\/nativainfo.com\/?p=1736\",\"name\":\"El Dr. Monti se\u00f1al\u00f3 que Santiago del Estero se encuentra al l\u00edmite: \\\"tenemos el 90% de camas ocupadas\u201d - Nativa Info\",\"isPartOf\":{\"@id\":\"https:\/\/nativainfo.com\/#website\"},\"primaryImageOfPage\":{\"@id\":\"https:\/\/nativainfo.com\/?p=1736#primaryimage\"},\"image\":{\"@id\":\"https:\/\/nativainfo.com\/?p=1736#primaryimage\"},\"thumbnailUrl\":\"http:\/\/nativainfo.com\/wp-content\/uploads\/2021\/05\/937x553_544306_20201013011314.jpg\",\"datePublished\":\"2021-05-29T03:47:39+00:00\",\"dateModified\":\"2021-05-29T03:47:41+00:00\",\"breadcrumb\":{\"@id\":\"https:\/\/nativainfo.com\/?p=1736#breadcrumb\"},\"inLanguage\":\"es-AR\",\"potentialAction\":[{\"@type\":\"ReadAction\",\"target\":[\"https:\/\/nativainfo.com\/?p=1736\"]}]},{\"@type\":\"ImageObject\",\"inLanguage\":\"es-AR\",\"@id\":\"https:\/\/nativainfo.com\/?p=1736#primaryimage\",\"url\":\"https:\/\/nativainfo.com\/wp-content\/uploads\/2021\/05\/937x553_544306_20201013011314.jpg\",\"contentUrl\":\"https:\/\/nativainfo.com\/wp-content\/uploads\/2021\/05\/937x553_544306_20201013011314.jpg\",\"width\":937,\"height\":553},{\"@type\":\"BreadcrumbList\",\"@id\":\"https:\/\/nativainfo.com\/?p=1736#breadcrumb\",\"itemListElement\":[{\"@type\":\"ListItem\",\"position\":1,\"name\":\"Inicio\",\"item\":\"https:\/\/nativainfo.com\/\"},{\"@type\":\"ListItem\",\"position\":2,\"name\":\"El Dr. Monti se\u00f1al\u00f3 que Santiago del Estero se encuentra al l\u00edmite: &#8220;tenemos el 90% de camas ocupadas\u201d\"}]},{\"@type\":\"WebSite\",\"@id\":\"https:\/\/nativainfo.com\/#website\",\"url\":\"https:\/\/nativainfo.com\/\",\"name\":\"Nativa Info\",\"description\":\"Diario Digital\",\"publisher\":{\"@id\":\"https:\/\/nativainfo.com\/#organization\"},\"potentialAction\":[{\"@type\":\"SearchAction\",\"target\":{\"@type\":\"EntryPoint\",\"urlTemplate\":\"https:\/\/nativainfo.com\/?s={search_term_string}\"},\"query-input\":{\"@type\":\"PropertyValueSpecification\",\"valueRequired\":true,\"valueName\":\"search_term_string\"}}],\"inLanguage\":\"es-AR\"},{\"@type\":\"Organization\",\"@id\":\"https:\/\/nativainfo.com\/#organization\",\"name\":\"Nativa Info\",\"url\":\"https:\/\/nativainfo.com\/\",\"logo\":{\"@type\":\"ImageObject\",\"inLanguage\":\"es-AR\",\"@id\":\"https:\/\/nativainfo.com\/#\/schema\/logo\/image\/\",\"url\":\"https:\/\/nativainfo.com\/wp-content\/uploads\/2025\/08\/LOGO-NATIVA-FACE.jpg\",\"contentUrl\":\"https:\/\/nativainfo.com\/wp-content\/uploads\/2025\/08\/LOGO-NATIVA-FACE.jpg\",\"width\":400,\"height\":400,\"caption\":\"Nativa Info\"},\"image\":{\"@id\":\"https:\/\/nativainfo.com\/#\/schema\/logo\/image\/\"},\"sameAs\":[\"https:\/\/www.facebook.com\/profile.php?id=61578881597564\"]},{\"@type\":\"Person\",\"@id\":\"https:\/\/nativainfo.com\/#\/schema\/person\/24893b64a9cd564ddb5d102d36eb4b5c\",\"name\":\"Nativa Info\",\"image\":{\"@type\":\"ImageObject\",\"inLanguage\":\"es-AR\",\"@id\":\"https:\/\/nativainfo.com\/#\/schema\/person\/image\/\",\"url\":\"https:\/\/secure.gravatar.com\/avatar\/016fa1cf068d85136d938e1507b9b619cb766e2565cbb1faa1e571762460c785?s=96&d=mm&r=g\",\"contentUrl\":\"https:\/\/secure.gravatar.com\/avatar\/016fa1cf068d85136d938e1507b9b619cb766e2565cbb1faa1e571762460c785?s=96&d=mm&r=g\",\"caption\":\"Nativa Info\"},\"sameAs\":[\"http:\/\/nativainfo.com\"],\"url\":\"https:\/\/nativainfo.com\/?author=1\"}]}<\/script>\n<!-- \/ Yoast SEO plugin. -->","yoast_head_json":{"title":"El Dr. Monti se\u00f1al\u00f3 que Santiago del Estero se encuentra al l\u00edmite: \"tenemos el 90% de camas ocupadas\u201d - Nativa Info","robots":{"index":"index","follow":"follow","max-snippet":"max-snippet:-1","max-image-preview":"max-image-preview:large","max-video-preview":"max-video-preview:-1"},"canonical":"https:\/\/nativainfo.com\/?p=1736","og_locale":"es_ES","og_type":"article","og_title":"El Dr. Monti se\u00f1al\u00f3 que Santiago del Estero se encuentra al l\u00edmite: \"tenemos el 90% de camas ocupadas\u201d - Nativa Info","og_description":"Entrevistado por&nbsp;Radio Panorama, el Dr. C\u00e9sar Monti, secretario de Salud de la Provincia, se\u00f1al\u00f3 que Santiago del Estero se encuentra... Continue reading","og_url":"https:\/\/nativainfo.com\/?p=1736","og_site_name":"Nativa Info","article_publisher":"https:\/\/www.facebook.com\/profile.php?id=61578881597564","article_published_time":"2021-05-29T03:47:39+00:00","article_modified_time":"2021-05-29T03:47:41+00:00","og_image":[{"url":"http:\/\/nativainfo.com\/wp-content\/uploads\/2021\/05\/937x553_544306_20201013011314.jpg","type":"","width":"","height":""}],"author":"Nativa Info","twitter_card":"summary_large_image","twitter_misc":{"Escrito por":"Nativa Info","Tiempo de lectura":"1 minuto"},"schema":{"@context":"https:\/\/schema.org","@graph":[{"@type":"Article","@id":"https:\/\/nativainfo.com\/?p=1736#article","isPartOf":{"@id":"https:\/\/nativainfo.com\/?p=1736"},"author":{"name":"Nativa Info","@id":"https:\/\/nativainfo.com\/#\/schema\/person\/24893b64a9cd564ddb5d102d36eb4b5c"},"headline":"El Dr. Monti se\u00f1al\u00f3 que Santiago del Estero se encuentra al l\u00edmite: &#8220;tenemos el 90% de camas ocupadas\u201d","datePublished":"2021-05-29T03:47:39+00:00","dateModified":"2021-05-29T03:47:41+00:00","mainEntityOfPage":{"@id":"https:\/\/nativainfo.com\/?p=1736"},"wordCount":220,"commentCount":0,"publisher":{"@id":"https:\/\/nativainfo.com\/#organization"},"image":{"@id":"https:\/\/nativainfo.com\/?p=1736#primaryimage"},"thumbnailUrl":"http:\/\/nativainfo.com\/wp-content\/uploads\/2021\/05\/937x553_544306_20201013011314.jpg","articleSection":["Uncategorized"],"inLanguage":"es-AR","potentialAction":[{"@type":"CommentAction","name":"Comment","target":["https:\/\/nativainfo.com\/?p=1736#respond"]}]},{"@type":"WebPage","@id":"https:\/\/nativainfo.com\/?p=1736","url":"https:\/\/nativainfo.com\/?p=1736","name":"El Dr. Monti se\u00f1al\u00f3 que Santiago del Estero se encuentra al l\u00edmite: \"tenemos el 90% de camas ocupadas\u201d - Nativa Info","isPartOf":{"@id":"https:\/\/nativainfo.com\/#website"},"primaryImageOfPage":{"@id":"https:\/\/nativainfo.com\/?p=1736#primaryimage"},"image":{"@id":"https:\/\/nativainfo.com\/?p=1736#primaryimage"},"thumbnailUrl":"http:\/\/nativainfo.com\/wp-content\/uploads\/2021\/05\/937x553_544306_20201013011314.jpg","datePublished":"2021-05-29T03:47:39+00:00","dateModified":"2021-05-29T03:47:41+00:00","breadcrumb":{"@id":"https:\/\/nativainfo.com\/?p=1736#breadcrumb"},"inLanguage":"es-AR","potentialAction":[{"@type":"ReadAction","target":["https:\/\/nativainfo.com\/?p=1736"]}]},{"@type":"ImageObject","inLanguage":"es-AR","@id":"https:\/\/nativainfo.com\/?p=1736#primaryimage","url":"https:\/\/nativainfo.com\/wp-content\/uploads\/2021\/05\/937x553_544306_20201013011314.jpg","contentUrl":"https:\/\/nativainfo.com\/wp-content\/uploads\/2021\/05\/937x553_544306_20201013011314.jpg","width":937,"height":553},{"@type":"BreadcrumbList","@id":"https:\/\/nativainfo.com\/?p=1736#breadcrumb","itemListElement":[{"@type":"ListItem","position":1,"name":"Inicio","item":"https:\/\/nativainfo.com\/"},{"@type":"ListItem","position":2,"name":"El Dr. Monti se\u00f1al\u00f3 que Santiago del Estero se encuentra al l\u00edmite: &#8220;tenemos el 90% de camas ocupadas\u201d"}]},{"@type":"WebSite","@id":"https:\/\/nativainfo.com\/#website","url":"https:\/\/nativainfo.com\/","name":"Nativa Info","description":"Diario Digital","publisher":{"@id":"https:\/\/nativainfo.com\/#organization"},"potentialAction":[{"@type":"SearchAction","target":{"@type":"EntryPoint","urlTemplate":"https:\/\/nativainfo.com\/?s={search_term_string}"},"query-input":{"@type":"PropertyValueSpecification","valueRequired":true,"valueName":"search_term_string"}}],"inLanguage":"es-AR"},{"@type":"Organization","@id":"https:\/\/nativainfo.com\/#organization","name":"Nativa Info","url":"https:\/\/nativainfo.com\/","logo":{"@type":"ImageObject","inLanguage":"es-AR","@id":"https:\/\/nativainfo.com\/#\/schema\/logo\/image\/","url":"https:\/\/nativainfo.com\/wp-content\/uploads\/2025\/08\/LOGO-NATIVA-FACE.jpg","contentUrl":"https:\/\/nativainfo.com\/wp-content\/uploads\/2025\/08\/LOGO-NATIVA-FACE.jpg","width":400,"height":400,"caption":"Nativa Info"},"image":{"@id":"https:\/\/nativainfo.com\/#\/schema\/logo\/image\/"},"sameAs":["https:\/\/www.facebook.com\/profile.php?id=61578881597564"]},{"@type":"Person","@id":"https:\/\/nativainfo.com\/#\/schema\/person\/24893b64a9cd564ddb5d102d36eb4b5c","name":"Nativa Info","image":{"@type":"ImageObject","inLanguage":"es-AR","@id":"https:\/\/nativainfo.com\/#\/schema\/person\/image\/","url":"https:\/\/secure.gravatar.com\/avatar\/016fa1cf068d85136d938e1507b9b619cb766e2565cbb1faa1e571762460c785?s=96&d=mm&r=g","contentUrl":"https:\/\/secure.gravatar.com\/avatar\/016fa1cf068d85136d938e1507b9b619cb766e2565cbb1faa1e571762460c785?s=96&d=mm&r=g","caption":"Nativa Info"},"sameAs":["http:\/\/nativainfo.com"],"url":"https:\/\/nativainfo.com\/?author=1"}]}},"jetpack_publicize_connections":[],"_links":{"self":[{"href":"https:\/\/nativainfo.com\/index.php?rest_route=\/wp\/v2\/posts\/1736","targetHints":{"allow":["GET"]}}],"collection":[{"href":"https:\/\/nativainfo.com\/index.php?rest_route=\/wp\/v2\/posts"}],"about":[{"href":"https:\/\/nativainfo.com\/index.php?rest_route=\/wp\/v2\/types\/post"}],"author":[{"embeddable":true,"href":"https:\/\/nativainfo.com\/index.php?rest_route=\/wp\/v2\/users\/1"}],"replies":[{"embeddable":true,"href":"https:\/\/nativainfo.com\/index.php?rest_route=%2Fwp%2Fv2%2Fcomments&post=1736"}],"version-history":[{"count":1,"href":"https:\/\/nativainfo.com\/index.php?rest_route=\/wp\/v2\/posts\/1736\/revisions"}],"predecessor-version":[{"id":1740,"href":"https:\/\/nativainfo.com\/index.php?rest_route=\/wp\/v2\/posts\/1736\/revisions\/1740"}],"wp:attachment":[{"href":"https:\/\/nativainfo.com\/index.php?rest_route=%2Fwp%2Fv2%2Fmedia&parent=1736"}],"wp:term":[{"taxonomy":"category","embeddable":true,"href":"https:\/\/nativainfo.com\/index.php?rest_route=%2Fwp%2Fv2%2Fcategories&post=1736"},{"taxonomy":"post_tag","embeddable":true,"href":"https:\/\/nativainfo.com\/index.php?rest_route=%2Fwp%2Fv2%2Ftags&post=1736"}],"curies":[{"name":"wp","href":"https:\/\/api.w.org\/{rel}","templated":true}]}}