{"id":1735,"date":"2021-05-29T00:46:42","date_gmt":"2021-05-29T03:46:42","guid":{"rendered":"http:\/\/nativainfo.com\/?p=1735"},"modified":"2021-05-29T00:46:47","modified_gmt":"2021-05-29T03:46:47","slug":"facundo-isa-y-tomas-lezana-convocados-para-los-proximos-compromisos-de-los-pumas","status":"publish","type":"post","link":"https:\/\/nativainfo.com\/?p=1735","title":{"rendered":"Facundo Isa y Tom\u00e1s Lezana, convocados para los pr\u00f3ximos compromisos de Los Pumas"},"content":{"rendered":"\n<figure class=\"wp-block-image size-large\"><img fetchpriority=\"high\" decoding=\"async\" width=\"920\" height=\"460\" src=\"http:\/\/nativainfo.com\/wp-content\/uploads\/2021\/05\/920x460_39465_20201002172704.jpg\" alt=\"\" class=\"wp-image-1737\" srcset=\"https:\/\/nativainfo.com\/wp-content\/uploads\/2021\/05\/920x460_39465_20201002172704.jpg 920w, https:\/\/nativainfo.com\/wp-content\/uploads\/2021\/05\/920x460_39465_20201002172704-300x150.jpg 300w, https:\/\/nativainfo.com\/wp-content\/uploads\/2021\/05\/920x460_39465_20201002172704-768x384.jpg 768w, https:\/\/nativainfo.com\/wp-content\/uploads\/2021\/05\/920x460_39465_20201002172704-700x350.jpg 700w, https:\/\/nativainfo.com\/wp-content\/uploads\/2021\/05\/920x460_39465_20201002172704-150x75.jpg 150w\" sizes=\"(max-width: 920px) 100vw, 920px\" \/><\/figure>\n\n\n\n<p><strong>Mario Ledesma<\/strong>, entrenador de&nbsp;<strong>Los Pumas<\/strong>, la Selecci\u00f3n Argentina de rugby, anunci\u00f3 la lista de 32 jugadores jugadores para la ventana de julio, que incluye dos partidos ante&nbsp;<strong>Gales&nbsp;<\/strong>y uno m\u00e1s posiblemente con&nbsp;<strong>Rumania<\/strong>, n\u00f3mina en la que sobresalen los nombres de los santiague\u00f1os&nbsp;<strong>Facundo Isa<\/strong>&nbsp;y&nbsp;<strong>Tom\u00e1s Lezana<\/strong>.<\/p>\n\n\n\n<p><strong>Facundo Isa<\/strong>, de gran presente en el&nbsp;<strong>Toulon&nbsp;<\/strong>de&nbsp;<strong>Francia<\/strong>, y&nbsp;<strong>Tom\u00e1s Lezana<\/strong>, recientemente fichado por los&nbsp;<strong>Scarlets&nbsp;<\/strong>de&nbsp;<strong>Gales<\/strong>, buscar\u00e1n reafirmarse en el seleccionado argentino luego de su participaci\u00f3n en el Rugby Championship, la \u00faltima cita importante que tuvo el seleccionado.<\/p>\n\n\n\n<p>Por otra parte, la novedad de la convocatoria fue el nombramiento de un nuevo capit\u00e1n.\u00a0<strong>Juli\u00e1n Montoya<\/strong>\u00a0tomar\u00e1 la posta en lugar de\u00a0<strong>Pablo Matera<\/strong>.\u00a0<em>&#8220;Fue una decisi\u00f3n del Consejo no restituirle la capitan\u00eda a Pablo&#8221;<\/em>, afirm\u00f3\u00a0<strong>Ledesma<\/strong><\/p>\n\n\n\n<p>Fuente: Diario Panorama<\/p>\n","protected":false},"excerpt":{"rendered":"<p>Mario Ledesma, entrenador de&nbsp;Los Pumas, la Selecci\u00f3n Argentina de rugby, anunci\u00f3 la lista de 32 jugadores jugadores para la ventana&#8230; <a class=\"continue-reading-link\" href=\"https:\/\/nativainfo.com\/?p=1735\">Continue reading<\/a><\/p>\n","protected":false},"author":1,"featured_media":0,"comment_status":"open","ping_status":"open","sticky":false,"template":"","format":"standard","meta":{"rop_custom_images_group":[],"rop_custom_messages_group":[],"rop_publish_now":"initial","rop_publish_now_accounts":[],"rop_publish_now_history":[],"rop_publish_now_status":"pending","footnotes":"","jetpack_publicize_message":"","jetpack_publicize_feature_enabled":true,"jetpack_social_post_already_shared":false,"jetpack_social_options":{"image_generator_settings":{"template":"highway","default_image_id":0,"font":"","enabled":false},"version":2}},"categories":[10,52],"tags":[],"class_list":["post-1735","post","type-post","status-publish","format-standard","hentry","category-deportes","category-rugby"],"yoast_head":"<!-- This site is optimized with the Yoast SEO plugin v25.6 - https:\/\/yoast.com\/wordpress\/plugins\/seo\/ -->\n<title>Facundo Isa y Tom\u00e1s Lezana, convocados para los pr\u00f3ximos compromisos de Los Pumas - Nativa Info<\/title>\n<meta name=\"robots\" content=\"index, follow, max-snippet:-1, max-image-preview:large, max-video-preview:-1\" \/>\n<link rel=\"canonical\" href=\"https:\/\/nativainfo.com\/?p=1735\" \/>\n<meta property=\"og:locale\" content=\"es_ES\" \/>\n<meta property=\"og:type\" content=\"article\" \/>\n<meta property=\"og:title\" content=\"Facundo Isa y Tom\u00e1s Lezana, convocados para los pr\u00f3ximos compromisos de Los Pumas - Nativa Info\" \/>\n<meta property=\"og:description\" content=\"Mario Ledesma, entrenador de&nbsp;Los Pumas, la Selecci\u00f3n Argentina de rugby, anunci\u00f3 la lista de 32 jugadores jugadores para la ventana... Continue reading\" \/>\n<meta property=\"og:url\" content=\"https:\/\/nativainfo.com\/?p=1735\" \/>\n<meta property=\"og:site_name\" content=\"Nativa Info\" \/>\n<meta property=\"article:publisher\" content=\"https:\/\/www.facebook.com\/profile.php?id=61578881597564\" \/>\n<meta property=\"article:published_time\" content=\"2021-05-29T03:46:42+00:00\" \/>\n<meta property=\"article:modified_time\" content=\"2021-05-29T03:46:47+00:00\" \/>\n<meta property=\"og:image\" content=\"http:\/\/nativainfo.com\/wp-content\/uploads\/2021\/05\/920x460_39465_20201002172704.jpg\" \/>\n<meta name=\"author\" content=\"Nativa Info\" \/>\n<meta name=\"twitter:card\" content=\"summary_large_image\" \/>\n<meta name=\"twitter:label1\" content=\"Escrito por\" \/>\n\t<meta name=\"twitter:data1\" content=\"Nativa Info\" \/>\n\t<meta name=\"twitter:label2\" content=\"Tiempo de lectura\" \/>\n\t<meta name=\"twitter:data2\" content=\"1 minuto\" \/>\n<script type=\"application\/ld+json\" class=\"yoast-schema-graph\">{\"@context\":\"https:\/\/schema.org\",\"@graph\":[{\"@type\":\"Article\",\"@id\":\"https:\/\/nativainfo.com\/?p=1735#article\",\"isPartOf\":{\"@id\":\"https:\/\/nativainfo.com\/?p=1735\"},\"author\":{\"name\":\"Nativa Info\",\"@id\":\"https:\/\/nativainfo.com\/#\/schema\/person\/24893b64a9cd564ddb5d102d36eb4b5c\"},\"headline\":\"Facundo Isa y Tom\u00e1s Lezana, convocados para los pr\u00f3ximos compromisos de Los Pumas\",\"datePublished\":\"2021-05-29T03:46:42+00:00\",\"dateModified\":\"2021-05-29T03:46:47+00:00\",\"mainEntityOfPage\":{\"@id\":\"https:\/\/nativainfo.com\/?p=1735\"},\"wordCount\":173,\"commentCount\":0,\"publisher\":{\"@id\":\"https:\/\/nativainfo.com\/#organization\"},\"image\":{\"@id\":\"https:\/\/nativainfo.com\/?p=1735#primaryimage\"},\"thumbnailUrl\":\"http:\/\/nativainfo.com\/wp-content\/uploads\/2021\/05\/920x460_39465_20201002172704.jpg\",\"articleSection\":[\"Deportes\",\"Rugby\"],\"inLanguage\":\"es-AR\",\"potentialAction\":[{\"@type\":\"CommentAction\",\"name\":\"Comment\",\"target\":[\"https:\/\/nativainfo.com\/?p=1735#respond\"]}]},{\"@type\":\"WebPage\",\"@id\":\"https:\/\/nativainfo.com\/?p=1735\",\"url\":\"https:\/\/nativainfo.com\/?p=1735\",\"name\":\"Facundo Isa y Tom\u00e1s Lezana, convocados para los pr\u00f3ximos compromisos de Los Pumas - Nativa Info\",\"isPartOf\":{\"@id\":\"https:\/\/nativainfo.com\/#website\"},\"primaryImageOfPage\":{\"@id\":\"https:\/\/nativainfo.com\/?p=1735#primaryimage\"},\"image\":{\"@id\":\"https:\/\/nativainfo.com\/?p=1735#primaryimage\"},\"thumbnailUrl\":\"http:\/\/nativainfo.com\/wp-content\/uploads\/2021\/05\/920x460_39465_20201002172704.jpg\",\"datePublished\":\"2021-05-29T03:46:42+00:00\",\"dateModified\":\"2021-05-29T03:46:47+00:00\",\"breadcrumb\":{\"@id\":\"https:\/\/nativainfo.com\/?p=1735#breadcrumb\"},\"inLanguage\":\"es-AR\",\"potentialAction\":[{\"@type\":\"ReadAction\",\"target\":[\"https:\/\/nativainfo.com\/?p=1735\"]}]},{\"@type\":\"ImageObject\",\"inLanguage\":\"es-AR\",\"@id\":\"https:\/\/nativainfo.com\/?p=1735#primaryimage\",\"url\":\"https:\/\/nativainfo.com\/wp-content\/uploads\/2021\/05\/920x460_39465_20201002172704.jpg\",\"contentUrl\":\"https:\/\/nativainfo.com\/wp-content\/uploads\/2021\/05\/920x460_39465_20201002172704.jpg\",\"width\":920,\"height\":460},{\"@type\":\"BreadcrumbList\",\"@id\":\"https:\/\/nativainfo.com\/?p=1735#breadcrumb\",\"itemListElement\":[{\"@type\":\"ListItem\",\"position\":1,\"name\":\"Inicio\",\"item\":\"https:\/\/nativainfo.com\/\"},{\"@type\":\"ListItem\",\"position\":2,\"name\":\"Facundo Isa y Tom\u00e1s Lezana, convocados para los pr\u00f3ximos compromisos de Los Pumas\"}]},{\"@type\":\"WebSite\",\"@id\":\"https:\/\/nativainfo.com\/#website\",\"url\":\"https:\/\/nativainfo.com\/\",\"name\":\"Nativa Info\",\"description\":\"Diario Digital\",\"publisher\":{\"@id\":\"https:\/\/nativainfo.com\/#organization\"},\"potentialAction\":[{\"@type\":\"SearchAction\",\"target\":{\"@type\":\"EntryPoint\",\"urlTemplate\":\"https:\/\/nativainfo.com\/?s={search_term_string}\"},\"query-input\":{\"@type\":\"PropertyValueSpecification\",\"valueRequired\":true,\"valueName\":\"search_term_string\"}}],\"inLanguage\":\"es-AR\"},{\"@type\":\"Organization\",\"@id\":\"https:\/\/nativainfo.com\/#organization\",\"name\":\"Nativa Info\",\"url\":\"https:\/\/nativainfo.com\/\",\"logo\":{\"@type\":\"ImageObject\",\"inLanguage\":\"es-AR\",\"@id\":\"https:\/\/nativainfo.com\/#\/schema\/logo\/image\/\",\"url\":\"https:\/\/nativainfo.com\/wp-content\/uploads\/2025\/08\/LOGO-NATIVA-FACE.jpg\",\"contentUrl\":\"https:\/\/nativainfo.com\/wp-content\/uploads\/2025\/08\/LOGO-NATIVA-FACE.jpg\",\"width\":400,\"height\":400,\"caption\":\"Nativa Info\"},\"image\":{\"@id\":\"https:\/\/nativainfo.com\/#\/schema\/logo\/image\/\"},\"sameAs\":[\"https:\/\/www.facebook.com\/profile.php?id=61578881597564\"]},{\"@type\":\"Person\",\"@id\":\"https:\/\/nativainfo.com\/#\/schema\/person\/24893b64a9cd564ddb5d102d36eb4b5c\",\"name\":\"Nativa Info\",\"image\":{\"@type\":\"ImageObject\",\"inLanguage\":\"es-AR\",\"@id\":\"https:\/\/nativainfo.com\/#\/schema\/person\/image\/\",\"url\":\"https:\/\/secure.gravatar.com\/avatar\/016fa1cf068d85136d938e1507b9b619cb766e2565cbb1faa1e571762460c785?s=96&d=mm&r=g\",\"contentUrl\":\"https:\/\/secure.gravatar.com\/avatar\/016fa1cf068d85136d938e1507b9b619cb766e2565cbb1faa1e571762460c785?s=96&d=mm&r=g\",\"caption\":\"Nativa Info\"},\"sameAs\":[\"http:\/\/nativainfo.com\"],\"url\":\"https:\/\/nativainfo.com\/?author=1\"}]}<\/script>\n<!-- \/ Yoast SEO plugin. -->","yoast_head_json":{"title":"Facundo Isa y Tom\u00e1s Lezana, convocados para los pr\u00f3ximos compromisos de Los Pumas - Nativa Info","robots":{"index":"index","follow":"follow","max-snippet":"max-snippet:-1","max-image-preview":"max-image-preview:large","max-video-preview":"max-video-preview:-1"},"canonical":"https:\/\/nativainfo.com\/?p=1735","og_locale":"es_ES","og_type":"article","og_title":"Facundo Isa y Tom\u00e1s Lezana, convocados para los pr\u00f3ximos compromisos de Los Pumas - Nativa Info","og_description":"Mario Ledesma, entrenador de&nbsp;Los Pumas, la Selecci\u00f3n Argentina de rugby, anunci\u00f3 la lista de 32 jugadores jugadores para la ventana... Continue reading","og_url":"https:\/\/nativainfo.com\/?p=1735","og_site_name":"Nativa Info","article_publisher":"https:\/\/www.facebook.com\/profile.php?id=61578881597564","article_published_time":"2021-05-29T03:46:42+00:00","article_modified_time":"2021-05-29T03:46:47+00:00","og_image":[{"url":"http:\/\/nativainfo.com\/wp-content\/uploads\/2021\/05\/920x460_39465_20201002172704.jpg","type":"","width":"","height":""}],"author":"Nativa Info","twitter_card":"summary_large_image","twitter_misc":{"Escrito por":"Nativa Info","Tiempo de lectura":"1 minuto"},"schema":{"@context":"https:\/\/schema.org","@graph":[{"@type":"Article","@id":"https:\/\/nativainfo.com\/?p=1735#article","isPartOf":{"@id":"https:\/\/nativainfo.com\/?p=1735"},"author":{"name":"Nativa Info","@id":"https:\/\/nativainfo.com\/#\/schema\/person\/24893b64a9cd564ddb5d102d36eb4b5c"},"headline":"Facundo Isa y Tom\u00e1s Lezana, convocados para los pr\u00f3ximos compromisos de Los Pumas","datePublished":"2021-05-29T03:46:42+00:00","dateModified":"2021-05-29T03:46:47+00:00","mainEntityOfPage":{"@id":"https:\/\/nativainfo.com\/?p=1735"},"wordCount":173,"commentCount":0,"publisher":{"@id":"https:\/\/nativainfo.com\/#organization"},"image":{"@id":"https:\/\/nativainfo.com\/?p=1735#primaryimage"},"thumbnailUrl":"http:\/\/nativainfo.com\/wp-content\/uploads\/2021\/05\/920x460_39465_20201002172704.jpg","articleSection":["Deportes","Rugby"],"inLanguage":"es-AR","potentialAction":[{"@type":"CommentAction","name":"Comment","target":["https:\/\/nativainfo.com\/?p=1735#respond"]}]},{"@type":"WebPage","@id":"https:\/\/nativainfo.com\/?p=1735","url":"https:\/\/nativainfo.com\/?p=1735","name":"Facundo Isa y Tom\u00e1s Lezana, convocados para los pr\u00f3ximos compromisos de Los Pumas - Nativa Info","isPartOf":{"@id":"https:\/\/nativainfo.com\/#website"},"primaryImageOfPage":{"@id":"https:\/\/nativainfo.com\/?p=1735#primaryimage"},"image":{"@id":"https:\/\/nativainfo.com\/?p=1735#primaryimage"},"thumbnailUrl":"http:\/\/nativainfo.com\/wp-content\/uploads\/2021\/05\/920x460_39465_20201002172704.jpg","datePublished":"2021-05-29T03:46:42+00:00","dateModified":"2021-05-29T03:46:47+00:00","breadcrumb":{"@id":"https:\/\/nativainfo.com\/?p=1735#breadcrumb"},"inLanguage":"es-AR","potentialAction":[{"@type":"ReadAction","target":["https:\/\/nativainfo.com\/?p=1735"]}]},{"@type":"ImageObject","inLanguage":"es-AR","@id":"https:\/\/nativainfo.com\/?p=1735#primaryimage","url":"https:\/\/nativainfo.com\/wp-content\/uploads\/2021\/05\/920x460_39465_20201002172704.jpg","contentUrl":"https:\/\/nativainfo.com\/wp-content\/uploads\/2021\/05\/920x460_39465_20201002172704.jpg","width":920,"height":460},{"@type":"BreadcrumbList","@id":"https:\/\/nativainfo.com\/?p=1735#breadcrumb","itemListElement":[{"@type":"ListItem","position":1,"name":"Inicio","item":"https:\/\/nativainfo.com\/"},{"@type":"ListItem","position":2,"name":"Facundo Isa y Tom\u00e1s Lezana, convocados para los pr\u00f3ximos compromisos de Los Pumas"}]},{"@type":"WebSite","@id":"https:\/\/nativainfo.com\/#website","url":"https:\/\/nativainfo.com\/","name":"Nativa Info","description":"Diario Digital","publisher":{"@id":"https:\/\/nativainfo.com\/#organization"},"potentialAction":[{"@type":"SearchAction","target":{"@type":"EntryPoint","urlTemplate":"https:\/\/nativainfo.com\/?s={search_term_string}"},"query-input":{"@type":"PropertyValueSpecification","valueRequired":true,"valueName":"search_term_string"}}],"inLanguage":"es-AR"},{"@type":"Organization","@id":"https:\/\/nativainfo.com\/#organization","name":"Nativa Info","url":"https:\/\/nativainfo.com\/","logo":{"@type":"ImageObject","inLanguage":"es-AR","@id":"https:\/\/nativainfo.com\/#\/schema\/logo\/image\/","url":"https:\/\/nativainfo.com\/wp-content\/uploads\/2025\/08\/LOGO-NATIVA-FACE.jpg","contentUrl":"https:\/\/nativainfo.com\/wp-content\/uploads\/2025\/08\/LOGO-NATIVA-FACE.jpg","width":400,"height":400,"caption":"Nativa Info"},"image":{"@id":"https:\/\/nativainfo.com\/#\/schema\/logo\/image\/"},"sameAs":["https:\/\/www.facebook.com\/profile.php?id=61578881597564"]},{"@type":"Person","@id":"https:\/\/nativainfo.com\/#\/schema\/person\/24893b64a9cd564ddb5d102d36eb4b5c","name":"Nativa Info","image":{"@type":"ImageObject","inLanguage":"es-AR","@id":"https:\/\/nativainfo.com\/#\/schema\/person\/image\/","url":"https:\/\/secure.gravatar.com\/avatar\/016fa1cf068d85136d938e1507b9b619cb766e2565cbb1faa1e571762460c785?s=96&d=mm&r=g","contentUrl":"https:\/\/secure.gravatar.com\/avatar\/016fa1cf068d85136d938e1507b9b619cb766e2565cbb1faa1e571762460c785?s=96&d=mm&r=g","caption":"Nativa Info"},"sameAs":["http:\/\/nativainfo.com"],"url":"https:\/\/nativainfo.com\/?author=1"}]}},"jetpack_publicize_connections":[],"_links":{"self":[{"href":"https:\/\/nativainfo.com\/index.php?rest_route=\/wp\/v2\/posts\/1735","targetHints":{"allow":["GET"]}}],"collection":[{"href":"https:\/\/nativainfo.com\/index.php?rest_route=\/wp\/v2\/posts"}],"about":[{"href":"https:\/\/nativainfo.com\/index.php?rest_route=\/wp\/v2\/types\/post"}],"author":[{"embeddable":true,"href":"https:\/\/nativainfo.com\/index.php?rest_route=\/wp\/v2\/users\/1"}],"replies":[{"embeddable":true,"href":"https:\/\/nativainfo.com\/index.php?rest_route=%2Fwp%2Fv2%2Fcomments&post=1735"}],"version-history":[{"count":1,"href":"https:\/\/nativainfo.com\/index.php?rest_route=\/wp\/v2\/posts\/1735\/revisions"}],"predecessor-version":[{"id":1738,"href":"https:\/\/nativainfo.com\/index.php?rest_route=\/wp\/v2\/posts\/1735\/revisions\/1738"}],"wp:attachment":[{"href":"https:\/\/nativainfo.com\/index.php?rest_route=%2Fwp%2Fv2%2Fmedia&parent=1735"}],"wp:term":[{"taxonomy":"category","embeddable":true,"href":"https:\/\/nativainfo.com\/index.php?rest_route=%2Fwp%2Fv2%2Fcategories&post=1735"},{"taxonomy":"post_tag","embeddable":true,"href":"https:\/\/nativainfo.com\/index.php?rest_route=%2Fwp%2Fv2%2Ftags&post=1735"}],"curies":[{"name":"wp","href":"https:\/\/api.w.org\/{rel}","templated":true}]}}