{"id":1722,"date":"2021-05-25T00:07:14","date_gmt":"2021-05-25T03:07:14","guid":{"rendered":"http:\/\/nativainfo.com\/?p=1722"},"modified":"2021-05-25T00:07:18","modified_gmt":"2021-05-25T03:07:18","slug":"personas-con-obesidad-fueron-convocadas-para-recibir-la-vacuna-contra-el-coronavirus","status":"publish","type":"post","link":"https:\/\/nativainfo.com\/?p=1722","title":{"rendered":"Personas con obesidad fueron convocadas para recibir la vacuna contra el coronavirus"},"content":{"rendered":"\n<p><strong>La cartera sanitaria de Santiago del Estero lanz\u00f3 una estrategia de control para inmunizar a personas entre 18 y 59 a\u00f1os con esta condici\u00f3n de riesgo.<\/strong><\/p>\n\n\n\n<figure class=\"wp-block-image size-large\"><img fetchpriority=\"high\" decoding=\"async\" width=\"1010\" height=\"567\" src=\"http:\/\/nativainfo.com\/wp-content\/uploads\/2021\/05\/1010x567_vacunacion-382394-152844.jpg\" alt=\"\" class=\"wp-image-1726\" srcset=\"https:\/\/nativainfo.com\/wp-content\/uploads\/2021\/05\/1010x567_vacunacion-382394-152844.jpg 1010w, https:\/\/nativainfo.com\/wp-content\/uploads\/2021\/05\/1010x567_vacunacion-382394-152844-300x168.jpg 300w, https:\/\/nativainfo.com\/wp-content\/uploads\/2021\/05\/1010x567_vacunacion-382394-152844-768x431.jpg 768w, https:\/\/nativainfo.com\/wp-content\/uploads\/2021\/05\/1010x567_vacunacion-382394-152844-623x350.jpg 623w, https:\/\/nativainfo.com\/wp-content\/uploads\/2021\/05\/1010x567_vacunacion-382394-152844-150x84.jpg 150w\" sizes=\"(max-width: 1010px) 100vw, 1010px\" \/><\/figure>\n\n\n\n<p>En el marco de la&nbsp;<strong>Campa\u00f1a de Vacunaci\u00f3n COVID-19<\/strong>, el&nbsp;<strong>Ministerio de Salud de la Provincia<\/strong>&nbsp;en coordinaci\u00f3n con la&nbsp;<strong>Carrera de Nutrici\u00f3n de la UCSE<\/strong>, llevar\u00e1 adelante una estrategia de control de sobrepeso y obesidad para inmunizar a aquellas personas con estas condiciones de riesgo que todav\u00eda no recibieron la vacuna.<\/p>\n\n\n\n<p>La estrategia consiste en realizar un control de \u00edndice de masa corporal a personas entre 18 y 59 a\u00f1os, que consideren que tienen sobrepeso u obesidad, &nbsp;para luego asignarles un turno de vacunaci\u00f3n.&nbsp;<strong>Cabe aclarar que est\u00e1 destinado a &nbsp;aquellas personas con factor de riesgo obesidad o sobrepeso que no se registraron en la aplicaci\u00f3n VacunarSE hasta el 19 de mayo<\/strong>.<\/p>\n\n\n\n<p><strong>Las personas de Capital y Banda deber\u00e1n acercarse a la UPA m\u00e1s cercana a su domicilio; y en el Instituto Provincial de Rehabilitaci\u00f3n Integral (IPRI) (24 de septiembre 446)<\/strong>.<br>En estos lugares se les realizar\u00e1 el control correspondiente y se les asignar\u00e1 el turno para la vacunaci\u00f3n contra COVID-19.\u00a0<strong>Este servicio estar\u00e1 disponible desde el mi\u00e9rcoles 26 de mayo, en el horario de 8 a 13 hs.<\/strong><\/p>\n\n\n\n<p>Fuente: Diario Panorama<\/p>\n","protected":false},"excerpt":{"rendered":"<p>La cartera sanitaria de Santiago del Estero lanz\u00f3 una estrategia de control para inmunizar a personas entre 18 y 59&#8230; <a class=\"continue-reading-link\" href=\"https:\/\/nativainfo.com\/?p=1722\">Continue reading<\/a><\/p>\n","protected":false},"author":1,"featured_media":0,"comment_status":"open","ping_status":"open","sticky":false,"template":"","format":"standard","meta":{"rop_custom_images_group":[],"rop_custom_messages_group":[],"rop_publish_now":"initial","rop_publish_now_accounts":[],"rop_publish_now_history":[],"rop_publish_now_status":"pending","footnotes":"","jetpack_publicize_message":"","jetpack_publicize_feature_enabled":true,"jetpack_social_post_already_shared":false,"jetpack_social_options":{"image_generator_settings":{"template":"highway","default_image_id":0,"font":"","enabled":false},"version":2}},"categories":[14,15],"tags":[],"class_list":["post-1722","post","type-post","status-publish","format-standard","hentry","category-coronavirus","category-salud"],"yoast_head":"<!-- This site is optimized with the Yoast SEO plugin v25.6 - https:\/\/yoast.com\/wordpress\/plugins\/seo\/ -->\n<title>Personas con obesidad fueron convocadas para recibir la vacuna contra el coronavirus - Nativa Info<\/title>\n<meta name=\"robots\" content=\"index, follow, max-snippet:-1, max-image-preview:large, max-video-preview:-1\" \/>\n<link rel=\"canonical\" href=\"https:\/\/nativainfo.com\/?p=1722\" \/>\n<meta property=\"og:locale\" content=\"es_ES\" \/>\n<meta property=\"og:type\" content=\"article\" \/>\n<meta property=\"og:title\" content=\"Personas con obesidad fueron convocadas para recibir la vacuna contra el coronavirus - Nativa Info\" \/>\n<meta property=\"og:description\" content=\"La cartera sanitaria de Santiago del Estero lanz\u00f3 una estrategia de control para inmunizar a personas entre 18 y 59... Continue reading\" \/>\n<meta property=\"og:url\" content=\"https:\/\/nativainfo.com\/?p=1722\" \/>\n<meta property=\"og:site_name\" content=\"Nativa Info\" \/>\n<meta property=\"article:publisher\" content=\"https:\/\/www.facebook.com\/profile.php?id=61578881597564\" \/>\n<meta property=\"article:published_time\" content=\"2021-05-25T03:07:14+00:00\" \/>\n<meta property=\"article:modified_time\" content=\"2021-05-25T03:07:18+00:00\" \/>\n<meta property=\"og:image\" content=\"http:\/\/nativainfo.com\/wp-content\/uploads\/2021\/05\/1010x567_vacunacion-382394-152844.jpg\" \/>\n<meta name=\"author\" content=\"Nativa Info\" \/>\n<meta name=\"twitter:card\" content=\"summary_large_image\" \/>\n<meta name=\"twitter:label1\" content=\"Escrito por\" \/>\n\t<meta name=\"twitter:data1\" content=\"Nativa Info\" \/>\n\t<meta name=\"twitter:label2\" content=\"Tiempo de lectura\" \/>\n\t<meta name=\"twitter:data2\" content=\"1 minuto\" \/>\n<script type=\"application\/ld+json\" class=\"yoast-schema-graph\">{\"@context\":\"https:\/\/schema.org\",\"@graph\":[{\"@type\":\"Article\",\"@id\":\"https:\/\/nativainfo.com\/?p=1722#article\",\"isPartOf\":{\"@id\":\"https:\/\/nativainfo.com\/?p=1722\"},\"author\":{\"name\":\"Nativa Info\",\"@id\":\"https:\/\/nativainfo.com\/#\/schema\/person\/24893b64a9cd564ddb5d102d36eb4b5c\"},\"headline\":\"Personas con obesidad fueron convocadas para recibir la vacuna contra el coronavirus\",\"datePublished\":\"2021-05-25T03:07:14+00:00\",\"dateModified\":\"2021-05-25T03:07:18+00:00\",\"mainEntityOfPage\":{\"@id\":\"https:\/\/nativainfo.com\/?p=1722\"},\"wordCount\":233,\"commentCount\":0,\"publisher\":{\"@id\":\"https:\/\/nativainfo.com\/#organization\"},\"image\":{\"@id\":\"https:\/\/nativainfo.com\/?p=1722#primaryimage\"},\"thumbnailUrl\":\"http:\/\/nativainfo.com\/wp-content\/uploads\/2021\/05\/1010x567_vacunacion-382394-152844.jpg\",\"articleSection\":[\"Coronavirus\",\"Salud\"],\"inLanguage\":\"es-AR\",\"potentialAction\":[{\"@type\":\"CommentAction\",\"name\":\"Comment\",\"target\":[\"https:\/\/nativainfo.com\/?p=1722#respond\"]}]},{\"@type\":\"WebPage\",\"@id\":\"https:\/\/nativainfo.com\/?p=1722\",\"url\":\"https:\/\/nativainfo.com\/?p=1722\",\"name\":\"Personas con obesidad fueron convocadas para recibir la vacuna contra el coronavirus - Nativa Info\",\"isPartOf\":{\"@id\":\"https:\/\/nativainfo.com\/#website\"},\"primaryImageOfPage\":{\"@id\":\"https:\/\/nativainfo.com\/?p=1722#primaryimage\"},\"image\":{\"@id\":\"https:\/\/nativainfo.com\/?p=1722#primaryimage\"},\"thumbnailUrl\":\"http:\/\/nativainfo.com\/wp-content\/uploads\/2021\/05\/1010x567_vacunacion-382394-152844.jpg\",\"datePublished\":\"2021-05-25T03:07:14+00:00\",\"dateModified\":\"2021-05-25T03:07:18+00:00\",\"breadcrumb\":{\"@id\":\"https:\/\/nativainfo.com\/?p=1722#breadcrumb\"},\"inLanguage\":\"es-AR\",\"potentialAction\":[{\"@type\":\"ReadAction\",\"target\":[\"https:\/\/nativainfo.com\/?p=1722\"]}]},{\"@type\":\"ImageObject\",\"inLanguage\":\"es-AR\",\"@id\":\"https:\/\/nativainfo.com\/?p=1722#primaryimage\",\"url\":\"https:\/\/nativainfo.com\/wp-content\/uploads\/2021\/05\/1010x567_vacunacion-382394-152844.jpg\",\"contentUrl\":\"https:\/\/nativainfo.com\/wp-content\/uploads\/2021\/05\/1010x567_vacunacion-382394-152844.jpg\",\"width\":1010,\"height\":567},{\"@type\":\"BreadcrumbList\",\"@id\":\"https:\/\/nativainfo.com\/?p=1722#breadcrumb\",\"itemListElement\":[{\"@type\":\"ListItem\",\"position\":1,\"name\":\"Inicio\",\"item\":\"https:\/\/nativainfo.com\/\"},{\"@type\":\"ListItem\",\"position\":2,\"name\":\"Personas con obesidad fueron convocadas para recibir la vacuna contra el coronavirus\"}]},{\"@type\":\"WebSite\",\"@id\":\"https:\/\/nativainfo.com\/#website\",\"url\":\"https:\/\/nativainfo.com\/\",\"name\":\"Nativa Info\",\"description\":\"Diario Digital\",\"publisher\":{\"@id\":\"https:\/\/nativainfo.com\/#organization\"},\"potentialAction\":[{\"@type\":\"SearchAction\",\"target\":{\"@type\":\"EntryPoint\",\"urlTemplate\":\"https:\/\/nativainfo.com\/?s={search_term_string}\"},\"query-input\":{\"@type\":\"PropertyValueSpecification\",\"valueRequired\":true,\"valueName\":\"search_term_string\"}}],\"inLanguage\":\"es-AR\"},{\"@type\":\"Organization\",\"@id\":\"https:\/\/nativainfo.com\/#organization\",\"name\":\"Nativa Info\",\"url\":\"https:\/\/nativainfo.com\/\",\"logo\":{\"@type\":\"ImageObject\",\"inLanguage\":\"es-AR\",\"@id\":\"https:\/\/nativainfo.com\/#\/schema\/logo\/image\/\",\"url\":\"https:\/\/nativainfo.com\/wp-content\/uploads\/2025\/08\/LOGO-NATIVA-FACE.jpg\",\"contentUrl\":\"https:\/\/nativainfo.com\/wp-content\/uploads\/2025\/08\/LOGO-NATIVA-FACE.jpg\",\"width\":400,\"height\":400,\"caption\":\"Nativa Info\"},\"image\":{\"@id\":\"https:\/\/nativainfo.com\/#\/schema\/logo\/image\/\"},\"sameAs\":[\"https:\/\/www.facebook.com\/profile.php?id=61578881597564\"]},{\"@type\":\"Person\",\"@id\":\"https:\/\/nativainfo.com\/#\/schema\/person\/24893b64a9cd564ddb5d102d36eb4b5c\",\"name\":\"Nativa Info\",\"image\":{\"@type\":\"ImageObject\",\"inLanguage\":\"es-AR\",\"@id\":\"https:\/\/nativainfo.com\/#\/schema\/person\/image\/\",\"url\":\"https:\/\/secure.gravatar.com\/avatar\/016fa1cf068d85136d938e1507b9b619cb766e2565cbb1faa1e571762460c785?s=96&d=mm&r=g\",\"contentUrl\":\"https:\/\/secure.gravatar.com\/avatar\/016fa1cf068d85136d938e1507b9b619cb766e2565cbb1faa1e571762460c785?s=96&d=mm&r=g\",\"caption\":\"Nativa Info\"},\"sameAs\":[\"http:\/\/nativainfo.com\"],\"url\":\"https:\/\/nativainfo.com\/?author=1\"}]}<\/script>\n<!-- \/ Yoast SEO plugin. -->","yoast_head_json":{"title":"Personas con obesidad fueron convocadas para recibir la vacuna contra el coronavirus - Nativa Info","robots":{"index":"index","follow":"follow","max-snippet":"max-snippet:-1","max-image-preview":"max-image-preview:large","max-video-preview":"max-video-preview:-1"},"canonical":"https:\/\/nativainfo.com\/?p=1722","og_locale":"es_ES","og_type":"article","og_title":"Personas con obesidad fueron convocadas para recibir la vacuna contra el coronavirus - Nativa Info","og_description":"La cartera sanitaria de Santiago del Estero lanz\u00f3 una estrategia de control para inmunizar a personas entre 18 y 59... Continue reading","og_url":"https:\/\/nativainfo.com\/?p=1722","og_site_name":"Nativa Info","article_publisher":"https:\/\/www.facebook.com\/profile.php?id=61578881597564","article_published_time":"2021-05-25T03:07:14+00:00","article_modified_time":"2021-05-25T03:07:18+00:00","og_image":[{"url":"http:\/\/nativainfo.com\/wp-content\/uploads\/2021\/05\/1010x567_vacunacion-382394-152844.jpg","type":"","width":"","height":""}],"author":"Nativa Info","twitter_card":"summary_large_image","twitter_misc":{"Escrito por":"Nativa Info","Tiempo de lectura":"1 minuto"},"schema":{"@context":"https:\/\/schema.org","@graph":[{"@type":"Article","@id":"https:\/\/nativainfo.com\/?p=1722#article","isPartOf":{"@id":"https:\/\/nativainfo.com\/?p=1722"},"author":{"name":"Nativa Info","@id":"https:\/\/nativainfo.com\/#\/schema\/person\/24893b64a9cd564ddb5d102d36eb4b5c"},"headline":"Personas con obesidad fueron convocadas para recibir la vacuna contra el coronavirus","datePublished":"2021-05-25T03:07:14+00:00","dateModified":"2021-05-25T03:07:18+00:00","mainEntityOfPage":{"@id":"https:\/\/nativainfo.com\/?p=1722"},"wordCount":233,"commentCount":0,"publisher":{"@id":"https:\/\/nativainfo.com\/#organization"},"image":{"@id":"https:\/\/nativainfo.com\/?p=1722#primaryimage"},"thumbnailUrl":"http:\/\/nativainfo.com\/wp-content\/uploads\/2021\/05\/1010x567_vacunacion-382394-152844.jpg","articleSection":["Coronavirus","Salud"],"inLanguage":"es-AR","potentialAction":[{"@type":"CommentAction","name":"Comment","target":["https:\/\/nativainfo.com\/?p=1722#respond"]}]},{"@type":"WebPage","@id":"https:\/\/nativainfo.com\/?p=1722","url":"https:\/\/nativainfo.com\/?p=1722","name":"Personas con obesidad fueron convocadas para recibir la vacuna contra el coronavirus - Nativa Info","isPartOf":{"@id":"https:\/\/nativainfo.com\/#website"},"primaryImageOfPage":{"@id":"https:\/\/nativainfo.com\/?p=1722#primaryimage"},"image":{"@id":"https:\/\/nativainfo.com\/?p=1722#primaryimage"},"thumbnailUrl":"http:\/\/nativainfo.com\/wp-content\/uploads\/2021\/05\/1010x567_vacunacion-382394-152844.jpg","datePublished":"2021-05-25T03:07:14+00:00","dateModified":"2021-05-25T03:07:18+00:00","breadcrumb":{"@id":"https:\/\/nativainfo.com\/?p=1722#breadcrumb"},"inLanguage":"es-AR","potentialAction":[{"@type":"ReadAction","target":["https:\/\/nativainfo.com\/?p=1722"]}]},{"@type":"ImageObject","inLanguage":"es-AR","@id":"https:\/\/nativainfo.com\/?p=1722#primaryimage","url":"https:\/\/nativainfo.com\/wp-content\/uploads\/2021\/05\/1010x567_vacunacion-382394-152844.jpg","contentUrl":"https:\/\/nativainfo.com\/wp-content\/uploads\/2021\/05\/1010x567_vacunacion-382394-152844.jpg","width":1010,"height":567},{"@type":"BreadcrumbList","@id":"https:\/\/nativainfo.com\/?p=1722#breadcrumb","itemListElement":[{"@type":"ListItem","position":1,"name":"Inicio","item":"https:\/\/nativainfo.com\/"},{"@type":"ListItem","position":2,"name":"Personas con obesidad fueron convocadas para recibir la vacuna contra el coronavirus"}]},{"@type":"WebSite","@id":"https:\/\/nativainfo.com\/#website","url":"https:\/\/nativainfo.com\/","name":"Nativa Info","description":"Diario Digital","publisher":{"@id":"https:\/\/nativainfo.com\/#organization"},"potentialAction":[{"@type":"SearchAction","target":{"@type":"EntryPoint","urlTemplate":"https:\/\/nativainfo.com\/?s={search_term_string}"},"query-input":{"@type":"PropertyValueSpecification","valueRequired":true,"valueName":"search_term_string"}}],"inLanguage":"es-AR"},{"@type":"Organization","@id":"https:\/\/nativainfo.com\/#organization","name":"Nativa Info","url":"https:\/\/nativainfo.com\/","logo":{"@type":"ImageObject","inLanguage":"es-AR","@id":"https:\/\/nativainfo.com\/#\/schema\/logo\/image\/","url":"https:\/\/nativainfo.com\/wp-content\/uploads\/2025\/08\/LOGO-NATIVA-FACE.jpg","contentUrl":"https:\/\/nativainfo.com\/wp-content\/uploads\/2025\/08\/LOGO-NATIVA-FACE.jpg","width":400,"height":400,"caption":"Nativa Info"},"image":{"@id":"https:\/\/nativainfo.com\/#\/schema\/logo\/image\/"},"sameAs":["https:\/\/www.facebook.com\/profile.php?id=61578881597564"]},{"@type":"Person","@id":"https:\/\/nativainfo.com\/#\/schema\/person\/24893b64a9cd564ddb5d102d36eb4b5c","name":"Nativa Info","image":{"@type":"ImageObject","inLanguage":"es-AR","@id":"https:\/\/nativainfo.com\/#\/schema\/person\/image\/","url":"https:\/\/secure.gravatar.com\/avatar\/016fa1cf068d85136d938e1507b9b619cb766e2565cbb1faa1e571762460c785?s=96&d=mm&r=g","contentUrl":"https:\/\/secure.gravatar.com\/avatar\/016fa1cf068d85136d938e1507b9b619cb766e2565cbb1faa1e571762460c785?s=96&d=mm&r=g","caption":"Nativa Info"},"sameAs":["http:\/\/nativainfo.com"],"url":"https:\/\/nativainfo.com\/?author=1"}]}},"jetpack_publicize_connections":[],"_links":{"self":[{"href":"https:\/\/nativainfo.com\/index.php?rest_route=\/wp\/v2\/posts\/1722","targetHints":{"allow":["GET"]}}],"collection":[{"href":"https:\/\/nativainfo.com\/index.php?rest_route=\/wp\/v2\/posts"}],"about":[{"href":"https:\/\/nativainfo.com\/index.php?rest_route=\/wp\/v2\/types\/post"}],"author":[{"embeddable":true,"href":"https:\/\/nativainfo.com\/index.php?rest_route=\/wp\/v2\/users\/1"}],"replies":[{"embeddable":true,"href":"https:\/\/nativainfo.com\/index.php?rest_route=%2Fwp%2Fv2%2Fcomments&post=1722"}],"version-history":[{"count":1,"href":"https:\/\/nativainfo.com\/index.php?rest_route=\/wp\/v2\/posts\/1722\/revisions"}],"predecessor-version":[{"id":1727,"href":"https:\/\/nativainfo.com\/index.php?rest_route=\/wp\/v2\/posts\/1722\/revisions\/1727"}],"wp:attachment":[{"href":"https:\/\/nativainfo.com\/index.php?rest_route=%2Fwp%2Fv2%2Fmedia&parent=1722"}],"wp:term":[{"taxonomy":"category","embeddable":true,"href":"https:\/\/nativainfo.com\/index.php?rest_route=%2Fwp%2Fv2%2Fcategories&post=1722"},{"taxonomy":"post_tag","embeddable":true,"href":"https:\/\/nativainfo.com\/index.php?rest_route=%2Fwp%2Fv2%2Ftags&post=1722"}],"curies":[{"name":"wp","href":"https:\/\/api.w.org\/{rel}","templated":true}]}}