{"id":1714,"date":"2021-05-22T00:01:26","date_gmt":"2021-05-22T03:01:26","guid":{"rendered":"http:\/\/nativainfo.com\/?p=1714"},"modified":"2021-05-22T00:01:35","modified_gmt":"2021-05-22T03:01:35","slug":"el-barcelona-llego-a-un-acuerdo-para-fichar-por-dos-anos-a-sergio-aguero-y-lo-anunciaria-tras-la-final-de-la-champions","status":"publish","type":"post","link":"https:\/\/nativainfo.com\/?p=1714","title":{"rendered":"El Barcelona lleg\u00f3 a un acuerdo para fichar por dos a\u00f1os a Sergio Ag\u00fcero"},"content":{"rendered":"\n<p>Se conocieron nuevos detalles del contrato que firmar\u00e1 el Kun con el elenco catal\u00e1n.<\/p>\n\n\n\n<figure class=\"wp-block-image size-large\"><img fetchpriority=\"high\" decoding=\"async\" width=\"992\" height=\"661\" src=\"http:\/\/nativainfo.com\/wp-content\/uploads\/2021\/05\/FTKZ5LLTBBCCZLE6BZPGK3JS24.jpg\" alt=\"\" class=\"wp-image-1716\" srcset=\"https:\/\/nativainfo.com\/wp-content\/uploads\/2021\/05\/FTKZ5LLTBBCCZLE6BZPGK3JS24.jpg 992w, https:\/\/nativainfo.com\/wp-content\/uploads\/2021\/05\/FTKZ5LLTBBCCZLE6BZPGK3JS24-300x200.jpg 300w, https:\/\/nativainfo.com\/wp-content\/uploads\/2021\/05\/FTKZ5LLTBBCCZLE6BZPGK3JS24-768x512.jpg 768w, https:\/\/nativainfo.com\/wp-content\/uploads\/2021\/05\/FTKZ5LLTBBCCZLE6BZPGK3JS24-525x350.jpg 525w, https:\/\/nativainfo.com\/wp-content\/uploads\/2021\/05\/FTKZ5LLTBBCCZLE6BZPGK3JS24-150x100.jpg 150w\" sizes=\"(max-width: 992px) 100vw, 992px\" \/><\/figure>\n\n\n\n<p>Hace ya tiempo que es un secreto a voces, pero por el momento hay cuestiones legales que impiden hacer el anuncio oficial:\u00a0<strong>Sergio Ag\u00fcero\u00a0<\/strong>se sumar\u00e1 al\u00a0<strong>Barcelona\u00a0<\/strong>a partir de la pr\u00f3xima temporada y as\u00ed pondr\u00e1 fin a una d\u00e9cada de grandes \u00e9xitos con el\u00a0<strong>Manchester City.<\/strong>\u00a0En las \u00faltimas horas se conocieron detalles del contrato que ligar\u00e1 al Kun con la entidad catalana, donde compartir\u00e1 delantera con su gran amigo<strong>\u00a0Lionel Messi.<\/strong><\/p>\n\n\n\n<p>El gran\u00a0<strong>anuncio de la llegada del Kun se har\u00e1 una vez que termine la actual Champions Leag<\/strong>ue, en la que el\u00a0<strong>Manchester City<\/strong>\u00a0se enfrentar\u00e1 en la final al\u00a0<strong>Chelsea.<\/strong>\u00a0El duelo que se disputar\u00e1 el pr\u00f3ximo s\u00e1bado 29 de mayo en el estadio do Dragao de Oporto, Portugal, significar\u00e1 el punto final para el paso del argentino por el elenco Ciudadano.<\/p>\n\n\n\n<p>Fuente: Infobae<\/p>\n","protected":false},"excerpt":{"rendered":"<p>Se conocieron nuevos detalles del contrato que firmar\u00e1 el Kun con el elenco catal\u00e1n. Hace ya tiempo que es un&#8230; <a class=\"continue-reading-link\" href=\"https:\/\/nativainfo.com\/?p=1714\">Continue reading<\/a><\/p>\n","protected":false},"author":1,"featured_media":0,"comment_status":"open","ping_status":"open","sticky":false,"template":"","format":"standard","meta":{"rop_custom_images_group":[],"rop_custom_messages_group":[],"rop_publish_now":"initial","rop_publish_now_accounts":[],"rop_publish_now_history":[],"rop_publish_now_status":"pending","footnotes":"","jetpack_publicize_message":"","jetpack_publicize_feature_enabled":true,"jetpack_social_post_already_shared":false,"jetpack_social_options":{"image_generator_settings":{"template":"highway","default_image_id":0,"font":"","enabled":false},"version":2}},"categories":[10,35],"tags":[],"class_list":["post-1714","post","type-post","status-publish","format-standard","hentry","category-deportes","category-futbol-internacional"],"yoast_head":"<!-- This site is optimized with the Yoast SEO plugin v25.6 - https:\/\/yoast.com\/wordpress\/plugins\/seo\/ -->\n<title>El Barcelona lleg\u00f3 a un acuerdo para fichar por dos a\u00f1os a Sergio Ag\u00fcero - Nativa Info<\/title>\n<meta name=\"robots\" content=\"index, follow, max-snippet:-1, max-image-preview:large, max-video-preview:-1\" \/>\n<link rel=\"canonical\" href=\"https:\/\/nativainfo.com\/?p=1714\" \/>\n<meta property=\"og:locale\" content=\"es_ES\" \/>\n<meta property=\"og:type\" content=\"article\" \/>\n<meta property=\"og:title\" content=\"El Barcelona lleg\u00f3 a un acuerdo para fichar por dos a\u00f1os a Sergio Ag\u00fcero - Nativa Info\" \/>\n<meta property=\"og:description\" content=\"Se conocieron nuevos detalles del contrato que firmar\u00e1 el Kun con el elenco catal\u00e1n. Hace ya tiempo que es un... Continue reading\" \/>\n<meta property=\"og:url\" content=\"https:\/\/nativainfo.com\/?p=1714\" \/>\n<meta property=\"og:site_name\" content=\"Nativa Info\" \/>\n<meta property=\"article:publisher\" content=\"https:\/\/www.facebook.com\/profile.php?id=61578881597564\" \/>\n<meta property=\"article:published_time\" content=\"2021-05-22T03:01:26+00:00\" \/>\n<meta property=\"article:modified_time\" content=\"2021-05-22T03:01:35+00:00\" \/>\n<meta property=\"og:image\" content=\"http:\/\/nativainfo.com\/wp-content\/uploads\/2021\/05\/FTKZ5LLTBBCCZLE6BZPGK3JS24.jpg\" \/>\n<meta name=\"author\" content=\"Nativa Info\" \/>\n<meta name=\"twitter:card\" content=\"summary_large_image\" \/>\n<meta name=\"twitter:label1\" content=\"Escrito por\" \/>\n\t<meta name=\"twitter:data1\" content=\"Nativa Info\" \/>\n\t<meta name=\"twitter:label2\" content=\"Tiempo de lectura\" \/>\n\t<meta name=\"twitter:data2\" content=\"1 minuto\" \/>\n<script type=\"application\/ld+json\" class=\"yoast-schema-graph\">{\"@context\":\"https:\/\/schema.org\",\"@graph\":[{\"@type\":\"Article\",\"@id\":\"https:\/\/nativainfo.com\/?p=1714#article\",\"isPartOf\":{\"@id\":\"https:\/\/nativainfo.com\/?p=1714\"},\"author\":{\"name\":\"Nativa Info\",\"@id\":\"https:\/\/nativainfo.com\/#\/schema\/person\/24893b64a9cd564ddb5d102d36eb4b5c\"},\"headline\":\"El Barcelona lleg\u00f3 a un acuerdo para fichar por dos a\u00f1os a Sergio Ag\u00fcero\",\"datePublished\":\"2021-05-22T03:01:26+00:00\",\"dateModified\":\"2021-05-22T03:01:35+00:00\",\"mainEntityOfPage\":{\"@id\":\"https:\/\/nativainfo.com\/?p=1714\"},\"wordCount\":174,\"commentCount\":0,\"publisher\":{\"@id\":\"https:\/\/nativainfo.com\/#organization\"},\"image\":{\"@id\":\"https:\/\/nativainfo.com\/?p=1714#primaryimage\"},\"thumbnailUrl\":\"http:\/\/nativainfo.com\/wp-content\/uploads\/2021\/05\/FTKZ5LLTBBCCZLE6BZPGK3JS24.jpg\",\"articleSection\":[\"Deportes\",\"F\u00fatbol Internacional\"],\"inLanguage\":\"es-AR\",\"potentialAction\":[{\"@type\":\"CommentAction\",\"name\":\"Comment\",\"target\":[\"https:\/\/nativainfo.com\/?p=1714#respond\"]}]},{\"@type\":\"WebPage\",\"@id\":\"https:\/\/nativainfo.com\/?p=1714\",\"url\":\"https:\/\/nativainfo.com\/?p=1714\",\"name\":\"El Barcelona lleg\u00f3 a un acuerdo para fichar por dos a\u00f1os a Sergio Ag\u00fcero - Nativa Info\",\"isPartOf\":{\"@id\":\"https:\/\/nativainfo.com\/#website\"},\"primaryImageOfPage\":{\"@id\":\"https:\/\/nativainfo.com\/?p=1714#primaryimage\"},\"image\":{\"@id\":\"https:\/\/nativainfo.com\/?p=1714#primaryimage\"},\"thumbnailUrl\":\"http:\/\/nativainfo.com\/wp-content\/uploads\/2021\/05\/FTKZ5LLTBBCCZLE6BZPGK3JS24.jpg\",\"datePublished\":\"2021-05-22T03:01:26+00:00\",\"dateModified\":\"2021-05-22T03:01:35+00:00\",\"breadcrumb\":{\"@id\":\"https:\/\/nativainfo.com\/?p=1714#breadcrumb\"},\"inLanguage\":\"es-AR\",\"potentialAction\":[{\"@type\":\"ReadAction\",\"target\":[\"https:\/\/nativainfo.com\/?p=1714\"]}]},{\"@type\":\"ImageObject\",\"inLanguage\":\"es-AR\",\"@id\":\"https:\/\/nativainfo.com\/?p=1714#primaryimage\",\"url\":\"https:\/\/nativainfo.com\/wp-content\/uploads\/2021\/05\/FTKZ5LLTBBCCZLE6BZPGK3JS24.jpg\",\"contentUrl\":\"https:\/\/nativainfo.com\/wp-content\/uploads\/2021\/05\/FTKZ5LLTBBCCZLE6BZPGK3JS24.jpg\",\"width\":992,\"height\":661},{\"@type\":\"BreadcrumbList\",\"@id\":\"https:\/\/nativainfo.com\/?p=1714#breadcrumb\",\"itemListElement\":[{\"@type\":\"ListItem\",\"position\":1,\"name\":\"Inicio\",\"item\":\"https:\/\/nativainfo.com\/\"},{\"@type\":\"ListItem\",\"position\":2,\"name\":\"El Barcelona lleg\u00f3 a un acuerdo para fichar por dos a\u00f1os a Sergio Ag\u00fcero\"}]},{\"@type\":\"WebSite\",\"@id\":\"https:\/\/nativainfo.com\/#website\",\"url\":\"https:\/\/nativainfo.com\/\",\"name\":\"Nativa Info\",\"description\":\"Diario Digital\",\"publisher\":{\"@id\":\"https:\/\/nativainfo.com\/#organization\"},\"potentialAction\":[{\"@type\":\"SearchAction\",\"target\":{\"@type\":\"EntryPoint\",\"urlTemplate\":\"https:\/\/nativainfo.com\/?s={search_term_string}\"},\"query-input\":{\"@type\":\"PropertyValueSpecification\",\"valueRequired\":true,\"valueName\":\"search_term_string\"}}],\"inLanguage\":\"es-AR\"},{\"@type\":\"Organization\",\"@id\":\"https:\/\/nativainfo.com\/#organization\",\"name\":\"Nativa Info\",\"url\":\"https:\/\/nativainfo.com\/\",\"logo\":{\"@type\":\"ImageObject\",\"inLanguage\":\"es-AR\",\"@id\":\"https:\/\/nativainfo.com\/#\/schema\/logo\/image\/\",\"url\":\"https:\/\/nativainfo.com\/wp-content\/uploads\/2025\/08\/LOGO-NATIVA-FACE.jpg\",\"contentUrl\":\"https:\/\/nativainfo.com\/wp-content\/uploads\/2025\/08\/LOGO-NATIVA-FACE.jpg\",\"width\":400,\"height\":400,\"caption\":\"Nativa Info\"},\"image\":{\"@id\":\"https:\/\/nativainfo.com\/#\/schema\/logo\/image\/\"},\"sameAs\":[\"https:\/\/www.facebook.com\/profile.php?id=61578881597564\"]},{\"@type\":\"Person\",\"@id\":\"https:\/\/nativainfo.com\/#\/schema\/person\/24893b64a9cd564ddb5d102d36eb4b5c\",\"name\":\"Nativa Info\",\"image\":{\"@type\":\"ImageObject\",\"inLanguage\":\"es-AR\",\"@id\":\"https:\/\/nativainfo.com\/#\/schema\/person\/image\/\",\"url\":\"https:\/\/secure.gravatar.com\/avatar\/016fa1cf068d85136d938e1507b9b619cb766e2565cbb1faa1e571762460c785?s=96&d=mm&r=g\",\"contentUrl\":\"https:\/\/secure.gravatar.com\/avatar\/016fa1cf068d85136d938e1507b9b619cb766e2565cbb1faa1e571762460c785?s=96&d=mm&r=g\",\"caption\":\"Nativa Info\"},\"sameAs\":[\"http:\/\/nativainfo.com\"],\"url\":\"https:\/\/nativainfo.com\/?author=1\"}]}<\/script>\n<!-- \/ Yoast SEO plugin. -->","yoast_head_json":{"title":"El Barcelona lleg\u00f3 a un acuerdo para fichar por dos a\u00f1os a Sergio Ag\u00fcero - Nativa Info","robots":{"index":"index","follow":"follow","max-snippet":"max-snippet:-1","max-image-preview":"max-image-preview:large","max-video-preview":"max-video-preview:-1"},"canonical":"https:\/\/nativainfo.com\/?p=1714","og_locale":"es_ES","og_type":"article","og_title":"El Barcelona lleg\u00f3 a un acuerdo para fichar por dos a\u00f1os a Sergio Ag\u00fcero - Nativa Info","og_description":"Se conocieron nuevos detalles del contrato que firmar\u00e1 el Kun con el elenco catal\u00e1n. Hace ya tiempo que es un... Continue reading","og_url":"https:\/\/nativainfo.com\/?p=1714","og_site_name":"Nativa Info","article_publisher":"https:\/\/www.facebook.com\/profile.php?id=61578881597564","article_published_time":"2021-05-22T03:01:26+00:00","article_modified_time":"2021-05-22T03:01:35+00:00","og_image":[{"url":"http:\/\/nativainfo.com\/wp-content\/uploads\/2021\/05\/FTKZ5LLTBBCCZLE6BZPGK3JS24.jpg","type":"","width":"","height":""}],"author":"Nativa Info","twitter_card":"summary_large_image","twitter_misc":{"Escrito por":"Nativa Info","Tiempo de lectura":"1 minuto"},"schema":{"@context":"https:\/\/schema.org","@graph":[{"@type":"Article","@id":"https:\/\/nativainfo.com\/?p=1714#article","isPartOf":{"@id":"https:\/\/nativainfo.com\/?p=1714"},"author":{"name":"Nativa Info","@id":"https:\/\/nativainfo.com\/#\/schema\/person\/24893b64a9cd564ddb5d102d36eb4b5c"},"headline":"El Barcelona lleg\u00f3 a un acuerdo para fichar por dos a\u00f1os a Sergio Ag\u00fcero","datePublished":"2021-05-22T03:01:26+00:00","dateModified":"2021-05-22T03:01:35+00:00","mainEntityOfPage":{"@id":"https:\/\/nativainfo.com\/?p=1714"},"wordCount":174,"commentCount":0,"publisher":{"@id":"https:\/\/nativainfo.com\/#organization"},"image":{"@id":"https:\/\/nativainfo.com\/?p=1714#primaryimage"},"thumbnailUrl":"http:\/\/nativainfo.com\/wp-content\/uploads\/2021\/05\/FTKZ5LLTBBCCZLE6BZPGK3JS24.jpg","articleSection":["Deportes","F\u00fatbol Internacional"],"inLanguage":"es-AR","potentialAction":[{"@type":"CommentAction","name":"Comment","target":["https:\/\/nativainfo.com\/?p=1714#respond"]}]},{"@type":"WebPage","@id":"https:\/\/nativainfo.com\/?p=1714","url":"https:\/\/nativainfo.com\/?p=1714","name":"El Barcelona lleg\u00f3 a un acuerdo para fichar por dos a\u00f1os a Sergio Ag\u00fcero - Nativa Info","isPartOf":{"@id":"https:\/\/nativainfo.com\/#website"},"primaryImageOfPage":{"@id":"https:\/\/nativainfo.com\/?p=1714#primaryimage"},"image":{"@id":"https:\/\/nativainfo.com\/?p=1714#primaryimage"},"thumbnailUrl":"http:\/\/nativainfo.com\/wp-content\/uploads\/2021\/05\/FTKZ5LLTBBCCZLE6BZPGK3JS24.jpg","datePublished":"2021-05-22T03:01:26+00:00","dateModified":"2021-05-22T03:01:35+00:00","breadcrumb":{"@id":"https:\/\/nativainfo.com\/?p=1714#breadcrumb"},"inLanguage":"es-AR","potentialAction":[{"@type":"ReadAction","target":["https:\/\/nativainfo.com\/?p=1714"]}]},{"@type":"ImageObject","inLanguage":"es-AR","@id":"https:\/\/nativainfo.com\/?p=1714#primaryimage","url":"https:\/\/nativainfo.com\/wp-content\/uploads\/2021\/05\/FTKZ5LLTBBCCZLE6BZPGK3JS24.jpg","contentUrl":"https:\/\/nativainfo.com\/wp-content\/uploads\/2021\/05\/FTKZ5LLTBBCCZLE6BZPGK3JS24.jpg","width":992,"height":661},{"@type":"BreadcrumbList","@id":"https:\/\/nativainfo.com\/?p=1714#breadcrumb","itemListElement":[{"@type":"ListItem","position":1,"name":"Inicio","item":"https:\/\/nativainfo.com\/"},{"@type":"ListItem","position":2,"name":"El Barcelona lleg\u00f3 a un acuerdo para fichar por dos a\u00f1os a Sergio Ag\u00fcero"}]},{"@type":"WebSite","@id":"https:\/\/nativainfo.com\/#website","url":"https:\/\/nativainfo.com\/","name":"Nativa Info","description":"Diario Digital","publisher":{"@id":"https:\/\/nativainfo.com\/#organization"},"potentialAction":[{"@type":"SearchAction","target":{"@type":"EntryPoint","urlTemplate":"https:\/\/nativainfo.com\/?s={search_term_string}"},"query-input":{"@type":"PropertyValueSpecification","valueRequired":true,"valueName":"search_term_string"}}],"inLanguage":"es-AR"},{"@type":"Organization","@id":"https:\/\/nativainfo.com\/#organization","name":"Nativa Info","url":"https:\/\/nativainfo.com\/","logo":{"@type":"ImageObject","inLanguage":"es-AR","@id":"https:\/\/nativainfo.com\/#\/schema\/logo\/image\/","url":"https:\/\/nativainfo.com\/wp-content\/uploads\/2025\/08\/LOGO-NATIVA-FACE.jpg","contentUrl":"https:\/\/nativainfo.com\/wp-content\/uploads\/2025\/08\/LOGO-NATIVA-FACE.jpg","width":400,"height":400,"caption":"Nativa Info"},"image":{"@id":"https:\/\/nativainfo.com\/#\/schema\/logo\/image\/"},"sameAs":["https:\/\/www.facebook.com\/profile.php?id=61578881597564"]},{"@type":"Person","@id":"https:\/\/nativainfo.com\/#\/schema\/person\/24893b64a9cd564ddb5d102d36eb4b5c","name":"Nativa Info","image":{"@type":"ImageObject","inLanguage":"es-AR","@id":"https:\/\/nativainfo.com\/#\/schema\/person\/image\/","url":"https:\/\/secure.gravatar.com\/avatar\/016fa1cf068d85136d938e1507b9b619cb766e2565cbb1faa1e571762460c785?s=96&d=mm&r=g","contentUrl":"https:\/\/secure.gravatar.com\/avatar\/016fa1cf068d85136d938e1507b9b619cb766e2565cbb1faa1e571762460c785?s=96&d=mm&r=g","caption":"Nativa Info"},"sameAs":["http:\/\/nativainfo.com"],"url":"https:\/\/nativainfo.com\/?author=1"}]}},"jetpack_publicize_connections":[],"_links":{"self":[{"href":"https:\/\/nativainfo.com\/index.php?rest_route=\/wp\/v2\/posts\/1714","targetHints":{"allow":["GET"]}}],"collection":[{"href":"https:\/\/nativainfo.com\/index.php?rest_route=\/wp\/v2\/posts"}],"about":[{"href":"https:\/\/nativainfo.com\/index.php?rest_route=\/wp\/v2\/types\/post"}],"author":[{"embeddable":true,"href":"https:\/\/nativainfo.com\/index.php?rest_route=\/wp\/v2\/users\/1"}],"replies":[{"embeddable":true,"href":"https:\/\/nativainfo.com\/index.php?rest_route=%2Fwp%2Fv2%2Fcomments&post=1714"}],"version-history":[{"count":2,"href":"https:\/\/nativainfo.com\/index.php?rest_route=\/wp\/v2\/posts\/1714\/revisions"}],"predecessor-version":[{"id":1718,"href":"https:\/\/nativainfo.com\/index.php?rest_route=\/wp\/v2\/posts\/1714\/revisions\/1718"}],"wp:attachment":[{"href":"https:\/\/nativainfo.com\/index.php?rest_route=%2Fwp%2Fv2%2Fmedia&parent=1714"}],"wp:term":[{"taxonomy":"category","embeddable":true,"href":"https:\/\/nativainfo.com\/index.php?rest_route=%2Fwp%2Fv2%2Fcategories&post=1714"},{"taxonomy":"post_tag","embeddable":true,"href":"https:\/\/nativainfo.com\/index.php?rest_route=%2Fwp%2Fv2%2Ftags&post=1714"}],"curies":[{"name":"wp","href":"https:\/\/api.w.org\/{rel}","templated":true}]}}