{"id":1697,"date":"2021-05-17T23:58:02","date_gmt":"2021-05-18T02:58:02","guid":{"rendered":"http:\/\/nativainfo.com\/?p=1697"},"modified":"2021-05-17T23:58:06","modified_gmt":"2021-05-18T02:58:06","slug":"marcelo-tinelli-regreso-a-la-television-con-un-mega-show-que-conto-con-mas-de-200-figuras-presentes-en-el-estudio","status":"publish","type":"post","link":"https:\/\/nativainfo.com\/?p=1697","title":{"rendered":"Marcelo Tinelli regres\u00f3 a la televisi\u00f3n con un mega show que cont\u00f3 con m\u00e1s de 200 figuras presentes en el estudio"},"content":{"rendered":"\n<p>Despu\u00e9s de un a\u00f1o y medio fuera del aire, el conductor debut\u00f3 con una nueva temporada de ShowMatch en la pantalla de ElTrece y sorprendi\u00f3 con una mega producci\u00f3n en vivo<\/p>\n\n\n\n<figure class=\"wp-block-image size-large\"><img fetchpriority=\"high\" decoding=\"async\" width=\"1024\" height=\"605\" src=\"http:\/\/nativainfo.com\/wp-content\/uploads\/2021\/05\/IJ6SWIVIAVE3VNR6F7E5M4THTQ-1024x605.jpg\" alt=\"\" class=\"wp-image-1702\" srcset=\"https:\/\/nativainfo.com\/wp-content\/uploads\/2021\/05\/IJ6SWIVIAVE3VNR6F7E5M4THTQ-1024x605.jpg 1024w, https:\/\/nativainfo.com\/wp-content\/uploads\/2021\/05\/IJ6SWIVIAVE3VNR6F7E5M4THTQ-300x177.jpg 300w, https:\/\/nativainfo.com\/wp-content\/uploads\/2021\/05\/IJ6SWIVIAVE3VNR6F7E5M4THTQ-768x454.jpg 768w, https:\/\/nativainfo.com\/wp-content\/uploads\/2021\/05\/IJ6SWIVIAVE3VNR6F7E5M4THTQ-592x350.jpg 592w, https:\/\/nativainfo.com\/wp-content\/uploads\/2021\/05\/IJ6SWIVIAVE3VNR6F7E5M4THTQ-150x89.jpg 150w, https:\/\/nativainfo.com\/wp-content\/uploads\/2021\/05\/IJ6SWIVIAVE3VNR6F7E5M4THTQ.jpg 1057w\" sizes=\"(max-width: 1024px) 100vw, 1024px\" \/><\/figure>\n\n\n\n<p>El \u00faltimo \u201cchau, chau, chau&#8230;\u201d de\u00a0<strong>Marcelo Tinelli<\/strong>\u00a0se hab\u00eda escuchado\u00a0el 16 de diciembre de 2019. Ese d\u00eda, el conductor cerr\u00f3 su temporada de\u00a0<em><strong>ShowMatch<\/strong><\/em>\u00a0anunciando su regreso, como todos los a\u00f1os, para el mes de abril. Sin embargo, la pandemia del coronavirus sorprendi\u00f3 al mundo en el mes de marzo y, finalmente, el programa nunca pudo volver a la pantalla de ElTrece por falta de protocolos. Hasta este lunes cuando,\u00a0<strong>despu\u00e9s de un a\u00f1o y medio fuera del aire, se volvi\u00f3 a o\u00edr el cl\u00e1sico: \u201c\u00a1Buenas noches, Am\u00e9rica!\u201d<\/strong>.<\/p>\n\n\n\n<p>Sin p\u00fablico en el estudio montado en Don Torcuato y con estrictas medidas para evitar el contagio del COVID-19, que incluyen hisopados diarios entre todos los integrantes del equipo que est\u00e1 delante y detr\u00e1s de c\u00e1mara, pasadas las 21: 09 hs. arranc\u00f3 el programa con varias escenas dobladas de cl\u00e1sicos del cine. Para entonces, el rating marcaba 16, 7 puntos. Y, adem\u00e1s de adelantar lo que pasar\u00eda en el ciclo con\u00a0<em><strong>La Academia\u00a0<\/strong>y<strong>\u00a0Politichef<\/strong><\/em><strong>,<\/strong>\u00a0Marcelo hizo un gui\u00f1o con los televidentes ri\u00e9ndose de las portadas de revistas en las que se lo ve\u00eda con exceso de photoshop.<\/p>\n\n\n\n<p>Fuente: Infobae<\/p>\n","protected":false},"excerpt":{"rendered":"<p>Despu\u00e9s de un a\u00f1o y medio fuera del aire, el conductor debut\u00f3 con una nueva temporada de ShowMatch en la&#8230; <a class=\"continue-reading-link\" href=\"https:\/\/nativainfo.com\/?p=1697\">Continue reading<\/a><\/p>\n","protected":false},"author":1,"featured_media":0,"comment_status":"open","ping_status":"open","sticky":false,"template":"","format":"standard","meta":{"rop_custom_images_group":[],"rop_custom_messages_group":[],"rop_publish_now":"initial","rop_publish_now_accounts":[],"rop_publish_now_history":[],"rop_publish_now_status":"pending","footnotes":"","jetpack_publicize_message":"","jetpack_publicize_feature_enabled":true,"jetpack_social_post_already_shared":false,"jetpack_social_options":{"image_generator_settings":{"template":"highway","default_image_id":0,"font":"","enabled":false},"version":2}},"categories":[56],"tags":[],"class_list":["post-1697","post","type-post","status-publish","format-standard","hentry","category-espectaculo"],"yoast_head":"<!-- This site is optimized with the Yoast SEO plugin v25.6 - https:\/\/yoast.com\/wordpress\/plugins\/seo\/ -->\n<title>Marcelo Tinelli regres\u00f3 a la televisi\u00f3n con un mega show que cont\u00f3 con m\u00e1s de 200 figuras presentes en el estudio - Nativa Info<\/title>\n<meta name=\"robots\" content=\"index, follow, max-snippet:-1, max-image-preview:large, max-video-preview:-1\" \/>\n<link rel=\"canonical\" href=\"https:\/\/nativainfo.com\/?p=1697\" \/>\n<meta property=\"og:locale\" content=\"es_ES\" \/>\n<meta property=\"og:type\" content=\"article\" \/>\n<meta property=\"og:title\" content=\"Marcelo Tinelli regres\u00f3 a la televisi\u00f3n con un mega show que cont\u00f3 con m\u00e1s de 200 figuras presentes en el estudio - Nativa Info\" \/>\n<meta property=\"og:description\" content=\"Despu\u00e9s de un a\u00f1o y medio fuera del aire, el conductor debut\u00f3 con una nueva temporada de ShowMatch en la... Continue reading\" \/>\n<meta property=\"og:url\" content=\"https:\/\/nativainfo.com\/?p=1697\" \/>\n<meta property=\"og:site_name\" content=\"Nativa Info\" \/>\n<meta property=\"article:publisher\" content=\"https:\/\/www.facebook.com\/profile.php?id=61578881597564\" \/>\n<meta property=\"article:published_time\" content=\"2021-05-18T02:58:02+00:00\" \/>\n<meta property=\"article:modified_time\" content=\"2021-05-18T02:58:06+00:00\" \/>\n<meta property=\"og:image\" content=\"http:\/\/nativainfo.com\/wp-content\/uploads\/2021\/05\/IJ6SWIVIAVE3VNR6F7E5M4THTQ-1024x605.jpg\" \/>\n<meta name=\"author\" content=\"Nativa Info\" \/>\n<meta name=\"twitter:card\" content=\"summary_large_image\" \/>\n<meta name=\"twitter:label1\" content=\"Escrito por\" \/>\n\t<meta name=\"twitter:data1\" content=\"Nativa Info\" \/>\n\t<meta name=\"twitter:label2\" content=\"Tiempo de lectura\" \/>\n\t<meta name=\"twitter:data2\" content=\"1 minuto\" \/>\n<script type=\"application\/ld+json\" class=\"yoast-schema-graph\">{\"@context\":\"https:\/\/schema.org\",\"@graph\":[{\"@type\":\"Article\",\"@id\":\"https:\/\/nativainfo.com\/?p=1697#article\",\"isPartOf\":{\"@id\":\"https:\/\/nativainfo.com\/?p=1697\"},\"author\":{\"name\":\"Nativa Info\",\"@id\":\"https:\/\/nativainfo.com\/#\/schema\/person\/24893b64a9cd564ddb5d102d36eb4b5c\"},\"headline\":\"Marcelo Tinelli regres\u00f3 a la televisi\u00f3n con un mega show que cont\u00f3 con m\u00e1s de 200 figuras presentes en el estudio\",\"datePublished\":\"2021-05-18T02:58:02+00:00\",\"dateModified\":\"2021-05-18T02:58:06+00:00\",\"mainEntityOfPage\":{\"@id\":\"https:\/\/nativainfo.com\/?p=1697\"},\"wordCount\":257,\"commentCount\":0,\"publisher\":{\"@id\":\"https:\/\/nativainfo.com\/#organization\"},\"image\":{\"@id\":\"https:\/\/nativainfo.com\/?p=1697#primaryimage\"},\"thumbnailUrl\":\"http:\/\/nativainfo.com\/wp-content\/uploads\/2021\/05\/IJ6SWIVIAVE3VNR6F7E5M4THTQ-1024x605.jpg\",\"articleSection\":[\"Espect\u00e1culo\"],\"inLanguage\":\"es-AR\",\"potentialAction\":[{\"@type\":\"CommentAction\",\"name\":\"Comment\",\"target\":[\"https:\/\/nativainfo.com\/?p=1697#respond\"]}]},{\"@type\":\"WebPage\",\"@id\":\"https:\/\/nativainfo.com\/?p=1697\",\"url\":\"https:\/\/nativainfo.com\/?p=1697\",\"name\":\"Marcelo Tinelli regres\u00f3 a la televisi\u00f3n con un mega show que cont\u00f3 con m\u00e1s de 200 figuras presentes en el estudio - Nativa Info\",\"isPartOf\":{\"@id\":\"https:\/\/nativainfo.com\/#website\"},\"primaryImageOfPage\":{\"@id\":\"https:\/\/nativainfo.com\/?p=1697#primaryimage\"},\"image\":{\"@id\":\"https:\/\/nativainfo.com\/?p=1697#primaryimage\"},\"thumbnailUrl\":\"http:\/\/nativainfo.com\/wp-content\/uploads\/2021\/05\/IJ6SWIVIAVE3VNR6F7E5M4THTQ-1024x605.jpg\",\"datePublished\":\"2021-05-18T02:58:02+00:00\",\"dateModified\":\"2021-05-18T02:58:06+00:00\",\"breadcrumb\":{\"@id\":\"https:\/\/nativainfo.com\/?p=1697#breadcrumb\"},\"inLanguage\":\"es-AR\",\"potentialAction\":[{\"@type\":\"ReadAction\",\"target\":[\"https:\/\/nativainfo.com\/?p=1697\"]}]},{\"@type\":\"ImageObject\",\"inLanguage\":\"es-AR\",\"@id\":\"https:\/\/nativainfo.com\/?p=1697#primaryimage\",\"url\":\"https:\/\/nativainfo.com\/wp-content\/uploads\/2021\/05\/IJ6SWIVIAVE3VNR6F7E5M4THTQ.jpg\",\"contentUrl\":\"https:\/\/nativainfo.com\/wp-content\/uploads\/2021\/05\/IJ6SWIVIAVE3VNR6F7E5M4THTQ.jpg\",\"width\":1057,\"height\":625},{\"@type\":\"BreadcrumbList\",\"@id\":\"https:\/\/nativainfo.com\/?p=1697#breadcrumb\",\"itemListElement\":[{\"@type\":\"ListItem\",\"position\":1,\"name\":\"Inicio\",\"item\":\"https:\/\/nativainfo.com\/\"},{\"@type\":\"ListItem\",\"position\":2,\"name\":\"Marcelo Tinelli regres\u00f3 a la televisi\u00f3n con un mega show que cont\u00f3 con m\u00e1s de 200 figuras presentes en el estudio\"}]},{\"@type\":\"WebSite\",\"@id\":\"https:\/\/nativainfo.com\/#website\",\"url\":\"https:\/\/nativainfo.com\/\",\"name\":\"Nativa Info\",\"description\":\"Diario Digital\",\"publisher\":{\"@id\":\"https:\/\/nativainfo.com\/#organization\"},\"potentialAction\":[{\"@type\":\"SearchAction\",\"target\":{\"@type\":\"EntryPoint\",\"urlTemplate\":\"https:\/\/nativainfo.com\/?s={search_term_string}\"},\"query-input\":{\"@type\":\"PropertyValueSpecification\",\"valueRequired\":true,\"valueName\":\"search_term_string\"}}],\"inLanguage\":\"es-AR\"},{\"@type\":\"Organization\",\"@id\":\"https:\/\/nativainfo.com\/#organization\",\"name\":\"Nativa Info\",\"url\":\"https:\/\/nativainfo.com\/\",\"logo\":{\"@type\":\"ImageObject\",\"inLanguage\":\"es-AR\",\"@id\":\"https:\/\/nativainfo.com\/#\/schema\/logo\/image\/\",\"url\":\"https:\/\/nativainfo.com\/wp-content\/uploads\/2025\/08\/LOGO-NATIVA-FACE.jpg\",\"contentUrl\":\"https:\/\/nativainfo.com\/wp-content\/uploads\/2025\/08\/LOGO-NATIVA-FACE.jpg\",\"width\":400,\"height\":400,\"caption\":\"Nativa Info\"},\"image\":{\"@id\":\"https:\/\/nativainfo.com\/#\/schema\/logo\/image\/\"},\"sameAs\":[\"https:\/\/www.facebook.com\/profile.php?id=61578881597564\"]},{\"@type\":\"Person\",\"@id\":\"https:\/\/nativainfo.com\/#\/schema\/person\/24893b64a9cd564ddb5d102d36eb4b5c\",\"name\":\"Nativa Info\",\"image\":{\"@type\":\"ImageObject\",\"inLanguage\":\"es-AR\",\"@id\":\"https:\/\/nativainfo.com\/#\/schema\/person\/image\/\",\"url\":\"https:\/\/secure.gravatar.com\/avatar\/016fa1cf068d85136d938e1507b9b619cb766e2565cbb1faa1e571762460c785?s=96&d=mm&r=g\",\"contentUrl\":\"https:\/\/secure.gravatar.com\/avatar\/016fa1cf068d85136d938e1507b9b619cb766e2565cbb1faa1e571762460c785?s=96&d=mm&r=g\",\"caption\":\"Nativa Info\"},\"sameAs\":[\"http:\/\/nativainfo.com\"],\"url\":\"https:\/\/nativainfo.com\/?author=1\"}]}<\/script>\n<!-- \/ Yoast SEO plugin. -->","yoast_head_json":{"title":"Marcelo Tinelli regres\u00f3 a la televisi\u00f3n con un mega show que cont\u00f3 con m\u00e1s de 200 figuras presentes en el estudio - Nativa Info","robots":{"index":"index","follow":"follow","max-snippet":"max-snippet:-1","max-image-preview":"max-image-preview:large","max-video-preview":"max-video-preview:-1"},"canonical":"https:\/\/nativainfo.com\/?p=1697","og_locale":"es_ES","og_type":"article","og_title":"Marcelo Tinelli regres\u00f3 a la televisi\u00f3n con un mega show que cont\u00f3 con m\u00e1s de 200 figuras presentes en el estudio - Nativa Info","og_description":"Despu\u00e9s de un a\u00f1o y medio fuera del aire, el conductor debut\u00f3 con una nueva temporada de ShowMatch en la... Continue reading","og_url":"https:\/\/nativainfo.com\/?p=1697","og_site_name":"Nativa Info","article_publisher":"https:\/\/www.facebook.com\/profile.php?id=61578881597564","article_published_time":"2021-05-18T02:58:02+00:00","article_modified_time":"2021-05-18T02:58:06+00:00","og_image":[{"url":"http:\/\/nativainfo.com\/wp-content\/uploads\/2021\/05\/IJ6SWIVIAVE3VNR6F7E5M4THTQ-1024x605.jpg","type":"","width":"","height":""}],"author":"Nativa Info","twitter_card":"summary_large_image","twitter_misc":{"Escrito por":"Nativa Info","Tiempo de lectura":"1 minuto"},"schema":{"@context":"https:\/\/schema.org","@graph":[{"@type":"Article","@id":"https:\/\/nativainfo.com\/?p=1697#article","isPartOf":{"@id":"https:\/\/nativainfo.com\/?p=1697"},"author":{"name":"Nativa Info","@id":"https:\/\/nativainfo.com\/#\/schema\/person\/24893b64a9cd564ddb5d102d36eb4b5c"},"headline":"Marcelo Tinelli regres\u00f3 a la televisi\u00f3n con un mega show que cont\u00f3 con m\u00e1s de 200 figuras presentes en el estudio","datePublished":"2021-05-18T02:58:02+00:00","dateModified":"2021-05-18T02:58:06+00:00","mainEntityOfPage":{"@id":"https:\/\/nativainfo.com\/?p=1697"},"wordCount":257,"commentCount":0,"publisher":{"@id":"https:\/\/nativainfo.com\/#organization"},"image":{"@id":"https:\/\/nativainfo.com\/?p=1697#primaryimage"},"thumbnailUrl":"http:\/\/nativainfo.com\/wp-content\/uploads\/2021\/05\/IJ6SWIVIAVE3VNR6F7E5M4THTQ-1024x605.jpg","articleSection":["Espect\u00e1culo"],"inLanguage":"es-AR","potentialAction":[{"@type":"CommentAction","name":"Comment","target":["https:\/\/nativainfo.com\/?p=1697#respond"]}]},{"@type":"WebPage","@id":"https:\/\/nativainfo.com\/?p=1697","url":"https:\/\/nativainfo.com\/?p=1697","name":"Marcelo Tinelli regres\u00f3 a la televisi\u00f3n con un mega show que cont\u00f3 con m\u00e1s de 200 figuras presentes en el estudio - Nativa Info","isPartOf":{"@id":"https:\/\/nativainfo.com\/#website"},"primaryImageOfPage":{"@id":"https:\/\/nativainfo.com\/?p=1697#primaryimage"},"image":{"@id":"https:\/\/nativainfo.com\/?p=1697#primaryimage"},"thumbnailUrl":"http:\/\/nativainfo.com\/wp-content\/uploads\/2021\/05\/IJ6SWIVIAVE3VNR6F7E5M4THTQ-1024x605.jpg","datePublished":"2021-05-18T02:58:02+00:00","dateModified":"2021-05-18T02:58:06+00:00","breadcrumb":{"@id":"https:\/\/nativainfo.com\/?p=1697#breadcrumb"},"inLanguage":"es-AR","potentialAction":[{"@type":"ReadAction","target":["https:\/\/nativainfo.com\/?p=1697"]}]},{"@type":"ImageObject","inLanguage":"es-AR","@id":"https:\/\/nativainfo.com\/?p=1697#primaryimage","url":"https:\/\/nativainfo.com\/wp-content\/uploads\/2021\/05\/IJ6SWIVIAVE3VNR6F7E5M4THTQ.jpg","contentUrl":"https:\/\/nativainfo.com\/wp-content\/uploads\/2021\/05\/IJ6SWIVIAVE3VNR6F7E5M4THTQ.jpg","width":1057,"height":625},{"@type":"BreadcrumbList","@id":"https:\/\/nativainfo.com\/?p=1697#breadcrumb","itemListElement":[{"@type":"ListItem","position":1,"name":"Inicio","item":"https:\/\/nativainfo.com\/"},{"@type":"ListItem","position":2,"name":"Marcelo Tinelli regres\u00f3 a la televisi\u00f3n con un mega show que cont\u00f3 con m\u00e1s de 200 figuras presentes en el estudio"}]},{"@type":"WebSite","@id":"https:\/\/nativainfo.com\/#website","url":"https:\/\/nativainfo.com\/","name":"Nativa Info","description":"Diario Digital","publisher":{"@id":"https:\/\/nativainfo.com\/#organization"},"potentialAction":[{"@type":"SearchAction","target":{"@type":"EntryPoint","urlTemplate":"https:\/\/nativainfo.com\/?s={search_term_string}"},"query-input":{"@type":"PropertyValueSpecification","valueRequired":true,"valueName":"search_term_string"}}],"inLanguage":"es-AR"},{"@type":"Organization","@id":"https:\/\/nativainfo.com\/#organization","name":"Nativa Info","url":"https:\/\/nativainfo.com\/","logo":{"@type":"ImageObject","inLanguage":"es-AR","@id":"https:\/\/nativainfo.com\/#\/schema\/logo\/image\/","url":"https:\/\/nativainfo.com\/wp-content\/uploads\/2025\/08\/LOGO-NATIVA-FACE.jpg","contentUrl":"https:\/\/nativainfo.com\/wp-content\/uploads\/2025\/08\/LOGO-NATIVA-FACE.jpg","width":400,"height":400,"caption":"Nativa Info"},"image":{"@id":"https:\/\/nativainfo.com\/#\/schema\/logo\/image\/"},"sameAs":["https:\/\/www.facebook.com\/profile.php?id=61578881597564"]},{"@type":"Person","@id":"https:\/\/nativainfo.com\/#\/schema\/person\/24893b64a9cd564ddb5d102d36eb4b5c","name":"Nativa Info","image":{"@type":"ImageObject","inLanguage":"es-AR","@id":"https:\/\/nativainfo.com\/#\/schema\/person\/image\/","url":"https:\/\/secure.gravatar.com\/avatar\/016fa1cf068d85136d938e1507b9b619cb766e2565cbb1faa1e571762460c785?s=96&d=mm&r=g","contentUrl":"https:\/\/secure.gravatar.com\/avatar\/016fa1cf068d85136d938e1507b9b619cb766e2565cbb1faa1e571762460c785?s=96&d=mm&r=g","caption":"Nativa Info"},"sameAs":["http:\/\/nativainfo.com"],"url":"https:\/\/nativainfo.com\/?author=1"}]}},"jetpack_publicize_connections":[],"_links":{"self":[{"href":"https:\/\/nativainfo.com\/index.php?rest_route=\/wp\/v2\/posts\/1697","targetHints":{"allow":["GET"]}}],"collection":[{"href":"https:\/\/nativainfo.com\/index.php?rest_route=\/wp\/v2\/posts"}],"about":[{"href":"https:\/\/nativainfo.com\/index.php?rest_route=\/wp\/v2\/types\/post"}],"author":[{"embeddable":true,"href":"https:\/\/nativainfo.com\/index.php?rest_route=\/wp\/v2\/users\/1"}],"replies":[{"embeddable":true,"href":"https:\/\/nativainfo.com\/index.php?rest_route=%2Fwp%2Fv2%2Fcomments&post=1697"}],"version-history":[{"count":1,"href":"https:\/\/nativainfo.com\/index.php?rest_route=\/wp\/v2\/posts\/1697\/revisions"}],"predecessor-version":[{"id":1703,"href":"https:\/\/nativainfo.com\/index.php?rest_route=\/wp\/v2\/posts\/1697\/revisions\/1703"}],"wp:attachment":[{"href":"https:\/\/nativainfo.com\/index.php?rest_route=%2Fwp%2Fv2%2Fmedia&parent=1697"}],"wp:term":[{"taxonomy":"category","embeddable":true,"href":"https:\/\/nativainfo.com\/index.php?rest_route=%2Fwp%2Fv2%2Fcategories&post=1697"},{"taxonomy":"post_tag","embeddable":true,"href":"https:\/\/nativainfo.com\/index.php?rest_route=%2Fwp%2Fv2%2Ftags&post=1697"}],"curies":[{"name":"wp","href":"https:\/\/api.w.org\/{rel}","templated":true}]}}