{"id":164,"date":"2020-06-30T12:15:29","date_gmt":"2020-06-30T15:15:29","guid":{"rendered":"http:\/\/nativainfo.com\/?p=164"},"modified":"2020-07-01T15:02:35","modified_gmt":"2020-07-01T18:02:35","slug":"la-universidad-catolica-firmo-un-convenio-junto-al-municipio-de-fernandez","status":"publish","type":"post","link":"https:\/\/nativainfo.com\/?p=164","title":{"rendered":"La Universidad Cat\u00f3lica firm\u00f3 un convenio junto al municipio de Fern\u00e1ndez"},"content":{"rendered":"\n<p><strong>30\/06\/2020<\/strong>&nbsp;&#8211;<\/p>\n\n\n\n<p>Este martes se firm\u00f3 un convenio de asistencia t\u00e9cnica, para la elaboraci\u00f3n de un Plan de Desarrollo e Integraci\u00f3n Productiva de las principales localidades del departamento Robles, entre la Universidad Cat\u00f3lica de Santiago del Estero y la Municipalidad de Fern\u00e1ndez.<\/p>\n\n\n\n<p>Mediante el mismo se pretende impulsar el enorme potencial del departamento, tanto de sus recursos humanos como de los recursos productivos, mediante acciones que faciliten la integraci\u00f3n de las localidades del departamento Robles, desde una visi\u00f3n de competitividad sist\u00e9mica.<\/p>\n\n\n\n<p>-Fuente: Diario Panorama-<\/p>\n\n\n\n<figure class=\"wp-block-image size-large is-resized\"><img fetchpriority=\"high\" decoding=\"async\" src=\"http:\/\/nativainfo.com\/wp-content\/uploads\/2020\/07\/fernandez-ucse.jpg\" alt=\"\" class=\"wp-image-165\" width=\"391\" height=\"220\" srcset=\"https:\/\/nativainfo.com\/wp-content\/uploads\/2020\/07\/fernandez-ucse.jpg 715w, https:\/\/nativainfo.com\/wp-content\/uploads\/2020\/07\/fernandez-ucse-300x169.jpg 300w, https:\/\/nativainfo.com\/wp-content\/uploads\/2020\/07\/fernandez-ucse-623x350.jpg 623w, https:\/\/nativainfo.com\/wp-content\/uploads\/2020\/07\/fernandez-ucse-150x84.jpg 150w\" sizes=\"(max-width: 391px) 100vw, 391px\" \/><\/figure>\n","protected":false},"excerpt":{"rendered":"<p>30\/06\/2020&nbsp;&#8211; Este martes se firm\u00f3 un convenio de asistencia t\u00e9cnica, para la elaboraci\u00f3n de un Plan de Desarrollo e Integraci\u00f3n&#8230; <a class=\"continue-reading-link\" href=\"https:\/\/nativainfo.com\/?p=164\">Continue reading<\/a><\/p>\n","protected":false},"author":1,"featured_media":0,"comment_status":"open","ping_status":"open","sticky":false,"template":"","format":"standard","meta":{"rop_custom_images_group":[],"rop_custom_messages_group":[],"rop_publish_now":"initial","rop_publish_now_accounts":[],"rop_publish_now_history":[],"rop_publish_now_status":"pending","footnotes":"","jetpack_publicize_message":"","jetpack_publicize_feature_enabled":true,"jetpack_social_post_already_shared":false,"jetpack_social_options":{"image_generator_settings":{"template":"highway","default_image_id":0,"font":"","enabled":false},"version":2}},"categories":[13,12],"tags":[],"class_list":["post-164","post","type-post","status-publish","format-standard","hentry","category-fernandez","category-provincia"],"yoast_head":"<!-- This site is optimized with the Yoast SEO plugin v25.6 - https:\/\/yoast.com\/wordpress\/plugins\/seo\/ -->\n<title>La Universidad Cat\u00f3lica firm\u00f3 un convenio junto al municipio de Fern\u00e1ndez - Nativa Info<\/title>\n<meta name=\"robots\" content=\"index, follow, max-snippet:-1, max-image-preview:large, max-video-preview:-1\" \/>\n<link rel=\"canonical\" href=\"https:\/\/nativainfo.com\/?p=164\" \/>\n<meta property=\"og:locale\" content=\"es_ES\" \/>\n<meta property=\"og:type\" content=\"article\" \/>\n<meta property=\"og:title\" content=\"La Universidad Cat\u00f3lica firm\u00f3 un convenio junto al municipio de Fern\u00e1ndez - Nativa Info\" \/>\n<meta property=\"og:description\" content=\"30\/06\/2020&nbsp;&#8211; Este martes se firm\u00f3 un convenio de asistencia t\u00e9cnica, para la elaboraci\u00f3n de un Plan de Desarrollo e Integraci\u00f3n... Continue reading\" \/>\n<meta property=\"og:url\" content=\"https:\/\/nativainfo.com\/?p=164\" \/>\n<meta property=\"og:site_name\" content=\"Nativa Info\" \/>\n<meta property=\"article:publisher\" content=\"https:\/\/www.facebook.com\/profile.php?id=61578881597564\" \/>\n<meta property=\"article:published_time\" content=\"2020-06-30T15:15:29+00:00\" \/>\n<meta property=\"article:modified_time\" content=\"2020-07-01T18:02:35+00:00\" \/>\n<meta property=\"og:image\" content=\"http:\/\/nativainfo.com\/wp-content\/uploads\/2020\/07\/fernandez-ucse.jpg\" \/>\n<meta name=\"author\" content=\"Nativa Info\" \/>\n<meta name=\"twitter:card\" content=\"summary_large_image\" \/>\n<meta name=\"twitter:label1\" content=\"Escrito por\" \/>\n\t<meta name=\"twitter:data1\" content=\"Nativa Info\" \/>\n<script type=\"application\/ld+json\" class=\"yoast-schema-graph\">{\"@context\":\"https:\/\/schema.org\",\"@graph\":[{\"@type\":\"Article\",\"@id\":\"https:\/\/nativainfo.com\/?p=164#article\",\"isPartOf\":{\"@id\":\"https:\/\/nativainfo.com\/?p=164\"},\"author\":{\"name\":\"Nativa Info\",\"@id\":\"https:\/\/nativainfo.com\/#\/schema\/person\/24893b64a9cd564ddb5d102d36eb4b5c\"},\"headline\":\"La Universidad Cat\u00f3lica firm\u00f3 un convenio junto al municipio de Fern\u00e1ndez\",\"datePublished\":\"2020-06-30T15:15:29+00:00\",\"dateModified\":\"2020-07-01T18:02:35+00:00\",\"mainEntityOfPage\":{\"@id\":\"https:\/\/nativainfo.com\/?p=164\"},\"wordCount\":105,\"commentCount\":0,\"publisher\":{\"@id\":\"https:\/\/nativainfo.com\/#organization\"},\"image\":{\"@id\":\"https:\/\/nativainfo.com\/?p=164#primaryimage\"},\"thumbnailUrl\":\"http:\/\/nativainfo.com\/wp-content\/uploads\/2020\/07\/fernandez-ucse.jpg\",\"articleSection\":[\"Fern\u00e1ndez\",\"Provincia\"],\"inLanguage\":\"es-AR\",\"potentialAction\":[{\"@type\":\"CommentAction\",\"name\":\"Comment\",\"target\":[\"https:\/\/nativainfo.com\/?p=164#respond\"]}]},{\"@type\":\"WebPage\",\"@id\":\"https:\/\/nativainfo.com\/?p=164\",\"url\":\"https:\/\/nativainfo.com\/?p=164\",\"name\":\"La Universidad Cat\u00f3lica firm\u00f3 un convenio junto al municipio de Fern\u00e1ndez - Nativa Info\",\"isPartOf\":{\"@id\":\"https:\/\/nativainfo.com\/#website\"},\"primaryImageOfPage\":{\"@id\":\"https:\/\/nativainfo.com\/?p=164#primaryimage\"},\"image\":{\"@id\":\"https:\/\/nativainfo.com\/?p=164#primaryimage\"},\"thumbnailUrl\":\"http:\/\/nativainfo.com\/wp-content\/uploads\/2020\/07\/fernandez-ucse.jpg\",\"datePublished\":\"2020-06-30T15:15:29+00:00\",\"dateModified\":\"2020-07-01T18:02:35+00:00\",\"breadcrumb\":{\"@id\":\"https:\/\/nativainfo.com\/?p=164#breadcrumb\"},\"inLanguage\":\"es-AR\",\"potentialAction\":[{\"@type\":\"ReadAction\",\"target\":[\"https:\/\/nativainfo.com\/?p=164\"]}]},{\"@type\":\"ImageObject\",\"inLanguage\":\"es-AR\",\"@id\":\"https:\/\/nativainfo.com\/?p=164#primaryimage\",\"url\":\"https:\/\/nativainfo.com\/wp-content\/uploads\/2020\/07\/fernandez-ucse.jpg\",\"contentUrl\":\"https:\/\/nativainfo.com\/wp-content\/uploads\/2020\/07\/fernandez-ucse.jpg\",\"width\":715,\"height\":402},{\"@type\":\"BreadcrumbList\",\"@id\":\"https:\/\/nativainfo.com\/?p=164#breadcrumb\",\"itemListElement\":[{\"@type\":\"ListItem\",\"position\":1,\"name\":\"Inicio\",\"item\":\"https:\/\/nativainfo.com\/\"},{\"@type\":\"ListItem\",\"position\":2,\"name\":\"La Universidad Cat\u00f3lica firm\u00f3 un convenio junto al municipio de Fern\u00e1ndez\"}]},{\"@type\":\"WebSite\",\"@id\":\"https:\/\/nativainfo.com\/#website\",\"url\":\"https:\/\/nativainfo.com\/\",\"name\":\"Nativa Info\",\"description\":\"Diario Digital\",\"publisher\":{\"@id\":\"https:\/\/nativainfo.com\/#organization\"},\"potentialAction\":[{\"@type\":\"SearchAction\",\"target\":{\"@type\":\"EntryPoint\",\"urlTemplate\":\"https:\/\/nativainfo.com\/?s={search_term_string}\"},\"query-input\":{\"@type\":\"PropertyValueSpecification\",\"valueRequired\":true,\"valueName\":\"search_term_string\"}}],\"inLanguage\":\"es-AR\"},{\"@type\":\"Organization\",\"@id\":\"https:\/\/nativainfo.com\/#organization\",\"name\":\"Nativa Info\",\"url\":\"https:\/\/nativainfo.com\/\",\"logo\":{\"@type\":\"ImageObject\",\"inLanguage\":\"es-AR\",\"@id\":\"https:\/\/nativainfo.com\/#\/schema\/logo\/image\/\",\"url\":\"https:\/\/nativainfo.com\/wp-content\/uploads\/2025\/08\/LOGO-NATIVA-FACE.jpg\",\"contentUrl\":\"https:\/\/nativainfo.com\/wp-content\/uploads\/2025\/08\/LOGO-NATIVA-FACE.jpg\",\"width\":400,\"height\":400,\"caption\":\"Nativa Info\"},\"image\":{\"@id\":\"https:\/\/nativainfo.com\/#\/schema\/logo\/image\/\"},\"sameAs\":[\"https:\/\/www.facebook.com\/profile.php?id=61578881597564\"]},{\"@type\":\"Person\",\"@id\":\"https:\/\/nativainfo.com\/#\/schema\/person\/24893b64a9cd564ddb5d102d36eb4b5c\",\"name\":\"Nativa Info\",\"image\":{\"@type\":\"ImageObject\",\"inLanguage\":\"es-AR\",\"@id\":\"https:\/\/nativainfo.com\/#\/schema\/person\/image\/\",\"url\":\"https:\/\/secure.gravatar.com\/avatar\/016fa1cf068d85136d938e1507b9b619cb766e2565cbb1faa1e571762460c785?s=96&d=mm&r=g\",\"contentUrl\":\"https:\/\/secure.gravatar.com\/avatar\/016fa1cf068d85136d938e1507b9b619cb766e2565cbb1faa1e571762460c785?s=96&d=mm&r=g\",\"caption\":\"Nativa Info\"},\"sameAs\":[\"http:\/\/nativainfo.com\"],\"url\":\"https:\/\/nativainfo.com\/?author=1\"}]}<\/script>\n<!-- \/ Yoast SEO plugin. -->","yoast_head_json":{"title":"La Universidad Cat\u00f3lica firm\u00f3 un convenio junto al municipio de Fern\u00e1ndez - Nativa Info","robots":{"index":"index","follow":"follow","max-snippet":"max-snippet:-1","max-image-preview":"max-image-preview:large","max-video-preview":"max-video-preview:-1"},"canonical":"https:\/\/nativainfo.com\/?p=164","og_locale":"es_ES","og_type":"article","og_title":"La Universidad Cat\u00f3lica firm\u00f3 un convenio junto al municipio de Fern\u00e1ndez - Nativa Info","og_description":"30\/06\/2020&nbsp;&#8211; Este martes se firm\u00f3 un convenio de asistencia t\u00e9cnica, para la elaboraci\u00f3n de un Plan de Desarrollo e Integraci\u00f3n... Continue reading","og_url":"https:\/\/nativainfo.com\/?p=164","og_site_name":"Nativa Info","article_publisher":"https:\/\/www.facebook.com\/profile.php?id=61578881597564","article_published_time":"2020-06-30T15:15:29+00:00","article_modified_time":"2020-07-01T18:02:35+00:00","og_image":[{"url":"http:\/\/nativainfo.com\/wp-content\/uploads\/2020\/07\/fernandez-ucse.jpg","type":"","width":"","height":""}],"author":"Nativa Info","twitter_card":"summary_large_image","twitter_misc":{"Escrito por":"Nativa Info"},"schema":{"@context":"https:\/\/schema.org","@graph":[{"@type":"Article","@id":"https:\/\/nativainfo.com\/?p=164#article","isPartOf":{"@id":"https:\/\/nativainfo.com\/?p=164"},"author":{"name":"Nativa Info","@id":"https:\/\/nativainfo.com\/#\/schema\/person\/24893b64a9cd564ddb5d102d36eb4b5c"},"headline":"La Universidad Cat\u00f3lica firm\u00f3 un convenio junto al municipio de Fern\u00e1ndez","datePublished":"2020-06-30T15:15:29+00:00","dateModified":"2020-07-01T18:02:35+00:00","mainEntityOfPage":{"@id":"https:\/\/nativainfo.com\/?p=164"},"wordCount":105,"commentCount":0,"publisher":{"@id":"https:\/\/nativainfo.com\/#organization"},"image":{"@id":"https:\/\/nativainfo.com\/?p=164#primaryimage"},"thumbnailUrl":"http:\/\/nativainfo.com\/wp-content\/uploads\/2020\/07\/fernandez-ucse.jpg","articleSection":["Fern\u00e1ndez","Provincia"],"inLanguage":"es-AR","potentialAction":[{"@type":"CommentAction","name":"Comment","target":["https:\/\/nativainfo.com\/?p=164#respond"]}]},{"@type":"WebPage","@id":"https:\/\/nativainfo.com\/?p=164","url":"https:\/\/nativainfo.com\/?p=164","name":"La Universidad Cat\u00f3lica firm\u00f3 un convenio junto al municipio de Fern\u00e1ndez - Nativa Info","isPartOf":{"@id":"https:\/\/nativainfo.com\/#website"},"primaryImageOfPage":{"@id":"https:\/\/nativainfo.com\/?p=164#primaryimage"},"image":{"@id":"https:\/\/nativainfo.com\/?p=164#primaryimage"},"thumbnailUrl":"http:\/\/nativainfo.com\/wp-content\/uploads\/2020\/07\/fernandez-ucse.jpg","datePublished":"2020-06-30T15:15:29+00:00","dateModified":"2020-07-01T18:02:35+00:00","breadcrumb":{"@id":"https:\/\/nativainfo.com\/?p=164#breadcrumb"},"inLanguage":"es-AR","potentialAction":[{"@type":"ReadAction","target":["https:\/\/nativainfo.com\/?p=164"]}]},{"@type":"ImageObject","inLanguage":"es-AR","@id":"https:\/\/nativainfo.com\/?p=164#primaryimage","url":"https:\/\/nativainfo.com\/wp-content\/uploads\/2020\/07\/fernandez-ucse.jpg","contentUrl":"https:\/\/nativainfo.com\/wp-content\/uploads\/2020\/07\/fernandez-ucse.jpg","width":715,"height":402},{"@type":"BreadcrumbList","@id":"https:\/\/nativainfo.com\/?p=164#breadcrumb","itemListElement":[{"@type":"ListItem","position":1,"name":"Inicio","item":"https:\/\/nativainfo.com\/"},{"@type":"ListItem","position":2,"name":"La Universidad Cat\u00f3lica firm\u00f3 un convenio junto al municipio de Fern\u00e1ndez"}]},{"@type":"WebSite","@id":"https:\/\/nativainfo.com\/#website","url":"https:\/\/nativainfo.com\/","name":"Nativa Info","description":"Diario Digital","publisher":{"@id":"https:\/\/nativainfo.com\/#organization"},"potentialAction":[{"@type":"SearchAction","target":{"@type":"EntryPoint","urlTemplate":"https:\/\/nativainfo.com\/?s={search_term_string}"},"query-input":{"@type":"PropertyValueSpecification","valueRequired":true,"valueName":"search_term_string"}}],"inLanguage":"es-AR"},{"@type":"Organization","@id":"https:\/\/nativainfo.com\/#organization","name":"Nativa Info","url":"https:\/\/nativainfo.com\/","logo":{"@type":"ImageObject","inLanguage":"es-AR","@id":"https:\/\/nativainfo.com\/#\/schema\/logo\/image\/","url":"https:\/\/nativainfo.com\/wp-content\/uploads\/2025\/08\/LOGO-NATIVA-FACE.jpg","contentUrl":"https:\/\/nativainfo.com\/wp-content\/uploads\/2025\/08\/LOGO-NATIVA-FACE.jpg","width":400,"height":400,"caption":"Nativa Info"},"image":{"@id":"https:\/\/nativainfo.com\/#\/schema\/logo\/image\/"},"sameAs":["https:\/\/www.facebook.com\/profile.php?id=61578881597564"]},{"@type":"Person","@id":"https:\/\/nativainfo.com\/#\/schema\/person\/24893b64a9cd564ddb5d102d36eb4b5c","name":"Nativa Info","image":{"@type":"ImageObject","inLanguage":"es-AR","@id":"https:\/\/nativainfo.com\/#\/schema\/person\/image\/","url":"https:\/\/secure.gravatar.com\/avatar\/016fa1cf068d85136d938e1507b9b619cb766e2565cbb1faa1e571762460c785?s=96&d=mm&r=g","contentUrl":"https:\/\/secure.gravatar.com\/avatar\/016fa1cf068d85136d938e1507b9b619cb766e2565cbb1faa1e571762460c785?s=96&d=mm&r=g","caption":"Nativa Info"},"sameAs":["http:\/\/nativainfo.com"],"url":"https:\/\/nativainfo.com\/?author=1"}]}},"jetpack_publicize_connections":[],"_links":{"self":[{"href":"https:\/\/nativainfo.com\/index.php?rest_route=\/wp\/v2\/posts\/164","targetHints":{"allow":["GET"]}}],"collection":[{"href":"https:\/\/nativainfo.com\/index.php?rest_route=\/wp\/v2\/posts"}],"about":[{"href":"https:\/\/nativainfo.com\/index.php?rest_route=\/wp\/v2\/types\/post"}],"author":[{"embeddable":true,"href":"https:\/\/nativainfo.com\/index.php?rest_route=\/wp\/v2\/users\/1"}],"replies":[{"embeddable":true,"href":"https:\/\/nativainfo.com\/index.php?rest_route=%2Fwp%2Fv2%2Fcomments&post=164"}],"version-history":[{"count":2,"href":"https:\/\/nativainfo.com\/index.php?rest_route=\/wp\/v2\/posts\/164\/revisions"}],"predecessor-version":[{"id":213,"href":"https:\/\/nativainfo.com\/index.php?rest_route=\/wp\/v2\/posts\/164\/revisions\/213"}],"wp:attachment":[{"href":"https:\/\/nativainfo.com\/index.php?rest_route=%2Fwp%2Fv2%2Fmedia&parent=164"}],"wp:term":[{"taxonomy":"category","embeddable":true,"href":"https:\/\/nativainfo.com\/index.php?rest_route=%2Fwp%2Fv2%2Fcategories&post=164"},{"taxonomy":"post_tag","embeddable":true,"href":"https:\/\/nativainfo.com\/index.php?rest_route=%2Fwp%2Fv2%2Ftags&post=164"}],"curies":[{"name":"wp","href":"https:\/\/api.w.org\/{rel}","templated":true}]}}