{"id":1623,"date":"2021-04-24T02:42:07","date_gmt":"2021-04-24T05:42:07","guid":{"rendered":"http:\/\/nativainfo.com\/?p=1623"},"modified":"2021-04-24T02:42:07","modified_gmt":"2021-04-24T05:42:07","slug":"murio-el-ministro-de-transporte-mario-meoni-en-un-accidente-de-transito","status":"publish","type":"post","link":"https:\/\/nativainfo.com\/?p=1623","title":{"rendered":"Muri\u00f3 el ministro de Transporte, Mario Meoni, en un accidente de tr\u00e1nsito"},"content":{"rendered":"\n<p>El funcionario, que ten\u00eda 56 a\u00f1os, viajaba solo rumbo a Jun\u00edn para visitar a su familia, cuando perdi\u00f3 el control del veh\u00edculo y termin\u00f3 impactando contra el guardarra\u00edl<\/p>\n\n\n\n<figure class=\"wp-block-image size-large\"><img fetchpriority=\"high\" decoding=\"async\" width=\"992\" height=\"558\" src=\"http:\/\/nativainfo.com\/wp-content\/uploads\/2021\/04\/VZ3MI5WGHNFR7ABXEUFHI6N6JM.jpg\" alt=\"\" class=\"wp-image-1625\" srcset=\"https:\/\/nativainfo.com\/wp-content\/uploads\/2021\/04\/VZ3MI5WGHNFR7ABXEUFHI6N6JM.jpg 992w, https:\/\/nativainfo.com\/wp-content\/uploads\/2021\/04\/VZ3MI5WGHNFR7ABXEUFHI6N6JM-300x169.jpg 300w, https:\/\/nativainfo.com\/wp-content\/uploads\/2021\/04\/VZ3MI5WGHNFR7ABXEUFHI6N6JM-768x432.jpg 768w, https:\/\/nativainfo.com\/wp-content\/uploads\/2021\/04\/VZ3MI5WGHNFR7ABXEUFHI6N6JM-622x350.jpg 622w, https:\/\/nativainfo.com\/wp-content\/uploads\/2021\/04\/VZ3MI5WGHNFR7ABXEUFHI6N6JM-150x84.jpg 150w\" sizes=\"(max-width: 992px) 100vw, 992px\" \/><\/figure>\n\n\n\n<p>De acuerdo con el parte policial, el funcionario viajaba solo en su veh\u00edculo oficial\u00a0<strong>Ford Mondeo<\/strong>\u00a0bajo la lluvia y en sentido a San Andr\u00e9s de Giles-Carmen de Areco, cuando cerca de las 21:30, a la altura del kil\u00f3metro 112 perdi\u00f3 el control por razones que todav\u00eda se estaban investigando, despist\u00f3, impact\u00f3 de lleno contra el guardarra\u00edl y termin\u00f3 volcado.<\/p>\n\n\n\n<p>Fuente: Infobae<\/p>\n","protected":false},"excerpt":{"rendered":"<p>El funcionario, que ten\u00eda 56 a\u00f1os, viajaba solo rumbo a Jun\u00edn para visitar a su familia, cuando perdi\u00f3 el control&#8230; <a class=\"continue-reading-link\" href=\"https:\/\/nativainfo.com\/?p=1623\">Continue reading<\/a><\/p>\n","protected":false},"author":1,"featured_media":0,"comment_status":"open","ping_status":"open","sticky":false,"template":"","format":"standard","meta":{"rop_custom_images_group":[],"rop_custom_messages_group":[],"rop_publish_now":"initial","rop_publish_now_accounts":[],"rop_publish_now_history":[],"rop_publish_now_status":"pending","footnotes":"","jetpack_publicize_message":"","jetpack_publicize_feature_enabled":true,"jetpack_social_post_already_shared":false,"jetpack_social_options":{"image_generator_settings":{"template":"highway","default_image_id":0,"font":"","enabled":false},"version":2}},"categories":[8],"tags":[],"class_list":["post-1623","post","type-post","status-publish","format-standard","hentry","category-noticias"],"yoast_head":"<!-- This site is optimized with the Yoast SEO plugin v25.6 - https:\/\/yoast.com\/wordpress\/plugins\/seo\/ -->\n<title>Muri\u00f3 el ministro de Transporte, Mario Meoni, en un accidente de tr\u00e1nsito - Nativa Info<\/title>\n<meta name=\"robots\" content=\"index, follow, max-snippet:-1, max-image-preview:large, max-video-preview:-1\" \/>\n<link rel=\"canonical\" href=\"https:\/\/nativainfo.com\/?p=1623\" \/>\n<meta property=\"og:locale\" content=\"es_ES\" \/>\n<meta property=\"og:type\" content=\"article\" \/>\n<meta property=\"og:title\" content=\"Muri\u00f3 el ministro de Transporte, Mario Meoni, en un accidente de tr\u00e1nsito - Nativa Info\" \/>\n<meta property=\"og:description\" content=\"El funcionario, que ten\u00eda 56 a\u00f1os, viajaba solo rumbo a Jun\u00edn para visitar a su familia, cuando perdi\u00f3 el control... Continue reading\" \/>\n<meta property=\"og:url\" content=\"https:\/\/nativainfo.com\/?p=1623\" \/>\n<meta property=\"og:site_name\" content=\"Nativa Info\" \/>\n<meta property=\"article:publisher\" content=\"https:\/\/www.facebook.com\/profile.php?id=61578881597564\" \/>\n<meta property=\"article:published_time\" content=\"2021-04-24T05:42:07+00:00\" \/>\n<meta property=\"og:image\" content=\"http:\/\/nativainfo.com\/wp-content\/uploads\/2021\/04\/VZ3MI5WGHNFR7ABXEUFHI6N6JM.jpg\" \/>\n<meta name=\"author\" content=\"Nativa Info\" \/>\n<meta name=\"twitter:card\" content=\"summary_large_image\" \/>\n<meta name=\"twitter:label1\" content=\"Escrito por\" \/>\n\t<meta name=\"twitter:data1\" content=\"Nativa Info\" \/>\n<script type=\"application\/ld+json\" class=\"yoast-schema-graph\">{\"@context\":\"https:\/\/schema.org\",\"@graph\":[{\"@type\":\"Article\",\"@id\":\"https:\/\/nativainfo.com\/?p=1623#article\",\"isPartOf\":{\"@id\":\"https:\/\/nativainfo.com\/?p=1623\"},\"author\":{\"name\":\"Nativa Info\",\"@id\":\"https:\/\/nativainfo.com\/#\/schema\/person\/24893b64a9cd564ddb5d102d36eb4b5c\"},\"headline\":\"Muri\u00f3 el ministro de Transporte, Mario Meoni, en un accidente de tr\u00e1nsito\",\"datePublished\":\"2021-04-24T05:42:07+00:00\",\"mainEntityOfPage\":{\"@id\":\"https:\/\/nativainfo.com\/?p=1623\"},\"wordCount\":110,\"commentCount\":0,\"publisher\":{\"@id\":\"https:\/\/nativainfo.com\/#organization\"},\"image\":{\"@id\":\"https:\/\/nativainfo.com\/?p=1623#primaryimage\"},\"thumbnailUrl\":\"http:\/\/nativainfo.com\/wp-content\/uploads\/2021\/04\/VZ3MI5WGHNFR7ABXEUFHI6N6JM.jpg\",\"articleSection\":[\"Noticias\"],\"inLanguage\":\"es-AR\",\"potentialAction\":[{\"@type\":\"CommentAction\",\"name\":\"Comment\",\"target\":[\"https:\/\/nativainfo.com\/?p=1623#respond\"]}]},{\"@type\":\"WebPage\",\"@id\":\"https:\/\/nativainfo.com\/?p=1623\",\"url\":\"https:\/\/nativainfo.com\/?p=1623\",\"name\":\"Muri\u00f3 el ministro de Transporte, Mario Meoni, en un accidente de tr\u00e1nsito - Nativa Info\",\"isPartOf\":{\"@id\":\"https:\/\/nativainfo.com\/#website\"},\"primaryImageOfPage\":{\"@id\":\"https:\/\/nativainfo.com\/?p=1623#primaryimage\"},\"image\":{\"@id\":\"https:\/\/nativainfo.com\/?p=1623#primaryimage\"},\"thumbnailUrl\":\"http:\/\/nativainfo.com\/wp-content\/uploads\/2021\/04\/VZ3MI5WGHNFR7ABXEUFHI6N6JM.jpg\",\"datePublished\":\"2021-04-24T05:42:07+00:00\",\"breadcrumb\":{\"@id\":\"https:\/\/nativainfo.com\/?p=1623#breadcrumb\"},\"inLanguage\":\"es-AR\",\"potentialAction\":[{\"@type\":\"ReadAction\",\"target\":[\"https:\/\/nativainfo.com\/?p=1623\"]}]},{\"@type\":\"ImageObject\",\"inLanguage\":\"es-AR\",\"@id\":\"https:\/\/nativainfo.com\/?p=1623#primaryimage\",\"url\":\"https:\/\/nativainfo.com\/wp-content\/uploads\/2021\/04\/VZ3MI5WGHNFR7ABXEUFHI6N6JM.jpg\",\"contentUrl\":\"https:\/\/nativainfo.com\/wp-content\/uploads\/2021\/04\/VZ3MI5WGHNFR7ABXEUFHI6N6JM.jpg\",\"width\":992,\"height\":558},{\"@type\":\"BreadcrumbList\",\"@id\":\"https:\/\/nativainfo.com\/?p=1623#breadcrumb\",\"itemListElement\":[{\"@type\":\"ListItem\",\"position\":1,\"name\":\"Inicio\",\"item\":\"https:\/\/nativainfo.com\/\"},{\"@type\":\"ListItem\",\"position\":2,\"name\":\"Muri\u00f3 el ministro de Transporte, Mario Meoni, en un accidente de tr\u00e1nsito\"}]},{\"@type\":\"WebSite\",\"@id\":\"https:\/\/nativainfo.com\/#website\",\"url\":\"https:\/\/nativainfo.com\/\",\"name\":\"Nativa Info\",\"description\":\"Diario Digital\",\"publisher\":{\"@id\":\"https:\/\/nativainfo.com\/#organization\"},\"potentialAction\":[{\"@type\":\"SearchAction\",\"target\":{\"@type\":\"EntryPoint\",\"urlTemplate\":\"https:\/\/nativainfo.com\/?s={search_term_string}\"},\"query-input\":{\"@type\":\"PropertyValueSpecification\",\"valueRequired\":true,\"valueName\":\"search_term_string\"}}],\"inLanguage\":\"es-AR\"},{\"@type\":\"Organization\",\"@id\":\"https:\/\/nativainfo.com\/#organization\",\"name\":\"Nativa Info\",\"url\":\"https:\/\/nativainfo.com\/\",\"logo\":{\"@type\":\"ImageObject\",\"inLanguage\":\"es-AR\",\"@id\":\"https:\/\/nativainfo.com\/#\/schema\/logo\/image\/\",\"url\":\"https:\/\/nativainfo.com\/wp-content\/uploads\/2025\/08\/LOGO-NATIVA-FACE.jpg\",\"contentUrl\":\"https:\/\/nativainfo.com\/wp-content\/uploads\/2025\/08\/LOGO-NATIVA-FACE.jpg\",\"width\":400,\"height\":400,\"caption\":\"Nativa Info\"},\"image\":{\"@id\":\"https:\/\/nativainfo.com\/#\/schema\/logo\/image\/\"},\"sameAs\":[\"https:\/\/www.facebook.com\/profile.php?id=61578881597564\"]},{\"@type\":\"Person\",\"@id\":\"https:\/\/nativainfo.com\/#\/schema\/person\/24893b64a9cd564ddb5d102d36eb4b5c\",\"name\":\"Nativa Info\",\"image\":{\"@type\":\"ImageObject\",\"inLanguage\":\"es-AR\",\"@id\":\"https:\/\/nativainfo.com\/#\/schema\/person\/image\/\",\"url\":\"https:\/\/secure.gravatar.com\/avatar\/016fa1cf068d85136d938e1507b9b619cb766e2565cbb1faa1e571762460c785?s=96&d=mm&r=g\",\"contentUrl\":\"https:\/\/secure.gravatar.com\/avatar\/016fa1cf068d85136d938e1507b9b619cb766e2565cbb1faa1e571762460c785?s=96&d=mm&r=g\",\"caption\":\"Nativa Info\"},\"sameAs\":[\"http:\/\/nativainfo.com\"],\"url\":\"https:\/\/nativainfo.com\/?author=1\"}]}<\/script>\n<!-- \/ Yoast SEO plugin. -->","yoast_head_json":{"title":"Muri\u00f3 el ministro de Transporte, Mario Meoni, en un accidente de tr\u00e1nsito - Nativa Info","robots":{"index":"index","follow":"follow","max-snippet":"max-snippet:-1","max-image-preview":"max-image-preview:large","max-video-preview":"max-video-preview:-1"},"canonical":"https:\/\/nativainfo.com\/?p=1623","og_locale":"es_ES","og_type":"article","og_title":"Muri\u00f3 el ministro de Transporte, Mario Meoni, en un accidente de tr\u00e1nsito - Nativa Info","og_description":"El funcionario, que ten\u00eda 56 a\u00f1os, viajaba solo rumbo a Jun\u00edn para visitar a su familia, cuando perdi\u00f3 el control... Continue reading","og_url":"https:\/\/nativainfo.com\/?p=1623","og_site_name":"Nativa Info","article_publisher":"https:\/\/www.facebook.com\/profile.php?id=61578881597564","article_published_time":"2021-04-24T05:42:07+00:00","og_image":[{"url":"http:\/\/nativainfo.com\/wp-content\/uploads\/2021\/04\/VZ3MI5WGHNFR7ABXEUFHI6N6JM.jpg","type":"","width":"","height":""}],"author":"Nativa Info","twitter_card":"summary_large_image","twitter_misc":{"Escrito por":"Nativa Info"},"schema":{"@context":"https:\/\/schema.org","@graph":[{"@type":"Article","@id":"https:\/\/nativainfo.com\/?p=1623#article","isPartOf":{"@id":"https:\/\/nativainfo.com\/?p=1623"},"author":{"name":"Nativa Info","@id":"https:\/\/nativainfo.com\/#\/schema\/person\/24893b64a9cd564ddb5d102d36eb4b5c"},"headline":"Muri\u00f3 el ministro de Transporte, Mario Meoni, en un accidente de tr\u00e1nsito","datePublished":"2021-04-24T05:42:07+00:00","mainEntityOfPage":{"@id":"https:\/\/nativainfo.com\/?p=1623"},"wordCount":110,"commentCount":0,"publisher":{"@id":"https:\/\/nativainfo.com\/#organization"},"image":{"@id":"https:\/\/nativainfo.com\/?p=1623#primaryimage"},"thumbnailUrl":"http:\/\/nativainfo.com\/wp-content\/uploads\/2021\/04\/VZ3MI5WGHNFR7ABXEUFHI6N6JM.jpg","articleSection":["Noticias"],"inLanguage":"es-AR","potentialAction":[{"@type":"CommentAction","name":"Comment","target":["https:\/\/nativainfo.com\/?p=1623#respond"]}]},{"@type":"WebPage","@id":"https:\/\/nativainfo.com\/?p=1623","url":"https:\/\/nativainfo.com\/?p=1623","name":"Muri\u00f3 el ministro de Transporte, Mario Meoni, en un accidente de tr\u00e1nsito - Nativa Info","isPartOf":{"@id":"https:\/\/nativainfo.com\/#website"},"primaryImageOfPage":{"@id":"https:\/\/nativainfo.com\/?p=1623#primaryimage"},"image":{"@id":"https:\/\/nativainfo.com\/?p=1623#primaryimage"},"thumbnailUrl":"http:\/\/nativainfo.com\/wp-content\/uploads\/2021\/04\/VZ3MI5WGHNFR7ABXEUFHI6N6JM.jpg","datePublished":"2021-04-24T05:42:07+00:00","breadcrumb":{"@id":"https:\/\/nativainfo.com\/?p=1623#breadcrumb"},"inLanguage":"es-AR","potentialAction":[{"@type":"ReadAction","target":["https:\/\/nativainfo.com\/?p=1623"]}]},{"@type":"ImageObject","inLanguage":"es-AR","@id":"https:\/\/nativainfo.com\/?p=1623#primaryimage","url":"https:\/\/nativainfo.com\/wp-content\/uploads\/2021\/04\/VZ3MI5WGHNFR7ABXEUFHI6N6JM.jpg","contentUrl":"https:\/\/nativainfo.com\/wp-content\/uploads\/2021\/04\/VZ3MI5WGHNFR7ABXEUFHI6N6JM.jpg","width":992,"height":558},{"@type":"BreadcrumbList","@id":"https:\/\/nativainfo.com\/?p=1623#breadcrumb","itemListElement":[{"@type":"ListItem","position":1,"name":"Inicio","item":"https:\/\/nativainfo.com\/"},{"@type":"ListItem","position":2,"name":"Muri\u00f3 el ministro de Transporte, Mario Meoni, en un accidente de tr\u00e1nsito"}]},{"@type":"WebSite","@id":"https:\/\/nativainfo.com\/#website","url":"https:\/\/nativainfo.com\/","name":"Nativa Info","description":"Diario Digital","publisher":{"@id":"https:\/\/nativainfo.com\/#organization"},"potentialAction":[{"@type":"SearchAction","target":{"@type":"EntryPoint","urlTemplate":"https:\/\/nativainfo.com\/?s={search_term_string}"},"query-input":{"@type":"PropertyValueSpecification","valueRequired":true,"valueName":"search_term_string"}}],"inLanguage":"es-AR"},{"@type":"Organization","@id":"https:\/\/nativainfo.com\/#organization","name":"Nativa Info","url":"https:\/\/nativainfo.com\/","logo":{"@type":"ImageObject","inLanguage":"es-AR","@id":"https:\/\/nativainfo.com\/#\/schema\/logo\/image\/","url":"https:\/\/nativainfo.com\/wp-content\/uploads\/2025\/08\/LOGO-NATIVA-FACE.jpg","contentUrl":"https:\/\/nativainfo.com\/wp-content\/uploads\/2025\/08\/LOGO-NATIVA-FACE.jpg","width":400,"height":400,"caption":"Nativa Info"},"image":{"@id":"https:\/\/nativainfo.com\/#\/schema\/logo\/image\/"},"sameAs":["https:\/\/www.facebook.com\/profile.php?id=61578881597564"]},{"@type":"Person","@id":"https:\/\/nativainfo.com\/#\/schema\/person\/24893b64a9cd564ddb5d102d36eb4b5c","name":"Nativa Info","image":{"@type":"ImageObject","inLanguage":"es-AR","@id":"https:\/\/nativainfo.com\/#\/schema\/person\/image\/","url":"https:\/\/secure.gravatar.com\/avatar\/016fa1cf068d85136d938e1507b9b619cb766e2565cbb1faa1e571762460c785?s=96&d=mm&r=g","contentUrl":"https:\/\/secure.gravatar.com\/avatar\/016fa1cf068d85136d938e1507b9b619cb766e2565cbb1faa1e571762460c785?s=96&d=mm&r=g","caption":"Nativa Info"},"sameAs":["http:\/\/nativainfo.com"],"url":"https:\/\/nativainfo.com\/?author=1"}]}},"jetpack_publicize_connections":[],"_links":{"self":[{"href":"https:\/\/nativainfo.com\/index.php?rest_route=\/wp\/v2\/posts\/1623","targetHints":{"allow":["GET"]}}],"collection":[{"href":"https:\/\/nativainfo.com\/index.php?rest_route=\/wp\/v2\/posts"}],"about":[{"href":"https:\/\/nativainfo.com\/index.php?rest_route=\/wp\/v2\/types\/post"}],"author":[{"embeddable":true,"href":"https:\/\/nativainfo.com\/index.php?rest_route=\/wp\/v2\/users\/1"}],"replies":[{"embeddable":true,"href":"https:\/\/nativainfo.com\/index.php?rest_route=%2Fwp%2Fv2%2Fcomments&post=1623"}],"version-history":[{"count":1,"href":"https:\/\/nativainfo.com\/index.php?rest_route=\/wp\/v2\/posts\/1623\/revisions"}],"predecessor-version":[{"id":1626,"href":"https:\/\/nativainfo.com\/index.php?rest_route=\/wp\/v2\/posts\/1623\/revisions\/1626"}],"wp:attachment":[{"href":"https:\/\/nativainfo.com\/index.php?rest_route=%2Fwp%2Fv2%2Fmedia&parent=1623"}],"wp:term":[{"taxonomy":"category","embeddable":true,"href":"https:\/\/nativainfo.com\/index.php?rest_route=%2Fwp%2Fv2%2Fcategories&post=1623"},{"taxonomy":"post_tag","embeddable":true,"href":"https:\/\/nativainfo.com\/index.php?rest_route=%2Fwp%2Fv2%2Ftags&post=1623"}],"curies":[{"name":"wp","href":"https:\/\/api.w.org\/{rel}","templated":true}]}}