{"id":1609,"date":"2021-04-20T01:50:29","date_gmt":"2021-04-20T04:50:29","guid":{"rendered":"http:\/\/nativainfo.com\/?p=1609"},"modified":"2021-04-20T01:50:29","modified_gmt":"2021-04-20T04:50:29","slug":"alberto-fernandez-anuncio-un-bono-de-6500-por-tres-meses-para-el-personal-de-salud","status":"publish","type":"post","link":"https:\/\/nativainfo.com\/?p=1609","title":{"rendered":"Alberto Fern\u00e1ndez anunci\u00f3 un bono de $6500 por tres meses para el personal de salud"},"content":{"rendered":"\n<p><strong>Tambi\u00e9n anunci\u00f3 inversiones en Salud para enfrentar la segunda ola de coronavirus.<\/strong><\/p>\n\n\n\n<figure class=\"wp-block-image size-large\"><img fetchpriority=\"high\" decoding=\"async\" width=\"1010\" height=\"567\" src=\"http:\/\/nativainfo.com\/wp-content\/uploads\/2021\/04\/1010x567_alberto-fernandez-380022-165631.jpg\" alt=\"\" class=\"wp-image-1612\" srcset=\"https:\/\/nativainfo.com\/wp-content\/uploads\/2021\/04\/1010x567_alberto-fernandez-380022-165631.jpg 1010w, https:\/\/nativainfo.com\/wp-content\/uploads\/2021\/04\/1010x567_alberto-fernandez-380022-165631-300x168.jpg 300w, https:\/\/nativainfo.com\/wp-content\/uploads\/2021\/04\/1010x567_alberto-fernandez-380022-165631-768x431.jpg 768w, https:\/\/nativainfo.com\/wp-content\/uploads\/2021\/04\/1010x567_alberto-fernandez-380022-165631-623x350.jpg 623w, https:\/\/nativainfo.com\/wp-content\/uploads\/2021\/04\/1010x567_alberto-fernandez-380022-165631-150x84.jpg 150w\" sizes=\"(max-width: 1010px) 100vw, 1010px\" \/><\/figure>\n\n\n\n<p>A menos de una semana de haber cuestionado el \u201crelajamiento del sistema sanitario\u201d en un contexto de suba de contagios de coronavirus, el presidente Alberto Fern\u00e1ndez anunci\u00f3 hoy que se otorgar\u00e1 un bono de $6.500 al personal de Salud durante tres meses. \u201cReconozco el esfuerzo que hacen; ustedes saben que valoro la salud p\u00fablica\u201d, se\u00f1al\u00f3 desde la quinta de Olivos.<\/p>\n\n\n\n<p>El mandatario nacional encabez\u00f3 un encuentro con gobernadores e intendentes para infomar sobre medidas para fortalecer el sistema de salud. Previo a su discurso, y de manera remota, participaron los gobernadores de la provincia de Buenos Aires, Axel Kicillof; de Neuqu\u00e9n, Omar Guti\u00e9rrez; de Santa Cruz, Alicia Kircner; y de Santa Fe, Omar Perotti, y el intendente de Pilar, Federico Ach\u00e1val.<\/p>\n\n\n\n<p>Fuente: Diario Panorama<\/p>\n","protected":false},"excerpt":{"rendered":"<p>Tambi\u00e9n anunci\u00f3 inversiones en Salud para enfrentar la segunda ola de coronavirus. A menos de una semana de haber cuestionado&#8230; <a class=\"continue-reading-link\" href=\"https:\/\/nativainfo.com\/?p=1609\">Continue reading<\/a><\/p>\n","protected":false},"author":1,"featured_media":0,"comment_status":"open","ping_status":"open","sticky":false,"template":"","format":"standard","meta":{"rop_custom_images_group":[],"rop_custom_messages_group":[],"rop_publish_now":"initial","rop_publish_now_accounts":[],"rop_publish_now_history":[],"rop_publish_now_status":"pending","footnotes":"","jetpack_publicize_message":"","jetpack_publicize_feature_enabled":true,"jetpack_social_post_already_shared":false,"jetpack_social_options":{"image_generator_settings":{"template":"highway","default_image_id":0,"font":"","enabled":false},"version":2}},"categories":[9,15],"tags":[],"class_list":["post-1609","post","type-post","status-publish","format-standard","hentry","category-pais","category-salud"],"yoast_head":"<!-- This site is optimized with the Yoast SEO plugin v25.6 - https:\/\/yoast.com\/wordpress\/plugins\/seo\/ -->\n<title>Alberto Fern\u00e1ndez anunci\u00f3 un bono de $6500 por tres meses para el personal de salud - Nativa Info<\/title>\n<meta name=\"robots\" content=\"index, follow, max-snippet:-1, max-image-preview:large, max-video-preview:-1\" \/>\n<link rel=\"canonical\" href=\"https:\/\/nativainfo.com\/?p=1609\" \/>\n<meta property=\"og:locale\" content=\"es_ES\" \/>\n<meta property=\"og:type\" content=\"article\" \/>\n<meta property=\"og:title\" content=\"Alberto Fern\u00e1ndez anunci\u00f3 un bono de $6500 por tres meses para el personal de salud - Nativa Info\" \/>\n<meta property=\"og:description\" content=\"Tambi\u00e9n anunci\u00f3 inversiones en Salud para enfrentar la segunda ola de coronavirus. A menos de una semana de haber cuestionado... Continue reading\" \/>\n<meta property=\"og:url\" content=\"https:\/\/nativainfo.com\/?p=1609\" \/>\n<meta property=\"og:site_name\" content=\"Nativa Info\" \/>\n<meta property=\"article:publisher\" content=\"https:\/\/www.facebook.com\/profile.php?id=61578881597564\" \/>\n<meta property=\"article:published_time\" content=\"2021-04-20T04:50:29+00:00\" \/>\n<meta property=\"og:image\" content=\"http:\/\/nativainfo.com\/wp-content\/uploads\/2021\/04\/1010x567_alberto-fernandez-380022-165631.jpg\" \/>\n<meta name=\"author\" content=\"Nativa Info\" \/>\n<meta name=\"twitter:card\" content=\"summary_large_image\" \/>\n<meta name=\"twitter:label1\" content=\"Escrito por\" \/>\n\t<meta name=\"twitter:data1\" content=\"Nativa Info\" \/>\n\t<meta name=\"twitter:label2\" content=\"Tiempo de lectura\" \/>\n\t<meta name=\"twitter:data2\" content=\"1 minuto\" \/>\n<script type=\"application\/ld+json\" class=\"yoast-schema-graph\">{\"@context\":\"https:\/\/schema.org\",\"@graph\":[{\"@type\":\"Article\",\"@id\":\"https:\/\/nativainfo.com\/?p=1609#article\",\"isPartOf\":{\"@id\":\"https:\/\/nativainfo.com\/?p=1609\"},\"author\":{\"name\":\"Nativa Info\",\"@id\":\"https:\/\/nativainfo.com\/#\/schema\/person\/24893b64a9cd564ddb5d102d36eb4b5c\"},\"headline\":\"Alberto Fern\u00e1ndez anunci\u00f3 un bono de $6500 por tres meses para el personal de salud\",\"datePublished\":\"2021-04-20T04:50:29+00:00\",\"mainEntityOfPage\":{\"@id\":\"https:\/\/nativainfo.com\/?p=1609\"},\"wordCount\":157,\"commentCount\":0,\"publisher\":{\"@id\":\"https:\/\/nativainfo.com\/#organization\"},\"image\":{\"@id\":\"https:\/\/nativainfo.com\/?p=1609#primaryimage\"},\"thumbnailUrl\":\"http:\/\/nativainfo.com\/wp-content\/uploads\/2021\/04\/1010x567_alberto-fernandez-380022-165631.jpg\",\"articleSection\":[\"Pa\u00eds\",\"Salud\"],\"inLanguage\":\"es-AR\",\"potentialAction\":[{\"@type\":\"CommentAction\",\"name\":\"Comment\",\"target\":[\"https:\/\/nativainfo.com\/?p=1609#respond\"]}]},{\"@type\":\"WebPage\",\"@id\":\"https:\/\/nativainfo.com\/?p=1609\",\"url\":\"https:\/\/nativainfo.com\/?p=1609\",\"name\":\"Alberto Fern\u00e1ndez anunci\u00f3 un bono de $6500 por tres meses para el personal de salud - Nativa Info\",\"isPartOf\":{\"@id\":\"https:\/\/nativainfo.com\/#website\"},\"primaryImageOfPage\":{\"@id\":\"https:\/\/nativainfo.com\/?p=1609#primaryimage\"},\"image\":{\"@id\":\"https:\/\/nativainfo.com\/?p=1609#primaryimage\"},\"thumbnailUrl\":\"http:\/\/nativainfo.com\/wp-content\/uploads\/2021\/04\/1010x567_alberto-fernandez-380022-165631.jpg\",\"datePublished\":\"2021-04-20T04:50:29+00:00\",\"breadcrumb\":{\"@id\":\"https:\/\/nativainfo.com\/?p=1609#breadcrumb\"},\"inLanguage\":\"es-AR\",\"potentialAction\":[{\"@type\":\"ReadAction\",\"target\":[\"https:\/\/nativainfo.com\/?p=1609\"]}]},{\"@type\":\"ImageObject\",\"inLanguage\":\"es-AR\",\"@id\":\"https:\/\/nativainfo.com\/?p=1609#primaryimage\",\"url\":\"https:\/\/nativainfo.com\/wp-content\/uploads\/2021\/04\/1010x567_alberto-fernandez-380022-165631.jpg\",\"contentUrl\":\"https:\/\/nativainfo.com\/wp-content\/uploads\/2021\/04\/1010x567_alberto-fernandez-380022-165631.jpg\",\"width\":1010,\"height\":567},{\"@type\":\"BreadcrumbList\",\"@id\":\"https:\/\/nativainfo.com\/?p=1609#breadcrumb\",\"itemListElement\":[{\"@type\":\"ListItem\",\"position\":1,\"name\":\"Inicio\",\"item\":\"https:\/\/nativainfo.com\/\"},{\"@type\":\"ListItem\",\"position\":2,\"name\":\"Alberto Fern\u00e1ndez anunci\u00f3 un bono de $6500 por tres meses para el personal de salud\"}]},{\"@type\":\"WebSite\",\"@id\":\"https:\/\/nativainfo.com\/#website\",\"url\":\"https:\/\/nativainfo.com\/\",\"name\":\"Nativa Info\",\"description\":\"Diario Digital\",\"publisher\":{\"@id\":\"https:\/\/nativainfo.com\/#organization\"},\"potentialAction\":[{\"@type\":\"SearchAction\",\"target\":{\"@type\":\"EntryPoint\",\"urlTemplate\":\"https:\/\/nativainfo.com\/?s={search_term_string}\"},\"query-input\":{\"@type\":\"PropertyValueSpecification\",\"valueRequired\":true,\"valueName\":\"search_term_string\"}}],\"inLanguage\":\"es-AR\"},{\"@type\":\"Organization\",\"@id\":\"https:\/\/nativainfo.com\/#organization\",\"name\":\"Nativa Info\",\"url\":\"https:\/\/nativainfo.com\/\",\"logo\":{\"@type\":\"ImageObject\",\"inLanguage\":\"es-AR\",\"@id\":\"https:\/\/nativainfo.com\/#\/schema\/logo\/image\/\",\"url\":\"https:\/\/nativainfo.com\/wp-content\/uploads\/2025\/08\/LOGO-NATIVA-FACE.jpg\",\"contentUrl\":\"https:\/\/nativainfo.com\/wp-content\/uploads\/2025\/08\/LOGO-NATIVA-FACE.jpg\",\"width\":400,\"height\":400,\"caption\":\"Nativa Info\"},\"image\":{\"@id\":\"https:\/\/nativainfo.com\/#\/schema\/logo\/image\/\"},\"sameAs\":[\"https:\/\/www.facebook.com\/profile.php?id=61578881597564\"]},{\"@type\":\"Person\",\"@id\":\"https:\/\/nativainfo.com\/#\/schema\/person\/24893b64a9cd564ddb5d102d36eb4b5c\",\"name\":\"Nativa Info\",\"image\":{\"@type\":\"ImageObject\",\"inLanguage\":\"es-AR\",\"@id\":\"https:\/\/nativainfo.com\/#\/schema\/person\/image\/\",\"url\":\"https:\/\/secure.gravatar.com\/avatar\/016fa1cf068d85136d938e1507b9b619cb766e2565cbb1faa1e571762460c785?s=96&d=mm&r=g\",\"contentUrl\":\"https:\/\/secure.gravatar.com\/avatar\/016fa1cf068d85136d938e1507b9b619cb766e2565cbb1faa1e571762460c785?s=96&d=mm&r=g\",\"caption\":\"Nativa Info\"},\"sameAs\":[\"http:\/\/nativainfo.com\"],\"url\":\"https:\/\/nativainfo.com\/?author=1\"}]}<\/script>\n<!-- \/ Yoast SEO plugin. -->","yoast_head_json":{"title":"Alberto Fern\u00e1ndez anunci\u00f3 un bono de $6500 por tres meses para el personal de salud - Nativa Info","robots":{"index":"index","follow":"follow","max-snippet":"max-snippet:-1","max-image-preview":"max-image-preview:large","max-video-preview":"max-video-preview:-1"},"canonical":"https:\/\/nativainfo.com\/?p=1609","og_locale":"es_ES","og_type":"article","og_title":"Alberto Fern\u00e1ndez anunci\u00f3 un bono de $6500 por tres meses para el personal de salud - Nativa Info","og_description":"Tambi\u00e9n anunci\u00f3 inversiones en Salud para enfrentar la segunda ola de coronavirus. A menos de una semana de haber cuestionado... Continue reading","og_url":"https:\/\/nativainfo.com\/?p=1609","og_site_name":"Nativa Info","article_publisher":"https:\/\/www.facebook.com\/profile.php?id=61578881597564","article_published_time":"2021-04-20T04:50:29+00:00","og_image":[{"url":"http:\/\/nativainfo.com\/wp-content\/uploads\/2021\/04\/1010x567_alberto-fernandez-380022-165631.jpg","type":"","width":"","height":""}],"author":"Nativa Info","twitter_card":"summary_large_image","twitter_misc":{"Escrito por":"Nativa Info","Tiempo de lectura":"1 minuto"},"schema":{"@context":"https:\/\/schema.org","@graph":[{"@type":"Article","@id":"https:\/\/nativainfo.com\/?p=1609#article","isPartOf":{"@id":"https:\/\/nativainfo.com\/?p=1609"},"author":{"name":"Nativa Info","@id":"https:\/\/nativainfo.com\/#\/schema\/person\/24893b64a9cd564ddb5d102d36eb4b5c"},"headline":"Alberto Fern\u00e1ndez anunci\u00f3 un bono de $6500 por tres meses para el personal de salud","datePublished":"2021-04-20T04:50:29+00:00","mainEntityOfPage":{"@id":"https:\/\/nativainfo.com\/?p=1609"},"wordCount":157,"commentCount":0,"publisher":{"@id":"https:\/\/nativainfo.com\/#organization"},"image":{"@id":"https:\/\/nativainfo.com\/?p=1609#primaryimage"},"thumbnailUrl":"http:\/\/nativainfo.com\/wp-content\/uploads\/2021\/04\/1010x567_alberto-fernandez-380022-165631.jpg","articleSection":["Pa\u00eds","Salud"],"inLanguage":"es-AR","potentialAction":[{"@type":"CommentAction","name":"Comment","target":["https:\/\/nativainfo.com\/?p=1609#respond"]}]},{"@type":"WebPage","@id":"https:\/\/nativainfo.com\/?p=1609","url":"https:\/\/nativainfo.com\/?p=1609","name":"Alberto Fern\u00e1ndez anunci\u00f3 un bono de $6500 por tres meses para el personal de salud - Nativa Info","isPartOf":{"@id":"https:\/\/nativainfo.com\/#website"},"primaryImageOfPage":{"@id":"https:\/\/nativainfo.com\/?p=1609#primaryimage"},"image":{"@id":"https:\/\/nativainfo.com\/?p=1609#primaryimage"},"thumbnailUrl":"http:\/\/nativainfo.com\/wp-content\/uploads\/2021\/04\/1010x567_alberto-fernandez-380022-165631.jpg","datePublished":"2021-04-20T04:50:29+00:00","breadcrumb":{"@id":"https:\/\/nativainfo.com\/?p=1609#breadcrumb"},"inLanguage":"es-AR","potentialAction":[{"@type":"ReadAction","target":["https:\/\/nativainfo.com\/?p=1609"]}]},{"@type":"ImageObject","inLanguage":"es-AR","@id":"https:\/\/nativainfo.com\/?p=1609#primaryimage","url":"https:\/\/nativainfo.com\/wp-content\/uploads\/2021\/04\/1010x567_alberto-fernandez-380022-165631.jpg","contentUrl":"https:\/\/nativainfo.com\/wp-content\/uploads\/2021\/04\/1010x567_alberto-fernandez-380022-165631.jpg","width":1010,"height":567},{"@type":"BreadcrumbList","@id":"https:\/\/nativainfo.com\/?p=1609#breadcrumb","itemListElement":[{"@type":"ListItem","position":1,"name":"Inicio","item":"https:\/\/nativainfo.com\/"},{"@type":"ListItem","position":2,"name":"Alberto Fern\u00e1ndez anunci\u00f3 un bono de $6500 por tres meses para el personal de salud"}]},{"@type":"WebSite","@id":"https:\/\/nativainfo.com\/#website","url":"https:\/\/nativainfo.com\/","name":"Nativa Info","description":"Diario Digital","publisher":{"@id":"https:\/\/nativainfo.com\/#organization"},"potentialAction":[{"@type":"SearchAction","target":{"@type":"EntryPoint","urlTemplate":"https:\/\/nativainfo.com\/?s={search_term_string}"},"query-input":{"@type":"PropertyValueSpecification","valueRequired":true,"valueName":"search_term_string"}}],"inLanguage":"es-AR"},{"@type":"Organization","@id":"https:\/\/nativainfo.com\/#organization","name":"Nativa Info","url":"https:\/\/nativainfo.com\/","logo":{"@type":"ImageObject","inLanguage":"es-AR","@id":"https:\/\/nativainfo.com\/#\/schema\/logo\/image\/","url":"https:\/\/nativainfo.com\/wp-content\/uploads\/2025\/08\/LOGO-NATIVA-FACE.jpg","contentUrl":"https:\/\/nativainfo.com\/wp-content\/uploads\/2025\/08\/LOGO-NATIVA-FACE.jpg","width":400,"height":400,"caption":"Nativa Info"},"image":{"@id":"https:\/\/nativainfo.com\/#\/schema\/logo\/image\/"},"sameAs":["https:\/\/www.facebook.com\/profile.php?id=61578881597564"]},{"@type":"Person","@id":"https:\/\/nativainfo.com\/#\/schema\/person\/24893b64a9cd564ddb5d102d36eb4b5c","name":"Nativa Info","image":{"@type":"ImageObject","inLanguage":"es-AR","@id":"https:\/\/nativainfo.com\/#\/schema\/person\/image\/","url":"https:\/\/secure.gravatar.com\/avatar\/016fa1cf068d85136d938e1507b9b619cb766e2565cbb1faa1e571762460c785?s=96&d=mm&r=g","contentUrl":"https:\/\/secure.gravatar.com\/avatar\/016fa1cf068d85136d938e1507b9b619cb766e2565cbb1faa1e571762460c785?s=96&d=mm&r=g","caption":"Nativa Info"},"sameAs":["http:\/\/nativainfo.com"],"url":"https:\/\/nativainfo.com\/?author=1"}]}},"jetpack_publicize_connections":[],"_links":{"self":[{"href":"https:\/\/nativainfo.com\/index.php?rest_route=\/wp\/v2\/posts\/1609","targetHints":{"allow":["GET"]}}],"collection":[{"href":"https:\/\/nativainfo.com\/index.php?rest_route=\/wp\/v2\/posts"}],"about":[{"href":"https:\/\/nativainfo.com\/index.php?rest_route=\/wp\/v2\/types\/post"}],"author":[{"embeddable":true,"href":"https:\/\/nativainfo.com\/index.php?rest_route=\/wp\/v2\/users\/1"}],"replies":[{"embeddable":true,"href":"https:\/\/nativainfo.com\/index.php?rest_route=%2Fwp%2Fv2%2Fcomments&post=1609"}],"version-history":[{"count":1,"href":"https:\/\/nativainfo.com\/index.php?rest_route=\/wp\/v2\/posts\/1609\/revisions"}],"predecessor-version":[{"id":1613,"href":"https:\/\/nativainfo.com\/index.php?rest_route=\/wp\/v2\/posts\/1609\/revisions\/1613"}],"wp:attachment":[{"href":"https:\/\/nativainfo.com\/index.php?rest_route=%2Fwp%2Fv2%2Fmedia&parent=1609"}],"wp:term":[{"taxonomy":"category","embeddable":true,"href":"https:\/\/nativainfo.com\/index.php?rest_route=%2Fwp%2Fv2%2Fcategories&post=1609"},{"taxonomy":"post_tag","embeddable":true,"href":"https:\/\/nativainfo.com\/index.php?rest_route=%2Fwp%2Fv2%2Ftags&post=1609"}],"curies":[{"name":"wp","href":"https:\/\/api.w.org\/{rel}","templated":true}]}}